{"id":1780,"date":"2022-10-13T13:51:41","date_gmt":"2022-10-13T17:51:41","guid":{"rendered":"https:\/\/cnewa.org\/es\/?p=1780"},"modified":"2024-10-30T11:21:04","modified_gmt":"2024-10-30T15:21:04","slug":"cristianos-de-tierra-santa-realizan-peregrinacion-a-jerusalen","status":"publish","type":"post","link":"https:\/\/cnewa.org\/es\/cristianos-de-tierra-santa-realizan-peregrinacion-a-jerusalen\/","title":{"rendered":"Cristianos de Tierra Santa Realizan Peregrinaci\u00f3n a Jerusal\u00e9n"},"content":{"rendered":"\n<p>M\u00e1s de 450 cristianos de Tierra Santa realizaron una peregrinaci\u00f3n a la <a href=\"https:\/\/www.jerusalen.com\/santo-sepulcro\" target=\"_blank\" rel=\"noreferrer noopener\">Iglesia del Santo Sepulcro<\/a> el 23 de septiembre para conmemorar la fiesta de la Exaltaci\u00f3n de la Santa Cruz, celebrada el 14 de septiembre tanto en la iglesia cat\u00f3lica como en la ortodoxa.<\/p>\n\n\n\n<p>Peregrinos de Galilea, Cisjordania y Jerusal\u00e9n participaron en el evento, organizado por la oficina de CNEWA-Misi\u00f3n Pontificia en Jerusal\u00e9n, en colaboraci\u00f3n con Sabeel, un movimiento teol\u00f3gico ecum\u00e9nico entre los cristianos palestinos. Inspirado por la vida y la ense\u00f1anza de Jesucristo, Sabeel \u201cbusca profundizar la fe de los cristianos palestinos, promover la unidad entre ellos y llevarlos a actuar por la justicia y la paz\u201d.<\/p>\n\n\n\n<p>El d\u00eda comenz\u00f3 con una reuni\u00f3n y un desayuno en el Coll\u00e8ge des Fr\u00e8res, una escuela secundaria del Instituto de los Hermanos de las Escuelas Cristianas en la Ciudad Vieja de Jerusal\u00e9n. Peregrinos de las distintas localidades representadas participaron en un concurso sobre costumbres locales relacionadas con la fiesta.<\/p>\n\n\n\n<p>Los peregrinos se dividieron en peque\u00f1os grupos, y 20 gu\u00edas tur\u00edsticos cristianos locales y 10 Scouts se ofrecieron como voluntarios para acompa\u00f1ar a los grupos a la Iglesia del Santo Sepulcro, donde los peregrinos oraron y veneraron el sitio hist\u00f3rico de la crucifixi\u00f3n, muerte, entierro y resurrecci\u00f3n de Jes\u00fas.<\/p>\n\n\n\n<figure class=\"wp-block-image size-full\"><img loading=\"lazy\" decoding=\"async\" width=\"1024\" height=\"768\" src=\"https:\/\/cnewa.org\/es\/wp-content\/uploads\/sites\/5\/2022\/10\/cnewaJerusalem202209_014H-1024x768-1.jpg\" alt=\"Gu\u00eda tur\u00edstico habla con peregrinos frente a Iglesia del Santo Sepulcro en Jerusal\u00e9n.\" class=\"wp-image-1784\" srcset=\"https:\/\/cnewa.org\/es\/wp-content\/uploads\/sites\/5\/2022\/10\/cnewaJerusalem202209_014H-1024x768-1.jpg 1024w, https:\/\/cnewa.org\/es\/wp-content\/uploads\/sites\/5\/2022\/10\/cnewaJerusalem202209_014H-1024x768-1-300x225.jpg 300w, https:\/\/cnewa.org\/es\/wp-content\/uploads\/sites\/5\/2022\/10\/cnewaJerusalem202209_014H-1024x768-1-768x576.jpg 768w\" sizes=\"auto, (max-width: 1024px) 100vw, 1024px\" \/><figcaption class=\"wp-element-caption\">Un gu\u00eda tur\u00edstico habla con peregrinos frente a la Iglesia del Santo Sepulcro durante una peregrinaci\u00f3n de un d\u00eda el 23 de septiembre al sitio hist\u00f3rico, organizada por CNEWA-Misi\u00f3n Pontificia y Sabeel. (foto: CNEWA, Jerusal\u00e9n)<\/figcaption><\/figure>\n\n\n\n<p>Despu\u00e9s del almuerzo preparado por la Sociedad de Caridad de Mujeres Ortodoxas \u00c1rabes, los peregrinos visitaron iglesias locales, incluidas las iglesias copta y armenia, donde el grupo juvenil armenio realiz\u00f3 danzas tradicionales.<\/p>\n\n\n\n<p>Para algunos peregrinos, todos de Tierra Santa, era la primera vez que visitaban estos sitios. Otros peregrinos dijeron que vinieron porque anteriormente no pudieron llegar a la ciudad durante la temporada de Pascua debido a los diversos cierres de carreteras, requisitos de permisos y otras barreras, descritas como medidas de seguridad, con la Ciudad Vieja de Jerusal\u00e9n y la Iglesia del Santo Sepulcro, impuestas por las autoridades israel\u00edes.<\/p>\n\n\n\n<p><a href=\"https:\/\/cnewa.org\/magazine\/christian-high-holy-days-33466\/\" target=\"_blank\" rel=\"noreferrer noopener\">Durante m\u00e1s de una d\u00e9cada<\/a>, el S\u00e1bado Santo durante la tradicional y reconocida liturgia del Fuego Santo dirigida por el patriarca ortodoxo griego de Jerusal\u00e9n, las autoridades israel\u00edes han impuesto el cierre de la Ciudad Vieja y la iglesia, impidiendo que miles de cristianos locales participen en el evento.<\/p>\n\n\n\n<p>Este a\u00f1o, CNEWA-Misi\u00f3n Pontificia, el clero local y las instituciones locales celebraron una serie de reuniones para discutir este tema y buscar posibles soluciones. Las recomendaciones inclu\u00edan la organizaci\u00f3n de un d\u00eda en el a\u00f1o en el que los cristianos de Tierra Santa ser\u00edan invitados a visitar la Iglesia del Santo Sepulcro libremente, sin obst\u00e1culos ni acoso. Esta recomendaci\u00f3n se llev\u00f3 a cabo con la peregrinaci\u00f3n del 23 de septiembre.<\/p>\n\n\n\n<p>La segunda sugerencia fue producir un video que documentara estos desaf\u00edos que enfrentan los cristianos durante la temporada de Pascua para crear conciencia entre la comunidad local e internacional con la esperanza de presionar a las autoridades israel\u00edes para que reduzcan los cierres y permitan a los cristianos el libre acceso a estos lugares sagrados.<\/p>\n\n\n\n<p>El video se finalizar\u00e1 este mes.<\/p>\n","protected":false},"excerpt":{"rendered":"<p>M\u00e1s de 450 cristianos de Tierra Santa realizaron una peregrinaci\u00f3n a la Iglesia del Santo Sepulcro el 23 de septiembre para conmemorar la fiesta de la Exaltaci\u00f3n de la Santa Cruz, celebrada el 14 de septiembre tanto en la iglesia cat\u00f3lica como en la ortodoxa. Peregrinos de Galilea, Cisjordania y Jerusal\u00e9n participaron en el evento, &hellip; <a href=\"https:\/\/cnewa.org\/es\/cristianos-de-tierra-santa-realizan-peregrinacion-a-jerusalen\/\">Continued<\/a><\/p>\n","protected":false},"author":70019,"featured_media":1783,"comment_status":"closed","ping_status":"closed","sticky":false,"template":"","format":"standard","meta":{"_acf_changed":false,"footnotes":""},"categories":[104],"class_list":["post-1780","post","type-post","status-publish","format-standard","has-post-thumbnail","hentry","category-medio-oriente"],"acf":[],"yoast_head":"<!-- This site is optimized with the Yoast SEO Premium plugin v27.3 (Yoast SEO v27.3) - https:\/\/yoast.com\/product\/yoast-seo-premium-wordpress\/ -->\n<title>Cristianos de Tierra Santa Realizan Peregrinaci\u00f3n a Jerusal\u00e9n | CNEWA Espa\u00f1ol<\/title>\n<meta name=\"description\" content=\"M\u00e1s de 450 cristianos de Tierra Santa realizaron una peregrinaci\u00f3n a la Iglesia del Santo Sepulcro el 23 de septiembre.\" \/>\n<meta name=\"robots\" content=\"index, follow, max-snippet:-1, max-image-preview:large, max-video-preview:-1\" \/>\n<link rel=\"canonical\" href=\"https:\/\/cnewa.org\/es\/cristianos-de-tierra-santa-realizan-peregrinacion-a-jerusalen\/\" \/>\n<meta property=\"og:locale\" content=\"es_ES\" \/>\n<meta property=\"og:type\" content=\"article\" \/>\n<meta property=\"og:title\" content=\"Cristianos de Tierra Santa Realizan Peregrinaci\u00f3n a Jerusal\u00e9n\" \/>\n<meta property=\"og:description\" content=\"M\u00e1s de 450 cristianos de Tierra Santa realizaron una peregrinaci\u00f3n a la Iglesia del Santo Sepulcro el 23 de septiembre.\" \/>\n<meta property=\"og:url\" content=\"https:\/\/cnewa.org\/es\/cristianos-de-tierra-santa-realizan-peregrinacion-a-jerusalen\/\" \/>\n<meta property=\"og:site_name\" content=\"CNEWA Espa\u00f1ol\" \/>\n<meta property=\"article:publisher\" content=\"https:\/\/www.facebook.com\/CNEWAenespanol\/\" \/>\n<meta property=\"article:published_time\" content=\"2022-10-13T17:51:41+00:00\" \/>\n<meta property=\"article:modified_time\" content=\"2024-10-30T15:21:04+00:00\" \/>\n<meta property=\"og:image\" content=\"https:\/\/cnewa.org\/es\/wp-content\/uploads\/sites\/5\/2022\/10\/cnewaJerusalem202209_015H-1024x694-1.jpg\" \/>\n\t<meta property=\"og:image:width\" content=\"1024\" \/>\n\t<meta property=\"og:image:height\" content=\"694\" \/>\n\t<meta property=\"og:image:type\" content=\"image\/jpeg\" \/>\n<meta name=\"author\" content=\"Laura Schau-Tarazi\" \/>\n<meta name=\"twitter:card\" content=\"summary_large_image\" \/>\n<meta name=\"twitter:label1\" content=\"Escrito por\" \/>\n\t<meta name=\"twitter:data1\" content=\"David R. Aquije\" \/>\n\t<meta name=\"twitter:label2\" content=\"Tiempo de lectura\" \/>\n\t<meta name=\"twitter:data2\" content=\"3 minutos\" \/>\n<script type=\"application\/ld+json\" class=\"yoast-schema-graph\">{\"@context\":\"https:\\\/\\\/schema.org\",\"@graph\":[{\"@type\":\"Article\",\"@id\":\"https:\\\/\\\/cnewa.org\\\/es\\\/cristianos-de-tierra-santa-realizan-peregrinacion-a-jerusalen\\\/#article\",\"isPartOf\":{\"@id\":\"https:\\\/\\\/cnewa.org\\\/es\\\/cristianos-de-tierra-santa-realizan-peregrinacion-a-jerusalen\\\/\"},\"author\":{\"name\":\"Laura Schau-Tarazi\",\"@id\":\"https:\\\/\\\/cnewa.org\\\/es\\\/#\\\/schema\\\/person\\\/d2935c46e239b59210c38997d4aedf00\"},\"headline\":\"Cristianos de Tierra Santa Realizan Peregrinaci\u00f3n a Jerusal\u00e9n\",\"datePublished\":\"2022-10-13T17:51:41+00:00\",\"dateModified\":\"2024-10-30T15:21:04+00:00\",\"mainEntityOfPage\":{\"@id\":\"https:\\\/\\\/cnewa.org\\\/es\\\/cristianos-de-tierra-santa-realizan-peregrinacion-a-jerusalen\\\/\"},\"wordCount\":576,\"publisher\":{\"@id\":\"https:\\\/\\\/cnewa.org\\\/es\\\/#organization\"},\"image\":{\"@id\":\"https:\\\/\\\/cnewa.org\\\/es\\\/cristianos-de-tierra-santa-realizan-peregrinacion-a-jerusalen\\\/#primaryimage\"},\"thumbnailUrl\":\"https:\\\/\\\/cnewa.org\\\/es\\\/wp-content\\\/uploads\\\/sites\\\/5\\\/2022\\\/10\\\/cnewaJerusalem202209_015H-1024x694-1.jpg\",\"articleSection\":[\"Medio Oriente\"],\"inLanguage\":\"es\"},{\"@type\":\"WebPage\",\"@id\":\"https:\\\/\\\/cnewa.org\\\/es\\\/cristianos-de-tierra-santa-realizan-peregrinacion-a-jerusalen\\\/\",\"url\":\"https:\\\/\\\/cnewa.org\\\/es\\\/cristianos-de-tierra-santa-realizan-peregrinacion-a-jerusalen\\\/\",\"name\":\"Cristianos de Tierra Santa Realizan Peregrinaci\u00f3n a Jerusal\u00e9n | CNEWA Espa\u00f1ol\",\"isPartOf\":{\"@id\":\"https:\\\/\\\/cnewa.org\\\/es\\\/#website\"},\"primaryImageOfPage\":{\"@id\":\"https:\\\/\\\/cnewa.org\\\/es\\\/cristianos-de-tierra-santa-realizan-peregrinacion-a-jerusalen\\\/#primaryimage\"},\"image\":{\"@id\":\"https:\\\/\\\/cnewa.org\\\/es\\\/cristianos-de-tierra-santa-realizan-peregrinacion-a-jerusalen\\\/#primaryimage\"},\"thumbnailUrl\":\"https:\\\/\\\/cnewa.org\\\/es\\\/wp-content\\\/uploads\\\/sites\\\/5\\\/2022\\\/10\\\/cnewaJerusalem202209_015H-1024x694-1.jpg\",\"datePublished\":\"2022-10-13T17:51:41+00:00\",\"dateModified\":\"2024-10-30T15:21:04+00:00\",\"description\":\"M\u00e1s de 450 cristianos de Tierra Santa realizaron una peregrinaci\u00f3n a la Iglesia del Santo Sepulcro el 23 de septiembre.\",\"breadcrumb\":{\"@id\":\"https:\\\/\\\/cnewa.org\\\/es\\\/cristianos-de-tierra-santa-realizan-peregrinacion-a-jerusalen\\\/#breadcrumb\"},\"inLanguage\":\"es\",\"potentialAction\":[{\"@type\":\"ReadAction\",\"target\":[\"https:\\\/\\\/cnewa.org\\\/es\\\/cristianos-de-tierra-santa-realizan-peregrinacion-a-jerusalen\\\/\"]}]},{\"@type\":\"ImageObject\",\"inLanguage\":\"es\",\"@id\":\"https:\\\/\\\/cnewa.org\\\/es\\\/cristianos-de-tierra-santa-realizan-peregrinacion-a-jerusalen\\\/#primaryimage\",\"url\":\"https:\\\/\\\/cnewa.org\\\/es\\\/wp-content\\\/uploads\\\/sites\\\/5\\\/2022\\\/10\\\/cnewaJerusalem202209_015H-1024x694-1.jpg\",\"contentUrl\":\"https:\\\/\\\/cnewa.org\\\/es\\\/wp-content\\\/uploads\\\/sites\\\/5\\\/2022\\\/10\\\/cnewaJerusalem202209_015H-1024x694-1.jpg\",\"width\":1024,\"height\":694,\"caption\":\"Los peregrinos se re\u00fanen en la tumba de Jes\u00fas en la Iglesia del Sepulcro en Jerusal\u00e9n el 23 de septiembre. El evento atrajo a 450 personas de Cisjordania y Galilea, muchas de ellas en su primera visita a Jerusal\u00e9n. El evento fue organizado por CNEWA-Misi\u00f3n Pontificia, en colaboraci\u00f3n con Sabeel. (foto: CNEWA, Jerusal\u00e9n)\"},{\"@type\":\"BreadcrumbList\",\"@id\":\"https:\\\/\\\/cnewa.org\\\/es\\\/cristianos-de-tierra-santa-realizan-peregrinacion-a-jerusalen\\\/#breadcrumb\",\"itemListElement\":[{\"@type\":\"ListItem\",\"position\":1,\"name\":\"Inicio\",\"item\":\"https:\\\/\\\/cnewa.org\\\/es\\\/\"},{\"@type\":\"ListItem\",\"position\":2,\"name\":\"Medio Oriente\",\"item\":\"https:\\\/\\\/cnewa.org\\\/es\\\/categoria\\\/medio-oriente\\\/\"},{\"@type\":\"ListItem\",\"position\":3,\"name\":\"Cristianos de Tierra Santa Realizan Peregrinaci\u00f3n a Jerusal\u00e9n\"}]},{\"@type\":\"WebSite\",\"@id\":\"https:\\\/\\\/cnewa.org\\\/es\\\/#website\",\"url\":\"https:\\\/\\\/cnewa.org\\\/es\\\/\",\"name\":\"CNEWA Espa\u00f1ol\",\"description\":\"Asociaci\u00f3n Cat\u00f3lica para el Bienestar del Cercano Oriente\",\"publisher\":{\"@id\":\"https:\\\/\\\/cnewa.org\\\/es\\\/#organization\"},\"potentialAction\":[{\"@type\":\"SearchAction\",\"target\":{\"@type\":\"EntryPoint\",\"urlTemplate\":\"https:\\\/\\\/cnewa.org\\\/es\\\/?s={search_term_string}\"},\"query-input\":{\"@type\":\"PropertyValueSpecification\",\"valueRequired\":true,\"valueName\":\"search_term_string\"}}],\"inLanguage\":\"es\"},{\"@type\":\"Organization\",\"@id\":\"https:\\\/\\\/cnewa.org\\\/es\\\/#organization\",\"name\":\"CNEWA Espa\u00f1ol\",\"alternateName\":\"Asociaci\u00f3n Cat\u00f3lica para el Bienestar del Cercano Oriente\",\"url\":\"https:\\\/\\\/cnewa.org\\\/es\\\/\",\"logo\":{\"@type\":\"ImageObject\",\"inLanguage\":\"es\",\"@id\":\"https:\\\/\\\/cnewa.org\\\/es\\\/#\\\/schema\\\/logo\\\/image\\\/\",\"url\":\"https:\\\/\\\/cnewa.org\\\/es\\\/wp-content\\\/uploads\\\/sites\\\/5\\\/2021\\\/07\\\/CNEWA-brand-logo.png\",\"contentUrl\":\"https:\\\/\\\/cnewa.org\\\/es\\\/wp-content\\\/uploads\\\/sites\\\/5\\\/2021\\\/07\\\/CNEWA-brand-logo.png\",\"width\":1000,\"height\":1000,\"caption\":\"CNEWA Espa\u00f1ol\"},\"image\":{\"@id\":\"https:\\\/\\\/cnewa.org\\\/es\\\/#\\\/schema\\\/logo\\\/image\\\/\"},\"sameAs\":[\"https:\\\/\\\/www.facebook.com\\\/CNEWAenespanol\\\/\",\"https:\\\/\\\/www.instagram.com\\\/cnewa1926\\\/\",\"https:\\\/\\\/www.youtube.com\\\/user\\\/TheCNEWA\"]},{\"@type\":\"Person\",\"name\":\"Laura Schau-Tarazi\"}]}<\/script>\n<!-- \/ Yoast SEO Premium plugin. -->","yoast_head_json":{"title":"Cristianos de Tierra Santa Realizan Peregrinaci\u00f3n a Jerusal\u00e9n | CNEWA Espa\u00f1ol","description":"M\u00e1s de 450 cristianos de Tierra Santa realizaron una peregrinaci\u00f3n a la Iglesia del Santo Sepulcro el 23 de septiembre.","robots":{"index":"index","follow":"follow","max-snippet":"max-snippet:-1","max-image-preview":"max-image-preview:large","max-video-preview":"max-video-preview:-1"},"canonical":"https:\/\/cnewa.org\/es\/cristianos-de-tierra-santa-realizan-peregrinacion-a-jerusalen\/","og_locale":"es_ES","og_type":"article","og_title":"Cristianos de Tierra Santa Realizan Peregrinaci\u00f3n a Jerusal\u00e9n","og_description":"M\u00e1s de 450 cristianos de Tierra Santa realizaron una peregrinaci\u00f3n a la Iglesia del Santo Sepulcro el 23 de septiembre.","og_url":"https:\/\/cnewa.org\/es\/cristianos-de-tierra-santa-realizan-peregrinacion-a-jerusalen\/","og_site_name":"CNEWA Espa\u00f1ol","article_publisher":"https:\/\/www.facebook.com\/CNEWAenespanol\/","article_published_time":"2022-10-13T17:51:41+00:00","article_modified_time":"2024-10-30T15:21:04+00:00","og_image":[{"width":1024,"height":694,"url":"https:\/\/cnewa.org\/es\/wp-content\/uploads\/sites\/5\/2022\/10\/cnewaJerusalem202209_015H-1024x694-1.jpg","type":"image\/jpeg"}],"author":"Laura Schau-Tarazi","twitter_card":"summary_large_image","twitter_misc":{"Escrito por":"David R. Aquije","Tiempo de lectura":"3 minutos"},"schema":{"@context":"https:\/\/schema.org","@graph":[{"@type":"Article","@id":"https:\/\/cnewa.org\/es\/cristianos-de-tierra-santa-realizan-peregrinacion-a-jerusalen\/#article","isPartOf":{"@id":"https:\/\/cnewa.org\/es\/cristianos-de-tierra-santa-realizan-peregrinacion-a-jerusalen\/"},"author":{"name":"Laura Schau-Tarazi","@id":"https:\/\/cnewa.org\/es\/#\/schema\/person\/d2935c46e239b59210c38997d4aedf00"},"headline":"Cristianos de Tierra Santa Realizan Peregrinaci\u00f3n a Jerusal\u00e9n","datePublished":"2022-10-13T17:51:41+00:00","dateModified":"2024-10-30T15:21:04+00:00","mainEntityOfPage":{"@id":"https:\/\/cnewa.org\/es\/cristianos-de-tierra-santa-realizan-peregrinacion-a-jerusalen\/"},"wordCount":576,"publisher":{"@id":"https:\/\/cnewa.org\/es\/#organization"},"image":{"@id":"https:\/\/cnewa.org\/es\/cristianos-de-tierra-santa-realizan-peregrinacion-a-jerusalen\/#primaryimage"},"thumbnailUrl":"https:\/\/cnewa.org\/es\/wp-content\/uploads\/sites\/5\/2022\/10\/cnewaJerusalem202209_015H-1024x694-1.jpg","articleSection":["Medio Oriente"],"inLanguage":"es"},{"@type":"WebPage","@id":"https:\/\/cnewa.org\/es\/cristianos-de-tierra-santa-realizan-peregrinacion-a-jerusalen\/","url":"https:\/\/cnewa.org\/es\/cristianos-de-tierra-santa-realizan-peregrinacion-a-jerusalen\/","name":"Cristianos de Tierra Santa Realizan Peregrinaci\u00f3n a Jerusal\u00e9n | CNEWA Espa\u00f1ol","isPartOf":{"@id":"https:\/\/cnewa.org\/es\/#website"},"primaryImageOfPage":{"@id":"https:\/\/cnewa.org\/es\/cristianos-de-tierra-santa-realizan-peregrinacion-a-jerusalen\/#primaryimage"},"image":{"@id":"https:\/\/cnewa.org\/es\/cristianos-de-tierra-santa-realizan-peregrinacion-a-jerusalen\/#primaryimage"},"thumbnailUrl":"https:\/\/cnewa.org\/es\/wp-content\/uploads\/sites\/5\/2022\/10\/cnewaJerusalem202209_015H-1024x694-1.jpg","datePublished":"2022-10-13T17:51:41+00:00","dateModified":"2024-10-30T15:21:04+00:00","description":"M\u00e1s de 450 cristianos de Tierra Santa realizaron una peregrinaci\u00f3n a la Iglesia del Santo Sepulcro el 23 de septiembre.","breadcrumb":{"@id":"https:\/\/cnewa.org\/es\/cristianos-de-tierra-santa-realizan-peregrinacion-a-jerusalen\/#breadcrumb"},"inLanguage":"es","potentialAction":[{"@type":"ReadAction","target":["https:\/\/cnewa.org\/es\/cristianos-de-tierra-santa-realizan-peregrinacion-a-jerusalen\/"]}]},{"@type":"ImageObject","inLanguage":"es","@id":"https:\/\/cnewa.org\/es\/cristianos-de-tierra-santa-realizan-peregrinacion-a-jerusalen\/#primaryimage","url":"https:\/\/cnewa.org\/es\/wp-content\/uploads\/sites\/5\/2022\/10\/cnewaJerusalem202209_015H-1024x694-1.jpg","contentUrl":"https:\/\/cnewa.org\/es\/wp-content\/uploads\/sites\/5\/2022\/10\/cnewaJerusalem202209_015H-1024x694-1.jpg","width":1024,"height":694,"caption":"Los peregrinos se re\u00fanen en la tumba de Jes\u00fas en la Iglesia del Sepulcro en Jerusal\u00e9n el 23 de septiembre. El evento atrajo a 450 personas de Cisjordania y Galilea, muchas de ellas en su primera visita a Jerusal\u00e9n. El evento fue organizado por CNEWA-Misi\u00f3n Pontificia, en colaboraci\u00f3n con Sabeel. (foto: CNEWA, Jerusal\u00e9n)"},{"@type":"BreadcrumbList","@id":"https:\/\/cnewa.org\/es\/cristianos-de-tierra-santa-realizan-peregrinacion-a-jerusalen\/#breadcrumb","itemListElement":[{"@type":"ListItem","position":1,"name":"Inicio","item":"https:\/\/cnewa.org\/es\/"},{"@type":"ListItem","position":2,"name":"Medio Oriente","item":"https:\/\/cnewa.org\/es\/categoria\/medio-oriente\/"},{"@type":"ListItem","position":3,"name":"Cristianos de Tierra Santa Realizan Peregrinaci\u00f3n a Jerusal\u00e9n"}]},{"@type":"WebSite","@id":"https:\/\/cnewa.org\/es\/#website","url":"https:\/\/cnewa.org\/es\/","name":"CNEWA Espa\u00f1ol","description":"Asociaci\u00f3n Cat\u00f3lica para el Bienestar del Cercano Oriente","publisher":{"@id":"https:\/\/cnewa.org\/es\/#organization"},"potentialAction":[{"@type":"SearchAction","target":{"@type":"EntryPoint","urlTemplate":"https:\/\/cnewa.org\/es\/?s={search_term_string}"},"query-input":{"@type":"PropertyValueSpecification","valueRequired":true,"valueName":"search_term_string"}}],"inLanguage":"es"},{"@type":"Organization","@id":"https:\/\/cnewa.org\/es\/#organization","name":"CNEWA Espa\u00f1ol","alternateName":"Asociaci\u00f3n Cat\u00f3lica para el Bienestar del Cercano Oriente","url":"https:\/\/cnewa.org\/es\/","logo":{"@type":"ImageObject","inLanguage":"es","@id":"https:\/\/cnewa.org\/es\/#\/schema\/logo\/image\/","url":"https:\/\/cnewa.org\/es\/wp-content\/uploads\/sites\/5\/2021\/07\/CNEWA-brand-logo.png","contentUrl":"https:\/\/cnewa.org\/es\/wp-content\/uploads\/sites\/5\/2021\/07\/CNEWA-brand-logo.png","width":1000,"height":1000,"caption":"CNEWA Espa\u00f1ol"},"image":{"@id":"https:\/\/cnewa.org\/es\/#\/schema\/logo\/image\/"},"sameAs":["https:\/\/www.facebook.com\/CNEWAenespanol\/","https:\/\/www.instagram.com\/cnewa1926\/","https:\/\/www.youtube.com\/user\/TheCNEWA"]},{"@type":"Person","name":"Laura Schau-Tarazi"}]}},"_links":{"self":[{"href":"https:\/\/cnewa.org\/es\/wp-json\/wp\/v2\/posts\/1780","targetHints":{"allow":["GET"]}}],"collection":[{"href":"https:\/\/cnewa.org\/es\/wp-json\/wp\/v2\/posts"}],"about":[{"href":"https:\/\/cnewa.org\/es\/wp-json\/wp\/v2\/types\/post"}],"author":[{"embeddable":true,"href":"https:\/\/cnewa.org\/es\/wp-json\/wp\/v2\/users\/70019"}],"replies":[{"embeddable":true,"href":"https:\/\/cnewa.org\/es\/wp-json\/wp\/v2\/comments?post=1780"}],"version-history":[{"count":13,"href":"https:\/\/cnewa.org\/es\/wp-json\/wp\/v2\/posts\/1780\/revisions"}],"predecessor-version":[{"id":5843,"href":"https:\/\/cnewa.org\/es\/wp-json\/wp\/v2\/posts\/1780\/revisions\/5843"}],"wp:featuredmedia":[{"embeddable":true,"href":"https:\/\/cnewa.org\/es\/wp-json\/wp\/v2\/media\/1783"}],"wp:attachment":[{"href":"https:\/\/cnewa.org\/es\/wp-json\/wp\/v2\/media?parent=1780"}],"wp:term":[{"taxonomy":"category","embeddable":true,"href":"https:\/\/cnewa.org\/es\/wp-json\/wp\/v2\/categories?post=1780"}],"curies":[{"name":"wp","href":"https:\/\/api.w.org\/{rel}","templated":true}]}}