{"id":1824,"date":"2022-10-20T14:04:22","date_gmt":"2022-10-20T18:04:22","guid":{"rendered":"https:\/\/cnewa.org\/es\/?p=1824"},"modified":"2024-07-01T12:01:18","modified_gmt":"2024-07-01T16:01:18","slug":"continua-el-trabajo-de-ayuda-a-los-desplazados-en-ucrania","status":"publish","type":"post","link":"https:\/\/cnewa.org\/es\/continua-el-trabajo-de-ayuda-a-los-desplazados-en-ucrania\/","title":{"rendered":"Contin\u00faa el Trabajo de Ayuda a los Desplazados en Ucrania"},"content":{"rendered":"\n<p>El impacto de ocho meses de guerra en Ucrania ha sido devastador. M\u00e1s de 6.200 civiles y 11.800 militares ucranianos han muerto desde la invasi\u00f3n rusa en febrero. La guerra ha desplazado a casi ocho millones de personas hasta ahora, y los ucranianos contin\u00faan huyendo a regiones m\u00e1s seguras en el pa\u00eds y a las naciones vecinas.<\/p>\n\n\n\n<p>Desde la invasi\u00f3n, la eparqu\u00eda greco-cat\u00f3lica ucraniana de Sambir-Drohobych,&nbsp;en la frontera con Polonia, ha acogido a 415 desplazados internos en sus diversas instituciones.<\/p>\n\n\n\n<p>El verano pasado, 60 desplazados internos fueron albergados en El Samaritano, la casa de retiro de la eparqu\u00eda, donde recibieron comidas diarias, productos de higiene y medicamentos.<\/p>\n\n\n\n<p>El centro de rehabilitaci\u00f3n pastoral de la eparqu\u00eda, Oranta, alberg\u00f3 a 250 mujeres y ni\u00f1os. Aunque el centro les proporciona alimentos,&nbsp;ropa y otras necesidades, uno de sus objetivos principales es ayudar a los ni\u00f1os a trav\u00e9s del trauma de la guerra con consejer\u00eda, especialistas y educadores.<\/p>\n\n\n\n<p>Otras 25 personas, 10 madres y 15 ni\u00f1os, fueron albergadas en un hogar previamente reservado para vocaciones mon\u00e1sticas en la aldea de Nadyby.<\/p>\n\n\n\n<p>Entre los esfuerzos de CNEWA en <a href=\"https:\/\/cnewa.org\/es\/donde-trabajamos\/europa-del-este\/ucrania\/\">Ucrania<\/a>, la agencia ha apoyado el trabajo de la eparqu\u00eda para albergar a los ucranianos desplazados con necesidades especiales.<\/p>\n\n\n\n<p>Escuche las historias de estas personas y aprenda sobre el trabajo financiado por CNEWA de la eparqu\u00eda para brindarles el apoyo humanitario y espiritual que necesitan en el siguiente video con subt\u00edtulos en ingl\u00e9s.<\/p>\n\n\n\n<figure class=\"wp-block-embed is-type-video is-provider-youtube wp-block-embed-youtube wp-embed-aspect-16-9 wp-has-aspect-ratio\"><div class=\"wp-block-embed__wrapper\">\n<iframe loading=\"lazy\" title=\"Our Front  \u201cUkraine United\u201d\" width=\"500\" height=\"281\" src=\"https:\/\/www.youtube.com\/embed\/4g6As1jdvDU?feature=oembed\" frameborder=\"0\" allow=\"accelerometer; autoplay; clipboard-write; encrypted-media; gyroscope; picture-in-picture; web-share\" referrerpolicy=\"strict-origin-when-cross-origin\" allowfullscreen><\/iframe>\n<\/div><figcaption class=\"wp-element-caption\">(Eparchy of Sambir-Drohobych of the UGCC)<\/figcaption><\/figure>\n","protected":false},"excerpt":{"rendered":"<p>El impacto de ocho meses de guerra en Ucrania ha sido devastador. M\u00e1s de 6.200 civiles y 11.800 militares ucranianos han muerto desde la invasi\u00f3n rusa en febrero. La guerra ha desplazado a casi ocho millones de personas hasta ahora, y los ucranianos contin\u00faan huyendo a regiones m\u00e1s seguras en el pa\u00eds y a las &hellip; <a href=\"https:\/\/cnewa.org\/es\/continua-el-trabajo-de-ayuda-a-los-desplazados-en-ucrania\/\">Continued<\/a><\/p>\n","protected":false},"author":61,"featured_media":1825,"comment_status":"closed","ping_status":"closed","sticky":false,"template":"","format":"standard","meta":{"_acf_changed":false,"footnotes":""},"categories":[44],"class_list":["post-1824","post","type-post","status-publish","format-standard","has-post-thumbnail","hentry","category-ucrania"],"acf":[],"yoast_head":"<!-- This site is optimized with the Yoast SEO Premium plugin v27.3 (Yoast SEO v27.3) - https:\/\/yoast.com\/product\/yoast-seo-premium-wordpress\/ -->\n<title>Contin\u00faa el Trabajo de Ayuda a los Desplazados en Ucrania | CNEWA Espa\u00f1ol<\/title>\n<meta name=\"description\" content=\"Desde la invasi\u00f3n rusa, la eparqu\u00eda greco-cat\u00f3lica ucraniana de Sambir-Drohobych, ha acogido a 415 desplazados internos.\" \/>\n<meta name=\"robots\" content=\"index, follow, max-snippet:-1, max-image-preview:large, max-video-preview:-1\" \/>\n<link rel=\"canonical\" href=\"https:\/\/cnewa.org\/es\/continua-el-trabajo-de-ayuda-a-los-desplazados-en-ucrania\/\" \/>\n<meta property=\"og:locale\" content=\"es_ES\" \/>\n<meta property=\"og:type\" content=\"article\" \/>\n<meta property=\"og:title\" content=\"Contin\u00faa el Trabajo de Ayuda a los Desplazados en Ucrania\" \/>\n<meta property=\"og:description\" content=\"Desde la invasi\u00f3n rusa, la eparqu\u00eda greco-cat\u00f3lica ucraniana de Sambir-Drohobych, ha acogido a 415 desplazados internos.\" \/>\n<meta property=\"og:url\" content=\"https:\/\/cnewa.org\/es\/continua-el-trabajo-de-ayuda-a-los-desplazados-en-ucrania\/\" \/>\n<meta property=\"og:site_name\" content=\"CNEWA Espa\u00f1ol\" \/>\n<meta property=\"article:publisher\" content=\"https:\/\/www.facebook.com\/CNEWAenespanol\/\" \/>\n<meta property=\"article:published_time\" content=\"2022-10-20T18:04:22+00:00\" \/>\n<meta property=\"article:modified_time\" content=\"2024-07-01T16:01:18+00:00\" \/>\n<meta property=\"og:image\" content=\"https:\/\/cnewa.org\/es\/wp-content\/uploads\/sites\/5\/2022\/10\/Screen-Shot-2022-10-18-at-3.18.12-PM-e1666121158754-1024x565-1.png\" \/>\n\t<meta property=\"og:image:width\" content=\"1024\" \/>\n\t<meta property=\"og:image:height\" content=\"565\" \/>\n\t<meta property=\"og:image:type\" content=\"image\/png\" \/>\n<meta name=\"author\" content=\"CNEWA Staff\" \/>\n<meta name=\"twitter:card\" content=\"summary_large_image\" \/>\n<meta name=\"twitter:label1\" content=\"Escrito por\" \/>\n\t<meta name=\"twitter:data1\" content=\"CNEWA\" \/>\n\t<meta name=\"twitter:label2\" content=\"Tiempo de lectura\" \/>\n\t<meta name=\"twitter:data2\" content=\"2 minutos\" \/>\n<script type=\"application\/ld+json\" class=\"yoast-schema-graph\">{\"@context\":\"https:\\\/\\\/schema.org\",\"@graph\":[{\"@type\":\"Article\",\"@id\":\"https:\\\/\\\/cnewa.org\\\/es\\\/continua-el-trabajo-de-ayuda-a-los-desplazados-en-ucrania\\\/#article\",\"isPartOf\":{\"@id\":\"https:\\\/\\\/cnewa.org\\\/es\\\/continua-el-trabajo-de-ayuda-a-los-desplazados-en-ucrania\\\/\"},\"author\":{\"name\":\"CNEWA Staff\",\"@id\":\"https:\\\/\\\/cnewa.org\\\/es\\\/#\\\/schema\\\/person\\\/7944644ca6eb0740b984679ea893bd81\"},\"headline\":\"Contin\u00faa el Trabajo de Ayuda a los Desplazados en Ucrania\",\"datePublished\":\"2022-10-20T18:04:22+00:00\",\"dateModified\":\"2024-07-01T16:01:18+00:00\",\"mainEntityOfPage\":{\"@id\":\"https:\\\/\\\/cnewa.org\\\/es\\\/continua-el-trabajo-de-ayuda-a-los-desplazados-en-ucrania\\\/\"},\"wordCount\":278,\"publisher\":{\"@id\":\"https:\\\/\\\/cnewa.org\\\/es\\\/#organization\"},\"image\":{\"@id\":\"https:\\\/\\\/cnewa.org\\\/es\\\/continua-el-trabajo-de-ayuda-a-los-desplazados-en-ucrania\\\/#primaryimage\"},\"thumbnailUrl\":\"https:\\\/\\\/cnewa.org\\\/es\\\/wp-content\\\/uploads\\\/sites\\\/5\\\/2022\\\/10\\\/Screen-Shot-2022-10-18-at-3.18.12-PM-e1666121158754-1024x565-1.png\",\"articleSection\":[\"Ucrania\"],\"inLanguage\":\"es\"},{\"@type\":\"WebPage\",\"@id\":\"https:\\\/\\\/cnewa.org\\\/es\\\/continua-el-trabajo-de-ayuda-a-los-desplazados-en-ucrania\\\/\",\"url\":\"https:\\\/\\\/cnewa.org\\\/es\\\/continua-el-trabajo-de-ayuda-a-los-desplazados-en-ucrania\\\/\",\"name\":\"Contin\u00faa el Trabajo de Ayuda a los Desplazados en Ucrania | CNEWA Espa\u00f1ol\",\"isPartOf\":{\"@id\":\"https:\\\/\\\/cnewa.org\\\/es\\\/#website\"},\"primaryImageOfPage\":{\"@id\":\"https:\\\/\\\/cnewa.org\\\/es\\\/continua-el-trabajo-de-ayuda-a-los-desplazados-en-ucrania\\\/#primaryimage\"},\"image\":{\"@id\":\"https:\\\/\\\/cnewa.org\\\/es\\\/continua-el-trabajo-de-ayuda-a-los-desplazados-en-ucrania\\\/#primaryimage\"},\"thumbnailUrl\":\"https:\\\/\\\/cnewa.org\\\/es\\\/wp-content\\\/uploads\\\/sites\\\/5\\\/2022\\\/10\\\/Screen-Shot-2022-10-18-at-3.18.12-PM-e1666121158754-1024x565-1.png\",\"datePublished\":\"2022-10-20T18:04:22+00:00\",\"dateModified\":\"2024-07-01T16:01:18+00:00\",\"description\":\"Desde la invasi\u00f3n rusa, la eparqu\u00eda greco-cat\u00f3lica ucraniana de Sambir-Drohobych, ha acogido a 415 desplazados internos.\",\"breadcrumb\":{\"@id\":\"https:\\\/\\\/cnewa.org\\\/es\\\/continua-el-trabajo-de-ayuda-a-los-desplazados-en-ucrania\\\/#breadcrumb\"},\"inLanguage\":\"es\",\"potentialAction\":[{\"@type\":\"ReadAction\",\"target\":[\"https:\\\/\\\/cnewa.org\\\/es\\\/continua-el-trabajo-de-ayuda-a-los-desplazados-en-ucrania\\\/\"]}]},{\"@type\":\"ImageObject\",\"inLanguage\":\"es\",\"@id\":\"https:\\\/\\\/cnewa.org\\\/es\\\/continua-el-trabajo-de-ayuda-a-los-desplazados-en-ucrania\\\/#primaryimage\",\"url\":\"https:\\\/\\\/cnewa.org\\\/es\\\/wp-content\\\/uploads\\\/sites\\\/5\\\/2022\\\/10\\\/Screen-Shot-2022-10-18-at-3.18.12-PM-e1666121158754-1024x565-1.png\",\"contentUrl\":\"https:\\\/\\\/cnewa.org\\\/es\\\/wp-content\\\/uploads\\\/sites\\\/5\\\/2022\\\/10\\\/Screen-Shot-2022-10-18-at-3.18.12-PM-e1666121158754-1024x565-1.png\",\"width\":1024,\"height\":565,\"caption\":\"El Arzobispo Mayor Greco-Cat\u00f3lico Ucraniano Sviatoslav Shevchuck visita a los ni\u00f1os que han recibido refugio en el centro de rehabilitaci\u00f3n pastoral Oranta en la eparqu\u00eda de Sambir-Drohobych. Estos ni\u00f1os se encuentran entre los millones de ucranianos desplazados internamente por la guerra actual. Sepa m\u00e1s sobre el trabajo de la iglesia en Ucrania entre los desplazados internos en un nuevo video. (foto: La eparqu\u00eda de Sambir-Drohobych de la UGCC)\"},{\"@type\":\"BreadcrumbList\",\"@id\":\"https:\\\/\\\/cnewa.org\\\/es\\\/continua-el-trabajo-de-ayuda-a-los-desplazados-en-ucrania\\\/#breadcrumb\",\"itemListElement\":[{\"@type\":\"ListItem\",\"position\":1,\"name\":\"Inicio\",\"item\":\"https:\\\/\\\/cnewa.org\\\/es\\\/\"},{\"@type\":\"ListItem\",\"position\":2,\"name\":\"Ucrania\",\"item\":\"https:\\\/\\\/cnewa.org\\\/es\\\/categoria\\\/ucrania\\\/\"},{\"@type\":\"ListItem\",\"position\":3,\"name\":\"Contin\u00faa el Trabajo de Ayuda a los Desplazados en Ucrania\"}]},{\"@type\":\"WebSite\",\"@id\":\"https:\\\/\\\/cnewa.org\\\/es\\\/#website\",\"url\":\"https:\\\/\\\/cnewa.org\\\/es\\\/\",\"name\":\"CNEWA Espa\u00f1ol\",\"description\":\"Asociaci\u00f3n Cat\u00f3lica para el Bienestar del Cercano Oriente\",\"publisher\":{\"@id\":\"https:\\\/\\\/cnewa.org\\\/es\\\/#organization\"},\"potentialAction\":[{\"@type\":\"SearchAction\",\"target\":{\"@type\":\"EntryPoint\",\"urlTemplate\":\"https:\\\/\\\/cnewa.org\\\/es\\\/?s={search_term_string}\"},\"query-input\":{\"@type\":\"PropertyValueSpecification\",\"valueRequired\":true,\"valueName\":\"search_term_string\"}}],\"inLanguage\":\"es\"},{\"@type\":\"Organization\",\"@id\":\"https:\\\/\\\/cnewa.org\\\/es\\\/#organization\",\"name\":\"CNEWA Espa\u00f1ol\",\"alternateName\":\"Asociaci\u00f3n Cat\u00f3lica para el Bienestar del Cercano Oriente\",\"url\":\"https:\\\/\\\/cnewa.org\\\/es\\\/\",\"logo\":{\"@type\":\"ImageObject\",\"inLanguage\":\"es\",\"@id\":\"https:\\\/\\\/cnewa.org\\\/es\\\/#\\\/schema\\\/logo\\\/image\\\/\",\"url\":\"https:\\\/\\\/cnewa.org\\\/es\\\/wp-content\\\/uploads\\\/sites\\\/5\\\/2021\\\/07\\\/CNEWA-brand-logo.png\",\"contentUrl\":\"https:\\\/\\\/cnewa.org\\\/es\\\/wp-content\\\/uploads\\\/sites\\\/5\\\/2021\\\/07\\\/CNEWA-brand-logo.png\",\"width\":1000,\"height\":1000,\"caption\":\"CNEWA Espa\u00f1ol\"},\"image\":{\"@id\":\"https:\\\/\\\/cnewa.org\\\/es\\\/#\\\/schema\\\/logo\\\/image\\\/\"},\"sameAs\":[\"https:\\\/\\\/www.facebook.com\\\/CNEWAenespanol\\\/\",\"https:\\\/\\\/www.instagram.com\\\/cnewa1926\\\/\",\"https:\\\/\\\/www.youtube.com\\\/user\\\/TheCNEWA\"]},{\"@type\":\"Person\",\"name\":\"CNEWA Staff\"}]}<\/script>\n<!-- \/ Yoast SEO Premium plugin. -->","yoast_head_json":{"title":"Contin\u00faa el Trabajo de Ayuda a los Desplazados en Ucrania | CNEWA Espa\u00f1ol","description":"Desde la invasi\u00f3n rusa, la eparqu\u00eda greco-cat\u00f3lica ucraniana de Sambir-Drohobych, ha acogido a 415 desplazados internos.","robots":{"index":"index","follow":"follow","max-snippet":"max-snippet:-1","max-image-preview":"max-image-preview:large","max-video-preview":"max-video-preview:-1"},"canonical":"https:\/\/cnewa.org\/es\/continua-el-trabajo-de-ayuda-a-los-desplazados-en-ucrania\/","og_locale":"es_ES","og_type":"article","og_title":"Contin\u00faa el Trabajo de Ayuda a los Desplazados en Ucrania","og_description":"Desde la invasi\u00f3n rusa, la eparqu\u00eda greco-cat\u00f3lica ucraniana de Sambir-Drohobych, ha acogido a 415 desplazados internos.","og_url":"https:\/\/cnewa.org\/es\/continua-el-trabajo-de-ayuda-a-los-desplazados-en-ucrania\/","og_site_name":"CNEWA Espa\u00f1ol","article_publisher":"https:\/\/www.facebook.com\/CNEWAenespanol\/","article_published_time":"2022-10-20T18:04:22+00:00","article_modified_time":"2024-07-01T16:01:18+00:00","og_image":[{"width":1024,"height":565,"url":"https:\/\/cnewa.org\/es\/wp-content\/uploads\/sites\/5\/2022\/10\/Screen-Shot-2022-10-18-at-3.18.12-PM-e1666121158754-1024x565-1.png","type":"image\/png"}],"author":"CNEWA Staff","twitter_card":"summary_large_image","twitter_misc":{"Escrito por":"CNEWA","Tiempo de lectura":"2 minutos"},"schema":{"@context":"https:\/\/schema.org","@graph":[{"@type":"Article","@id":"https:\/\/cnewa.org\/es\/continua-el-trabajo-de-ayuda-a-los-desplazados-en-ucrania\/#article","isPartOf":{"@id":"https:\/\/cnewa.org\/es\/continua-el-trabajo-de-ayuda-a-los-desplazados-en-ucrania\/"},"author":{"name":"CNEWA Staff","@id":"https:\/\/cnewa.org\/es\/#\/schema\/person\/7944644ca6eb0740b984679ea893bd81"},"headline":"Contin\u00faa el Trabajo de Ayuda a los Desplazados en Ucrania","datePublished":"2022-10-20T18:04:22+00:00","dateModified":"2024-07-01T16:01:18+00:00","mainEntityOfPage":{"@id":"https:\/\/cnewa.org\/es\/continua-el-trabajo-de-ayuda-a-los-desplazados-en-ucrania\/"},"wordCount":278,"publisher":{"@id":"https:\/\/cnewa.org\/es\/#organization"},"image":{"@id":"https:\/\/cnewa.org\/es\/continua-el-trabajo-de-ayuda-a-los-desplazados-en-ucrania\/#primaryimage"},"thumbnailUrl":"https:\/\/cnewa.org\/es\/wp-content\/uploads\/sites\/5\/2022\/10\/Screen-Shot-2022-10-18-at-3.18.12-PM-e1666121158754-1024x565-1.png","articleSection":["Ucrania"],"inLanguage":"es"},{"@type":"WebPage","@id":"https:\/\/cnewa.org\/es\/continua-el-trabajo-de-ayuda-a-los-desplazados-en-ucrania\/","url":"https:\/\/cnewa.org\/es\/continua-el-trabajo-de-ayuda-a-los-desplazados-en-ucrania\/","name":"Contin\u00faa el Trabajo de Ayuda a los Desplazados en Ucrania | CNEWA Espa\u00f1ol","isPartOf":{"@id":"https:\/\/cnewa.org\/es\/#website"},"primaryImageOfPage":{"@id":"https:\/\/cnewa.org\/es\/continua-el-trabajo-de-ayuda-a-los-desplazados-en-ucrania\/#primaryimage"},"image":{"@id":"https:\/\/cnewa.org\/es\/continua-el-trabajo-de-ayuda-a-los-desplazados-en-ucrania\/#primaryimage"},"thumbnailUrl":"https:\/\/cnewa.org\/es\/wp-content\/uploads\/sites\/5\/2022\/10\/Screen-Shot-2022-10-18-at-3.18.12-PM-e1666121158754-1024x565-1.png","datePublished":"2022-10-20T18:04:22+00:00","dateModified":"2024-07-01T16:01:18+00:00","description":"Desde la invasi\u00f3n rusa, la eparqu\u00eda greco-cat\u00f3lica ucraniana de Sambir-Drohobych, ha acogido a 415 desplazados internos.","breadcrumb":{"@id":"https:\/\/cnewa.org\/es\/continua-el-trabajo-de-ayuda-a-los-desplazados-en-ucrania\/#breadcrumb"},"inLanguage":"es","potentialAction":[{"@type":"ReadAction","target":["https:\/\/cnewa.org\/es\/continua-el-trabajo-de-ayuda-a-los-desplazados-en-ucrania\/"]}]},{"@type":"ImageObject","inLanguage":"es","@id":"https:\/\/cnewa.org\/es\/continua-el-trabajo-de-ayuda-a-los-desplazados-en-ucrania\/#primaryimage","url":"https:\/\/cnewa.org\/es\/wp-content\/uploads\/sites\/5\/2022\/10\/Screen-Shot-2022-10-18-at-3.18.12-PM-e1666121158754-1024x565-1.png","contentUrl":"https:\/\/cnewa.org\/es\/wp-content\/uploads\/sites\/5\/2022\/10\/Screen-Shot-2022-10-18-at-3.18.12-PM-e1666121158754-1024x565-1.png","width":1024,"height":565,"caption":"El Arzobispo Mayor Greco-Cat\u00f3lico Ucraniano Sviatoslav Shevchuck visita a los ni\u00f1os que han recibido refugio en el centro de rehabilitaci\u00f3n pastoral Oranta en la eparqu\u00eda de Sambir-Drohobych. Estos ni\u00f1os se encuentran entre los millones de ucranianos desplazados internamente por la guerra actual. Sepa m\u00e1s sobre el trabajo de la iglesia en Ucrania entre los desplazados internos en un nuevo video. (foto: La eparqu\u00eda de Sambir-Drohobych de la UGCC)"},{"@type":"BreadcrumbList","@id":"https:\/\/cnewa.org\/es\/continua-el-trabajo-de-ayuda-a-los-desplazados-en-ucrania\/#breadcrumb","itemListElement":[{"@type":"ListItem","position":1,"name":"Inicio","item":"https:\/\/cnewa.org\/es\/"},{"@type":"ListItem","position":2,"name":"Ucrania","item":"https:\/\/cnewa.org\/es\/categoria\/ucrania\/"},{"@type":"ListItem","position":3,"name":"Contin\u00faa el Trabajo de Ayuda a los Desplazados en Ucrania"}]},{"@type":"WebSite","@id":"https:\/\/cnewa.org\/es\/#website","url":"https:\/\/cnewa.org\/es\/","name":"CNEWA Espa\u00f1ol","description":"Asociaci\u00f3n Cat\u00f3lica para el Bienestar del Cercano Oriente","publisher":{"@id":"https:\/\/cnewa.org\/es\/#organization"},"potentialAction":[{"@type":"SearchAction","target":{"@type":"EntryPoint","urlTemplate":"https:\/\/cnewa.org\/es\/?s={search_term_string}"},"query-input":{"@type":"PropertyValueSpecification","valueRequired":true,"valueName":"search_term_string"}}],"inLanguage":"es"},{"@type":"Organization","@id":"https:\/\/cnewa.org\/es\/#organization","name":"CNEWA Espa\u00f1ol","alternateName":"Asociaci\u00f3n Cat\u00f3lica para el Bienestar del Cercano Oriente","url":"https:\/\/cnewa.org\/es\/","logo":{"@type":"ImageObject","inLanguage":"es","@id":"https:\/\/cnewa.org\/es\/#\/schema\/logo\/image\/","url":"https:\/\/cnewa.org\/es\/wp-content\/uploads\/sites\/5\/2021\/07\/CNEWA-brand-logo.png","contentUrl":"https:\/\/cnewa.org\/es\/wp-content\/uploads\/sites\/5\/2021\/07\/CNEWA-brand-logo.png","width":1000,"height":1000,"caption":"CNEWA Espa\u00f1ol"},"image":{"@id":"https:\/\/cnewa.org\/es\/#\/schema\/logo\/image\/"},"sameAs":["https:\/\/www.facebook.com\/CNEWAenespanol\/","https:\/\/www.instagram.com\/cnewa1926\/","https:\/\/www.youtube.com\/user\/TheCNEWA"]},{"@type":"Person","name":"CNEWA Staff"}]}},"_links":{"self":[{"href":"https:\/\/cnewa.org\/es\/wp-json\/wp\/v2\/posts\/1824","targetHints":{"allow":["GET"]}}],"collection":[{"href":"https:\/\/cnewa.org\/es\/wp-json\/wp\/v2\/posts"}],"about":[{"href":"https:\/\/cnewa.org\/es\/wp-json\/wp\/v2\/types\/post"}],"author":[{"embeddable":true,"href":"https:\/\/cnewa.org\/es\/wp-json\/wp\/v2\/users\/61"}],"replies":[{"embeddable":true,"href":"https:\/\/cnewa.org\/es\/wp-json\/wp\/v2\/comments?post=1824"}],"version-history":[{"count":5,"href":"https:\/\/cnewa.org\/es\/wp-json\/wp\/v2\/posts\/1824\/revisions"}],"predecessor-version":[{"id":5369,"href":"https:\/\/cnewa.org\/es\/wp-json\/wp\/v2\/posts\/1824\/revisions\/5369"}],"wp:featuredmedia":[{"embeddable":true,"href":"https:\/\/cnewa.org\/es\/wp-json\/wp\/v2\/media\/1825"}],"wp:attachment":[{"href":"https:\/\/cnewa.org\/es\/wp-json\/wp\/v2\/media?parent=1824"}],"wp:term":[{"taxonomy":"category","embeddable":true,"href":"https:\/\/cnewa.org\/es\/wp-json\/wp\/v2\/categories?post=1824"}],"curies":[{"name":"wp","href":"https:\/\/api.w.org\/{rel}","templated":true}]}}