{"id":1901,"date":"2022-11-07T10:33:13","date_gmt":"2022-11-07T15:33:13","guid":{"rendered":"https:\/\/cnewa.org\/es\/?p=1901"},"modified":"2024-10-30T12:16:56","modified_gmt":"2024-10-30T16:16:56","slug":"la-historia-detras-del-articulo-sobre-seminaristas-en-ucrania","status":"publish","type":"post","link":"https:\/\/cnewa.org\/es\/la-historia-detras-del-articulo-sobre-seminaristas-en-ucrania\/","title":{"rendered":"La Historia Detr\u00e1s del Art\u00edculo Sobre Seminaristas en Ucrania"},"content":{"rendered":"\n<p><strong><em><em><strong><strong>Nota<em>&nbsp;del director<\/em><\/strong><em>: <\/em><\/strong><\/em><\/em><\/strong><em><em><em>Muchos lectores no est\u00e1n familiarizados con la din\u00e1mica que involucra la publicaci\u00f3n de una revista, la cual es tan emocionante como desafiante. A pesar de toda la planificaci\u00f3n que implica desarrollar una nueva edici\u00f3n, no es inusual que los equipos editoriales tengan que modificar su plan en el \u00faltimo minuto debido a eventos mundiales imprevistos. En este informe de audio, Laura Ieraci<\/em>,&nbsp;<em>directora asistente de la revista ONE, comparte c\u00f3mo la revista hizo un giro en respuesta a la invasi\u00f3n de Rusia en Ucrania para llevar a los lectores el art\u00edculo principal&nbsp;\u201c<a href=\"https:\/\/cnewa.org\/magazine\/closer-to-the-people\/\" target=\"_blank\" rel=\"noreferrer noopener\">Closer to the People<\/a>.\u201d&nbsp;Escuche su \u00abhistoria detr\u00e1s de la historia\u00bb y lea el art\u00edculo completo en la&nbsp;<\/em><a href=\"https:\/\/cnewa.org\/magazine-issues\/september-2022\/\" target=\"_blank\" rel=\"noreferrer noopener\"><em>edici\u00f3n de septiembre<\/em><\/a><em>&nbsp;de la revista ONE. A continuaci\u00f3n, presentamos una transcripci\u00f3n completa traducida al espa\u00f1ol.<\/em><\/em><\/em><\/p>\n\n\n\n<figure class=\"wp-block-audio\"><audio controls src=\"https:\/\/cnewa.org\/wp-content\/uploads\/2022\/11\/ONW_Audio_Ukraine_StoryBehind_LI.mp3\"><\/audio><\/figure>\n\n\n\n<p>A veces, un periodista no sabe a d\u00f3nde lo llevar\u00e1 una asignaci\u00f3n. Es parte de la aventura que est\u00e1 engranada en el periodismo.<\/p>\n\n\n\n<p>Por lo tanto, ellos \u201cseguir\u00e1n la historia\u201d y ajustar\u00e1n sus entrevistas y fuentes seg\u00fan sea necesario a medida que avanzan, en funci\u00f3n de los eventos actuales, informaci\u00f3n nueva, cre\u00edble y verificable, u otras circunstancias.<\/p>\n\n\n\n<p>Para muchos periodistas, estos altibajos y giros y vueltas en el desarrollo de una historia son los aspectos m\u00e1s estimulantes del trabajo. Lo que esto significa a menudo es que por cada historia que se publica, hay otra historia, una historia de fondo, sobre c\u00f3mo cobr\u00f3 vida. Y a veces esa historia de fondo, a menudo combinada con el drama en la sala de redacci\u00f3n, puede ser tan intrigante como el art\u00edculo que los lectores pueden leer.<\/p>\n\n\n\n<p>Cada sala de redacci\u00f3n tiene historias de fondo sobre informes que se ajustaron hasta en el momento de la impresi\u00f3n, o art\u00edculos principales que tuvieron que ser retirados o puestos en espera debido a alg\u00fan evento importante que exigi\u00f3 que la historia fuera reelaborada o archivada por completo.<\/p>\n\n\n\n<p>\u201c<a href=\"https:\/\/cnewa.org\/magazine\/closer-to-the-people\/\" target=\"_blank\" rel=\"noreferrer noopener\">Closer to the People<\/a>\u201d, un art\u00edculo presentado en la&nbsp;<a href=\"https:\/\/cnewa.org\/magazine-issues\/september-2022\/\" target=\"_blank\" rel=\"noreferrer noopener\">edici\u00f3n de septiembre de 2022 de ONE<\/a>, es uno de esos art\u00edculos que viene con una historia de fondo.&nbsp;Le fue asignado en diciembre pasado a mi colega de confianza Anna Nekrasova-Wilson, una periodista independiente ucraniana con sede en Londres, para que sea publicado en marzo de este a\u00f1o.<\/p>\n\n\n\n<p>La tarea de Anna era informar sobre la formaci\u00f3n de seminaristas greco-cat\u00f3licos ucranianos en Ucrania en el contexto de los desaf\u00edos sociopol\u00edticos del pa\u00eds, incluida una guerra de ocho a\u00f1os en su frontera oriental.<\/p>\n\n\n\n<p>En ese momento, las noticias sobre el despliegue de tropas rusas en la frontera oriental de Ucrania estaban en los titulares, pero la mayor\u00eda de la gente parec\u00eda mantener un escepticismo saludable, aunque algunos argumentar\u00edan una incredulidad ingenua, de que Rusia invadir\u00eda a su vecino.<\/p>\n\n\n\n<p>Diciembre se convirti\u00f3 en enero y, a medida que crec\u00edan las tensiones entre Rusia y Ucrania, Anna y nuestro fot\u00f3grafo y vide\u00f3grafo independiente en Ucrania, Konstantin Chernichkin, perseveraron con gran velocidad en sus reportes. Con el cambio del calendario a febrero, empez\u00f3 la carrera de editar la historia de Anna y las poderosas fotograf\u00edas y videos de Konstantin. La fecha l\u00edmite de nuestra impresora era el 25 de febrero y una invasi\u00f3n rusa parec\u00eda inminente.<\/p>\n\n\n\n<p>La urgencia de editar nuestro reportaje se amplific\u00f3 por la comunicaci\u00f3n que recib\u00ed de Konstantin: estaba enviando fotos y videos mientras intentaba evacuar a su familia a Polonia. Necesitaba comentarios r\u00e1pidos sobre sus ediciones de video el mismo d\u00eda que lo env\u00edo antes de una probable invasi\u00f3n rusa. Para la tercera semana de febrero, la urgencia cambi\u00f3 a preocupaci\u00f3n cuando&nbsp;<a href=\"https:\/\/cnewa.org\/seminary-in-ukraine-before-war\/\" target=\"_blank\" rel=\"noreferrer noopener\">Konstantin dej\u00f3 de responder a mis correos electr\u00f3nicos<\/a>.&nbsp;<\/p>\n\n\n\n<p>Sin embargo, justo cuando Konstantin se convirti\u00f3 en un M.I.A. (desaparecido en combate), y con una invasi\u00f3n rusa que se avecinaba, nuestro director retras\u00f3 la presentaci\u00f3n de nuestros archivos de la revista a la imprenta por una semana. El contexto que Anna proporcion\u00f3 en su art\u00edculo ya no reflejaba la situaci\u00f3n cambiante, as\u00ed que sacamos su historia de la alineaci\u00f3n de marzo, reemplaz\u00e1ndola con otro art\u00edculo. D\u00edas despu\u00e9s, Rusia invadi\u00f3 y la historia de Anna se congel\u00f3 indefinidamente.<\/p>\n\n\n\n<p>Esperamos y observamos la situaci\u00f3n cambiante y aterradora en Ucrania durante cinco meses antes de decidir que pod\u00edamos sacar la historia de Anna de nuestros archivos. Pero ya no pod\u00eda presentarse como se planific\u00f3. El contexto hab\u00eda cambiado; Ucrania hab\u00eda cambiado; el mundo hab\u00eda cambiado.<\/p>\n\n\n\n<p>La historia necesitaba una revisi\u00f3n significativa y me sub\u00ed a bordo para tratar de proporcionar eso. Es cierto que fue un desaf\u00edo actualizarla desde mi oficina en casa cerca a Chicago. Entonces, llam\u00e9 a algunos amigos para que me ayudaran, despu\u00e9s de algunos intentos fallidos de contactar a los sujetos de la entrevista en Ucrania.<\/p>\n\n\n\n<p>A trav\u00e9s de un amigo, me puse en contacto con el padre Roman Ostrovskyy, vicerrector de asuntos acad\u00e9micos del seminario de Kiev, quien amable y pacientemente me proporcion\u00f3 detalles en italiano, porque no hablo ucraniano, sobre c\u00f3mo hab\u00eda cambiado la vida en el seminario desde la invasi\u00f3n. La entrevista se llev\u00f3 a cabo durante varios d\u00edas a trav\u00e9s de Facebook Messenger, ya que las preguntas se hicieron y respondieron de acuerdo con nuestras respectivas zonas horarias. Comprensiblemente, el padre Ostrovskyy ten\u00eda muchas ocupaciones y respond\u00eda cuando pod\u00eda.<\/p>\n\n\n\n<p>Tambi\u00e9n us\u00e9 algunas de las entrevistas en c\u00e1mara y sin edici\u00f3n que Konstantin me hab\u00eda enviado a mediados de febrero, que no estaban en el art\u00edculo original de Anna, para incluir puntos de vista m\u00e1s pertinentes de los seminaristas. Confi\u00e9 en otro amigo para ayudar a traducir estas entrevistas al ingl\u00e9s.<\/p>\n\n\n\n<p>Y de esa manera, las entrevistas previas y posteriores a la invasi\u00f3n se reunieron en un art\u00edculo cuidadosamente editado para nuestros lectores.<\/p>\n\n\n\n<p>Y esa es la historia detr\u00e1s de la historia reportada en \u201c<a href=\"https:\/\/cnewa.org\/magazine\/closer-to-the-people\/\" target=\"_blank\" rel=\"noreferrer noopener\">Closer to the People<\/a>\u201d.<\/p>\n\n\n\n<p>Espero que se sientan tan conmovidos como yo con las entrevistas a estos sacerdotes y seminaristas llenos de fe.<\/p>\n\n\n\n<p>Puede leer \u201c<a href=\"https:\/\/cnewa.org\/magazine\/closer-to-the-people\/\" target=\"_blank\" rel=\"noreferrer noopener\">Closer to the People<\/a>\u201d&nbsp;en&nbsp;<a href=\"https:\/\/cnewa.org\/magazine\/\" target=\"_blank\" rel=\"noreferrer noopener\">cnewa.org\/one<\/a>.<\/p>\n\n\n\n<p>Por cierto, en caso de que se lo est\u00e9 preguntando, Konstantin finalmente pudo responder a mis correos electr\u00f3nicos y sigue estando muy ocupado informando sobre la guerra.<\/p>\n","protected":false},"excerpt":{"rendered":"<p>Nota&nbsp;del director: Muchos lectores no est\u00e1n familiarizados con la din\u00e1mica que involucra la publicaci\u00f3n de una revista, la cual es tan emocionante como desafiante. A pesar de toda la planificaci\u00f3n que implica desarrollar una nueva edici\u00f3n, no es inusual que los equipos editoriales tengan que modificar su plan en el \u00faltimo minuto debido a eventos &hellip; <a href=\"https:\/\/cnewa.org\/es\/la-historia-detras-del-articulo-sobre-seminaristas-en-ucrania\/\">Continued<\/a><\/p>\n","protected":false},"author":70019,"featured_media":1900,"comment_status":"closed","ping_status":"closed","sticky":false,"template":"","format":"standard","meta":{"_acf_changed":false,"footnotes":""},"categories":[44],"class_list":["post-1901","post","type-post","status-publish","format-standard","has-post-thumbnail","hentry","category-ucrania"],"acf":[],"yoast_head":"<!-- This site is optimized with the Yoast SEO Premium plugin v27.3 (Yoast SEO v27.3) - https:\/\/yoast.com\/product\/yoast-seo-premium-wordpress\/ -->\n<title>La Historia Detr\u00e1s del Art\u00edculo Sobre Seminaristas en Ucrania | CNEWA Espa\u00f1ol<\/title>\n<meta name=\"description\" content=\"Laura Ieraci, directora asistente de la revista ONE, comparte c\u00f3mo la revista hizo un giro tras la invasi\u00f3n de Rusia en Ucrania.\" \/>\n<meta name=\"robots\" content=\"index, follow, max-snippet:-1, max-image-preview:large, max-video-preview:-1\" \/>\n<link rel=\"canonical\" href=\"https:\/\/cnewa.org\/es\/la-historia-detras-del-articulo-sobre-seminaristas-en-ucrania\/\" \/>\n<meta property=\"og:locale\" content=\"es_ES\" \/>\n<meta property=\"og:type\" content=\"article\" \/>\n<meta property=\"og:title\" content=\"La Historia Detr\u00e1s del Art\u00edculo Sobre Seminaristas en Ucrania\" \/>\n<meta property=\"og:description\" content=\"Laura Ieraci, directora asistente de la revista ONE, comparte c\u00f3mo la revista hizo un giro tras la invasi\u00f3n de Rusia en Ucrania.\" \/>\n<meta property=\"og:url\" content=\"https:\/\/cnewa.org\/es\/la-historia-detras-del-articulo-sobre-seminaristas-en-ucrania\/\" \/>\n<meta property=\"og:site_name\" content=\"CNEWA Espa\u00f1ol\" \/>\n<meta property=\"article:publisher\" content=\"https:\/\/www.facebook.com\/CNEWAenespanol\/\" \/>\n<meta property=\"article:published_time\" content=\"2022-11-07T15:33:13+00:00\" \/>\n<meta property=\"article:modified_time\" content=\"2024-10-30T16:16:56+00:00\" \/>\n<meta property=\"og:image\" content=\"https:\/\/cnewa.org\/es\/wp-content\/uploads\/sites\/5\/2022\/11\/Website_Lviv_0652_a-1024x683-1.jpg\" \/>\n\t<meta property=\"og:image:width\" content=\"1024\" \/>\n\t<meta property=\"og:image:height\" content=\"683\" \/>\n\t<meta property=\"og:image:type\" content=\"image\/jpeg\" \/>\n<meta name=\"author\" content=\"Laura Ieraci\" \/>\n<meta name=\"twitter:card\" content=\"summary_large_image\" \/>\n<meta name=\"twitter:label1\" content=\"Escrito por\" \/>\n\t<meta name=\"twitter:data1\" content=\"David R. Aquije\" \/>\n\t<meta name=\"twitter:label2\" content=\"Tiempo de lectura\" \/>\n\t<meta name=\"twitter:data2\" content=\"5 minutos\" \/>\n<script type=\"application\/ld+json\" class=\"yoast-schema-graph\">{\"@context\":\"https:\\\/\\\/schema.org\",\"@graph\":[{\"@type\":\"Article\",\"@id\":\"https:\\\/\\\/cnewa.org\\\/es\\\/la-historia-detras-del-articulo-sobre-seminaristas-en-ucrania\\\/#article\",\"isPartOf\":{\"@id\":\"https:\\\/\\\/cnewa.org\\\/es\\\/la-historia-detras-del-articulo-sobre-seminaristas-en-ucrania\\\/\"},\"author\":{\"name\":\"Laura Ieraci\",\"@id\":\"https:\\\/\\\/cnewa.org\\\/es\\\/#\\\/schema\\\/person\\\/d2935c46e239b59210c38997d4aedf00\"},\"headline\":\"La Historia Detr\u00e1s del Art\u00edculo Sobre Seminaristas en Ucrania\",\"datePublished\":\"2022-11-07T15:33:13+00:00\",\"dateModified\":\"2024-10-30T16:16:56+00:00\",\"mainEntityOfPage\":{\"@id\":\"https:\\\/\\\/cnewa.org\\\/es\\\/la-historia-detras-del-articulo-sobre-seminaristas-en-ucrania\\\/\"},\"wordCount\":1120,\"publisher\":{\"@id\":\"https:\\\/\\\/cnewa.org\\\/es\\\/#organization\"},\"image\":{\"@id\":\"https:\\\/\\\/cnewa.org\\\/es\\\/la-historia-detras-del-articulo-sobre-seminaristas-en-ucrania\\\/#primaryimage\"},\"thumbnailUrl\":\"https:\\\/\\\/cnewa.org\\\/es\\\/wp-content\\\/uploads\\\/sites\\\/5\\\/2022\\\/11\\\/Website_Lviv_0652_a-1024x683-1.jpg\",\"articleSection\":[\"Ucrania\"],\"inLanguage\":\"es\"},{\"@type\":\"WebPage\",\"@id\":\"https:\\\/\\\/cnewa.org\\\/es\\\/la-historia-detras-del-articulo-sobre-seminaristas-en-ucrania\\\/\",\"url\":\"https:\\\/\\\/cnewa.org\\\/es\\\/la-historia-detras-del-articulo-sobre-seminaristas-en-ucrania\\\/\",\"name\":\"La Historia Detr\u00e1s del Art\u00edculo Sobre Seminaristas en Ucrania | CNEWA Espa\u00f1ol\",\"isPartOf\":{\"@id\":\"https:\\\/\\\/cnewa.org\\\/es\\\/#website\"},\"primaryImageOfPage\":{\"@id\":\"https:\\\/\\\/cnewa.org\\\/es\\\/la-historia-detras-del-articulo-sobre-seminaristas-en-ucrania\\\/#primaryimage\"},\"image\":{\"@id\":\"https:\\\/\\\/cnewa.org\\\/es\\\/la-historia-detras-del-articulo-sobre-seminaristas-en-ucrania\\\/#primaryimage\"},\"thumbnailUrl\":\"https:\\\/\\\/cnewa.org\\\/es\\\/wp-content\\\/uploads\\\/sites\\\/5\\\/2022\\\/11\\\/Website_Lviv_0652_a-1024x683-1.jpg\",\"datePublished\":\"2022-11-07T15:33:13+00:00\",\"dateModified\":\"2024-10-30T16:16:56+00:00\",\"description\":\"Laura Ieraci, directora asistente de la revista ONE, comparte c\u00f3mo la revista hizo un giro tras la invasi\u00f3n de Rusia en Ucrania.\",\"breadcrumb\":{\"@id\":\"https:\\\/\\\/cnewa.org\\\/es\\\/la-historia-detras-del-articulo-sobre-seminaristas-en-ucrania\\\/#breadcrumb\"},\"inLanguage\":\"es\",\"potentialAction\":[{\"@type\":\"ReadAction\",\"target\":[\"https:\\\/\\\/cnewa.org\\\/es\\\/la-historia-detras-del-articulo-sobre-seminaristas-en-ucrania\\\/\"]}]},{\"@type\":\"ImageObject\",\"inLanguage\":\"es\",\"@id\":\"https:\\\/\\\/cnewa.org\\\/es\\\/la-historia-detras-del-articulo-sobre-seminaristas-en-ucrania\\\/#primaryimage\",\"url\":\"https:\\\/\\\/cnewa.org\\\/es\\\/wp-content\\\/uploads\\\/sites\\\/5\\\/2022\\\/11\\\/Website_Lviv_0652_a-1024x683-1.jpg\",\"contentUrl\":\"https:\\\/\\\/cnewa.org\\\/es\\\/wp-content\\\/uploads\\\/sites\\\/5\\\/2022\\\/11\\\/Website_Lviv_0652_a-1024x683-1.jpg\",\"width\":1024,\"height\":683,\"caption\":\"Un seminarista dibuja un icono de San Miguel Arc\u00e1ngel en el Seminario del Esp\u00edritu Santo en Lviv el 3 de febrero. (foto: Konstantin Chernichkin)\"},{\"@type\":\"BreadcrumbList\",\"@id\":\"https:\\\/\\\/cnewa.org\\\/es\\\/la-historia-detras-del-articulo-sobre-seminaristas-en-ucrania\\\/#breadcrumb\",\"itemListElement\":[{\"@type\":\"ListItem\",\"position\":1,\"name\":\"Inicio\",\"item\":\"https:\\\/\\\/cnewa.org\\\/es\\\/\"},{\"@type\":\"ListItem\",\"position\":2,\"name\":\"Ucrania\",\"item\":\"https:\\\/\\\/cnewa.org\\\/es\\\/categoria\\\/ucrania\\\/\"},{\"@type\":\"ListItem\",\"position\":3,\"name\":\"La Historia Detr\u00e1s del Art\u00edculo Sobre Seminaristas en Ucrania\"}]},{\"@type\":\"WebSite\",\"@id\":\"https:\\\/\\\/cnewa.org\\\/es\\\/#website\",\"url\":\"https:\\\/\\\/cnewa.org\\\/es\\\/\",\"name\":\"CNEWA Espa\u00f1ol\",\"description\":\"Asociaci\u00f3n Cat\u00f3lica para el Bienestar del Cercano Oriente\",\"publisher\":{\"@id\":\"https:\\\/\\\/cnewa.org\\\/es\\\/#organization\"},\"potentialAction\":[{\"@type\":\"SearchAction\",\"target\":{\"@type\":\"EntryPoint\",\"urlTemplate\":\"https:\\\/\\\/cnewa.org\\\/es\\\/?s={search_term_string}\"},\"query-input\":{\"@type\":\"PropertyValueSpecification\",\"valueRequired\":true,\"valueName\":\"search_term_string\"}}],\"inLanguage\":\"es\"},{\"@type\":\"Organization\",\"@id\":\"https:\\\/\\\/cnewa.org\\\/es\\\/#organization\",\"name\":\"CNEWA Espa\u00f1ol\",\"alternateName\":\"Asociaci\u00f3n Cat\u00f3lica para el Bienestar del Cercano Oriente\",\"url\":\"https:\\\/\\\/cnewa.org\\\/es\\\/\",\"logo\":{\"@type\":\"ImageObject\",\"inLanguage\":\"es\",\"@id\":\"https:\\\/\\\/cnewa.org\\\/es\\\/#\\\/schema\\\/logo\\\/image\\\/\",\"url\":\"https:\\\/\\\/cnewa.org\\\/es\\\/wp-content\\\/uploads\\\/sites\\\/5\\\/2021\\\/07\\\/CNEWA-brand-logo.png\",\"contentUrl\":\"https:\\\/\\\/cnewa.org\\\/es\\\/wp-content\\\/uploads\\\/sites\\\/5\\\/2021\\\/07\\\/CNEWA-brand-logo.png\",\"width\":1000,\"height\":1000,\"caption\":\"CNEWA Espa\u00f1ol\"},\"image\":{\"@id\":\"https:\\\/\\\/cnewa.org\\\/es\\\/#\\\/schema\\\/logo\\\/image\\\/\"},\"sameAs\":[\"https:\\\/\\\/www.facebook.com\\\/CNEWAenespanol\\\/\",\"https:\\\/\\\/www.instagram.com\\\/cnewa1926\\\/\",\"https:\\\/\\\/www.youtube.com\\\/user\\\/TheCNEWA\"]},{\"@type\":\"Person\",\"name\":\"Laura Ieraci\"}]}<\/script>\n<!-- \/ Yoast SEO Premium plugin. -->","yoast_head_json":{"title":"La Historia Detr\u00e1s del Art\u00edculo Sobre Seminaristas en Ucrania | CNEWA Espa\u00f1ol","description":"Laura Ieraci, directora asistente de la revista ONE, comparte c\u00f3mo la revista hizo un giro tras la invasi\u00f3n de Rusia en Ucrania.","robots":{"index":"index","follow":"follow","max-snippet":"max-snippet:-1","max-image-preview":"max-image-preview:large","max-video-preview":"max-video-preview:-1"},"canonical":"https:\/\/cnewa.org\/es\/la-historia-detras-del-articulo-sobre-seminaristas-en-ucrania\/","og_locale":"es_ES","og_type":"article","og_title":"La Historia Detr\u00e1s del Art\u00edculo Sobre Seminaristas en Ucrania","og_description":"Laura Ieraci, directora asistente de la revista ONE, comparte c\u00f3mo la revista hizo un giro tras la invasi\u00f3n de Rusia en Ucrania.","og_url":"https:\/\/cnewa.org\/es\/la-historia-detras-del-articulo-sobre-seminaristas-en-ucrania\/","og_site_name":"CNEWA Espa\u00f1ol","article_publisher":"https:\/\/www.facebook.com\/CNEWAenespanol\/","article_published_time":"2022-11-07T15:33:13+00:00","article_modified_time":"2024-10-30T16:16:56+00:00","og_image":[{"width":1024,"height":683,"url":"https:\/\/cnewa.org\/es\/wp-content\/uploads\/sites\/5\/2022\/11\/Website_Lviv_0652_a-1024x683-1.jpg","type":"image\/jpeg"}],"author":"Laura Ieraci","twitter_card":"summary_large_image","twitter_misc":{"Escrito por":"David R. Aquije","Tiempo de lectura":"5 minutos"},"schema":{"@context":"https:\/\/schema.org","@graph":[{"@type":"Article","@id":"https:\/\/cnewa.org\/es\/la-historia-detras-del-articulo-sobre-seminaristas-en-ucrania\/#article","isPartOf":{"@id":"https:\/\/cnewa.org\/es\/la-historia-detras-del-articulo-sobre-seminaristas-en-ucrania\/"},"author":{"name":"Laura Ieraci","@id":"https:\/\/cnewa.org\/es\/#\/schema\/person\/d2935c46e239b59210c38997d4aedf00"},"headline":"La Historia Detr\u00e1s del Art\u00edculo Sobre Seminaristas en Ucrania","datePublished":"2022-11-07T15:33:13+00:00","dateModified":"2024-10-30T16:16:56+00:00","mainEntityOfPage":{"@id":"https:\/\/cnewa.org\/es\/la-historia-detras-del-articulo-sobre-seminaristas-en-ucrania\/"},"wordCount":1120,"publisher":{"@id":"https:\/\/cnewa.org\/es\/#organization"},"image":{"@id":"https:\/\/cnewa.org\/es\/la-historia-detras-del-articulo-sobre-seminaristas-en-ucrania\/#primaryimage"},"thumbnailUrl":"https:\/\/cnewa.org\/es\/wp-content\/uploads\/sites\/5\/2022\/11\/Website_Lviv_0652_a-1024x683-1.jpg","articleSection":["Ucrania"],"inLanguage":"es"},{"@type":"WebPage","@id":"https:\/\/cnewa.org\/es\/la-historia-detras-del-articulo-sobre-seminaristas-en-ucrania\/","url":"https:\/\/cnewa.org\/es\/la-historia-detras-del-articulo-sobre-seminaristas-en-ucrania\/","name":"La Historia Detr\u00e1s del Art\u00edculo Sobre Seminaristas en Ucrania | CNEWA Espa\u00f1ol","isPartOf":{"@id":"https:\/\/cnewa.org\/es\/#website"},"primaryImageOfPage":{"@id":"https:\/\/cnewa.org\/es\/la-historia-detras-del-articulo-sobre-seminaristas-en-ucrania\/#primaryimage"},"image":{"@id":"https:\/\/cnewa.org\/es\/la-historia-detras-del-articulo-sobre-seminaristas-en-ucrania\/#primaryimage"},"thumbnailUrl":"https:\/\/cnewa.org\/es\/wp-content\/uploads\/sites\/5\/2022\/11\/Website_Lviv_0652_a-1024x683-1.jpg","datePublished":"2022-11-07T15:33:13+00:00","dateModified":"2024-10-30T16:16:56+00:00","description":"Laura Ieraci, directora asistente de la revista ONE, comparte c\u00f3mo la revista hizo un giro tras la invasi\u00f3n de Rusia en Ucrania.","breadcrumb":{"@id":"https:\/\/cnewa.org\/es\/la-historia-detras-del-articulo-sobre-seminaristas-en-ucrania\/#breadcrumb"},"inLanguage":"es","potentialAction":[{"@type":"ReadAction","target":["https:\/\/cnewa.org\/es\/la-historia-detras-del-articulo-sobre-seminaristas-en-ucrania\/"]}]},{"@type":"ImageObject","inLanguage":"es","@id":"https:\/\/cnewa.org\/es\/la-historia-detras-del-articulo-sobre-seminaristas-en-ucrania\/#primaryimage","url":"https:\/\/cnewa.org\/es\/wp-content\/uploads\/sites\/5\/2022\/11\/Website_Lviv_0652_a-1024x683-1.jpg","contentUrl":"https:\/\/cnewa.org\/es\/wp-content\/uploads\/sites\/5\/2022\/11\/Website_Lviv_0652_a-1024x683-1.jpg","width":1024,"height":683,"caption":"Un seminarista dibuja un icono de San Miguel Arc\u00e1ngel en el Seminario del Esp\u00edritu Santo en Lviv el 3 de febrero. (foto: Konstantin Chernichkin)"},{"@type":"BreadcrumbList","@id":"https:\/\/cnewa.org\/es\/la-historia-detras-del-articulo-sobre-seminaristas-en-ucrania\/#breadcrumb","itemListElement":[{"@type":"ListItem","position":1,"name":"Inicio","item":"https:\/\/cnewa.org\/es\/"},{"@type":"ListItem","position":2,"name":"Ucrania","item":"https:\/\/cnewa.org\/es\/categoria\/ucrania\/"},{"@type":"ListItem","position":3,"name":"La Historia Detr\u00e1s del Art\u00edculo Sobre Seminaristas en Ucrania"}]},{"@type":"WebSite","@id":"https:\/\/cnewa.org\/es\/#website","url":"https:\/\/cnewa.org\/es\/","name":"CNEWA Espa\u00f1ol","description":"Asociaci\u00f3n Cat\u00f3lica para el Bienestar del Cercano Oriente","publisher":{"@id":"https:\/\/cnewa.org\/es\/#organization"},"potentialAction":[{"@type":"SearchAction","target":{"@type":"EntryPoint","urlTemplate":"https:\/\/cnewa.org\/es\/?s={search_term_string}"},"query-input":{"@type":"PropertyValueSpecification","valueRequired":true,"valueName":"search_term_string"}}],"inLanguage":"es"},{"@type":"Organization","@id":"https:\/\/cnewa.org\/es\/#organization","name":"CNEWA Espa\u00f1ol","alternateName":"Asociaci\u00f3n Cat\u00f3lica para el Bienestar del Cercano Oriente","url":"https:\/\/cnewa.org\/es\/","logo":{"@type":"ImageObject","inLanguage":"es","@id":"https:\/\/cnewa.org\/es\/#\/schema\/logo\/image\/","url":"https:\/\/cnewa.org\/es\/wp-content\/uploads\/sites\/5\/2021\/07\/CNEWA-brand-logo.png","contentUrl":"https:\/\/cnewa.org\/es\/wp-content\/uploads\/sites\/5\/2021\/07\/CNEWA-brand-logo.png","width":1000,"height":1000,"caption":"CNEWA Espa\u00f1ol"},"image":{"@id":"https:\/\/cnewa.org\/es\/#\/schema\/logo\/image\/"},"sameAs":["https:\/\/www.facebook.com\/CNEWAenespanol\/","https:\/\/www.instagram.com\/cnewa1926\/","https:\/\/www.youtube.com\/user\/TheCNEWA"]},{"@type":"Person","name":"Laura Ieraci"}]}},"_links":{"self":[{"href":"https:\/\/cnewa.org\/es\/wp-json\/wp\/v2\/posts\/1901","targetHints":{"allow":["GET"]}}],"collection":[{"href":"https:\/\/cnewa.org\/es\/wp-json\/wp\/v2\/posts"}],"about":[{"href":"https:\/\/cnewa.org\/es\/wp-json\/wp\/v2\/types\/post"}],"author":[{"embeddable":true,"href":"https:\/\/cnewa.org\/es\/wp-json\/wp\/v2\/users\/70019"}],"replies":[{"embeddable":true,"href":"https:\/\/cnewa.org\/es\/wp-json\/wp\/v2\/comments?post=1901"}],"version-history":[{"count":10,"href":"https:\/\/cnewa.org\/es\/wp-json\/wp\/v2\/posts\/1901\/revisions"}],"predecessor-version":[{"id":5849,"href":"https:\/\/cnewa.org\/es\/wp-json\/wp\/v2\/posts\/1901\/revisions\/5849"}],"wp:featuredmedia":[{"embeddable":true,"href":"https:\/\/cnewa.org\/es\/wp-json\/wp\/v2\/media\/1900"}],"wp:attachment":[{"href":"https:\/\/cnewa.org\/es\/wp-json\/wp\/v2\/media?parent=1901"}],"wp:term":[{"taxonomy":"category","embeddable":true,"href":"https:\/\/cnewa.org\/es\/wp-json\/wp\/v2\/categories?post=1901"}],"curies":[{"name":"wp","href":"https:\/\/api.w.org\/{rel}","templated":true}]}}