{"id":2166,"date":"2023-01-09T09:45:07","date_gmt":"2023-01-09T14:45:07","guid":{"rendered":"https:\/\/cnewa.org\/es\/?p=2166"},"modified":"2025-12-12T15:57:40","modified_gmt":"2025-12-12T20:57:40","slug":"gran-bendicion-del-agua-muestra-solidaridad-con-ucrania","status":"publish","type":"post","link":"https:\/\/cnewa.org\/es\/gran-bendicion-del-agua-muestra-solidaridad-con-ucrania\/","title":{"rendered":"Gran Bendici\u00f3n del Agua Muestra Solidaridad con Ucrania"},"content":{"rendered":"\n<p>En una muestra de solidaridad con Ucrania, la oficina canadiense de la Asociaci\u00f3n Cat\u00f3lica para el Bienestar del Cercano Oriente (CNEWA) se asoci\u00f3 con el <a href=\"https:\/\/sheptytskyinstitute.ca\" target=\"_blank\" rel=\"noreferrer noopener\">Instituto&nbsp;Metropolitano Andrey&nbsp;Sheptytsky&nbsp;para Estudios Cristianos Orientales&nbsp;<\/a>de la&nbsp;Universidad de Toronto para organizar una celebraci\u00f3n al aire libre para la fiesta de la Teofan\u00eda, tambi\u00e9n conocida como el Bautismo de Jes\u00fas, en Montreal el 5 de enero.<\/p>\n\n\n\n<p>El Obispo Bryan J. Bayda,&nbsp;CSsR,&nbsp;obispo greco-cat\u00f3lico ucraniano de Toronto y todo el este de Canad\u00e1, dirigi\u00f3 la tradicional Gran Bendici\u00f3n del Agua asociada con la fiesta en el Puerto Viejo de la ciudad. El evento incluy\u00f3 lo que los organizadores creen que es la primera Gran Bendici\u00f3n del Agua p\u00fablica del r\u00edo San Lorenzo.<\/p>\n\n\n\n<p>Alrededor de 30 personas desafiaron la nieve y las temperaturas bajo cero para reunirse en la hist\u00f3rica Capilla Bon-Secours de la Congregaci\u00f3n de Notre Dame para una breve oraci\u00f3n, antes de procesar por menos de una milla a la Torre del Reloj, otro hito de la ciudad en la orilla del r\u00edo.<\/p>\n\n\n\n<p>All\u00ed, el obispo Bayda dirigi\u00f3 el servicio de una hora y bendijo el San Lorenzo, que se\u00f1al\u00f3 que conecta toda su eparqu\u00eda, desde el centro de Canad\u00e1 hasta el Oc\u00e9ano Atl\u00e1ntico.<\/p>\n\n\n\n<p>\u201cPara m\u00ed, el significado de hoy se encuentra en niveles\u201d, dijo en una entrevista.<\/p>\n\n\n\n<p>Primero, la fiesta conmemora el amor de Dios manifestado al mundo, del cual todos est\u00e1n llamados a dar testimonio, dijo.<\/p>\n\n\n\n<p>\u201cQuienes brindan testimonio para todos nosotros, de hecho, son los ucranianos, que, a pesar de la impensable y horrible agresi\u00f3n que est\u00e1n experimentando, todav\u00eda son capaces de amar, todav\u00eda son capaces de perdonar\u201d, dijo. \u201cQu\u00e9 poderoso testimonio de la presencia de Dios en nuestras vidas\u201d.<\/p>\n\n\n\n<p>\u201cEn correspondencia, le estamos dando la bienvenida a aquellos ucranianos que pueden venir a Canad\u00e1\u201d, continu\u00f3. \u201cTodos tenemos el desaf\u00edo de dar testimonio, de dar la bienvenida. Este es un esfuerzo humanitario para testimoniar el amor de Dios\u201d.<\/p>\n\n\n\n<p>El obispo Bayda reconoci\u00f3 la necesidad continua de crear conciencia sobre la guerra en Ucrania, que llegar\u00e1 al a\u00f1o el 24 de febrero, y la crisis humanitaria que ha creado.&nbsp;<\/p>\n\n\n\n<figure class=\"wp-block-video\"><video controls src=\"https:\/\/cnewa.org\/wp-content\/uploads\/2023\/01\/IMG_3335_Compressed2.mov\"><\/video><figcaption class=\"wp-element-caption\">(video: Laura Ieraci)<\/figcaption><\/figure>\n\n\n\n<p>\u201cEventos como este tratan de llamar la atenci\u00f3n sobre eso\u201d, dijo, \u201cy llamar la atenci\u00f3n de la&nbsp;<a href=\"https:\/\/globalnews.ca\/video\/9390814\/ukrainian-bishop-blesses-st-lawrence-river-in-montreal-water-blessing-ceremony\">prensa<\/a>,&nbsp;que puede llevarlo a los hogares y las mentes de la gente, a pesar de tantas otras tragedias que ocurren en todo el mundo en este momento\u201d.<\/p>\n\n\n\n<p>El Dr. Pascal Bastien, presidente de la Fundaci\u00f3n del Instituto Sheptytsky y principal organizador del evento, se\u00f1al\u00f3 que el Bautismo de Jes\u00fas es una de las fiestas m\u00e1s importantes para los cristianos bizantinos, que se celebra el 6 de enero de cada a\u00f1o. Como parte de la celebraci\u00f3n, los cristianos bizantinos tradicionalmente bendicen un importante cuerpo de agua.<\/p>\n\n\n\n<p>\u201cSin embargo, este a\u00f1o, estas oraciones se concretan dolorosamente por el hecho de que esta misma fiesta y estas mismas oraciones est\u00e1n siendo rezadas por nuestros hermanos y hermanas que sufren en una Ucrania devastada por la guerra\u201d, dijo el Dr. Bastien.<\/p>\n\n\n\n<p>\u201cNo estamos separados de este sufrimiento\u201d, dijo, \u201cy de hecho podemos encontrar formas fruct\u00edferas, a trav\u00e9s de la oraci\u00f3n y la acci\u00f3n, para trabajar por la paz\u201d.<\/p>\n\n\n\n<figure class=\"wp-block-video\"><video controls src=\"https:\/\/cnewa.org\/wp-content\/uploads\/2023\/01\/20230105_151341-com.mov\"><\/video><figcaption class=\"wp-element-caption\">(video: Anna Dombrovska)<\/figcaption><\/figure>\n\n\n\n<p>Adriana Bara, directora de CNEWA Canad\u00e1, destac\u00f3 la solidaridad, la oraci\u00f3n y el compa\u00f1erismo que caracterizaron el servicio.<\/p>\n\n\n\n<p>\u201cLas personas en situaciones dif\u00edciles necesitan nuestro apoyo material, pero tambi\u00e9n apoyo espiritual\u201d, dijo. \u201cNo olvidemos orar por nuestros hermanos y hermanas en Ucrania y por todas las personas que sufren, son perseguidas, desplazadas y viven en la pobreza\u201d.<\/p>\n\n\n\n<p>CNEWA ha trabajado en Ucrania durante d\u00e9cadas, apoyando los esfuerzos humanitarios y pastorales de la iglesia. Desde que estall\u00f3 la guerra el 24 de febrero de 2022, CNEWA ha entregado alrededor de&nbsp;<a href=\"https:\/\/cnewa.org\/cnewa-releases-2-8-million-to-support-ukrainians-impacted-by-war\/?highlight=ukraine%20donations\">$6 millones<\/a>&nbsp;para apoyar los esfuerzos de ayuda humanitaria en Ucrania, dijo.&nbsp;<\/p>\n\n\n\n<p>\u201cEsta es una alianza natural\u201d, agreg\u00f3 el Dr. Bastien sobre la colaboraci\u00f3n entre CNEWA y el Instituto Sheptytsky. \u201cCNEWA est\u00e1 en el terreno y en contacto regular con las mismas iglesias cristianas orientales cuyas tradiciones trabajamos para sostener\u201d.<\/p>\n\n\n\n<p>Para apoyar el trabajo de ayuda de emergencia de CNEWA, visite:&nbsp;<a href=\"https:\/\/cnewa.org\/donate\/\">https:\/\/cnewa.org\/donate\/<\/a><\/p>\n\n\n\n<figure class=\"wp-block-gallery has-nested-images columns-default is-cropped is-style-lightbox wp-block-gallery-2 is-layout-flex wp-block-gallery-is-layout-flex\">\n<figure class=\"wp-block-image size-large\"><img loading=\"lazy\" decoding=\"async\" width=\"1024\" height=\"576\" data-id=\"7629\" src=\"https:\/\/cnewa.org\/es\/wp-content\/uploads\/sites\/5\/2025\/12\/20230105_151237-1024x576.jpg\" alt=\"\" class=\"wp-image-7629\" srcset=\"https:\/\/cnewa.org\/es\/wp-content\/uploads\/sites\/5\/2025\/12\/20230105_151237-1024x576.jpg 1024w, https:\/\/cnewa.org\/es\/wp-content\/uploads\/sites\/5\/2025\/12\/20230105_151237-300x169.jpg 300w, https:\/\/cnewa.org\/es\/wp-content\/uploads\/sites\/5\/2025\/12\/20230105_151237-768x432.jpg 768w, https:\/\/cnewa.org\/es\/wp-content\/uploads\/sites\/5\/2025\/12\/20230105_151237-1536x864.jpg 1536w, https:\/\/cnewa.org\/es\/wp-content\/uploads\/sites\/5\/2025\/12\/20230105_151237-1600x900.jpg 1600w, https:\/\/cnewa.org\/es\/wp-content\/uploads\/sites\/5\/2025\/12\/20230105_151237.jpg 1800w\" sizes=\"auto, (max-width: 1024px) 100vw, 1024px\" \/><figcaption class=\"wp-element-caption\">(photo: Jean-Nicolas Desjeunes)<\/figcaption><\/figure>\n\n\n\n<figure class=\"wp-block-image size-large\"><img loading=\"lazy\" decoding=\"async\" width=\"1024\" height=\"576\" data-id=\"7630\" src=\"https:\/\/cnewa.org\/es\/wp-content\/uploads\/sites\/5\/2025\/12\/20230105_152214-1024x576.jpg\" alt=\"\" class=\"wp-image-7630\" srcset=\"https:\/\/cnewa.org\/es\/wp-content\/uploads\/sites\/5\/2025\/12\/20230105_152214-1024x576.jpg 1024w, https:\/\/cnewa.org\/es\/wp-content\/uploads\/sites\/5\/2025\/12\/20230105_152214-300x169.jpg 300w, https:\/\/cnewa.org\/es\/wp-content\/uploads\/sites\/5\/2025\/12\/20230105_152214-768x432.jpg 768w, https:\/\/cnewa.org\/es\/wp-content\/uploads\/sites\/5\/2025\/12\/20230105_152214-1536x864.jpg 1536w, https:\/\/cnewa.org\/es\/wp-content\/uploads\/sites\/5\/2025\/12\/20230105_152214-1600x900.jpg 1600w, https:\/\/cnewa.org\/es\/wp-content\/uploads\/sites\/5\/2025\/12\/20230105_152214.jpg 1800w\" sizes=\"auto, (max-width: 1024px) 100vw, 1024px\" \/><figcaption class=\"wp-element-caption\">(photo: Jean-Nicolas Desjeunes)<\/figcaption><\/figure>\n\n\n\n<figure class=\"wp-block-image size-large\"><img loading=\"lazy\" decoding=\"async\" width=\"1024\" height=\"695\" data-id=\"7634\" src=\"https:\/\/cnewa.org\/es\/wp-content\/uploads\/sites\/5\/2025\/12\/20230105_160219.jpeg\" alt=\"\" class=\"wp-image-7634\" srcset=\"https:\/\/cnewa.org\/es\/wp-content\/uploads\/sites\/5\/2025\/12\/20230105_160219.jpeg 1024w, https:\/\/cnewa.org\/es\/wp-content\/uploads\/sites\/5\/2025\/12\/20230105_160219-300x204.jpeg 300w, https:\/\/cnewa.org\/es\/wp-content\/uploads\/sites\/5\/2025\/12\/20230105_160219-768x521.jpeg 768w\" sizes=\"auto, (max-width: 1024px) 100vw, 1024px\" \/><\/figure>\n\n\n\n<figure class=\"wp-block-image size-large\"><img loading=\"lazy\" decoding=\"async\" width=\"768\" height=\"1024\" data-id=\"7631\" src=\"https:\/\/cnewa.org\/es\/wp-content\/uploads\/sites\/5\/2025\/12\/IMG_3289-768x1024.jpeg\" alt=\"\" class=\"wp-image-7631\" srcset=\"https:\/\/cnewa.org\/es\/wp-content\/uploads\/sites\/5\/2025\/12\/IMG_3289-768x1024.jpeg 768w, https:\/\/cnewa.org\/es\/wp-content\/uploads\/sites\/5\/2025\/12\/IMG_3289-225x300.jpeg 225w, https:\/\/cnewa.org\/es\/wp-content\/uploads\/sites\/5\/2025\/12\/IMG_3289-1152x1536.jpeg 1152w, https:\/\/cnewa.org\/es\/wp-content\/uploads\/sites\/5\/2025\/12\/IMG_3289-1536x2048.jpeg 1536w, https:\/\/cnewa.org\/es\/wp-content\/uploads\/sites\/5\/2025\/12\/IMG_3289-1600x2133.jpeg 1600w, https:\/\/cnewa.org\/es\/wp-content\/uploads\/sites\/5\/2025\/12\/IMG_3289.jpeg 1800w\" sizes=\"auto, (max-width: 768px) 100vw, 768px\" \/><figcaption class=\"wp-element-caption\">(photo: Laura Ieraci)<\/figcaption><\/figure>\n\n\n\n<figure class=\"wp-block-image size-large\"><img loading=\"lazy\" decoding=\"async\" width=\"1024\" height=\"768\" data-id=\"7632\" src=\"https:\/\/cnewa.org\/es\/wp-content\/uploads\/sites\/5\/2025\/12\/IMG_3295-1024x768.jpeg\" alt=\"\" class=\"wp-image-7632\" srcset=\"https:\/\/cnewa.org\/es\/wp-content\/uploads\/sites\/5\/2025\/12\/IMG_3295-1024x768.jpeg 1024w, https:\/\/cnewa.org\/es\/wp-content\/uploads\/sites\/5\/2025\/12\/IMG_3295-300x225.jpeg 300w, https:\/\/cnewa.org\/es\/wp-content\/uploads\/sites\/5\/2025\/12\/IMG_3295-768x576.jpeg 768w, https:\/\/cnewa.org\/es\/wp-content\/uploads\/sites\/5\/2025\/12\/IMG_3295-1536x1152.jpeg 1536w, https:\/\/cnewa.org\/es\/wp-content\/uploads\/sites\/5\/2025\/12\/IMG_3295-1600x1200.jpeg 1600w, https:\/\/cnewa.org\/es\/wp-content\/uploads\/sites\/5\/2025\/12\/IMG_3295.jpeg 1800w\" sizes=\"auto, (max-width: 1024px) 100vw, 1024px\" \/><figcaption class=\"wp-element-caption\">(photo: Laura Ieraci)<\/figcaption><\/figure>\n\n\n\n<figure class=\"wp-block-image size-large\"><img loading=\"lazy\" decoding=\"async\" width=\"1024\" height=\"576\" data-id=\"7633\" src=\"https:\/\/cnewa.org\/es\/wp-content\/uploads\/sites\/5\/2025\/12\/20230105_145924-1024x576.jpg\" alt=\"\" class=\"wp-image-7633\" srcset=\"https:\/\/cnewa.org\/es\/wp-content\/uploads\/sites\/5\/2025\/12\/20230105_145924-1024x576.jpg 1024w, https:\/\/cnewa.org\/es\/wp-content\/uploads\/sites\/5\/2025\/12\/20230105_145924-300x169.jpg 300w, https:\/\/cnewa.org\/es\/wp-content\/uploads\/sites\/5\/2025\/12\/20230105_145924-768x432.jpg 768w, https:\/\/cnewa.org\/es\/wp-content\/uploads\/sites\/5\/2025\/12\/20230105_145924-1536x864.jpg 1536w, https:\/\/cnewa.org\/es\/wp-content\/uploads\/sites\/5\/2025\/12\/20230105_145924-1600x900.jpg 1600w, https:\/\/cnewa.org\/es\/wp-content\/uploads\/sites\/5\/2025\/12\/20230105_145924.jpg 1800w\" sizes=\"auto, (max-width: 1024px) 100vw, 1024px\" \/><figcaption class=\"wp-element-caption\">(photo: Anna Dombrovska)<\/figcaption><\/figure>\n<figcaption class=\"blocks-gallery-caption wp-element-caption\">La Gran Bendici\u00f3n del Agua para la fiesta de la Teofan\u00eda en Montreal incluy\u00f3 la bendici\u00f3n del R\u00edo San Lorenzo por parte del obispo Bryan Bayda de la Eparqu\u00eda Cat\u00f3lica Griega Ucraniana de Toronto y todo el este de Canad\u00e1. El evento p\u00fablico fue coorganizado por el Instituto Metropolitano Andrey Sheptytsky de la Universidad de Toronto y la oficina de CNEWA en Canad\u00e1 en solidaridad con el pueblo que sufre de Ucrania.<\/figcaption><\/figure>\n\n\n\n<p><\/p>\n","protected":false},"excerpt":{"rendered":"<p>En una muestra de solidaridad con Ucrania, la oficina canadiense de la Asociaci\u00f3n Cat\u00f3lica para el Bienestar del Cercano Oriente (CNEWA) se asoci\u00f3 con el Instituto&nbsp;Metropolitano Andrey&nbsp;Sheptytsky&nbsp;para Estudios Cristianos Orientales&nbsp;de la&nbsp;Universidad de Toronto para organizar una celebraci\u00f3n al aire libre para la fiesta de la Teofan\u00eda, tambi\u00e9n conocida como el Bautismo de Jes\u00fas, en Montreal &hellip; <a href=\"https:\/\/cnewa.org\/es\/gran-bendicion-del-agua-muestra-solidaridad-con-ucrania\/\">Continued<\/a><\/p>\n","protected":false},"author":70019,"featured_media":2165,"comment_status":"closed","ping_status":"closed","sticky":false,"template":"","format":"standard","meta":{"_acf_changed":false,"footnotes":""},"categories":[3,43],"class_list":["post-2166","post","type-post","status-publish","format-standard","has-post-thumbnail","hentry","category-noticias","category-oriente-cristiano"],"acf":[],"yoast_head":"<!-- This site is optimized with the Yoast SEO Premium plugin v27.3 (Yoast SEO v27.3) - https:\/\/yoast.com\/product\/yoast-seo-premium-wordpress\/ -->\n<title>Gran Bendici\u00f3n del Agua Muestra Solidaridad con Ucrania | CNEWA Espa\u00f1ol<\/title>\n<meta name=\"description\" content=\"En muestra de solidaridad con Ucrania, CNEWA Canad\u00e1 se asoci\u00f3 con la\u00a0Universidad de Toronto para celebrar la fiesta de la Teofan\u00eda.\" \/>\n<meta name=\"robots\" content=\"index, follow, max-snippet:-1, max-image-preview:large, max-video-preview:-1\" \/>\n<link rel=\"canonical\" href=\"https:\/\/cnewa.org\/es\/gran-bendicion-del-agua-muestra-solidaridad-con-ucrania\/\" \/>\n<meta property=\"og:locale\" content=\"es_ES\" \/>\n<meta property=\"og:type\" content=\"article\" \/>\n<meta property=\"og:title\" content=\"Gran Bendici\u00f3n del Agua Muestra Solidaridad con Ucrania\" \/>\n<meta property=\"og:description\" content=\"En muestra de solidaridad con Ucrania, CNEWA Canad\u00e1 se asoci\u00f3 con la\u00a0Universidad de Toronto para celebrar la fiesta de la Teofan\u00eda.\" \/>\n<meta property=\"og:url\" content=\"https:\/\/cnewa.org\/es\/gran-bendicion-del-agua-muestra-solidaridad-con-ucrania\/\" \/>\n<meta property=\"og:site_name\" content=\"CNEWA Espa\u00f1ol\" \/>\n<meta property=\"article:publisher\" content=\"https:\/\/www.facebook.com\/CNEWAenespanol\/\" \/>\n<meta property=\"article:published_time\" content=\"2023-01-09T14:45:07+00:00\" \/>\n<meta property=\"article:modified_time\" content=\"2025-12-12T20:57:40+00:00\" \/>\n<meta property=\"og:image\" content=\"https:\/\/cnewa.org\/es\/wp-content\/uploads\/sites\/5\/2023\/01\/58F36DBB-83A5-441A-A40F-43C47D2C505D_1_201_a-scaled-e1673037406384-1024x695-1.jpeg\" \/>\n\t<meta property=\"og:image:width\" content=\"1024\" \/>\n\t<meta property=\"og:image:height\" content=\"695\" \/>\n\t<meta property=\"og:image:type\" content=\"image\/jpeg\" \/>\n<meta name=\"author\" content=\"Laura Ieraci\" \/>\n<meta name=\"twitter:card\" content=\"summary_large_image\" \/>\n<meta name=\"twitter:label1\" content=\"Escrito por\" \/>\n\t<meta name=\"twitter:data1\" content=\"David R. Aquije\" \/>\n\t<meta name=\"twitter:label2\" content=\"Tiempo de lectura\" \/>\n\t<meta name=\"twitter:data2\" content=\"5 minutos\" \/>\n<script type=\"application\/ld+json\" class=\"yoast-schema-graph\">{\"@context\":\"https:\\\/\\\/schema.org\",\"@graph\":[{\"@type\":\"Article\",\"@id\":\"https:\\\/\\\/cnewa.org\\\/es\\\/gran-bendicion-del-agua-muestra-solidaridad-con-ucrania\\\/#article\",\"isPartOf\":{\"@id\":\"https:\\\/\\\/cnewa.org\\\/es\\\/gran-bendicion-del-agua-muestra-solidaridad-con-ucrania\\\/\"},\"author\":{\"name\":\"Laura Ieraci\",\"@id\":\"https:\\\/\\\/cnewa.org\\\/es\\\/#\\\/schema\\\/person\\\/d2935c46e239b59210c38997d4aedf00\"},\"headline\":\"Gran Bendici\u00f3n del Agua Muestra Solidaridad con Ucrania\",\"datePublished\":\"2023-01-09T14:45:07+00:00\",\"dateModified\":\"2025-12-12T20:57:40+00:00\",\"mainEntityOfPage\":{\"@id\":\"https:\\\/\\\/cnewa.org\\\/es\\\/gran-bendicion-del-agua-muestra-solidaridad-con-ucrania\\\/\"},\"wordCount\":838,\"publisher\":{\"@id\":\"https:\\\/\\\/cnewa.org\\\/es\\\/#organization\"},\"image\":{\"@id\":\"https:\\\/\\\/cnewa.org\\\/es\\\/gran-bendicion-del-agua-muestra-solidaridad-con-ucrania\\\/#primaryimage\"},\"thumbnailUrl\":\"https:\\\/\\\/cnewa.org\\\/es\\\/wp-content\\\/uploads\\\/sites\\\/5\\\/2023\\\/01\\\/58F36DBB-83A5-441A-A40F-43C47D2C505D_1_201_a-scaled-e1673037406384-1024x695-1.jpeg\",\"articleSection\":[\"Noticias\",\"Oriente Cristiano\"],\"inLanguage\":\"es\"},{\"@type\":\"WebPage\",\"@id\":\"https:\\\/\\\/cnewa.org\\\/es\\\/gran-bendicion-del-agua-muestra-solidaridad-con-ucrania\\\/\",\"url\":\"https:\\\/\\\/cnewa.org\\\/es\\\/gran-bendicion-del-agua-muestra-solidaridad-con-ucrania\\\/\",\"name\":\"Gran Bendici\u00f3n del Agua Muestra Solidaridad con Ucrania | CNEWA Espa\u00f1ol\",\"isPartOf\":{\"@id\":\"https:\\\/\\\/cnewa.org\\\/es\\\/#website\"},\"primaryImageOfPage\":{\"@id\":\"https:\\\/\\\/cnewa.org\\\/es\\\/gran-bendicion-del-agua-muestra-solidaridad-con-ucrania\\\/#primaryimage\"},\"image\":{\"@id\":\"https:\\\/\\\/cnewa.org\\\/es\\\/gran-bendicion-del-agua-muestra-solidaridad-con-ucrania\\\/#primaryimage\"},\"thumbnailUrl\":\"https:\\\/\\\/cnewa.org\\\/es\\\/wp-content\\\/uploads\\\/sites\\\/5\\\/2023\\\/01\\\/58F36DBB-83A5-441A-A40F-43C47D2C505D_1_201_a-scaled-e1673037406384-1024x695-1.jpeg\",\"datePublished\":\"2023-01-09T14:45:07+00:00\",\"dateModified\":\"2025-12-12T20:57:40+00:00\",\"description\":\"En muestra de solidaridad con Ucrania, CNEWA Canad\u00e1 se asoci\u00f3 con la\u00a0Universidad de Toronto para celebrar la fiesta de la Teofan\u00eda.\",\"breadcrumb\":{\"@id\":\"https:\\\/\\\/cnewa.org\\\/es\\\/gran-bendicion-del-agua-muestra-solidaridad-con-ucrania\\\/#breadcrumb\"},\"inLanguage\":\"es\",\"potentialAction\":[{\"@type\":\"ReadAction\",\"target\":[\"https:\\\/\\\/cnewa.org\\\/es\\\/gran-bendicion-del-agua-muestra-solidaridad-con-ucrania\\\/\"]}]},{\"@type\":\"ImageObject\",\"inLanguage\":\"es\",\"@id\":\"https:\\\/\\\/cnewa.org\\\/es\\\/gran-bendicion-del-agua-muestra-solidaridad-con-ucrania\\\/#primaryimage\",\"url\":\"https:\\\/\\\/cnewa.org\\\/es\\\/wp-content\\\/uploads\\\/sites\\\/5\\\/2023\\\/01\\\/58F36DBB-83A5-441A-A40F-43C47D2C505D_1_201_a-scaled-e1673037406384-1024x695-1.jpeg\",\"contentUrl\":\"https:\\\/\\\/cnewa.org\\\/es\\\/wp-content\\\/uploads\\\/sites\\\/5\\\/2023\\\/01\\\/58F36DBB-83A5-441A-A40F-43C47D2C505D_1_201_a-scaled-e1673037406384-1024x695-1.jpeg\",\"width\":1024,\"height\":695,\"caption\":\"El obispo Bryan J. Bayda de la Eparqu\u00eda Greco-Cat\u00f3lica Ucraniana de Toronto y todo el este de Canad\u00e1 bendice a los fieles con agua bendita el 5 de enero en el Puerto Viejo de Montreal despu\u00e9s de la celebraci\u00f3n de la Gran Bendici\u00f3n del Agua. (foto: Anna Dombrovska)\"},{\"@type\":\"BreadcrumbList\",\"@id\":\"https:\\\/\\\/cnewa.org\\\/es\\\/gran-bendicion-del-agua-muestra-solidaridad-con-ucrania\\\/#breadcrumb\",\"itemListElement\":[{\"@type\":\"ListItem\",\"position\":1,\"name\":\"Inicio\",\"item\":\"https:\\\/\\\/cnewa.org\\\/es\\\/\"},{\"@type\":\"ListItem\",\"position\":2,\"name\":\"Noticias\",\"item\":\"https:\\\/\\\/cnewa.org\\\/es\\\/categoria\\\/noticias\\\/\"},{\"@type\":\"ListItem\",\"position\":3,\"name\":\"Gran Bendici\u00f3n del Agua Muestra Solidaridad con Ucrania\"}]},{\"@type\":\"WebSite\",\"@id\":\"https:\\\/\\\/cnewa.org\\\/es\\\/#website\",\"url\":\"https:\\\/\\\/cnewa.org\\\/es\\\/\",\"name\":\"CNEWA Espa\u00f1ol\",\"description\":\"Asociaci\u00f3n Cat\u00f3lica para el Bienestar del Cercano Oriente\",\"publisher\":{\"@id\":\"https:\\\/\\\/cnewa.org\\\/es\\\/#organization\"},\"potentialAction\":[{\"@type\":\"SearchAction\",\"target\":{\"@type\":\"EntryPoint\",\"urlTemplate\":\"https:\\\/\\\/cnewa.org\\\/es\\\/?s={search_term_string}\"},\"query-input\":{\"@type\":\"PropertyValueSpecification\",\"valueRequired\":true,\"valueName\":\"search_term_string\"}}],\"inLanguage\":\"es\"},{\"@type\":\"Organization\",\"@id\":\"https:\\\/\\\/cnewa.org\\\/es\\\/#organization\",\"name\":\"CNEWA Espa\u00f1ol\",\"alternateName\":\"Asociaci\u00f3n Cat\u00f3lica para el Bienestar del Cercano Oriente\",\"url\":\"https:\\\/\\\/cnewa.org\\\/es\\\/\",\"logo\":{\"@type\":\"ImageObject\",\"inLanguage\":\"es\",\"@id\":\"https:\\\/\\\/cnewa.org\\\/es\\\/#\\\/schema\\\/logo\\\/image\\\/\",\"url\":\"https:\\\/\\\/cnewa.org\\\/es\\\/wp-content\\\/uploads\\\/sites\\\/5\\\/2021\\\/07\\\/CNEWA-brand-logo.png\",\"contentUrl\":\"https:\\\/\\\/cnewa.org\\\/es\\\/wp-content\\\/uploads\\\/sites\\\/5\\\/2021\\\/07\\\/CNEWA-brand-logo.png\",\"width\":1000,\"height\":1000,\"caption\":\"CNEWA Espa\u00f1ol\"},\"image\":{\"@id\":\"https:\\\/\\\/cnewa.org\\\/es\\\/#\\\/schema\\\/logo\\\/image\\\/\"},\"sameAs\":[\"https:\\\/\\\/www.facebook.com\\\/CNEWAenespanol\\\/\",\"https:\\\/\\\/www.instagram.com\\\/cnewa1926\\\/\",\"https:\\\/\\\/www.youtube.com\\\/user\\\/TheCNEWA\"]},{\"@type\":\"Person\",\"name\":\"Laura Ieraci\"}]}<\/script>\n<!-- \/ Yoast SEO Premium plugin. -->","yoast_head_json":{"title":"Gran Bendici\u00f3n del Agua Muestra Solidaridad con Ucrania | CNEWA Espa\u00f1ol","description":"En muestra de solidaridad con Ucrania, CNEWA Canad\u00e1 se asoci\u00f3 con la\u00a0Universidad de Toronto para celebrar la fiesta de la Teofan\u00eda.","robots":{"index":"index","follow":"follow","max-snippet":"max-snippet:-1","max-image-preview":"max-image-preview:large","max-video-preview":"max-video-preview:-1"},"canonical":"https:\/\/cnewa.org\/es\/gran-bendicion-del-agua-muestra-solidaridad-con-ucrania\/","og_locale":"es_ES","og_type":"article","og_title":"Gran Bendici\u00f3n del Agua Muestra Solidaridad con Ucrania","og_description":"En muestra de solidaridad con Ucrania, CNEWA Canad\u00e1 se asoci\u00f3 con la\u00a0Universidad de Toronto para celebrar la fiesta de la Teofan\u00eda.","og_url":"https:\/\/cnewa.org\/es\/gran-bendicion-del-agua-muestra-solidaridad-con-ucrania\/","og_site_name":"CNEWA Espa\u00f1ol","article_publisher":"https:\/\/www.facebook.com\/CNEWAenespanol\/","article_published_time":"2023-01-09T14:45:07+00:00","article_modified_time":"2025-12-12T20:57:40+00:00","og_image":[{"width":1024,"height":695,"url":"https:\/\/cnewa.org\/es\/wp-content\/uploads\/sites\/5\/2023\/01\/58F36DBB-83A5-441A-A40F-43C47D2C505D_1_201_a-scaled-e1673037406384-1024x695-1.jpeg","type":"image\/jpeg"}],"author":"Laura Ieraci","twitter_card":"summary_large_image","twitter_misc":{"Escrito por":"David R. Aquije","Tiempo de lectura":"5 minutos"},"schema":{"@context":"https:\/\/schema.org","@graph":[{"@type":"Article","@id":"https:\/\/cnewa.org\/es\/gran-bendicion-del-agua-muestra-solidaridad-con-ucrania\/#article","isPartOf":{"@id":"https:\/\/cnewa.org\/es\/gran-bendicion-del-agua-muestra-solidaridad-con-ucrania\/"},"author":{"name":"Laura Ieraci","@id":"https:\/\/cnewa.org\/es\/#\/schema\/person\/d2935c46e239b59210c38997d4aedf00"},"headline":"Gran Bendici\u00f3n del Agua Muestra Solidaridad con Ucrania","datePublished":"2023-01-09T14:45:07+00:00","dateModified":"2025-12-12T20:57:40+00:00","mainEntityOfPage":{"@id":"https:\/\/cnewa.org\/es\/gran-bendicion-del-agua-muestra-solidaridad-con-ucrania\/"},"wordCount":838,"publisher":{"@id":"https:\/\/cnewa.org\/es\/#organization"},"image":{"@id":"https:\/\/cnewa.org\/es\/gran-bendicion-del-agua-muestra-solidaridad-con-ucrania\/#primaryimage"},"thumbnailUrl":"https:\/\/cnewa.org\/es\/wp-content\/uploads\/sites\/5\/2023\/01\/58F36DBB-83A5-441A-A40F-43C47D2C505D_1_201_a-scaled-e1673037406384-1024x695-1.jpeg","articleSection":["Noticias","Oriente Cristiano"],"inLanguage":"es"},{"@type":"WebPage","@id":"https:\/\/cnewa.org\/es\/gran-bendicion-del-agua-muestra-solidaridad-con-ucrania\/","url":"https:\/\/cnewa.org\/es\/gran-bendicion-del-agua-muestra-solidaridad-con-ucrania\/","name":"Gran Bendici\u00f3n del Agua Muestra Solidaridad con Ucrania | CNEWA Espa\u00f1ol","isPartOf":{"@id":"https:\/\/cnewa.org\/es\/#website"},"primaryImageOfPage":{"@id":"https:\/\/cnewa.org\/es\/gran-bendicion-del-agua-muestra-solidaridad-con-ucrania\/#primaryimage"},"image":{"@id":"https:\/\/cnewa.org\/es\/gran-bendicion-del-agua-muestra-solidaridad-con-ucrania\/#primaryimage"},"thumbnailUrl":"https:\/\/cnewa.org\/es\/wp-content\/uploads\/sites\/5\/2023\/01\/58F36DBB-83A5-441A-A40F-43C47D2C505D_1_201_a-scaled-e1673037406384-1024x695-1.jpeg","datePublished":"2023-01-09T14:45:07+00:00","dateModified":"2025-12-12T20:57:40+00:00","description":"En muestra de solidaridad con Ucrania, CNEWA Canad\u00e1 se asoci\u00f3 con la\u00a0Universidad de Toronto para celebrar la fiesta de la Teofan\u00eda.","breadcrumb":{"@id":"https:\/\/cnewa.org\/es\/gran-bendicion-del-agua-muestra-solidaridad-con-ucrania\/#breadcrumb"},"inLanguage":"es","potentialAction":[{"@type":"ReadAction","target":["https:\/\/cnewa.org\/es\/gran-bendicion-del-agua-muestra-solidaridad-con-ucrania\/"]}]},{"@type":"ImageObject","inLanguage":"es","@id":"https:\/\/cnewa.org\/es\/gran-bendicion-del-agua-muestra-solidaridad-con-ucrania\/#primaryimage","url":"https:\/\/cnewa.org\/es\/wp-content\/uploads\/sites\/5\/2023\/01\/58F36DBB-83A5-441A-A40F-43C47D2C505D_1_201_a-scaled-e1673037406384-1024x695-1.jpeg","contentUrl":"https:\/\/cnewa.org\/es\/wp-content\/uploads\/sites\/5\/2023\/01\/58F36DBB-83A5-441A-A40F-43C47D2C505D_1_201_a-scaled-e1673037406384-1024x695-1.jpeg","width":1024,"height":695,"caption":"El obispo Bryan J. Bayda de la Eparqu\u00eda Greco-Cat\u00f3lica Ucraniana de Toronto y todo el este de Canad\u00e1 bendice a los fieles con agua bendita el 5 de enero en el Puerto Viejo de Montreal despu\u00e9s de la celebraci\u00f3n de la Gran Bendici\u00f3n del Agua. (foto: Anna Dombrovska)"},{"@type":"BreadcrumbList","@id":"https:\/\/cnewa.org\/es\/gran-bendicion-del-agua-muestra-solidaridad-con-ucrania\/#breadcrumb","itemListElement":[{"@type":"ListItem","position":1,"name":"Inicio","item":"https:\/\/cnewa.org\/es\/"},{"@type":"ListItem","position":2,"name":"Noticias","item":"https:\/\/cnewa.org\/es\/categoria\/noticias\/"},{"@type":"ListItem","position":3,"name":"Gran Bendici\u00f3n del Agua Muestra Solidaridad con Ucrania"}]},{"@type":"WebSite","@id":"https:\/\/cnewa.org\/es\/#website","url":"https:\/\/cnewa.org\/es\/","name":"CNEWA Espa\u00f1ol","description":"Asociaci\u00f3n Cat\u00f3lica para el Bienestar del Cercano Oriente","publisher":{"@id":"https:\/\/cnewa.org\/es\/#organization"},"potentialAction":[{"@type":"SearchAction","target":{"@type":"EntryPoint","urlTemplate":"https:\/\/cnewa.org\/es\/?s={search_term_string}"},"query-input":{"@type":"PropertyValueSpecification","valueRequired":true,"valueName":"search_term_string"}}],"inLanguage":"es"},{"@type":"Organization","@id":"https:\/\/cnewa.org\/es\/#organization","name":"CNEWA Espa\u00f1ol","alternateName":"Asociaci\u00f3n Cat\u00f3lica para el Bienestar del Cercano Oriente","url":"https:\/\/cnewa.org\/es\/","logo":{"@type":"ImageObject","inLanguage":"es","@id":"https:\/\/cnewa.org\/es\/#\/schema\/logo\/image\/","url":"https:\/\/cnewa.org\/es\/wp-content\/uploads\/sites\/5\/2021\/07\/CNEWA-brand-logo.png","contentUrl":"https:\/\/cnewa.org\/es\/wp-content\/uploads\/sites\/5\/2021\/07\/CNEWA-brand-logo.png","width":1000,"height":1000,"caption":"CNEWA Espa\u00f1ol"},"image":{"@id":"https:\/\/cnewa.org\/es\/#\/schema\/logo\/image\/"},"sameAs":["https:\/\/www.facebook.com\/CNEWAenespanol\/","https:\/\/www.instagram.com\/cnewa1926\/","https:\/\/www.youtube.com\/user\/TheCNEWA"]},{"@type":"Person","name":"Laura Ieraci"}]}},"_links":{"self":[{"href":"https:\/\/cnewa.org\/es\/wp-json\/wp\/v2\/posts\/2166","targetHints":{"allow":["GET"]}}],"collection":[{"href":"https:\/\/cnewa.org\/es\/wp-json\/wp\/v2\/posts"}],"about":[{"href":"https:\/\/cnewa.org\/es\/wp-json\/wp\/v2\/types\/post"}],"author":[{"embeddable":true,"href":"https:\/\/cnewa.org\/es\/wp-json\/wp\/v2\/users\/70019"}],"replies":[{"embeddable":true,"href":"https:\/\/cnewa.org\/es\/wp-json\/wp\/v2\/comments?post=2166"}],"version-history":[{"count":11,"href":"https:\/\/cnewa.org\/es\/wp-json\/wp\/v2\/posts\/2166\/revisions"}],"predecessor-version":[{"id":7635,"href":"https:\/\/cnewa.org\/es\/wp-json\/wp\/v2\/posts\/2166\/revisions\/7635"}],"wp:featuredmedia":[{"embeddable":true,"href":"https:\/\/cnewa.org\/es\/wp-json\/wp\/v2\/media\/2165"}],"wp:attachment":[{"href":"https:\/\/cnewa.org\/es\/wp-json\/wp\/v2\/media?parent=2166"}],"wp:term":[{"taxonomy":"category","embeddable":true,"href":"https:\/\/cnewa.org\/es\/wp-json\/wp\/v2\/categories?post=2166"}],"curies":[{"name":"wp","href":"https:\/\/api.w.org\/{rel}","templated":true}]}}