{"id":2258,"date":"2023-01-20T13:24:24","date_gmt":"2023-01-20T18:24:24","guid":{"rendered":"https:\/\/cnewa.org\/es\/?p=2258"},"modified":"2025-03-21T12:00:09","modified_gmt":"2025-03-21T16:00:09","slug":"un-punto-brillante-centro-diurno-para-ninos-embellece-pequeno-pueblo-armenio","status":"publish","type":"post","link":"https:\/\/cnewa.org\/es\/un-punto-brillante-centro-diurno-para-ninos-embellece-pequeno-pueblo-armenio\/","title":{"rendered":"Un Punto Brillante: Centro Diurno para Ni\u00f1os Embellece Peque\u00f1o Pueblo Armenio"},"content":{"rendered":"\n<p class=\"has-drop-cap\">Armine Karapetyan toma lo que necesita de entre los libros que est\u00e1n cuidadosamente ordenados en una cornisa alta en una esquina de la vieja caba\u00f1a de metal que sirve como su hogar. Se sienta en un sof\u00e1 para hacer su tarea, dejando la peque\u00f1a mesa para sus hermanos menores. A los 14 a\u00f1os, entiende la importancia de los peque\u00f1os sacrificios.<\/p>\n\n\n\n<p>La m\u00e1s joven de la familia, Ani, de 6 a\u00f1os, se sienta a la mesa concentrada en sus tareas escolares, dejando solo un poco de espacio para su hermano, Napole\u00f3n, de 9 a\u00f1os, quien a rega\u00f1adientes comienza su trabajo, como si tuviera otras cosas que hacer.<\/p>\n\n\n\n<p>Los ni\u00f1os Karapetyan viven apretadamente junto a su madre en su contenedor de metal de 270 pies cuadrados, una celda de hierro, com\u00fanmente llamada domik. Se encuentra en un antiguo distrito industrial en las afueras de Artashat, Armenia, a unos 20 kil\u00f3metros al sur de la capital, Erev\u00e1n. Ahora vac\u00edo de toda industria, el distrito est\u00e1 aislado de la ciudad, que tiene una poblaci\u00f3n de aproximadamente 19.000.<\/p>\n\n\n\n<p>\u201cHemos vivido aqu\u00ed durante ocho a\u00f1os\u201d, dice la madre de los ni\u00f1os, Alina. Luego, se frota los ojos cansados con sus manos resquebrajadas por el trabajo. Ella hab\u00eda estado cosechando desde temprano en la ma\u00f1ana.<\/p>\n\n\n\n<p>\u201cEsto es lo que pudimos costear, y todav\u00eda no hemos pagado completamente nuestra deuda\u201d, agrega. \u201cMi esposo muri\u00f3 el a\u00f1o pasado, y perd\u00ed toda esperanza de salir de aqu\u00ed\u201d.<\/p>\n\n\n\n<p>La madre de 39 a\u00f1os dice que ella y sus hijos apenas pueden sobrevivir con los beneficios mensuales del gobierno que suman 120.000 drams ($297), por lo que cada d\u00eda deja a sus hijos solos en casa para ir a cosechar cultivos en las comunidades vecinas.<\/p>\n\n\n\n<figure class=\"wp-block-image alignwide size-full\"><img loading=\"lazy\" decoding=\"async\" width=\"683\" height=\"1024\" src=\"https:\/\/cnewa.org\/es\/wp-content\/uploads\/sites\/5\/2023\/01\/RESarmenakyan202210_0062H-683x1024-1.jpg\" alt=\"\" class=\"wp-image-2256\" srcset=\"https:\/\/cnewa.org\/es\/wp-content\/uploads\/sites\/5\/2023\/01\/RESarmenakyan202210_0062H-683x1024-1.jpg 683w, https:\/\/cnewa.org\/es\/wp-content\/uploads\/sites\/5\/2023\/01\/RESarmenakyan202210_0062H-683x1024-1-200x300.jpg 200w\" sizes=\"auto, (max-width: 683px) 100vw, 683px\" \/><figcaption class=\"wp-element-caption\">Alina Karapetyan y sus hijos viven en un domik, peque\u00f1a casa, de 270 pies cuadrados en las afueras de Artashat, Armenia.  (foto: Nazik Armenakyan)<\/figcaption><\/figure>\n\n\n\n<p>\u201c\u00bfQu\u00e9 debo hacer? Trato de llegar a fin de mes\u201d, dice. \u201cTodo lo que gano se gasta en comprar le\u00f1a, para que al menos podamos sobrevivir durante el invierno. Las cosas son m\u00e1s f\u00e1ciles en el verano, pero hay muchas dificultades en el invierno.<\/p>\n\n\n\n<p>\u201cDe alguna manera podemos calentar el domik, pero en el espacio auxiliar debajo de la carpa de al lado, donde tenemos nuestra estufa, armario y refrigerador, hace mucho fr\u00edo, y este fr\u00edo se mete en nuestros huesos, con el agua de la lluvia que cae sobre nuestras cabezas\u201d.<\/p>\n\n\n\n<p>Sin embargo, el Centro El Principito, una iniciativa de cuidado infantil de Caritas Armenia, se ha convertido en una fuente de esperanza para la se\u00f1ora Karapetyan. Armine y Napole\u00f3n asisten dos veces por semana; Ani todav\u00eda es demasiado joven para inscribirla.<\/p>\n\n\n\n<p>\u201cAll\u00ed, s\u00e9 que mis hijos est\u00e1n en un ambiente c\u00e1lido, limpio y seguro. Y lo m\u00e1s importante es que comen comidas calientes y normales\u201d, dice Karapetyan. Ella est\u00e1 agradecida por lo que aprenden en el centro y las oportunidades para que sus hijos socialicen.<\/p>\n\n\n\n<p>\u201cHan estado asistiendo solo por unos meses, pero ahora se han abierto mucho\u201d, dice ella.<\/p>\n\n\n\n<p>\u201cSe comunican con los dem\u00e1s libremente. Sol\u00edan ser muy t\u00edmidos, pero ahora se ven felices. Se han vuelto educados y han aprendido buenos modales y formas adecuadas de hablar\u201d.<\/p>\n\n\n\n<p>El centro tambi\u00e9n proporciona regularmente a la familia alimentos, art\u00edculos de higiene, papeler\u00eda y ropa.<\/p>\n\n\n\n<p>\u201cTengo muchas dificultades\u201d, dice la viuda.<\/p>\n\n\n\n<p>\u201cMe siento muy triste de que este centro sea el \u00fanico punto brillante en nuestra vida. Cuando mis hijos regresan a casa, veo lo felices que est\u00e1n y, lo m\u00e1s importante, no tienen hambre\u201d.<\/p>\n\n\n\n<p class=\"has-drop-cap\">El Centro El Principito, ubicado en el coraz\u00f3n de Artashat, ha sido un \u201cpunto brillante\u201d en la ciudad desde que abri\u00f3 sus puertas en 2016. Dos veces por semana, 95 ni\u00f1os de Artashat y comunidades vecinas se re\u00fanen dentro de las paredes de colores brillantes del centro. Su misi\u00f3n es contribuir a la protecci\u00f3n de los ni\u00f1os, los j\u00f3venes y sus familias mediante la promoci\u00f3n de una vida saludable, la ense\u00f1anza de habilidades para la vida y la prestaci\u00f3n de apoyo social y psicol\u00f3gico.<\/p>\n\n\n\n<figure class=\"wp-block-embed is-type-video is-provider-youtube wp-block-embed-youtube wp-embed-aspect-16-9 wp-has-aspect-ratio\"><div class=\"wp-block-embed__wrapper\">\n<iframe loading=\"lazy\" title=\"A Bright Spot\" width=\"500\" height=\"281\" src=\"https:\/\/www.youtube.com\/embed\/5xXSDqiD0zs?start=1&#038;feature=oembed\" frameborder=\"0\" allow=\"accelerometer; autoplay; clipboard-write; encrypted-media; gyroscope; picture-in-picture; web-share\" referrerpolicy=\"strict-origin-when-cross-origin\" allowfullscreen><\/iframe>\n<\/div><\/figure>\n\n\n\n<p>Los ni\u00f1os deben tener 9 a\u00f1os para inscribirse. Actualmente participan 40 ni\u00f1os de 9 a 11 a\u00f1os y 55 adolescentes de 12 a 18 a\u00f1os; 48 son ni\u00f1os y 47 son ni\u00f1as. Sus padres, hermanos y amigos, que suman otras 116 personas, tambi\u00e9n se benefician de una programaci\u00f3n adicional.<\/p>\n\n\n\n<p>Los ni\u00f1os llegan al centro al final de su d\u00eda escolar, a partir de las 2 p.m., justo cuando el apetitoso olor de una comida caliente comienza a ondear en el aire.<\/p>\n\n\n\n<p>El gerente del proyecto, Armine Yepremyan, dice que el centro enfatiza la importancia de proporcionar alimentos saludables y ricos en calor\u00edas a los ni\u00f1os. Para algunos ni\u00f1os, esta comida es la \u00fanica comida adecuada que tendr\u00e1n todo el d\u00eda, agrega.<\/p>\n\n\n\n<figure class=\"wp-block-pullquote\"><blockquote><p>\u201cLa ni\u00f1a tiene comidas sabrosas aqu\u00ed. &#8230; Entiendes lo importante que eso es para un padre, \u00bfcierto? S\u00e9 que se ir\u00e1 a la cama con el est\u00f3mago lleno al menos dos veces por semana\u201d.<\/p><\/blockquote><\/figure>\n\n\n\n<p>Luego, los ni\u00f1os participan en una amplia gama de actividades, donde aprenden costura, baile, canto, habilidades inform\u00e1ticas, cocina y etiqueta. Tambi\u00e9n se benefician de los servicios de un psic\u00f3logo y un trabajador social. Los ni\u00f1os reciben productos de higiene dos veces al a\u00f1o y art\u00edculos de papeler\u00eda y regalos una vez al a\u00f1o. El centro tambi\u00e9n proporciona zapatos y ropa a los ni\u00f1os que los necesitan.<\/p>\n\n\n\n<p>La trabajadora social Gayane Hovhannisyan dice que los ni\u00f1os son seleccionados para el programa en funci\u00f3n de un proceso de solicitud. La mayor\u00eda de los padres que presentan la solicitud para sus hijos enfrentan serios problemas sociales, econ\u00f3micos y psicol\u00f3gicos, y muchos carecen de habilidades para educar a sus hijos, dice.<\/p>\n\n\n\n<figure class=\"wp-block-image size-full\"><img loading=\"lazy\" decoding=\"async\" width=\"1024\" height=\"683\" src=\"https:\/\/cnewa.org\/es\/wp-content\/uploads\/sites\/5\/2023\/01\/RESarmenakyan202210_0047H-1024x683-1.jpg\" alt=\"\" class=\"wp-image-2255\" srcset=\"https:\/\/cnewa.org\/es\/wp-content\/uploads\/sites\/5\/2023\/01\/RESarmenakyan202210_0047H-1024x683-1.jpg 1024w, https:\/\/cnewa.org\/es\/wp-content\/uploads\/sites\/5\/2023\/01\/RESarmenakyan202210_0047H-1024x683-1-300x200.jpg 300w, https:\/\/cnewa.org\/es\/wp-content\/uploads\/sites\/5\/2023\/01\/RESarmenakyan202210_0047H-1024x683-1-768x512.jpg 768w\" sizes=\"auto, (max-width: 1024px) 100vw, 1024px\" \/><figcaption class=\"wp-element-caption\">La trabajadora social Julia Avetisyan dirige una reuni\u00f3n grupal con ni\u00f1os en el centro. (foto: Nazik Armenakyan)<\/figcaption><\/figure>\n\n\n\n<p>\u201cDebido a la falta de habilidades para la crianza de los hijos, el trabajo realizado en el centro a menudo se puede desperdiciar\u201d, dice ella. \u201cPor esta raz\u00f3n, tambi\u00e9n trabajamos con los padres. Regularmente realizamos cursos de habilidades para la crianza para ellos, le ense\u00f1amos las peculiaridades que tienen los ni\u00f1os seg\u00fan la edad, los derechos y responsabilidades de los ni\u00f1os, las necesidades y demandas de los ni\u00f1os, enfatizando la prevenci\u00f3n de la violencia\u201d.<\/p>\n\n\n\n<p>El trabajador social Anush Zazyan dice que los problemas socioecon\u00f3micos de las familias se deben principalmente al alto desempleo y subempleo en la regi\u00f3n. El centro ayuda a los padres a mejorar su situaci\u00f3n socioecon\u00f3mica ofreci\u00e9ndoles capacitaci\u00f3n profesional. Hasta la fecha, ocho padres fueron entrenados como sastres, cinco como estilistas, cuatro como manicuristas, cuatro en confiter\u00eda y uno como maquillador. Otro grupo de 15 padres particip\u00f3 en capacitaci\u00f3n empresarial que incluy\u00f3 aprender a escribir un plan de negocios.<\/p>\n\n\n\n<p>\u201cAhora est\u00e1n familiarizados con el mercado laboral\u201d, dice Zazyan. \u201cHan obtenido una ventaja competitiva y son capaces de proporcionar el principal ingreso para sus familias\u201d.<\/p>\n\n\n\n<p>El centro tambi\u00e9n trabaja para desarrollar la independencia y autosuficiencia de una familia, agrega, y los ni\u00f1os son asistidos a trav\u00e9s de asesoramiento de orientaci\u00f3n para elegir una profesi\u00f3n futura.<\/p>\n\n\n\n<p>\u201cSi mantenemos una familia durante a\u00f1os, en primer lugar, hace que el beneficiario dependa de nuestros servicios, as\u00ed como de nuestro trabajo, de nuestro equipo, y esto significa que nuestro trabajo no ha dado resultados\u201d, dice.<\/p>\n\n\n\n<p>Adem\u00e1s de los desaf\u00edos de su situaci\u00f3n familiar personal, dice Yepremyan, los ni\u00f1os en el centro contin\u00faan luchando con las consecuencias de la pandemia de COVID-19 y las disputas pol\u00edticas en curso del pa\u00eds.<\/p>\n\n\n\n<p>La guerra de 44 d\u00edas en Nagorno-Karabaj que comenz\u00f3 en septiembre de 2020 tuvo consecuencias desastrosas para Armenia, que sufri\u00f3 4.000 bajas humanas y p\u00e9rdidas territoriales sustanciales. Desde entonces, la escalada regular a lo largo de la inquieta frontera armenio-azerbaiyana contin\u00faa causando la p\u00e9rdida de vidas y mantiene a la sociedad armenia en constante agitaci\u00f3n.<\/p>\n\n\n\n<p>El Centro El Principito trata de involucrar a tantos ni\u00f1os como sea posible, incluidos los desplazados por la guerra de Nagorno-Karabaj, dice Yepremyan, ya que no existe otro programa para ni\u00f1os en riesgo en la regi\u00f3n.<\/p>\n\n\n\n<figure class=\"wp-block-image size-full\"><img loading=\"lazy\" decoding=\"async\" width=\"1024\" height=\"683\" src=\"https:\/\/cnewa.org\/es\/wp-content\/uploads\/sites\/5\/2023\/01\/RESarmenakyan202210_0038H-1024x683-1.jpg\" alt=\"\" class=\"wp-image-2254\" srcset=\"https:\/\/cnewa.org\/es\/wp-content\/uploads\/sites\/5\/2023\/01\/RESarmenakyan202210_0038H-1024x683-1.jpg 1024w, https:\/\/cnewa.org\/es\/wp-content\/uploads\/sites\/5\/2023\/01\/RESarmenakyan202210_0038H-1024x683-1-300x200.jpg 300w, https:\/\/cnewa.org\/es\/wp-content\/uploads\/sites\/5\/2023\/01\/RESarmenakyan202210_0038H-1024x683-1-768x512.jpg 768w\" sizes=\"auto, (max-width: 1024px) 100vw, 1024px\" \/><figcaption class=\"wp-element-caption\">La core\u00f3grafa Nelly Nazaryan ense\u00f1a a bailar a los ni\u00f1os del centro. (foto: Nazik Armenakyan)<\/figcaption><\/figure>\n\n\n\n<p>Los ni\u00f1os \u201ctienen miedos interminables, y est\u00e1n tan estresados que tambi\u00e9n afecta la calidad de su educaci\u00f3n\u201d, dice. Sin embargo, los grupos de discusi\u00f3n regulares, facilitados por un psic\u00f3logo y trabajadores sociales, han ayudado significativamente a los ni\u00f1os, agrega.<\/p>\n\n\n\n<p class=\"has-drop-cap\">Dos veces por semana, Arsen Yepremyan viaja en transporte p\u00fablico desde el pueblo de Taperakan para asistir al programa en el Centro El Principito en Artashat.<\/p>\n\n\n\n<p>\u201cAqu\u00ed obtengo lo que no obtendr\u00eda en ning\u00fan otro lugar\u201d, dice, sonriendo. \u201cCuando vienes aqu\u00ed, tu vida diaria cambia por completo. Primero, comemos comidas deliciosas. Luego, asistimos a un grupo de nuestra elecci\u00f3n y no solo pasamos un buen rato, sino que tambi\u00e9n obtenemos conocimientos muy importantes\u201d.<\/p>\n\n\n\n<p>El ni\u00f1o de 13 a\u00f1os est\u00e1 tomando el curso de computaci\u00f3n, que cubre todo, desde habilidades inform\u00e1ticas b\u00e1sicas hasta c\u00f3mo crear software y sitios web. Est\u00e1 interesado en la rob\u00f3tica y espera alg\u00fan d\u00eda operar robots que \u00e9l mismo dise\u00f1e.<\/p>\n\n\n\n<figure class=\"wp-block-pullquote\"><blockquote><p>\u201cQuiero que mi hija aprenda lo mejor, para que no tenga que sufrir como yo, y pueda aprender muchas cosas aqu\u00ed\u201d.<\/p><\/blockquote><\/figure>\n\n\n\n<p>En la sala de costura, los ni\u00f1os se sientan junto a las m\u00e1quinas de coser colocadas en filas ordenadas. Siguen las instrucciones del l\u00edder del grupo y se vuelven m\u00e1s seguros con cada puntada adecuada que hacen.<\/p>\n\n\n\n<p>Tamara Mikayelyan muestra una mu\u00f1eca que teji\u00f3 y luego inspecciona un manojo de hilos, seleccionando cuidadosamente los colores que necesita para comenzar un nuevo proyecto en su clase de crochet. Bolsos coloridos, juguetes de peluche (osos, conejitos, jirafas y ranas) se exhiben en un estante.<\/p>\n\n\n\n<p>La ni\u00f1a de 11 a\u00f1os ha estado asistiendo al centro por solo dos meses y dice que eligi\u00f3 aprender a tejer a crochet para ayudar a obtener algunos ingresos para su familia. Ella y su hermano est\u00e1n siendo criados por su madre soltera, que apenas puede atender sus necesidades.<\/p>\n\n\n\n<p>\u201cPuedo hacer una cartera. Ahora quiero hacer un mu\u00f1eco de nieve de juguete. Me estoy preparando para el invierno, el a\u00f1o nuevo. Tal vez lo regale o incluso pueda venderlo\u201d, dice, mientras se prepara para su trabajo. Despu\u00e9s de la clase de crochet, Tamara va a la clase de baile, donde los ni\u00f1os aprenden danzas folcl\u00f3ricas modernas y armenias.<\/p>\n\n\n\n<figure class=\"wp-block-image size-full\"><img loading=\"lazy\" decoding=\"async\" width=\"1024\" height=\"683\" src=\"https:\/\/cnewa.org\/es\/wp-content\/uploads\/sites\/5\/2023\/01\/RESarmenakyan202210_0036H-1024x683-1.jpg\" alt=\"\" class=\"wp-image-2253\" srcset=\"https:\/\/cnewa.org\/es\/wp-content\/uploads\/sites\/5\/2023\/01\/RESarmenakyan202210_0036H-1024x683-1.jpg 1024w, https:\/\/cnewa.org\/es\/wp-content\/uploads\/sites\/5\/2023\/01\/RESarmenakyan202210_0036H-1024x683-1-300x200.jpg 300w, https:\/\/cnewa.org\/es\/wp-content\/uploads\/sites\/5\/2023\/01\/RESarmenakyan202210_0036H-1024x683-1-768x512.jpg 768w\" sizes=\"auto, (max-width: 1024px) 100vw, 1024px\" \/><figcaption class=\"wp-element-caption\">Knarik participa en una clase de baile. (foto: Nazik Armenakyan)<\/figcaption><\/figure>\n\n\n\n<p>Todos los ni\u00f1os participan en una clase sobre etiqueta adecuada y buenos modales, impartida por Kristine Khachatryan, voluntaria y l\u00edder principal del grupo del centro.<\/p>\n\n\n\n<p>\u201cEs muy importante que los ni\u00f1os aprendan buenos modales desde una edad temprana\u201d, dice la Khachatryan, quien cree que una sociedad civilizada es un requisito previo para la creaci\u00f3n de un estado adecuado. \u201cLa mayor\u00eda de los ni\u00f1os no conocen los modales b\u00e1sicos en la mesa.<\/p>\n\n\n\n<p>\u201cTratamos de explicar las cosas m\u00e1s importantes de la vida a los ni\u00f1os que se encuentran en una situaci\u00f3n dif\u00edcil de la vida\u201d, contin\u00faa. \u201cTenemos que cruzar este r\u00edo que fluye r\u00e1pidamente tom\u00e1ndonos de la mano, de lo contrario caeremos\u201d.<\/p>\n\n\n\n<p>Khachatryan dice que los sacerdotes locales a menudo visitan y tienen conversaciones importantes con los ni\u00f1os sobre religi\u00f3n, educaci\u00f3n y otros temas de la vida, \u201clo cual es muy necesario\u201d.<\/p>\n\n\n\n<p class=\"has-drop-cap\">Knarik Simonyan, la hija de 11 a\u00f1os de Liana Simonyan, ha estado asistiendo al centro durante unos meses y ya su madre ha notado un efecto positivo.<\/p>\n\n\n\n<p>\u201cRara vez hablaba con alguien antes. Estaba un poco aislada, pero ahora es una de las ni\u00f1as m\u00e1s activas, se comunica libremente con todos\u201d, dice Simonyan, se\u00f1alando a su hija en la clase de baile. Knarik sigue al maestro con gran entusiasmo y realiza los movimientos de baile con gracia.<\/p>\n\n\n\n<figure class=\"wp-block-pullquote\"><blockquote><p>\u201cTenemos que cruzar este r\u00edo que fluye r\u00e1pidamente tom\u00e1ndonos de la mano, de lo contrario caeremos\u201d.<\/p><\/blockquote><\/figure>\n\n\n\n<p>\u201cLa ni\u00f1a tiene comidas sabrosas aqu\u00ed\u201d, dice Simonyan. \u201cEntiendes lo importante que eso es para un padre, \u00bfcierto? S\u00e9 que se ir\u00e1 a la cama con el est\u00f3mago lleno al menos dos veces por semana\u201d.<\/p>\n\n\n\n<p>A los 40 a\u00f1os, Simonyan vive con una afecci\u00f3n card\u00edaca. Sus piernas est\u00e1n hinchadas y con dolor y, aunque tiene dificultades para caminar, siempre acompa\u00f1a a su hija al centro para asegurarse de que no falte a ninguna clase. Simonyan se uni\u00f3 al grupo de costura y patronaje.<\/p>\n\n\n\n<p>\u201cEs cierto, no puedo ver bien, pero quiero aprender a coser bien\u201d, dice. \u201cYa lo estoy haciendo bien. Espero poder atender las necesidades de mi familia\u201d.<\/p>\n\n\n\n<figure class=\"wp-block-image size-full\"><img loading=\"lazy\" decoding=\"async\" width=\"1024\" height=\"683\" src=\"https:\/\/cnewa.org\/es\/wp-content\/uploads\/sites\/5\/2023\/01\/RESarmenakyan202210_0025H-1024x683-1.jpg\" alt=\"\" class=\"wp-image-2252\" srcset=\"https:\/\/cnewa.org\/es\/wp-content\/uploads\/sites\/5\/2023\/01\/RESarmenakyan202210_0025H-1024x683-1.jpg 1024w, https:\/\/cnewa.org\/es\/wp-content\/uploads\/sites\/5\/2023\/01\/RESarmenakyan202210_0025H-1024x683-1-300x200.jpg 300w, https:\/\/cnewa.org\/es\/wp-content\/uploads\/sites\/5\/2023\/01\/RESarmenakyan202210_0025H-1024x683-1-768x512.jpg 768w\" sizes=\"auto, (max-width: 1024px) 100vw, 1024px\" \/><figcaption class=\"wp-element-caption\">Liana Simonyan y su hija, Knarik, aprenden diferentes habilidades en los diversos talleres del Centro El Principito. (foto: Nazik Armenakyan)<\/figcaption><\/figure>\n\n\n\n<p>Simonyan trabaja como limpiadora, pero su numerosa familia vive en malas condiciones y tiene muchas necesidades: sus dos hijos mayores tienen problemas de salud. Ella dice que el centro se ha convertido en un oasis para sus preocupaciones cotidianas, un lugar donde las personas educan a los ni\u00f1os con cuidado y donde los padres pueden aprender mucho.<\/p>\n\n\n\n<p>\u201cA veces puedo escuchar lo que se ense\u00f1a y obtengo mucho conocimiento, por ejemplo, sobre c\u00f3mo recibir y entretener a los invitados en su hogar. Con mucho gusto vendr\u00eda todos los d\u00edas con mi hija. Me quedar\u00eda aqu\u00ed todo el d\u00eda. Realmente me gustar\u00eda que incluyeran a los padres en m\u00e1s programas\u201d, dice.&nbsp;<\/p>\n\n\n\n<p>\u201cSon tan cordiales aqu\u00ed que te olvidas de todos tus problemas\u201d, contin\u00faa. \u00abMe gustar\u00eda que mi hija pasara m\u00e1s tiempo aqu\u00ed. Las condiciones son mucho mejores que en nuestra casa. Mi hija solo ve cosas buenas aqu\u00ed. A menudo la traigo para que no sea testigo de discusiones en nuestra casa; la ni\u00f1a est\u00e1 m\u00e1s seguro y se siente mejor aqu\u00ed\u201d.<\/p>\n\n\n\n<p>La mujer se seca las l\u00e1grimas mientras observa a los trabajadores atender a su hija. Su mirada comunica gratitud.<\/p>\n\n\n\n<p>Simonyan dice que solo una persona armada con conocimiento puede superar las dificultades.<\/p>\n\n\n\n<p>\u201cMis habilidades no son suficientes para ayudar a mi hija\u201d, agrega. \u201cPero veo que ella es buena aprendiendo. Quiero que mi hija aprenda lo mejor, para que no tenga que sufrir como yo, y ella puede aprender muchas cosas aqu\u00ed\u2019.<\/p>\n\n\n<div class=\"cnewa-connections\">\n  <div class=\"cnewa-connections-heading\">\n    <h2>Conexi\u00f3n CNEWA: <\/h2>\n  <\/div>\n  <div class=\"cnewa-connections-content\" style=\"background:#6B4D5E;color:#ffffff\">\n    <p style=\"font-weight: 400\">Durante su visita a Armenia en septiembre, el presidente de CNEWA, Monse\u00f1or Peter I. Vaccari, visit\u00f3 el Centro El Principito, que es uno de varios programas de cuidado infantil que llevan el nombre El Principito apoyado por CNEWA en Armenia. Solo el centro en Artashat proporciona comidas, atenci\u00f3n m\u00e9dica, asesoramiento, tutor\u00eda y m\u00e1s a aproximadamente 100 ni\u00f1os. Los centros cuentan con trabajadores sociales, psic\u00f3logos y consejeros, lo que ilustra c\u00f3mo el apoyo psicosocial es uno de los pilares del trabajo del centro. CNEWA se compromete a ayudar a las familias en Georgia y Armenia a trav\u00e9s de las iglesias locales y sus ramas de servicio social, la familia Caritas.<\/p>\n<p style=\"font-weight: 400\">Para apoyar esta importante misi\u00f3n, llame al 1-866-322-4441 (Canad\u00e1) o al 1-800-442-6392 (Estados Unidos).<\/p>\n  <\/div>\n<\/div>","protected":false},"excerpt":{"rendered":"<p>Armine Karapetyan toma lo que necesita de entre los libros que est\u00e1n cuidadosamente ordenados en una cornisa alta en una esquina de la vieja caba\u00f1a de metal que sirve como su hogar. Se sienta en un sof\u00e1 para hacer su tarea, dejando la peque\u00f1a mesa para sus hermanos menores. A los 14 a\u00f1os, entiende la &hellip; <a href=\"https:\/\/cnewa.org\/es\/un-punto-brillante-centro-diurno-para-ninos-embellece-pequeno-pueblo-armenio\/\">Continued<\/a><\/p>\n","protected":false},"author":70019,"featured_media":2257,"comment_status":"closed","ping_status":"closed","sticky":false,"template":"","format":"standard","meta":{"_acf_changed":false,"footnotes":""},"categories":[1113,133,18],"class_list":["post-2258","post","type-post","status-publish","format-standard","has-post-thumbnail","hentry","category-cuidando-de-los-ninos-necesitados","category-armenia","category-one"],"acf":[],"yoast_head":"<!-- This site is optimized with the Yoast SEO Premium plugin v27.3 (Yoast SEO v27.3) - https:\/\/yoast.com\/product\/yoast-seo-premium-wordpress\/ -->\n<title>Centro Diurno para Ni\u00f1os Embellece Peque\u00f1o Pueblo Armenio<\/title>\n<meta name=\"description\" content=\"Centro El Principito, una iniciativa de cuidado infantil de Caritas Armenia, se ha convertido en una fuente de esperanza para pueblo armenio.\" \/>\n<meta name=\"robots\" content=\"index, follow, max-snippet:-1, max-image-preview:large, max-video-preview:-1\" \/>\n<link rel=\"canonical\" href=\"https:\/\/cnewa.org\/es\/un-punto-brillante-centro-diurno-para-ninos-embellece-pequeno-pueblo-armenio\/\" \/>\n<meta property=\"og:locale\" content=\"es_ES\" \/>\n<meta property=\"og:type\" content=\"article\" \/>\n<meta property=\"og:title\" content=\"Un Punto Brillante: Centro Diurno para Ni\u00f1os Embellece Peque\u00f1o Pueblo Armenio\" \/>\n<meta property=\"og:description\" content=\"Centro El Principito, una iniciativa de cuidado infantil de Caritas Armenia, se ha convertido en una fuente de esperanza para pueblo armenio.\" \/>\n<meta property=\"og:url\" content=\"https:\/\/cnewa.org\/es\/un-punto-brillante-centro-diurno-para-ninos-embellece-pequeno-pueblo-armenio\/\" \/>\n<meta property=\"og:site_name\" content=\"CNEWA Espa\u00f1ol\" \/>\n<meta property=\"article:publisher\" content=\"https:\/\/www.facebook.com\/CNEWAenespanol\/\" \/>\n<meta property=\"article:published_time\" content=\"2023-01-20T18:24:24+00:00\" \/>\n<meta property=\"article:modified_time\" content=\"2025-03-21T16:00:09+00:00\" \/>\n<meta property=\"og:image\" content=\"https:\/\/cnewa.org\/es\/wp-content\/uploads\/sites\/5\/2023\/01\/armenakyan202210_0017H-1024x683-1.jpg\" \/>\n\t<meta property=\"og:image:width\" content=\"1024\" \/>\n\t<meta property=\"og:image:height\" content=\"683\" \/>\n\t<meta property=\"og:image:type\" content=\"image\/jpeg\" \/>\n<meta name=\"author\" content=\"Gohar Abrahamyan\" \/>\n<meta name=\"twitter:card\" content=\"summary_large_image\" \/>\n<meta name=\"twitter:label1\" content=\"Escrito por\" \/>\n\t<meta name=\"twitter:data1\" content=\"David R. Aquije\" \/>\n\t<meta name=\"twitter:label2\" content=\"Tiempo de lectura\" \/>\n\t<meta name=\"twitter:data2\" content=\"12 minutos\" \/>\n<script type=\"application\/ld+json\" class=\"yoast-schema-graph\">{\"@context\":\"https:\\\/\\\/schema.org\",\"@graph\":[{\"@type\":\"Article\",\"@id\":\"https:\\\/\\\/cnewa.org\\\/es\\\/un-punto-brillante-centro-diurno-para-ninos-embellece-pequeno-pueblo-armenio\\\/#article\",\"isPartOf\":{\"@id\":\"https:\\\/\\\/cnewa.org\\\/es\\\/un-punto-brillante-centro-diurno-para-ninos-embellece-pequeno-pueblo-armenio\\\/\"},\"author\":{\"name\":\"Gohar Abrahamyan\",\"@id\":\"https:\\\/\\\/cnewa.org\\\/es\\\/#\\\/schema\\\/person\\\/d2935c46e239b59210c38997d4aedf00\"},\"headline\":\"Un Punto Brillante: Centro Diurno para Ni\u00f1os Embellece Peque\u00f1o Pueblo Armenio\",\"datePublished\":\"2023-01-20T18:24:24+00:00\",\"dateModified\":\"2025-03-21T16:00:09+00:00\",\"mainEntityOfPage\":{\"@id\":\"https:\\\/\\\/cnewa.org\\\/es\\\/un-punto-brillante-centro-diurno-para-ninos-embellece-pequeno-pueblo-armenio\\\/\"},\"wordCount\":2526,\"publisher\":{\"@id\":\"https:\\\/\\\/cnewa.org\\\/es\\\/#organization\"},\"image\":{\"@id\":\"https:\\\/\\\/cnewa.org\\\/es\\\/un-punto-brillante-centro-diurno-para-ninos-embellece-pequeno-pueblo-armenio\\\/#primaryimage\"},\"thumbnailUrl\":\"https:\\\/\\\/cnewa.org\\\/es\\\/wp-content\\\/uploads\\\/sites\\\/5\\\/2023\\\/01\\\/armenakyan202210_0017H-1024x683-1.jpg\",\"articleSection\":[\"Cuidando de los Ni\u00f1os Necesitados\",\"Armenia\",\"ONE\"],\"inLanguage\":\"es\"},{\"@type\":\"WebPage\",\"@id\":\"https:\\\/\\\/cnewa.org\\\/es\\\/un-punto-brillante-centro-diurno-para-ninos-embellece-pequeno-pueblo-armenio\\\/\",\"url\":\"https:\\\/\\\/cnewa.org\\\/es\\\/un-punto-brillante-centro-diurno-para-ninos-embellece-pequeno-pueblo-armenio\\\/\",\"name\":\"Centro Diurno para Ni\u00f1os Embellece Peque\u00f1o Pueblo Armenio\",\"isPartOf\":{\"@id\":\"https:\\\/\\\/cnewa.org\\\/es\\\/#website\"},\"primaryImageOfPage\":{\"@id\":\"https:\\\/\\\/cnewa.org\\\/es\\\/un-punto-brillante-centro-diurno-para-ninos-embellece-pequeno-pueblo-armenio\\\/#primaryimage\"},\"image\":{\"@id\":\"https:\\\/\\\/cnewa.org\\\/es\\\/un-punto-brillante-centro-diurno-para-ninos-embellece-pequeno-pueblo-armenio\\\/#primaryimage\"},\"thumbnailUrl\":\"https:\\\/\\\/cnewa.org\\\/es\\\/wp-content\\\/uploads\\\/sites\\\/5\\\/2023\\\/01\\\/armenakyan202210_0017H-1024x683-1.jpg\",\"datePublished\":\"2023-01-20T18:24:24+00:00\",\"dateModified\":\"2025-03-21T16:00:09+00:00\",\"description\":\"Centro El Principito, una iniciativa de cuidado infantil de Caritas Armenia, se ha convertido en una fuente de esperanza para pueblo armenio.\",\"breadcrumb\":{\"@id\":\"https:\\\/\\\/cnewa.org\\\/es\\\/un-punto-brillante-centro-diurno-para-ninos-embellece-pequeno-pueblo-armenio\\\/#breadcrumb\"},\"inLanguage\":\"es\",\"potentialAction\":[{\"@type\":\"ReadAction\",\"target\":[\"https:\\\/\\\/cnewa.org\\\/es\\\/un-punto-brillante-centro-diurno-para-ninos-embellece-pequeno-pueblo-armenio\\\/\"]}]},{\"@type\":\"ImageObject\",\"inLanguage\":\"es\",\"@id\":\"https:\\\/\\\/cnewa.org\\\/es\\\/un-punto-brillante-centro-diurno-para-ninos-embellece-pequeno-pueblo-armenio\\\/#primaryimage\",\"url\":\"https:\\\/\\\/cnewa.org\\\/es\\\/wp-content\\\/uploads\\\/sites\\\/5\\\/2023\\\/01\\\/armenakyan202210_0017H-1024x683-1.jpg\",\"contentUrl\":\"https:\\\/\\\/cnewa.org\\\/es\\\/wp-content\\\/uploads\\\/sites\\\/5\\\/2023\\\/01\\\/armenakyan202210_0017H-1024x683-1.jpg\",\"width\":1024,\"height\":683,\"caption\":\"Los ni\u00f1os en el Centro El Principito en Artashat, Armenia, oran antes del almuerzo. (foto: Nazik Armenakyan)\"},{\"@type\":\"BreadcrumbList\",\"@id\":\"https:\\\/\\\/cnewa.org\\\/es\\\/un-punto-brillante-centro-diurno-para-ninos-embellece-pequeno-pueblo-armenio\\\/#breadcrumb\",\"itemListElement\":[{\"@type\":\"ListItem\",\"position\":1,\"name\":\"Inicio\",\"item\":\"https:\\\/\\\/cnewa.org\\\/es\\\/\"},{\"@type\":\"ListItem\",\"position\":2,\"name\":\"Armenia\",\"item\":\"https:\\\/\\\/cnewa.org\\\/es\\\/categoria\\\/armenia\\\/\"},{\"@type\":\"ListItem\",\"position\":3,\"name\":\"Un Punto Brillante: Centro Diurno para Ni\u00f1os Embellece Peque\u00f1o Pueblo Armenio\"}]},{\"@type\":\"WebSite\",\"@id\":\"https:\\\/\\\/cnewa.org\\\/es\\\/#website\",\"url\":\"https:\\\/\\\/cnewa.org\\\/es\\\/\",\"name\":\"CNEWA Espa\u00f1ol\",\"description\":\"Asociaci\u00f3n Cat\u00f3lica para el Bienestar del Cercano Oriente\",\"publisher\":{\"@id\":\"https:\\\/\\\/cnewa.org\\\/es\\\/#organization\"},\"potentialAction\":[{\"@type\":\"SearchAction\",\"target\":{\"@type\":\"EntryPoint\",\"urlTemplate\":\"https:\\\/\\\/cnewa.org\\\/es\\\/?s={search_term_string}\"},\"query-input\":{\"@type\":\"PropertyValueSpecification\",\"valueRequired\":true,\"valueName\":\"search_term_string\"}}],\"inLanguage\":\"es\"},{\"@type\":\"Organization\",\"@id\":\"https:\\\/\\\/cnewa.org\\\/es\\\/#organization\",\"name\":\"CNEWA Espa\u00f1ol\",\"alternateName\":\"Asociaci\u00f3n Cat\u00f3lica para el Bienestar del Cercano Oriente\",\"url\":\"https:\\\/\\\/cnewa.org\\\/es\\\/\",\"logo\":{\"@type\":\"ImageObject\",\"inLanguage\":\"es\",\"@id\":\"https:\\\/\\\/cnewa.org\\\/es\\\/#\\\/schema\\\/logo\\\/image\\\/\",\"url\":\"https:\\\/\\\/cnewa.org\\\/es\\\/wp-content\\\/uploads\\\/sites\\\/5\\\/2021\\\/07\\\/CNEWA-brand-logo.png\",\"contentUrl\":\"https:\\\/\\\/cnewa.org\\\/es\\\/wp-content\\\/uploads\\\/sites\\\/5\\\/2021\\\/07\\\/CNEWA-brand-logo.png\",\"width\":1000,\"height\":1000,\"caption\":\"CNEWA Espa\u00f1ol\"},\"image\":{\"@id\":\"https:\\\/\\\/cnewa.org\\\/es\\\/#\\\/schema\\\/logo\\\/image\\\/\"},\"sameAs\":[\"https:\\\/\\\/www.facebook.com\\\/CNEWAenespanol\\\/\",\"https:\\\/\\\/www.instagram.com\\\/cnewa1926\\\/\",\"https:\\\/\\\/www.youtube.com\\\/user\\\/TheCNEWA\"]},{\"@type\":\"Person\",\"name\":\"Gohar Abrahamyan\"}]}<\/script>\n<!-- \/ Yoast SEO Premium plugin. -->","yoast_head_json":{"title":"Centro Diurno para Ni\u00f1os Embellece Peque\u00f1o Pueblo Armenio","description":"Centro El Principito, una iniciativa de cuidado infantil de Caritas Armenia, se ha convertido en una fuente de esperanza para pueblo armenio.","robots":{"index":"index","follow":"follow","max-snippet":"max-snippet:-1","max-image-preview":"max-image-preview:large","max-video-preview":"max-video-preview:-1"},"canonical":"https:\/\/cnewa.org\/es\/un-punto-brillante-centro-diurno-para-ninos-embellece-pequeno-pueblo-armenio\/","og_locale":"es_ES","og_type":"article","og_title":"Un Punto Brillante: Centro Diurno para Ni\u00f1os Embellece Peque\u00f1o Pueblo Armenio","og_description":"Centro El Principito, una iniciativa de cuidado infantil de Caritas Armenia, se ha convertido en una fuente de esperanza para pueblo armenio.","og_url":"https:\/\/cnewa.org\/es\/un-punto-brillante-centro-diurno-para-ninos-embellece-pequeno-pueblo-armenio\/","og_site_name":"CNEWA Espa\u00f1ol","article_publisher":"https:\/\/www.facebook.com\/CNEWAenespanol\/","article_published_time":"2023-01-20T18:24:24+00:00","article_modified_time":"2025-03-21T16:00:09+00:00","og_image":[{"width":1024,"height":683,"url":"https:\/\/cnewa.org\/es\/wp-content\/uploads\/sites\/5\/2023\/01\/armenakyan202210_0017H-1024x683-1.jpg","type":"image\/jpeg"}],"author":"Gohar Abrahamyan","twitter_card":"summary_large_image","twitter_misc":{"Escrito por":"David R. Aquije","Tiempo de lectura":"12 minutos"},"schema":{"@context":"https:\/\/schema.org","@graph":[{"@type":"Article","@id":"https:\/\/cnewa.org\/es\/un-punto-brillante-centro-diurno-para-ninos-embellece-pequeno-pueblo-armenio\/#article","isPartOf":{"@id":"https:\/\/cnewa.org\/es\/un-punto-brillante-centro-diurno-para-ninos-embellece-pequeno-pueblo-armenio\/"},"author":{"name":"Gohar Abrahamyan","@id":"https:\/\/cnewa.org\/es\/#\/schema\/person\/d2935c46e239b59210c38997d4aedf00"},"headline":"Un Punto Brillante: Centro Diurno para Ni\u00f1os Embellece Peque\u00f1o Pueblo Armenio","datePublished":"2023-01-20T18:24:24+00:00","dateModified":"2025-03-21T16:00:09+00:00","mainEntityOfPage":{"@id":"https:\/\/cnewa.org\/es\/un-punto-brillante-centro-diurno-para-ninos-embellece-pequeno-pueblo-armenio\/"},"wordCount":2526,"publisher":{"@id":"https:\/\/cnewa.org\/es\/#organization"},"image":{"@id":"https:\/\/cnewa.org\/es\/un-punto-brillante-centro-diurno-para-ninos-embellece-pequeno-pueblo-armenio\/#primaryimage"},"thumbnailUrl":"https:\/\/cnewa.org\/es\/wp-content\/uploads\/sites\/5\/2023\/01\/armenakyan202210_0017H-1024x683-1.jpg","articleSection":["Cuidando de los Ni\u00f1os Necesitados","Armenia","ONE"],"inLanguage":"es"},{"@type":"WebPage","@id":"https:\/\/cnewa.org\/es\/un-punto-brillante-centro-diurno-para-ninos-embellece-pequeno-pueblo-armenio\/","url":"https:\/\/cnewa.org\/es\/un-punto-brillante-centro-diurno-para-ninos-embellece-pequeno-pueblo-armenio\/","name":"Centro Diurno para Ni\u00f1os Embellece Peque\u00f1o Pueblo Armenio","isPartOf":{"@id":"https:\/\/cnewa.org\/es\/#website"},"primaryImageOfPage":{"@id":"https:\/\/cnewa.org\/es\/un-punto-brillante-centro-diurno-para-ninos-embellece-pequeno-pueblo-armenio\/#primaryimage"},"image":{"@id":"https:\/\/cnewa.org\/es\/un-punto-brillante-centro-diurno-para-ninos-embellece-pequeno-pueblo-armenio\/#primaryimage"},"thumbnailUrl":"https:\/\/cnewa.org\/es\/wp-content\/uploads\/sites\/5\/2023\/01\/armenakyan202210_0017H-1024x683-1.jpg","datePublished":"2023-01-20T18:24:24+00:00","dateModified":"2025-03-21T16:00:09+00:00","description":"Centro El Principito, una iniciativa de cuidado infantil de Caritas Armenia, se ha convertido en una fuente de esperanza para pueblo armenio.","breadcrumb":{"@id":"https:\/\/cnewa.org\/es\/un-punto-brillante-centro-diurno-para-ninos-embellece-pequeno-pueblo-armenio\/#breadcrumb"},"inLanguage":"es","potentialAction":[{"@type":"ReadAction","target":["https:\/\/cnewa.org\/es\/un-punto-brillante-centro-diurno-para-ninos-embellece-pequeno-pueblo-armenio\/"]}]},{"@type":"ImageObject","inLanguage":"es","@id":"https:\/\/cnewa.org\/es\/un-punto-brillante-centro-diurno-para-ninos-embellece-pequeno-pueblo-armenio\/#primaryimage","url":"https:\/\/cnewa.org\/es\/wp-content\/uploads\/sites\/5\/2023\/01\/armenakyan202210_0017H-1024x683-1.jpg","contentUrl":"https:\/\/cnewa.org\/es\/wp-content\/uploads\/sites\/5\/2023\/01\/armenakyan202210_0017H-1024x683-1.jpg","width":1024,"height":683,"caption":"Los ni\u00f1os en el Centro El Principito en Artashat, Armenia, oran antes del almuerzo. (foto: Nazik Armenakyan)"},{"@type":"BreadcrumbList","@id":"https:\/\/cnewa.org\/es\/un-punto-brillante-centro-diurno-para-ninos-embellece-pequeno-pueblo-armenio\/#breadcrumb","itemListElement":[{"@type":"ListItem","position":1,"name":"Inicio","item":"https:\/\/cnewa.org\/es\/"},{"@type":"ListItem","position":2,"name":"Armenia","item":"https:\/\/cnewa.org\/es\/categoria\/armenia\/"},{"@type":"ListItem","position":3,"name":"Un Punto Brillante: Centro Diurno para Ni\u00f1os Embellece Peque\u00f1o Pueblo Armenio"}]},{"@type":"WebSite","@id":"https:\/\/cnewa.org\/es\/#website","url":"https:\/\/cnewa.org\/es\/","name":"CNEWA Espa\u00f1ol","description":"Asociaci\u00f3n Cat\u00f3lica para el Bienestar del Cercano Oriente","publisher":{"@id":"https:\/\/cnewa.org\/es\/#organization"},"potentialAction":[{"@type":"SearchAction","target":{"@type":"EntryPoint","urlTemplate":"https:\/\/cnewa.org\/es\/?s={search_term_string}"},"query-input":{"@type":"PropertyValueSpecification","valueRequired":true,"valueName":"search_term_string"}}],"inLanguage":"es"},{"@type":"Organization","@id":"https:\/\/cnewa.org\/es\/#organization","name":"CNEWA Espa\u00f1ol","alternateName":"Asociaci\u00f3n Cat\u00f3lica para el Bienestar del Cercano Oriente","url":"https:\/\/cnewa.org\/es\/","logo":{"@type":"ImageObject","inLanguage":"es","@id":"https:\/\/cnewa.org\/es\/#\/schema\/logo\/image\/","url":"https:\/\/cnewa.org\/es\/wp-content\/uploads\/sites\/5\/2021\/07\/CNEWA-brand-logo.png","contentUrl":"https:\/\/cnewa.org\/es\/wp-content\/uploads\/sites\/5\/2021\/07\/CNEWA-brand-logo.png","width":1000,"height":1000,"caption":"CNEWA Espa\u00f1ol"},"image":{"@id":"https:\/\/cnewa.org\/es\/#\/schema\/logo\/image\/"},"sameAs":["https:\/\/www.facebook.com\/CNEWAenespanol\/","https:\/\/www.instagram.com\/cnewa1926\/","https:\/\/www.youtube.com\/user\/TheCNEWA"]},{"@type":"Person","name":"Gohar Abrahamyan"}]}},"_links":{"self":[{"href":"https:\/\/cnewa.org\/es\/wp-json\/wp\/v2\/posts\/2258","targetHints":{"allow":["GET"]}}],"collection":[{"href":"https:\/\/cnewa.org\/es\/wp-json\/wp\/v2\/posts"}],"about":[{"href":"https:\/\/cnewa.org\/es\/wp-json\/wp\/v2\/types\/post"}],"author":[{"embeddable":true,"href":"https:\/\/cnewa.org\/es\/wp-json\/wp\/v2\/users\/70019"}],"replies":[{"embeddable":true,"href":"https:\/\/cnewa.org\/es\/wp-json\/wp\/v2\/comments?post=2258"}],"version-history":[{"count":14,"href":"https:\/\/cnewa.org\/es\/wp-json\/wp\/v2\/posts\/2258\/revisions"}],"predecessor-version":[{"id":5864,"href":"https:\/\/cnewa.org\/es\/wp-json\/wp\/v2\/posts\/2258\/revisions\/5864"}],"wp:featuredmedia":[{"embeddable":true,"href":"https:\/\/cnewa.org\/es\/wp-json\/wp\/v2\/media\/2257"}],"wp:attachment":[{"href":"https:\/\/cnewa.org\/es\/wp-json\/wp\/v2\/media?parent=2258"}],"wp:term":[{"taxonomy":"category","embeddable":true,"href":"https:\/\/cnewa.org\/es\/wp-json\/wp\/v2\/categories?post=2258"}],"curies":[{"name":"wp","href":"https:\/\/api.w.org\/{rel}","templated":true}]}}