{"id":2520,"date":"2023-03-01T10:24:16","date_gmt":"2023-03-01T15:24:16","guid":{"rendered":"https:\/\/cnewa.org\/es\/?p=2520"},"modified":"2024-10-30T13:31:28","modified_gmt":"2024-10-30T17:31:28","slug":"narrativas-y-sanacion-en-la-guerra-contra-ucrania","status":"publish","type":"post","link":"https:\/\/cnewa.org\/es\/narrativas-y-sanacion-en-la-guerra-contra-ucrania\/","title":{"rendered":"Narrativas y Sanaci\u00f3n en la Guerra contra Ucrania"},"content":{"rendered":"\n<p>Las iglesias deben ayudar a dar mayor voz a los ucranianos en la narrativa sobre la guerra en curso en su pa\u00eds, en lugar de permitir que dominen las narrativas conflictivas de las potencias mundiales, dijo un acad\u00e9mico del Boston College, especializado en la intersecci\u00f3n entre la geopol\u00edtica, la religi\u00f3n y los derechos humanos.<\/p>\n\n\n\n<p>Elizabeth H. Prodromou,&nbsp;cuyo trabajo m\u00e1s reciente trata sobre la fabricaci\u00f3n de la influencia rusa a trav\u00e9s del poder blando religioso, dijo que Ucrania est\u00e1 en medio de un choque de civilizaciones que de alguna manera tiene como objeto a Ucrania. Cada lado, las potencias estadounidenses y occidentales por un lado y Vladimir Putin y Rusia por el otro, culpan al otro por la guerra en Ucrania, y ambas narrativas de superpotencias usan un lenguaje que intenta \u201csantificar lo que est\u00e1n haciendo\u201d.<\/p>\n\n\n\n<p>Prodromou form\u00f3 parte de un panel de discusi\u00f3n celebrado en la Universidad de Chicago en v\u00edsperas del aniversario de la invasi\u00f3n rusa de Ucrania. El tema discutido fue:&nbsp;<strong>\u201c<\/strong>Ideolog\u00edas de la guerra y teolog\u00edas de curaci\u00f3n: Ucrania un a\u00f1o despu\u00e9s\u201d. El evento de la noche del 23 de febrero fue parte de un programa de un d\u00eda de duraci\u00f3n en Chicago organizado por el Instituto Lumen Christi y copatrocinado por CNEWA.<\/p>\n\n\n\n<p>Un almuerzo en el Club Universitario atrajo a 140 personas y el programa nocturno atrajo a unas 60 personas presenciales y casi 300 en l\u00ednea. Una peque\u00f1a delegaci\u00f3n de CNEWA asisti\u00f3 al programa, incluyendo a Monse\u00f1or Peter I. Vaccari,&nbsp;presidente, Michael J.L. La Civita,&nbsp;director de comunicaciones, Laura Ieraci,&nbsp;editora asistente de ONE, y&nbsp;Abin Kuriakose y Mariya Kokor, miembros asociados de la junta.<\/p>\n\n\n\n<figure class=\"wp-block-image size-full\"><img loading=\"lazy\" decoding=\"async\" width=\"1024\" height=\"678\" src=\"https:\/\/cnewa.org\/es\/wp-content\/uploads\/sites\/5\/2023\/03\/DSC_0601-1024x678-1.jpg\" alt=\"\" class=\"wp-image-2524\" srcset=\"https:\/\/cnewa.org\/es\/wp-content\/uploads\/sites\/5\/2023\/03\/DSC_0601-1024x678-1.jpg 1024w, https:\/\/cnewa.org\/es\/wp-content\/uploads\/sites\/5\/2023\/03\/DSC_0601-1024x678-1-300x199.jpg 300w, https:\/\/cnewa.org\/es\/wp-content\/uploads\/sites\/5\/2023\/03\/DSC_0601-1024x678-1-768x509.jpg 768w\" sizes=\"auto, (max-width: 1024px) 100vw, 1024px\" \/><figcaption class=\"wp-element-caption\">El Arzobispo Borys Gudziak (centro) se sent\u00f3 en la mesa de la delegaci\u00f3n de CNEWA durante el almuerzo de Lumen Christi, celebrado en el Club Universitario de Chicago el 23 de febrero. Est\u00e1 flanqueado por el obispo Venedikt Aleksiychuk de la Eparqu\u00eda Greco-Cat\u00f3lica Ucraniana de San Nicol\u00e1s de Chicago (izquierda) y Michael J.L. La Civita, director de comunicaciones de CNEWA. Segundo desde la izquierda, Monse\u00f1or Peter I. Vaccari, presidente de CNEWA. (foto: cortes\u00eda del Instituto Lumen Christi)<\/figcaption><\/figure>\n\n\n\n<p>Las iglesias enfrentan \u201cun enorme desaf\u00edo\u201d en c\u00f3mo abordar la guerra y el tipo de sanaci\u00f3n que se necesitar\u00e1 cuando termine la guerra, dijo Prodromou, quien tambi\u00e9n sirvi\u00f3 bajo dos administraciones del gobierno estadounidense.<\/p>\n\n\n\n<p>\u201cEs muy dif\u00edcil para las iglesias mirar los Evangelios y el mensaje del Evangelio\u201d cuando las personas est\u00e1n siendo asesinadas, dijo, usando t\u00e9rminos que no parecen encajar bien en el contexto: \u201camor, paz, justicia, juicio, misericordia, perd\u00f3n, arrepentimiento\u201d.<\/p>\n\n\n\n<p>Otro miembro del panel, Perry Hamalis,&nbsp;di\u00e1cono ortodoxo griego y profesor de estudios religiosos en North Central College en Naperville, Illinois, dijo que la guerra era una oportunidad para que los cristianos ofrecieran un testimonio aut\u00e9ntico.<\/p>\n\n\n\n<p>\u201c\u00bfCu\u00e1l es el testimonio que se ofrece al mundo en este momento?\u00bb, pregunt\u00f3. Luego procedi\u00f3 a responder a su propia pregunta: Dos naciones cristianas se est\u00e1n matando entre s\u00ed, torturando, desplazando y destruyendo. La guerra ofrece una oportunidad para que las personas que son anticristianas reduzcan el cristianismo a una ideolog\u00eda m\u00e1s que promueva la violencia, dijo.<\/p>\n\n\n\n<p>Hamalis dijo que para evitar que este tipo de guerra y sufrimiento se repita, \u201ctiene que haber un reconocimiento de responsabilidad y un acto de arrepentimiento genuino\u201d. Dijo que nunca hubo tal reconocimiento de los horrores que ocurrieron en la antigua Uni\u00f3n Sovi\u00e9tica y que \u201cese tipo de cambio de coraz\u00f3n no parece estar en el horizonte\u201d.&nbsp;<\/p>\n\n\n\n<p>Gayle E. Woloschak,&nbsp;decana asociada de asuntos de posgrado y postdoctorado en la Universidad Northwestern, Evanston, Illinois, dijo que la comunidad ucraniana en la di\u00e1spora ha sido dividida por la guerra y tambi\u00e9n necesitar\u00e1 sanaci\u00f3n una vez que termine la guerra.<\/p>\n\n\n\n<p>Ucrania se enfrenta a una \u201cversi\u00f3n muy, muy rusificada de la ortodoxia\u201d, que incluyen declaraciones de los rusos de que no existe tal cosa como un ucraniano. Adem\u00e1s, algunos obispos ortodoxos en los Estados Unidos no han tomado una posici\u00f3n sobre la invasi\u00f3n rusa y \u201cesto ha dividido a la Iglesia Ortodoxa en los Estados Unidos muy fuertemente y ha sido muy hiriente\u201d.<\/p>\n\n\n\n<p>Woloschak, miembro de la Iglesia Ortodoxa Ucraniana de los Estados Unidos, tambi\u00e9n expres\u00f3 su gratitud por los estadounidenses que se han acercado para ofrecer oraciones y apoyo.<\/p>\n\n\n\n<p>\u201cHa sido muy edificante para los ucranianos sentir este amor\u201d, dijo.<\/p>\n\n\n\n<p>El metropolita Borys Gudziak,&nbsp;Arzobispo de la Archieparqu\u00eda Greco-Cat\u00f3lica Ucraniana de Filadelfia, particip\u00f3 en el panel y m\u00e1s temprano en el d\u00eda en un almuerzo, donde fue el orador principal. En ambas sesiones, expres\u00f3 su preocupaci\u00f3n por el \u201ctrauma profundo, profundo\u201d que la guerra tendr\u00e1 en las futuras generaciones de ucranianos. Sin embargo, dijo que los acontecimientos en la historia de Ucrania les han ayudado en esta guerra y continuar\u00e1n ayud\u00e1ndoles.<\/p>\n\n\n\n<p>\u201cLos ucranianos saben que la historia se repite ante sus ojos\u201d, dijo durante el panel. \u201cLa ocupaci\u00f3n est\u00e1 directamente relacionada con cr\u00edmenes de guerra y cr\u00edmenes contra la humanidad\u201d.<\/p>\n\n\n\n<figure class=\"wp-block-image size-full\"><img loading=\"lazy\" decoding=\"async\" width=\"1024\" height=\"678\" src=\"https:\/\/cnewa.org\/es\/wp-content\/uploads\/sites\/5\/2023\/03\/DSC_0577-1024x678-1.jpg\" alt=\"El Arzobispo Borys Gudziak (derecha) habla con el obispo Venedikt Aleksiychuk de la Eparqu\u00eda Greco-Cat\u00f3lica Ucraniana de San Nicol\u00e1s de Chicago.\" class=\"wp-image-2523\" srcset=\"https:\/\/cnewa.org\/es\/wp-content\/uploads\/sites\/5\/2023\/03\/DSC_0577-1024x678-1.jpg 1024w, https:\/\/cnewa.org\/es\/wp-content\/uploads\/sites\/5\/2023\/03\/DSC_0577-1024x678-1-300x199.jpg 300w, https:\/\/cnewa.org\/es\/wp-content\/uploads\/sites\/5\/2023\/03\/DSC_0577-1024x678-1-768x509.jpg 768w\" sizes=\"auto, (max-width: 1024px) 100vw, 1024px\" \/><figcaption class=\"wp-element-caption\">El Arzobispo Borys Gudziak (derecha) habla con el obispo Venedikt Aleksiychuk de la Eparqu\u00eda Greco-Cat\u00f3lica Ucraniana de San Nicol\u00e1s de Chicago en el almuerzo de Lumen Christi, celebrado en el Club Universitario de Chicago el 23 de febrero, para conmemorar el aniversario de la guerra en Ucrania. (foto: cortes\u00eda del Instituto Lumen Christi)<\/figcaption><\/figure>\n\n\n\n<p>En el almuerzo, habl\u00f3 de los casi 20 a\u00f1os durante los cuales dedic\u00f3 tiempo a entrevistar a los cat\u00f3licos griegos ucranianos que hab\u00edan pasado gran parte del siglo XX como una iglesia clandestina.<\/p>\n\n\n\n<p>\u201cEste grupo m\u00e1s peque\u00f1o estaba animado constantemente por una fe profunda y casi una confianza primordial, porque era un t\u00fanel largo &#8230; No se pod\u00eda ver un momento en que esto pudiera terminar\u201d, dijo.<\/p>\n\n\n\n<p>Dijo que esas entrevistas le mostraron que \u201cno hay circunstancia en la que sea imposible vivir la vida de Cristo, vivir lo espiritual&#8230; Puede ser dif\u00edcil, pero no es imposible; el Se\u00f1or est\u00e1 presente\u201d.<\/p>\n\n\n\n<p>Aquellos que no se comprometieron con el r\u00e9gimen comunista fueron a la clandestinidad y salieron de ah\u00ed con la tradici\u00f3n de la ense\u00f1anza social cat\u00f3lica: \u201cLa dignidad dada por Dios, la solidaridad, la subsidiariedad, el bien com\u00fan\u201d.<\/p>\n\n\n\n<p>Dijo que el Arzobispo Mayor Andrey Sheptytsky, quien dirigi\u00f3 la Iglesia Greco-Cat\u00f3lica Ucraniana, de 1901 a 1944, a menudo hablaba de estos principios en un lenguaje sencillo, y los ucranianos hab\u00edan sido formados por la ense\u00f1anza del arzobispo Sheptytsky, se dieran cuenta o no.<\/p>\n\n\n\n<p>El arzobispo Gudziak, que ha visitado Ucrania seis veces desde que comenz\u00f3 la guerra, as\u00ed como a refugiados en una docena de pa\u00edses, se\u00f1al\u00f3 que 14 millones de personas han sido desplazadas por la guerra, y no ha visto a ninguno de ellos viviendo en las calles. Fueron recibidos en los hogares de las personas e instituciones, reconociendo que los humanos tienen dignidad y que el bien com\u00fan es mayor que el individual.<\/p>\n\n\n\n<p>\u201cPueden lidiar con la cat\u00e1strofe si lo hacen a la luz de Cristo\u201d, dijo a los participantes en el almuerzo. \u201cEs all\u00ed donde veo esperanza de paz y una alegr\u00eda que llena el coraz\u00f3n de hombres y mujeres\u201d.<\/p>\n\n\n\n<p><a href=\"https:\/\/cnewa.org\/work\/ukraine\/\" target=\"_blank\" rel=\"noreferrer noopener\"><a href=\"https:\/\/cnewa.org\/work\/ukraine\/\">Haga una donaci\u00f3n a los esfuerzos de CNEWA en Ucrania.<\/a><\/a><\/p>\n","protected":false},"excerpt":{"rendered":"<p>Las iglesias deben ayudar a dar mayor voz a los ucranianos en la narrativa sobre la guerra en curso en su pa\u00eds, en lugar de permitir que dominen las narrativas conflictivas de las potencias mundiales, dijo un acad\u00e9mico del Boston College, especializado en la intersecci\u00f3n entre la geopol\u00edtica, la religi\u00f3n y los derechos humanos. Elizabeth &hellip; <a href=\"https:\/\/cnewa.org\/es\/narrativas-y-sanacion-en-la-guerra-contra-ucrania\/\">Continued<\/a><\/p>\n","protected":false},"author":70019,"featured_media":2525,"comment_status":"closed","ping_status":"closed","sticky":false,"template":"","format":"standard","meta":{"_acf_changed":false,"footnotes":""},"categories":[3,44],"class_list":["post-2520","post","type-post","status-publish","format-standard","has-post-thumbnail","hentry","category-noticias","category-ucrania"],"acf":[],"yoast_head":"<!-- This site is optimized with the Yoast SEO Premium plugin v27.3 (Yoast SEO v27.3) - https:\/\/yoast.com\/product\/yoast-seo-premium-wordpress\/ -->\n<title>Narrativas y Sanaci\u00f3n en la Guerra contra Ucrania | CNEWA Espa\u00f1ol<\/title>\n<meta name=\"description\" content=\"Las iglesias deben ayudar a dar mayor voz a los ucranianos en la narrativa sobre la guerra en curso en su pa\u00eds.\" \/>\n<meta name=\"robots\" content=\"index, follow, max-snippet:-1, max-image-preview:large, max-video-preview:-1\" \/>\n<link rel=\"canonical\" href=\"https:\/\/cnewa.org\/es\/narrativas-y-sanacion-en-la-guerra-contra-ucrania\/\" \/>\n<meta property=\"og:locale\" content=\"es_ES\" \/>\n<meta property=\"og:type\" content=\"article\" \/>\n<meta property=\"og:title\" content=\"Narrativas y Sanaci\u00f3n en la Guerra contra Ucrania\" \/>\n<meta property=\"og:description\" content=\"Las iglesias deben ayudar a dar mayor voz a los ucranianos en la narrativa sobre la guerra en curso en su pa\u00eds.\" \/>\n<meta property=\"og:url\" content=\"https:\/\/cnewa.org\/es\/narrativas-y-sanacion-en-la-guerra-contra-ucrania\/\" \/>\n<meta property=\"og:site_name\" content=\"CNEWA Espa\u00f1ol\" \/>\n<meta property=\"article:publisher\" content=\"https:\/\/www.facebook.com\/CNEWAenespanol\/\" \/>\n<meta property=\"article:published_time\" content=\"2023-03-01T15:24:16+00:00\" \/>\n<meta property=\"article:modified_time\" content=\"2024-10-30T17:31:28+00:00\" \/>\n<meta property=\"og:image\" content=\"https:\/\/cnewa.org\/es\/wp-content\/uploads\/sites\/5\/2023\/03\/IMG_3599-1024x768-1.jpg\" \/>\n\t<meta property=\"og:image:width\" content=\"1024\" \/>\n\t<meta property=\"og:image:height\" content=\"768\" \/>\n\t<meta property=\"og:image:type\" content=\"image\/jpeg\" \/>\n<meta name=\"author\" content=\"Barb Fraze\" \/>\n<meta name=\"twitter:card\" content=\"summary_large_image\" \/>\n<meta name=\"twitter:label1\" content=\"Escrito por\" \/>\n\t<meta name=\"twitter:data1\" content=\"David R. Aquije\" \/>\n\t<meta name=\"twitter:label2\" content=\"Tiempo de lectura\" \/>\n\t<meta name=\"twitter:data2\" content=\"7 minutos\" \/>\n<script type=\"application\/ld+json\" class=\"yoast-schema-graph\">{\"@context\":\"https:\\\/\\\/schema.org\",\"@graph\":[{\"@type\":\"Article\",\"@id\":\"https:\\\/\\\/cnewa.org\\\/es\\\/narrativas-y-sanacion-en-la-guerra-contra-ucrania\\\/#article\",\"isPartOf\":{\"@id\":\"https:\\\/\\\/cnewa.org\\\/es\\\/narrativas-y-sanacion-en-la-guerra-contra-ucrania\\\/\"},\"author\":{\"name\":\"Barb Fraze\",\"@id\":\"https:\\\/\\\/cnewa.org\\\/es\\\/#\\\/schema\\\/person\\\/d2935c46e239b59210c38997d4aedf00\"},\"headline\":\"Narrativas y Sanaci\u00f3n en la Guerra contra Ucrania\",\"datePublished\":\"2023-03-01T15:24:16+00:00\",\"dateModified\":\"2024-10-30T17:31:28+00:00\",\"mainEntityOfPage\":{\"@id\":\"https:\\\/\\\/cnewa.org\\\/es\\\/narrativas-y-sanacion-en-la-guerra-contra-ucrania\\\/\"},\"wordCount\":1270,\"publisher\":{\"@id\":\"https:\\\/\\\/cnewa.org\\\/es\\\/#organization\"},\"image\":{\"@id\":\"https:\\\/\\\/cnewa.org\\\/es\\\/narrativas-y-sanacion-en-la-guerra-contra-ucrania\\\/#primaryimage\"},\"thumbnailUrl\":\"https:\\\/\\\/cnewa.org\\\/es\\\/wp-content\\\/uploads\\\/sites\\\/5\\\/2023\\\/03\\\/IMG_3599-1024x768-1.jpg\",\"articleSection\":[\"Noticias\",\"Ucrania\"],\"inLanguage\":\"es\"},{\"@type\":\"WebPage\",\"@id\":\"https:\\\/\\\/cnewa.org\\\/es\\\/narrativas-y-sanacion-en-la-guerra-contra-ucrania\\\/\",\"url\":\"https:\\\/\\\/cnewa.org\\\/es\\\/narrativas-y-sanacion-en-la-guerra-contra-ucrania\\\/\",\"name\":\"Narrativas y Sanaci\u00f3n en la Guerra contra Ucrania | CNEWA Espa\u00f1ol\",\"isPartOf\":{\"@id\":\"https:\\\/\\\/cnewa.org\\\/es\\\/#website\"},\"primaryImageOfPage\":{\"@id\":\"https:\\\/\\\/cnewa.org\\\/es\\\/narrativas-y-sanacion-en-la-guerra-contra-ucrania\\\/#primaryimage\"},\"image\":{\"@id\":\"https:\\\/\\\/cnewa.org\\\/es\\\/narrativas-y-sanacion-en-la-guerra-contra-ucrania\\\/#primaryimage\"},\"thumbnailUrl\":\"https:\\\/\\\/cnewa.org\\\/es\\\/wp-content\\\/uploads\\\/sites\\\/5\\\/2023\\\/03\\\/IMG_3599-1024x768-1.jpg\",\"datePublished\":\"2023-03-01T15:24:16+00:00\",\"dateModified\":\"2024-10-30T17:31:28+00:00\",\"description\":\"Las iglesias deben ayudar a dar mayor voz a los ucranianos en la narrativa sobre la guerra en curso en su pa\u00eds.\",\"breadcrumb\":{\"@id\":\"https:\\\/\\\/cnewa.org\\\/es\\\/narrativas-y-sanacion-en-la-guerra-contra-ucrania\\\/#breadcrumb\"},\"inLanguage\":\"es\",\"potentialAction\":[{\"@type\":\"ReadAction\",\"target\":[\"https:\\\/\\\/cnewa.org\\\/es\\\/narrativas-y-sanacion-en-la-guerra-contra-ucrania\\\/\"]}]},{\"@type\":\"ImageObject\",\"inLanguage\":\"es\",\"@id\":\"https:\\\/\\\/cnewa.org\\\/es\\\/narrativas-y-sanacion-en-la-guerra-contra-ucrania\\\/#primaryimage\",\"url\":\"https:\\\/\\\/cnewa.org\\\/es\\\/wp-content\\\/uploads\\\/sites\\\/5\\\/2023\\\/03\\\/IMG_3599-1024x768-1.jpg\",\"contentUrl\":\"https:\\\/\\\/cnewa.org\\\/es\\\/wp-content\\\/uploads\\\/sites\\\/5\\\/2023\\\/03\\\/IMG_3599-1024x768-1.jpg\",\"width\":1024,\"height\":768,\"caption\":\"De izquierda a derecha: Gayle E. Woloschak, Elizabeth Prodromou, el di\u00e1cono Perry Hamalis y el Arzobispo Borys Gudziak participaron en una mesa redonda en la Universidad de Chicago el 23 de febrero para conmemorar el aniversario de la guerra en Ucrania. (foto: Laura Ieraci)\"},{\"@type\":\"BreadcrumbList\",\"@id\":\"https:\\\/\\\/cnewa.org\\\/es\\\/narrativas-y-sanacion-en-la-guerra-contra-ucrania\\\/#breadcrumb\",\"itemListElement\":[{\"@type\":\"ListItem\",\"position\":1,\"name\":\"Inicio\",\"item\":\"https:\\\/\\\/cnewa.org\\\/es\\\/\"},{\"@type\":\"ListItem\",\"position\":2,\"name\":\"Noticias\",\"item\":\"https:\\\/\\\/cnewa.org\\\/es\\\/categoria\\\/noticias\\\/\"},{\"@type\":\"ListItem\",\"position\":3,\"name\":\"Narrativas y Sanaci\u00f3n en la Guerra contra Ucrania\"}]},{\"@type\":\"WebSite\",\"@id\":\"https:\\\/\\\/cnewa.org\\\/es\\\/#website\",\"url\":\"https:\\\/\\\/cnewa.org\\\/es\\\/\",\"name\":\"CNEWA Espa\u00f1ol\",\"description\":\"Asociaci\u00f3n Cat\u00f3lica para el Bienestar del Cercano Oriente\",\"publisher\":{\"@id\":\"https:\\\/\\\/cnewa.org\\\/es\\\/#organization\"},\"potentialAction\":[{\"@type\":\"SearchAction\",\"target\":{\"@type\":\"EntryPoint\",\"urlTemplate\":\"https:\\\/\\\/cnewa.org\\\/es\\\/?s={search_term_string}\"},\"query-input\":{\"@type\":\"PropertyValueSpecification\",\"valueRequired\":true,\"valueName\":\"search_term_string\"}}],\"inLanguage\":\"es\"},{\"@type\":\"Organization\",\"@id\":\"https:\\\/\\\/cnewa.org\\\/es\\\/#organization\",\"name\":\"CNEWA Espa\u00f1ol\",\"alternateName\":\"Asociaci\u00f3n Cat\u00f3lica para el Bienestar del Cercano Oriente\",\"url\":\"https:\\\/\\\/cnewa.org\\\/es\\\/\",\"logo\":{\"@type\":\"ImageObject\",\"inLanguage\":\"es\",\"@id\":\"https:\\\/\\\/cnewa.org\\\/es\\\/#\\\/schema\\\/logo\\\/image\\\/\",\"url\":\"https:\\\/\\\/cnewa.org\\\/es\\\/wp-content\\\/uploads\\\/sites\\\/5\\\/2021\\\/07\\\/CNEWA-brand-logo.png\",\"contentUrl\":\"https:\\\/\\\/cnewa.org\\\/es\\\/wp-content\\\/uploads\\\/sites\\\/5\\\/2021\\\/07\\\/CNEWA-brand-logo.png\",\"width\":1000,\"height\":1000,\"caption\":\"CNEWA Espa\u00f1ol\"},\"image\":{\"@id\":\"https:\\\/\\\/cnewa.org\\\/es\\\/#\\\/schema\\\/logo\\\/image\\\/\"},\"sameAs\":[\"https:\\\/\\\/www.facebook.com\\\/CNEWAenespanol\\\/\",\"https:\\\/\\\/www.instagram.com\\\/cnewa1926\\\/\",\"https:\\\/\\\/www.youtube.com\\\/user\\\/TheCNEWA\"]},{\"@type\":\"Person\",\"name\":\"Barb Fraze\"}]}<\/script>\n<!-- \/ Yoast SEO Premium plugin. -->","yoast_head_json":{"title":"Narrativas y Sanaci\u00f3n en la Guerra contra Ucrania | CNEWA Espa\u00f1ol","description":"Las iglesias deben ayudar a dar mayor voz a los ucranianos en la narrativa sobre la guerra en curso en su pa\u00eds.","robots":{"index":"index","follow":"follow","max-snippet":"max-snippet:-1","max-image-preview":"max-image-preview:large","max-video-preview":"max-video-preview:-1"},"canonical":"https:\/\/cnewa.org\/es\/narrativas-y-sanacion-en-la-guerra-contra-ucrania\/","og_locale":"es_ES","og_type":"article","og_title":"Narrativas y Sanaci\u00f3n en la Guerra contra Ucrania","og_description":"Las iglesias deben ayudar a dar mayor voz a los ucranianos en la narrativa sobre la guerra en curso en su pa\u00eds.","og_url":"https:\/\/cnewa.org\/es\/narrativas-y-sanacion-en-la-guerra-contra-ucrania\/","og_site_name":"CNEWA Espa\u00f1ol","article_publisher":"https:\/\/www.facebook.com\/CNEWAenespanol\/","article_published_time":"2023-03-01T15:24:16+00:00","article_modified_time":"2024-10-30T17:31:28+00:00","og_image":[{"width":1024,"height":768,"url":"https:\/\/cnewa.org\/es\/wp-content\/uploads\/sites\/5\/2023\/03\/IMG_3599-1024x768-1.jpg","type":"image\/jpeg"}],"author":"Barb Fraze","twitter_card":"summary_large_image","twitter_misc":{"Escrito por":"David R. Aquije","Tiempo de lectura":"7 minutos"},"schema":{"@context":"https:\/\/schema.org","@graph":[{"@type":"Article","@id":"https:\/\/cnewa.org\/es\/narrativas-y-sanacion-en-la-guerra-contra-ucrania\/#article","isPartOf":{"@id":"https:\/\/cnewa.org\/es\/narrativas-y-sanacion-en-la-guerra-contra-ucrania\/"},"author":{"name":"Barb Fraze","@id":"https:\/\/cnewa.org\/es\/#\/schema\/person\/d2935c46e239b59210c38997d4aedf00"},"headline":"Narrativas y Sanaci\u00f3n en la Guerra contra Ucrania","datePublished":"2023-03-01T15:24:16+00:00","dateModified":"2024-10-30T17:31:28+00:00","mainEntityOfPage":{"@id":"https:\/\/cnewa.org\/es\/narrativas-y-sanacion-en-la-guerra-contra-ucrania\/"},"wordCount":1270,"publisher":{"@id":"https:\/\/cnewa.org\/es\/#organization"},"image":{"@id":"https:\/\/cnewa.org\/es\/narrativas-y-sanacion-en-la-guerra-contra-ucrania\/#primaryimage"},"thumbnailUrl":"https:\/\/cnewa.org\/es\/wp-content\/uploads\/sites\/5\/2023\/03\/IMG_3599-1024x768-1.jpg","articleSection":["Noticias","Ucrania"],"inLanguage":"es"},{"@type":"WebPage","@id":"https:\/\/cnewa.org\/es\/narrativas-y-sanacion-en-la-guerra-contra-ucrania\/","url":"https:\/\/cnewa.org\/es\/narrativas-y-sanacion-en-la-guerra-contra-ucrania\/","name":"Narrativas y Sanaci\u00f3n en la Guerra contra Ucrania | CNEWA Espa\u00f1ol","isPartOf":{"@id":"https:\/\/cnewa.org\/es\/#website"},"primaryImageOfPage":{"@id":"https:\/\/cnewa.org\/es\/narrativas-y-sanacion-en-la-guerra-contra-ucrania\/#primaryimage"},"image":{"@id":"https:\/\/cnewa.org\/es\/narrativas-y-sanacion-en-la-guerra-contra-ucrania\/#primaryimage"},"thumbnailUrl":"https:\/\/cnewa.org\/es\/wp-content\/uploads\/sites\/5\/2023\/03\/IMG_3599-1024x768-1.jpg","datePublished":"2023-03-01T15:24:16+00:00","dateModified":"2024-10-30T17:31:28+00:00","description":"Las iglesias deben ayudar a dar mayor voz a los ucranianos en la narrativa sobre la guerra en curso en su pa\u00eds.","breadcrumb":{"@id":"https:\/\/cnewa.org\/es\/narrativas-y-sanacion-en-la-guerra-contra-ucrania\/#breadcrumb"},"inLanguage":"es","potentialAction":[{"@type":"ReadAction","target":["https:\/\/cnewa.org\/es\/narrativas-y-sanacion-en-la-guerra-contra-ucrania\/"]}]},{"@type":"ImageObject","inLanguage":"es","@id":"https:\/\/cnewa.org\/es\/narrativas-y-sanacion-en-la-guerra-contra-ucrania\/#primaryimage","url":"https:\/\/cnewa.org\/es\/wp-content\/uploads\/sites\/5\/2023\/03\/IMG_3599-1024x768-1.jpg","contentUrl":"https:\/\/cnewa.org\/es\/wp-content\/uploads\/sites\/5\/2023\/03\/IMG_3599-1024x768-1.jpg","width":1024,"height":768,"caption":"De izquierda a derecha: Gayle E. Woloschak, Elizabeth Prodromou, el di\u00e1cono Perry Hamalis y el Arzobispo Borys Gudziak participaron en una mesa redonda en la Universidad de Chicago el 23 de febrero para conmemorar el aniversario de la guerra en Ucrania. (foto: Laura Ieraci)"},{"@type":"BreadcrumbList","@id":"https:\/\/cnewa.org\/es\/narrativas-y-sanacion-en-la-guerra-contra-ucrania\/#breadcrumb","itemListElement":[{"@type":"ListItem","position":1,"name":"Inicio","item":"https:\/\/cnewa.org\/es\/"},{"@type":"ListItem","position":2,"name":"Noticias","item":"https:\/\/cnewa.org\/es\/categoria\/noticias\/"},{"@type":"ListItem","position":3,"name":"Narrativas y Sanaci\u00f3n en la Guerra contra Ucrania"}]},{"@type":"WebSite","@id":"https:\/\/cnewa.org\/es\/#website","url":"https:\/\/cnewa.org\/es\/","name":"CNEWA Espa\u00f1ol","description":"Asociaci\u00f3n Cat\u00f3lica para el Bienestar del Cercano Oriente","publisher":{"@id":"https:\/\/cnewa.org\/es\/#organization"},"potentialAction":[{"@type":"SearchAction","target":{"@type":"EntryPoint","urlTemplate":"https:\/\/cnewa.org\/es\/?s={search_term_string}"},"query-input":{"@type":"PropertyValueSpecification","valueRequired":true,"valueName":"search_term_string"}}],"inLanguage":"es"},{"@type":"Organization","@id":"https:\/\/cnewa.org\/es\/#organization","name":"CNEWA Espa\u00f1ol","alternateName":"Asociaci\u00f3n Cat\u00f3lica para el Bienestar del Cercano Oriente","url":"https:\/\/cnewa.org\/es\/","logo":{"@type":"ImageObject","inLanguage":"es","@id":"https:\/\/cnewa.org\/es\/#\/schema\/logo\/image\/","url":"https:\/\/cnewa.org\/es\/wp-content\/uploads\/sites\/5\/2021\/07\/CNEWA-brand-logo.png","contentUrl":"https:\/\/cnewa.org\/es\/wp-content\/uploads\/sites\/5\/2021\/07\/CNEWA-brand-logo.png","width":1000,"height":1000,"caption":"CNEWA Espa\u00f1ol"},"image":{"@id":"https:\/\/cnewa.org\/es\/#\/schema\/logo\/image\/"},"sameAs":["https:\/\/www.facebook.com\/CNEWAenespanol\/","https:\/\/www.instagram.com\/cnewa1926\/","https:\/\/www.youtube.com\/user\/TheCNEWA"]},{"@type":"Person","name":"Barb Fraze"}]}},"_links":{"self":[{"href":"https:\/\/cnewa.org\/es\/wp-json\/wp\/v2\/posts\/2520","targetHints":{"allow":["GET"]}}],"collection":[{"href":"https:\/\/cnewa.org\/es\/wp-json\/wp\/v2\/posts"}],"about":[{"href":"https:\/\/cnewa.org\/es\/wp-json\/wp\/v2\/types\/post"}],"author":[{"embeddable":true,"href":"https:\/\/cnewa.org\/es\/wp-json\/wp\/v2\/users\/70019"}],"replies":[{"embeddable":true,"href":"https:\/\/cnewa.org\/es\/wp-json\/wp\/v2\/comments?post=2520"}],"version-history":[{"count":6,"href":"https:\/\/cnewa.org\/es\/wp-json\/wp\/v2\/posts\/2520\/revisions"}],"predecessor-version":[{"id":5873,"href":"https:\/\/cnewa.org\/es\/wp-json\/wp\/v2\/posts\/2520\/revisions\/5873"}],"wp:featuredmedia":[{"embeddable":true,"href":"https:\/\/cnewa.org\/es\/wp-json\/wp\/v2\/media\/2525"}],"wp:attachment":[{"href":"https:\/\/cnewa.org\/es\/wp-json\/wp\/v2\/media?parent=2520"}],"wp:term":[{"taxonomy":"category","embeddable":true,"href":"https:\/\/cnewa.org\/es\/wp-json\/wp\/v2\/categories?post=2520"}],"curies":[{"name":"wp","href":"https:\/\/api.w.org\/{rel}","templated":true}]}}