{"id":2786,"date":"2023-04-04T13:27:55","date_gmt":"2023-04-04T17:27:55","guid":{"rendered":"https:\/\/cnewa.org\/es\/?p=2786"},"modified":"2023-04-04T14:17:28","modified_gmt":"2023-04-04T18:17:28","slug":"la-respuesta-de-cnewa-a-la-pandemia-de-covid-19","status":"publish","type":"post","link":"https:\/\/cnewa.org\/es\/la-respuesta-de-cnewa-a-la-pandemia-de-covid-19\/","title":{"rendered":"La Respuesta de CNEWA a la Pandemia de COVID-19"},"content":{"rendered":"\n<p><em><em>Hace tres a\u00f1os, en marzo, el mundo se detuvo. En este aniversario, CNEWA public\u00f3 un informe para destacar su respuesta al COVID-19. Lea el PDF completo aqu\u00ed, o v\u00e9alo m\u00e1s abajo.<\/em><\/em><\/p>\n\n\n\n<p>A medida que la pandemia de COVID-19 se extendi\u00f3 por todo el mundo en marzo de 2020, el mundo qued\u00f3 sumido en una cat\u00e1strofe de proporciones \u00e9picas, con muerte, destrucci\u00f3n y desesperaci\u00f3n a escala global. La Organizaci\u00f3n Mundial de la Salud <a href=\"https:\/\/www.who.int\/es\" target=\"_blank\" rel=\"noreferrer noopener\">(OMS)<\/a> estima que, en el per\u00edodo comprendido entre enero de 2020 y diciembre de 2021, murieron casi 15 millones de personas alrededor del mundo a causa del virus.<\/p>\n\n\n\n<p>La mayor\u00eda de las vidas que se perdieron durante la pandemia perecieron sin un diagn\u00f3stico formal de COVID-19. Seg\u00fan los investigadores de la OMS, se reportaron 5,42 millones de muertes por el virus; no obstante, durante el periodo de pandemia se produjo 9,49 millones de muertes adicionales. Durante este per\u00edodo aterrador, muchas personas no recibieron atenci\u00f3n m\u00e9dica adecuada; un n\u00famero incalculable de seres humanos muri\u00f3 en completa soledad, forzados a estar aislados de sus familiares inmediatos en sus \u00faltimas horas. &#8230;<\/p>\n\n\n\n<p>En CNEWA estamos orgullosos de nuestra extensa red de organizaciones asociadas y de los programas que pudimos implementar a medida que la pandemia se propagaba y el mundo se cerraba. Estamos agradecidos con nuestros m\u00e1s de 10.000 donantes que hicieron posible este esfuerzo capaz de salvar vidas.&nbsp;<\/p>\n\n\n\n<p>Mientras que la pandemia ingresa a una etapa end\u00e9mica, los pa\u00edses en los que servimos contin\u00faan luchando con las consecuencias econ\u00f3micas de los cierres del a\u00f1o 2020. Se enfrentan tambi\u00e9n a factores que amenazan el suministro de alimentos a causa de la guerra en Ucrania. Dicho conflicto ha interrumpido el flujo de exportaci\u00f3n de trigo a muchos pa\u00edses del mundo, y conducir\u00e1 a un fuerte aumento de los costos.<\/p>\n\n\n\n<p>La complejidad de la crisis actual y la necesidad de apoyar a las personas en riesgo nunca han sido mayores.<\/p>\n\n\n\n<p>Gracias a nuestra prolongada presencia en aquellos pa\u00edses donde nos toca servir, as\u00ed como a nuestra capacidad para unir a personas y comunidades en tiempos de crisis, CNEWA se encuentra lista y expectante para enfrentar los desaf\u00edos que puedan aparecer.<\/p>\n\n\n\n<figure class=\"wp-block-image size-full\"><a href=\"https:\/\/cnewa.org\/es\/wp-content\/uploads\/sites\/5\/2023\/04\/CNEWA-COVID-2023-Spanish.pdf\"><img loading=\"lazy\" decoding=\"async\" width=\"595\" height=\"794\" src=\"https:\/\/cnewa.org\/es\/wp-content\/uploads\/sites\/5\/2023\/04\/Screenshot-2023-04-04-at-1.03.51-PM.png\" alt=\"\" class=\"wp-image-2790\" srcset=\"https:\/\/cnewa.org\/es\/wp-content\/uploads\/sites\/5\/2023\/04\/Screenshot-2023-04-04-at-1.03.51-PM.png 595w, https:\/\/cnewa.org\/es\/wp-content\/uploads\/sites\/5\/2023\/04\/Screenshot-2023-04-04-at-1.03.51-PM-225x300.png 225w\" sizes=\"auto, (max-width: 595px) 100vw, 595px\" \/><\/a><figcaption class=\"wp-element-caption\"><a href=\"https:\/\/cnewa.org\/es\/wp-content\/uploads\/sites\/5\/2023\/04\/CNEWA-COVID-2023-Spanish.pdf\" target=\"_blank\" rel=\"noreferrer noopener\">Vea o descargue el PDF completo<\/a>.<\/figcaption><\/figure>\n","protected":false},"excerpt":{"rendered":"<p>Hace tres a\u00f1os, en marzo, el mundo se detuvo. En este aniversario, CNEWA public\u00f3 un informe para destacar su respuesta al COVID-19. Lea el PDF completo aqu\u00ed, o v\u00e9alo m\u00e1s abajo. A medida que la pandemia de COVID-19 se extendi\u00f3 por todo el mundo en marzo de 2020, el mundo qued\u00f3 sumido en una cat\u00e1strofe &hellip; <a href=\"https:\/\/cnewa.org\/es\/la-respuesta-de-cnewa-a-la-pandemia-de-covid-19\/\">Continued<\/a><\/p>\n","protected":false},"author":70019,"featured_media":2796,"comment_status":"closed","ping_status":"closed","sticky":false,"template":"","format":"standard","meta":{"_acf_changed":false,"footnotes":""},"categories":[5],"class_list":["post-2786","post","type-post","status-publish","format-standard","has-post-thumbnail","hentry","category-covid-19"],"acf":[],"yoast_head":"<!-- This site is optimized with the Yoast SEO Premium plugin v27.4 (Yoast SEO v27.4) - https:\/\/yoast.com\/product\/yoast-seo-premium-wordpress\/ -->\n<title>La Respuesta de CNEWA a la Pandemia de COVID-19 | CNEWA Espa\u00f1ol<\/title>\n<meta name=\"description\" content=\"En marzo se cumplieron tres a\u00f1os desde que el mundo se detuvo. CNEWA public\u00f3 un informe para destacar su respuesta al COVID-19.\" \/>\n<meta name=\"robots\" content=\"index, follow, max-snippet:-1, max-image-preview:large, max-video-preview:-1\" \/>\n<link rel=\"canonical\" href=\"https:\/\/cnewa.org\/es\/la-respuesta-de-cnewa-a-la-pandemia-de-covid-19\/\" \/>\n<meta property=\"og:locale\" content=\"es_ES\" \/>\n<meta property=\"og:type\" content=\"article\" \/>\n<meta property=\"og:title\" content=\"La Respuesta de CNEWA a la Pandemia de COVID-19\" \/>\n<meta property=\"og:description\" content=\"En marzo se cumplieron tres a\u00f1os desde que el mundo se detuvo. CNEWA public\u00f3 un informe para destacar su respuesta al COVID-19.\" \/>\n<meta property=\"og:url\" content=\"https:\/\/cnewa.org\/es\/la-respuesta-de-cnewa-a-la-pandemia-de-covid-19\/\" \/>\n<meta property=\"og:site_name\" content=\"CNEWA Espa\u00f1ol\" \/>\n<meta property=\"article:publisher\" content=\"https:\/\/www.facebook.com\/CNEWAenespanol\/\" \/>\n<meta property=\"article:published_time\" content=\"2023-04-04T17:27:55+00:00\" \/>\n<meta property=\"article:modified_time\" content=\"2023-04-04T18:17:28+00:00\" \/>\n<meta property=\"og:image\" content=\"https:\/\/cnewa.org\/es\/wp-content\/uploads\/sites\/5\/2023\/04\/cnewaBeirut20203_023H-e1679682687869.jpg\" \/>\n\t<meta property=\"og:image:width\" content=\"1588\" \/>\n\t<meta property=\"og:image:height\" content=\"1297\" \/>\n\t<meta property=\"og:image:type\" content=\"image\/jpeg\" \/>\n<meta name=\"author\" content=\"CNEWA Staff\" \/>\n<meta name=\"twitter:card\" content=\"summary_large_image\" \/>\n<meta name=\"twitter:label1\" content=\"Escrito por\" \/>\n\t<meta name=\"twitter:data1\" content=\"David R. Aquije\" \/>\n\t<meta name=\"twitter:label2\" content=\"Tiempo de lectura\" \/>\n\t<meta name=\"twitter:data2\" content=\"2 minutos\" \/>\n<script type=\"application\/ld+json\" class=\"yoast-schema-graph\">{\"@context\":\"https:\\\/\\\/schema.org\",\"@graph\":[{\"@type\":\"Article\",\"@id\":\"https:\\\/\\\/cnewa.org\\\/es\\\/la-respuesta-de-cnewa-a-la-pandemia-de-covid-19\\\/#article\",\"isPartOf\":{\"@id\":\"https:\\\/\\\/cnewa.org\\\/es\\\/la-respuesta-de-cnewa-a-la-pandemia-de-covid-19\\\/\"},\"author\":{\"name\":\"CNEWA Staff\",\"@id\":\"https:\\\/\\\/cnewa.org\\\/es\\\/#\\\/schema\\\/person\\\/d2935c46e239b59210c38997d4aedf00\"},\"headline\":\"La Respuesta de CNEWA a la Pandemia de COVID-19\",\"datePublished\":\"2023-04-04T17:27:55+00:00\",\"dateModified\":\"2023-04-04T18:17:28+00:00\",\"mainEntityOfPage\":{\"@id\":\"https:\\\/\\\/cnewa.org\\\/es\\\/la-respuesta-de-cnewa-a-la-pandemia-de-covid-19\\\/\"},\"wordCount\":390,\"publisher\":{\"@id\":\"https:\\\/\\\/cnewa.org\\\/es\\\/#organization\"},\"image\":{\"@id\":\"https:\\\/\\\/cnewa.org\\\/es\\\/la-respuesta-de-cnewa-a-la-pandemia-de-covid-19\\\/#primaryimage\"},\"thumbnailUrl\":\"https:\\\/\\\/cnewa.org\\\/es\\\/wp-content\\\/uploads\\\/sites\\\/5\\\/2023\\\/04\\\/cnewaBeirut20203_023H-e1679682687869.jpg\",\"articleSection\":[\"COVID-19\"],\"inLanguage\":\"es\"},{\"@type\":\"WebPage\",\"@id\":\"https:\\\/\\\/cnewa.org\\\/es\\\/la-respuesta-de-cnewa-a-la-pandemia-de-covid-19\\\/\",\"url\":\"https:\\\/\\\/cnewa.org\\\/es\\\/la-respuesta-de-cnewa-a-la-pandemia-de-covid-19\\\/\",\"name\":\"La Respuesta de CNEWA a la Pandemia de COVID-19 | CNEWA Espa\u00f1ol\",\"isPartOf\":{\"@id\":\"https:\\\/\\\/cnewa.org\\\/es\\\/#website\"},\"primaryImageOfPage\":{\"@id\":\"https:\\\/\\\/cnewa.org\\\/es\\\/la-respuesta-de-cnewa-a-la-pandemia-de-covid-19\\\/#primaryimage\"},\"image\":{\"@id\":\"https:\\\/\\\/cnewa.org\\\/es\\\/la-respuesta-de-cnewa-a-la-pandemia-de-covid-19\\\/#primaryimage\"},\"thumbnailUrl\":\"https:\\\/\\\/cnewa.org\\\/es\\\/wp-content\\\/uploads\\\/sites\\\/5\\\/2023\\\/04\\\/cnewaBeirut20203_023H-e1679682687869.jpg\",\"datePublished\":\"2023-04-04T17:27:55+00:00\",\"dateModified\":\"2023-04-04T18:17:28+00:00\",\"description\":\"En marzo se cumplieron tres a\u00f1os desde que el mundo se detuvo. CNEWA public\u00f3 un informe para destacar su respuesta al COVID-19.\",\"breadcrumb\":{\"@id\":\"https:\\\/\\\/cnewa.org\\\/es\\\/la-respuesta-de-cnewa-a-la-pandemia-de-covid-19\\\/#breadcrumb\"},\"inLanguage\":\"es\",\"potentialAction\":[{\"@type\":\"ReadAction\",\"target\":[\"https:\\\/\\\/cnewa.org\\\/es\\\/la-respuesta-de-cnewa-a-la-pandemia-de-covid-19\\\/\"]}]},{\"@type\":\"ImageObject\",\"inLanguage\":\"es\",\"@id\":\"https:\\\/\\\/cnewa.org\\\/es\\\/la-respuesta-de-cnewa-a-la-pandemia-de-covid-19\\\/#primaryimage\",\"url\":\"https:\\\/\\\/cnewa.org\\\/es\\\/wp-content\\\/uploads\\\/sites\\\/5\\\/2023\\\/04\\\/cnewaBeirut20203_023H-e1679682687869.jpg\",\"contentUrl\":\"https:\\\/\\\/cnewa.org\\\/es\\\/wp-content\\\/uploads\\\/sites\\\/5\\\/2023\\\/04\\\/cnewaBeirut20203_023H-e1679682687869.jpg\",\"width\":1588,\"height\":1297,\"caption\":\"Las Hijas de la Caridad en Alejandr\u00eda, Egipto, brindando ayuda por el COVID-19 en mayo de 2020. (foto: CNEWA Beirut)\"},{\"@type\":\"BreadcrumbList\",\"@id\":\"https:\\\/\\\/cnewa.org\\\/es\\\/la-respuesta-de-cnewa-a-la-pandemia-de-covid-19\\\/#breadcrumb\",\"itemListElement\":[{\"@type\":\"ListItem\",\"position\":1,\"name\":\"Inicio\",\"item\":\"https:\\\/\\\/cnewa.org\\\/es\\\/\"},{\"@type\":\"ListItem\",\"position\":2,\"name\":\"COVID-19\",\"item\":\"https:\\\/\\\/cnewa.org\\\/es\\\/categoria\\\/covid-19\\\/\"},{\"@type\":\"ListItem\",\"position\":3,\"name\":\"La Respuesta de CNEWA a la Pandemia de COVID-19\"}]},{\"@type\":\"WebSite\",\"@id\":\"https:\\\/\\\/cnewa.org\\\/es\\\/#website\",\"url\":\"https:\\\/\\\/cnewa.org\\\/es\\\/\",\"name\":\"CNEWA Espa\u00f1ol\",\"description\":\"Asociaci\u00f3n Cat\u00f3lica para el Bienestar del Cercano Oriente\",\"publisher\":{\"@id\":\"https:\\\/\\\/cnewa.org\\\/es\\\/#organization\"},\"potentialAction\":[{\"@type\":\"SearchAction\",\"target\":{\"@type\":\"EntryPoint\",\"urlTemplate\":\"https:\\\/\\\/cnewa.org\\\/es\\\/?s={search_term_string}\"},\"query-input\":{\"@type\":\"PropertyValueSpecification\",\"valueRequired\":true,\"valueName\":\"search_term_string\"}}],\"inLanguage\":\"es\"},{\"@type\":\"Organization\",\"@id\":\"https:\\\/\\\/cnewa.org\\\/es\\\/#organization\",\"name\":\"CNEWA Espa\u00f1ol\",\"alternateName\":\"Asociaci\u00f3n Cat\u00f3lica para el Bienestar del Cercano Oriente\",\"url\":\"https:\\\/\\\/cnewa.org\\\/es\\\/\",\"logo\":{\"@type\":\"ImageObject\",\"inLanguage\":\"es\",\"@id\":\"https:\\\/\\\/cnewa.org\\\/es\\\/#\\\/schema\\\/logo\\\/image\\\/\",\"url\":\"https:\\\/\\\/cnewa.org\\\/es\\\/wp-content\\\/uploads\\\/sites\\\/5\\\/2021\\\/07\\\/CNEWA-brand-logo.png\",\"contentUrl\":\"https:\\\/\\\/cnewa.org\\\/es\\\/wp-content\\\/uploads\\\/sites\\\/5\\\/2021\\\/07\\\/CNEWA-brand-logo.png\",\"width\":1000,\"height\":1000,\"caption\":\"CNEWA Espa\u00f1ol\"},\"image\":{\"@id\":\"https:\\\/\\\/cnewa.org\\\/es\\\/#\\\/schema\\\/logo\\\/image\\\/\"},\"sameAs\":[\"https:\\\/\\\/www.facebook.com\\\/CNEWAenespanol\\\/\",\"https:\\\/\\\/www.instagram.com\\\/cnewa1926\\\/\",\"https:\\\/\\\/www.youtube.com\\\/user\\\/TheCNEWA\"]},{\"@type\":\"Person\",\"name\":\"CNEWA Staff\"}]}<\/script>\n<!-- \/ Yoast SEO Premium plugin. -->","yoast_head_json":{"title":"La Respuesta de CNEWA a la Pandemia de COVID-19 | CNEWA Espa\u00f1ol","description":"En marzo se cumplieron tres a\u00f1os desde que el mundo se detuvo. CNEWA public\u00f3 un informe para destacar su respuesta al COVID-19.","robots":{"index":"index","follow":"follow","max-snippet":"max-snippet:-1","max-image-preview":"max-image-preview:large","max-video-preview":"max-video-preview:-1"},"canonical":"https:\/\/cnewa.org\/es\/la-respuesta-de-cnewa-a-la-pandemia-de-covid-19\/","og_locale":"es_ES","og_type":"article","og_title":"La Respuesta de CNEWA a la Pandemia de COVID-19","og_description":"En marzo se cumplieron tres a\u00f1os desde que el mundo se detuvo. CNEWA public\u00f3 un informe para destacar su respuesta al COVID-19.","og_url":"https:\/\/cnewa.org\/es\/la-respuesta-de-cnewa-a-la-pandemia-de-covid-19\/","og_site_name":"CNEWA Espa\u00f1ol","article_publisher":"https:\/\/www.facebook.com\/CNEWAenespanol\/","article_published_time":"2023-04-04T17:27:55+00:00","article_modified_time":"2023-04-04T18:17:28+00:00","og_image":[{"width":1588,"height":1297,"url":"https:\/\/cnewa.org\/es\/wp-content\/uploads\/sites\/5\/2023\/04\/cnewaBeirut20203_023H-e1679682687869.jpg","type":"image\/jpeg"}],"author":"CNEWA Staff","twitter_card":"summary_large_image","twitter_misc":{"Escrito por":"David R. Aquije","Tiempo de lectura":"2 minutos"},"schema":{"@context":"https:\/\/schema.org","@graph":[{"@type":"Article","@id":"https:\/\/cnewa.org\/es\/la-respuesta-de-cnewa-a-la-pandemia-de-covid-19\/#article","isPartOf":{"@id":"https:\/\/cnewa.org\/es\/la-respuesta-de-cnewa-a-la-pandemia-de-covid-19\/"},"author":{"name":"CNEWA Staff","@id":"https:\/\/cnewa.org\/es\/#\/schema\/person\/d2935c46e239b59210c38997d4aedf00"},"headline":"La Respuesta de CNEWA a la Pandemia de COVID-19","datePublished":"2023-04-04T17:27:55+00:00","dateModified":"2023-04-04T18:17:28+00:00","mainEntityOfPage":{"@id":"https:\/\/cnewa.org\/es\/la-respuesta-de-cnewa-a-la-pandemia-de-covid-19\/"},"wordCount":390,"publisher":{"@id":"https:\/\/cnewa.org\/es\/#organization"},"image":{"@id":"https:\/\/cnewa.org\/es\/la-respuesta-de-cnewa-a-la-pandemia-de-covid-19\/#primaryimage"},"thumbnailUrl":"https:\/\/cnewa.org\/es\/wp-content\/uploads\/sites\/5\/2023\/04\/cnewaBeirut20203_023H-e1679682687869.jpg","articleSection":["COVID-19"],"inLanguage":"es"},{"@type":"WebPage","@id":"https:\/\/cnewa.org\/es\/la-respuesta-de-cnewa-a-la-pandemia-de-covid-19\/","url":"https:\/\/cnewa.org\/es\/la-respuesta-de-cnewa-a-la-pandemia-de-covid-19\/","name":"La Respuesta de CNEWA a la Pandemia de COVID-19 | CNEWA Espa\u00f1ol","isPartOf":{"@id":"https:\/\/cnewa.org\/es\/#website"},"primaryImageOfPage":{"@id":"https:\/\/cnewa.org\/es\/la-respuesta-de-cnewa-a-la-pandemia-de-covid-19\/#primaryimage"},"image":{"@id":"https:\/\/cnewa.org\/es\/la-respuesta-de-cnewa-a-la-pandemia-de-covid-19\/#primaryimage"},"thumbnailUrl":"https:\/\/cnewa.org\/es\/wp-content\/uploads\/sites\/5\/2023\/04\/cnewaBeirut20203_023H-e1679682687869.jpg","datePublished":"2023-04-04T17:27:55+00:00","dateModified":"2023-04-04T18:17:28+00:00","description":"En marzo se cumplieron tres a\u00f1os desde que el mundo se detuvo. CNEWA public\u00f3 un informe para destacar su respuesta al COVID-19.","breadcrumb":{"@id":"https:\/\/cnewa.org\/es\/la-respuesta-de-cnewa-a-la-pandemia-de-covid-19\/#breadcrumb"},"inLanguage":"es","potentialAction":[{"@type":"ReadAction","target":["https:\/\/cnewa.org\/es\/la-respuesta-de-cnewa-a-la-pandemia-de-covid-19\/"]}]},{"@type":"ImageObject","inLanguage":"es","@id":"https:\/\/cnewa.org\/es\/la-respuesta-de-cnewa-a-la-pandemia-de-covid-19\/#primaryimage","url":"https:\/\/cnewa.org\/es\/wp-content\/uploads\/sites\/5\/2023\/04\/cnewaBeirut20203_023H-e1679682687869.jpg","contentUrl":"https:\/\/cnewa.org\/es\/wp-content\/uploads\/sites\/5\/2023\/04\/cnewaBeirut20203_023H-e1679682687869.jpg","width":1588,"height":1297,"caption":"Las Hijas de la Caridad en Alejandr\u00eda, Egipto, brindando ayuda por el COVID-19 en mayo de 2020. (foto: CNEWA Beirut)"},{"@type":"BreadcrumbList","@id":"https:\/\/cnewa.org\/es\/la-respuesta-de-cnewa-a-la-pandemia-de-covid-19\/#breadcrumb","itemListElement":[{"@type":"ListItem","position":1,"name":"Inicio","item":"https:\/\/cnewa.org\/es\/"},{"@type":"ListItem","position":2,"name":"COVID-19","item":"https:\/\/cnewa.org\/es\/categoria\/covid-19\/"},{"@type":"ListItem","position":3,"name":"La Respuesta de CNEWA a la Pandemia de COVID-19"}]},{"@type":"WebSite","@id":"https:\/\/cnewa.org\/es\/#website","url":"https:\/\/cnewa.org\/es\/","name":"CNEWA Espa\u00f1ol","description":"Asociaci\u00f3n Cat\u00f3lica para el Bienestar del Cercano Oriente","publisher":{"@id":"https:\/\/cnewa.org\/es\/#organization"},"potentialAction":[{"@type":"SearchAction","target":{"@type":"EntryPoint","urlTemplate":"https:\/\/cnewa.org\/es\/?s={search_term_string}"},"query-input":{"@type":"PropertyValueSpecification","valueRequired":true,"valueName":"search_term_string"}}],"inLanguage":"es"},{"@type":"Organization","@id":"https:\/\/cnewa.org\/es\/#organization","name":"CNEWA Espa\u00f1ol","alternateName":"Asociaci\u00f3n Cat\u00f3lica para el Bienestar del Cercano Oriente","url":"https:\/\/cnewa.org\/es\/","logo":{"@type":"ImageObject","inLanguage":"es","@id":"https:\/\/cnewa.org\/es\/#\/schema\/logo\/image\/","url":"https:\/\/cnewa.org\/es\/wp-content\/uploads\/sites\/5\/2021\/07\/CNEWA-brand-logo.png","contentUrl":"https:\/\/cnewa.org\/es\/wp-content\/uploads\/sites\/5\/2021\/07\/CNEWA-brand-logo.png","width":1000,"height":1000,"caption":"CNEWA Espa\u00f1ol"},"image":{"@id":"https:\/\/cnewa.org\/es\/#\/schema\/logo\/image\/"},"sameAs":["https:\/\/www.facebook.com\/CNEWAenespanol\/","https:\/\/www.instagram.com\/cnewa1926\/","https:\/\/www.youtube.com\/user\/TheCNEWA"]},{"@type":"Person","name":"CNEWA Staff"}]}},"_links":{"self":[{"href":"https:\/\/cnewa.org\/es\/wp-json\/wp\/v2\/posts\/2786","targetHints":{"allow":["GET"]}}],"collection":[{"href":"https:\/\/cnewa.org\/es\/wp-json\/wp\/v2\/posts"}],"about":[{"href":"https:\/\/cnewa.org\/es\/wp-json\/wp\/v2\/types\/post"}],"author":[{"embeddable":true,"href":"https:\/\/cnewa.org\/es\/wp-json\/wp\/v2\/users\/70019"}],"replies":[{"embeddable":true,"href":"https:\/\/cnewa.org\/es\/wp-json\/wp\/v2\/comments?post=2786"}],"version-history":[{"count":13,"href":"https:\/\/cnewa.org\/es\/wp-json\/wp\/v2\/posts\/2786\/revisions"}],"predecessor-version":[{"id":2806,"href":"https:\/\/cnewa.org\/es\/wp-json\/wp\/v2\/posts\/2786\/revisions\/2806"}],"wp:featuredmedia":[{"embeddable":true,"href":"https:\/\/cnewa.org\/es\/wp-json\/wp\/v2\/media\/2796"}],"wp:attachment":[{"href":"https:\/\/cnewa.org\/es\/wp-json\/wp\/v2\/media?parent=2786"}],"wp:term":[{"taxonomy":"category","embeddable":true,"href":"https:\/\/cnewa.org\/es\/wp-json\/wp\/v2\/categories?post=2786"}],"curies":[{"name":"wp","href":"https:\/\/api.w.org\/{rel}","templated":true}]}}