{"id":3003,"date":"2023-04-26T13:59:00","date_gmt":"2023-04-26T17:59:00","guid":{"rendered":"https:\/\/cnewa.org\/es\/?p=3003"},"modified":"2023-04-26T13:59:02","modified_gmt":"2023-04-26T17:59:02","slug":"la-proteccion-de-la-libertad-religiosa-en-ucrania","status":"publish","type":"post","link":"https:\/\/cnewa.org\/es\/la-proteccion-de-la-libertad-religiosa-en-ucrania\/","title":{"rendered":"La Protecci\u00f3n de la Libertad Religiosa en Ucrania"},"content":{"rendered":"\n<p>A medida que se extiende la <a href=\"https:\/\/cnewa.org\/es\/trabajo\/ucrania\/\" target=\"_blank\" rel=\"noreferrer noopener\">guerra en Ucrania<\/a> y contin\u00faan los informes de cr\u00edmenes de guerra, la comunidad internacional contin\u00faa se\u00f1alando a las violaciones de la libertad religiosa como una t\u00e1ctica de guerra.<\/p>\n\n\n\n<p>Las preocupaciones sobre las libertades religiosas fueron provocadas en parte por un fallo de finales de diciembre del Tribunal Constitucional de Ucrania con respecto a las leyes de la naci\u00f3n, que podr\u00edan restringir la libertad de la Iglesia Ortodoxa Ucraniana, que anteriormente form\u00f3 parte del Patriarcado de Mosc\u00fa. A otros les preocupa que se est\u00e9n aplicando en los territorios de Ucrania ocupados por Rusia las leyes rusas que restringen la libertad religiosa, a pesar del modelo de pluralismo religioso que existe en Ucrania.<\/p>\n\n\n\n<p>Oleksandra Kovalenko es investigadora de estudios religiosos de Kiev y ex especialista en jefe del Servicio Estatal de Ucrania para Asuntos \u00c9tnicos y Libertad de Conciencia.<\/p>\n\n\n\n<p>Kovalenko resalt\u00f3 las \u201cenormes luchas con la libertad religiosa\u201d en los territorios ucranianos bajo el control de las tropas rusas, en los que las organizaciones religiosas, parroquias y monasterios deben volver a registrarse bajo la ley rusa.<\/p>\n\n\n\n<p>Kovalenko dijo que los ucranianos han experimentado persecuci\u00f3n religiosa y restricciones en la pr\u00e1ctica religiosa en Crimea desde que Rusia ocup\u00f3 la regi\u00f3n en 2014. En la medida en la que la primera l\u00ednea de la guerra se adentra en Ucrania, Rusia \u201ccomienza el mismo proceso en otros territorios. Es lo que est\u00e1 pasando\u201d, dijo.<\/p>\n\n\n\n<p>Kovalenko dijo que se enter\u00f3 en 2021 de que algunas iglesias protestantes quedaron prohibidas en \u00e1reas ocupadas de la regi\u00f3n ucraniana de Donbas, y que los miembros de estas iglesias tuvieron que recurrir a reunirse en las casas de las personas, y en diferentes lugares y d\u00edas de la semana para evitar ser detectados.<\/p>\n\n\n\n<p>\u2018Me recuerda a la \u00e9poca sovi\u00e9tica y a c\u00f3mo la religi\u00f3n sobrevivi\u00f3 bajo el r\u00e9gimen comunista\u201d, dijo Kovalenko.<\/p>\n\n\n\n<p>Los grupos no cristianos tambi\u00e9n est\u00e1n siendo atacados. Por ejemplo, los testigos de Jehov\u00e1 est\u00e1n prohibidos en Rusia y los miembros est\u00e1n siendo encarcelados en Crimea, aunque su religi\u00f3n es legal en Ucrania.<\/p>\n\n\n\n<p><a href=\"https:\/\/www.larazon.es\/religion\/rusia-utiliza-represion-religiosa-ucrania-ocupada-cerrando-expropiando-lugares-culto_2023041064341a7f1036390001bf1155.html\" target=\"_blank\" rel=\"noreferrer noopener\">Un informe publicado<\/a> el 9 de abril por el Instituto para el Estudio de la Guerra, con sede en Washington, corrobora las declaraciones de Kovalenko. Seg\u00fan el informe, Rusia ha estado \u201ccometiendo graves violaciones de la libertad religiosa\u201d que afectan a la Iglesia Ortodoxa de Ucrania, la Iglesia Greco-Cat\u00f3lica Ucraniana, la Iglesia Cat\u00f3lica Romana, as\u00ed como a las comunidades bautista, luterana, evang\u00e9lica, menonita, pentecostal y musulmana.<\/p>\n\n\n\n<p>Las violaciones incluyen el secuestro y asesinato de al menos 29 cl\u00e9rigos, la destrucci\u00f3n y el saqueo de al menos 13 lugares de culto y la detenci\u00f3n de miembros de estas comunidades religiosas.<\/p>\n\n\n\n<p>El informe afirma que \u201clas autoridades rusas han cerrado, nacionalizado o convertido por la fuerza al menos 26 lugares de culto\u201d a la Iglesia Ortodoxa Rusa del Patriarcado de Mosc\u00fa. El instituto afirma que estas acciones \u201cno son probablemente incidentes aislados, sino m\u00e1s bien parte de una campa\u00f1a deliberada para erradicar sistem\u00e1ticamente a las organizaciones religiosas \u2018indeseables\u2019 en Ucrania y promover el Patriarcado de Mosc\u00fa\u201d.<\/p>\n\n\n\n<p>El informe tambi\u00e9n corrobora hallazgos anteriores. Ya en la primavera 2022, la <a href=\"https:\/\/www.europeantimes.news\/es\/2022\/04\/la-comisi\u00f3n-estadounidense-sobre-libertad-religiosa-internacional-publica-el-informe-anual-2022\/\" target=\"_blank\" rel=\"noreferrer noopener\">Comisi\u00f3n para Libertad Religiosa Internacional de los Estados Unidos<\/a> inform\u00f3 que \u201clos musulmanes t\u00e1rtaros de Crimea que se oponen a la ocupaci\u00f3n rusa de su patria ucraniana contin\u00faan recibiendo largas sentencias de prisi\u00f3n por cargos infundados de terrorismo basados en su identidad musulmana y presunta participaci\u00f3n en Hizb ut-Tahir, un grupo islamista no violento que es legal en Ucrania [y] en la mayor\u00eda de los pa\u00edses occidentales\u201d.<\/p>\n\n\n\n<p>En septiembre pasado, el Instituto para la Libertad Religiosa de Ucrania, con el apoyo de la Embajada de los Pa\u00edses Bajos en Kiev, emiti\u00f3 un informe que documentaba bombardeos selectivos, vandalismo y saqueo de lugares religiosos y ataques contra l\u00edderes religiosos \u2014incluyendo la tortura\u2014 cometidos por soldados rusos en Ucrania, desde la invasi\u00f3n del 24 de febrero hasta el 15 de julio.<\/p>\n\n\n\n<p>\u201cSi antes los sacerdotes en los territorios ocupados solo recib\u00edan amenazas de muerte, ahora los l\u00edderes religiosos son torturados y asesinados \u2014reiteramos, pero en una escala mucho peor que en 2014\u201d, dice el informe.<\/p>\n\n\n\n<p>Otras preocupaciones se centran en el trato del gobierno ucraniano a la Iglesia Ortodoxa Ucraniana, anteriormente del Patriarcado de Mosc\u00fa. A diferencia de la autoc\u00e9fala Iglesia Ortodoxa de Ucrania, que se estableci\u00f3 en 2019 con la bendici\u00f3n del Patriarca Ecum\u00e9nico Bartolom\u00e9 de Constantinopla, la Iglesia Ortodoxa Ucraniana mantuvo v\u00ednculos con el Patriarcado Ortodoxo Ruso de Mosc\u00fa hasta mayo de 2022, cuando sus l\u00edderes condenaron la invasi\u00f3n rusa de Ucrania y declararon su \u201cplena autonom\u00eda e independencia\u201d.<\/p>\n\n\n\n<p>La enmienda a la ley de libertad religiosa de Ucrania, introducida originalmente en 2018, se ha visto como dirigida a la Iglesia Ortodoxa Ucraniana. El fallo del tribunal constitucional de diciembre sobre una impugnaci\u00f3n de esa ley dijo que Ucrania podr\u00eda obligar leg\u00edtimamente a las organizaciones vinculadas a un \u201cestado agresor\u201d a ser renombradas para reflejar su asociaci\u00f3n. El tribunal dijo que enmendar la ley de libertad religiosa estaba \u201cjustificado, ya que contribuye a garantizar la capacidad de defensa del Estado y la capacidad de combate de las unidades de las Fuerzas Armadas en condiciones de agresi\u00f3n armada\u201d.<\/p>\n\n\n\n<p>Este tema fue planteado durante un seminario virtual a principios de este a\u00f1o, organizado por el Centro Berkley para la Religi\u00f3n, la Paz y los Asuntos Mundiales de la Universidad de Georgetown, sobre el t\u00f3pico \u201c\u00bfEst\u00e1 libertad religiosa en Ucrania bajo amenaza?\u201d Durante el seminario, el miembro del panel Nadieszda Kizenko, profesor de historia rusa y de Europa del Este en la Universidad Estatal de Nueva York en Albany, cuestion\u00f3 si es el papel del gobierno exigir un cambio en el nombre de una iglesia.<\/p>\n\n\n\n<p>La Iglesia Ortodoxa Ucraniana insiste en que ya no est\u00e1 afiliada a la Iglesia Ortodoxa Rusa y que se debe tomar en cuenta la palabra de sus l\u00edderes, argument\u00f3.<\/p>\n\n\n\n<p>En el mismo seminario, Jos\u00e9 Casanova, miembro principal del Berkley Center, se\u00f1al\u00f3 que, durante la Revoluci\u00f3n Americana, muchos miembros de la Iglesia de Inglaterra en los Estados Unidos comenzaron a referirse a s\u00ed mismos como episcopales.<\/p>\n\n\n\n<p>Los funcionarios de las Naciones Unidas tambi\u00e9n han expresado su preocupaci\u00f3n. A mediados de enero, Ilze Brands Kehris, secretaria general adjunta de la ONU para los derechos humanos, expres\u00f3 su preocupaci\u00f3n por las pesquisas que el Servicio de Seguridad de Ucrania realiz\u00f3 en varios edificios de la Iglesia Ortodoxa Ucraniana, se\u00f1alando que tres de los cl\u00e9rigos de la iglesia enfrentaban cargos criminales, incluyendo el de traici\u00f3n. Ella exhort\u00f3 a que Ucrania garantice que cualquier juicio sea justo y \u201cque cualquier sanci\u00f3n penal sea compatible con los derechos de libertad de opini\u00f3n, expresi\u00f3n y religi\u00f3n\u201d.<\/p>\n","protected":false},"excerpt":{"rendered":"<p>A medida que se extiende la guerra en Ucrania y contin\u00faan los informes de cr\u00edmenes de guerra, la comunidad internacional contin\u00faa se\u00f1alando a las violaciones de la libertad religiosa como una t\u00e1ctica de guerra. Las preocupaciones sobre las libertades religiosas fueron provocadas en parte por un fallo de finales de diciembre del Tribunal Constitucional de &hellip; <a href=\"https:\/\/cnewa.org\/es\/la-proteccion-de-la-libertad-religiosa-en-ucrania\/\">Continued<\/a><\/p>\n","protected":false},"author":70019,"featured_media":3002,"comment_status":"closed","ping_status":"closed","sticky":false,"template":"","format":"standard","meta":{"_acf_changed":false,"footnotes":""},"categories":[44],"class_list":["post-3003","post","type-post","status-publish","format-standard","has-post-thumbnail","hentry","category-ucrania"],"acf":[],"yoast_head":"<!-- This site is optimized with the Yoast SEO Premium plugin v27.4 (Yoast SEO v27.4) - https:\/\/yoast.com\/product\/yoast-seo-premium-wordpress\/ -->\n<title>La Protecci\u00f3n de la Libertad Religiosa en Ucrania | CNEWA Espa\u00f1ol<\/title>\n<meta name=\"description\" content=\"La comunidad internacional contin\u00faa se\u00f1alando a las violaciones de la libertad religiosa en Ucrania como una t\u00e1ctica de guerra.\" \/>\n<meta name=\"robots\" content=\"index, follow, max-snippet:-1, max-image-preview:large, max-video-preview:-1\" \/>\n<link rel=\"canonical\" href=\"https:\/\/cnewa.org\/es\/la-proteccion-de-la-libertad-religiosa-en-ucrania\/\" \/>\n<meta property=\"og:locale\" content=\"es_ES\" \/>\n<meta property=\"og:type\" content=\"article\" \/>\n<meta property=\"og:title\" content=\"La Protecci\u00f3n de la Libertad Religiosa en Ucrania\" \/>\n<meta property=\"og:description\" content=\"La comunidad internacional contin\u00faa se\u00f1alando a las violaciones de la libertad religiosa en Ucrania como una t\u00e1ctica de guerra.\" \/>\n<meta property=\"og:url\" content=\"https:\/\/cnewa.org\/es\/la-proteccion-de-la-libertad-religiosa-en-ucrania\/\" \/>\n<meta property=\"og:site_name\" content=\"CNEWA Espa\u00f1ol\" \/>\n<meta property=\"article:publisher\" content=\"https:\/\/www.facebook.com\/CNEWAenespanol\/\" \/>\n<meta property=\"article:published_time\" content=\"2023-04-26T17:59:00+00:00\" \/>\n<meta property=\"article:modified_time\" content=\"2023-04-26T17:59:02+00:00\" \/>\n<meta property=\"og:image\" content=\"https:\/\/cnewa.org\/es\/wp-content\/uploads\/sites\/5\/2023\/04\/KCH_0251-1024x683.jpg\" \/>\n\t<meta property=\"og:image:width\" content=\"1024\" \/>\n\t<meta property=\"og:image:height\" content=\"683\" \/>\n\t<meta property=\"og:image:type\" content=\"image\/jpeg\" \/>\n<meta name=\"author\" content=\"Barb Fraze\" \/>\n<meta name=\"twitter:card\" content=\"summary_large_image\" \/>\n<meta name=\"twitter:label1\" content=\"Escrito por\" \/>\n\t<meta name=\"twitter:data1\" content=\"David R. Aquije\" \/>\n\t<meta name=\"twitter:label2\" content=\"Tiempo de lectura\" \/>\n\t<meta name=\"twitter:data2\" content=\"6 minutos\" \/>\n<script type=\"application\/ld+json\" class=\"yoast-schema-graph\">{\"@context\":\"https:\\\/\\\/schema.org\",\"@graph\":[{\"@type\":\"Article\",\"@id\":\"https:\\\/\\\/cnewa.org\\\/es\\\/la-proteccion-de-la-libertad-religiosa-en-ucrania\\\/#article\",\"isPartOf\":{\"@id\":\"https:\\\/\\\/cnewa.org\\\/es\\\/la-proteccion-de-la-libertad-religiosa-en-ucrania\\\/\"},\"author\":{\"name\":\"Barb Fraze\",\"@id\":\"https:\\\/\\\/cnewa.org\\\/es\\\/#\\\/schema\\\/person\\\/d2935c46e239b59210c38997d4aedf00\"},\"headline\":\"La Protecci\u00f3n de la Libertad Religiosa en Ucrania\",\"datePublished\":\"2023-04-26T17:59:00+00:00\",\"dateModified\":\"2023-04-26T17:59:02+00:00\",\"mainEntityOfPage\":{\"@id\":\"https:\\\/\\\/cnewa.org\\\/es\\\/la-proteccion-de-la-libertad-religiosa-en-ucrania\\\/\"},\"wordCount\":1168,\"publisher\":{\"@id\":\"https:\\\/\\\/cnewa.org\\\/es\\\/#organization\"},\"image\":{\"@id\":\"https:\\\/\\\/cnewa.org\\\/es\\\/la-proteccion-de-la-libertad-religiosa-en-ucrania\\\/#primaryimage\"},\"thumbnailUrl\":\"https:\\\/\\\/cnewa.org\\\/es\\\/wp-content\\\/uploads\\\/sites\\\/5\\\/2023\\\/04\\\/KCH_0251.jpg\",\"articleSection\":[\"Ucrania\"],\"inLanguage\":\"es\"},{\"@type\":\"WebPage\",\"@id\":\"https:\\\/\\\/cnewa.org\\\/es\\\/la-proteccion-de-la-libertad-religiosa-en-ucrania\\\/\",\"url\":\"https:\\\/\\\/cnewa.org\\\/es\\\/la-proteccion-de-la-libertad-religiosa-en-ucrania\\\/\",\"name\":\"La Protecci\u00f3n de la Libertad Religiosa en Ucrania | CNEWA Espa\u00f1ol\",\"isPartOf\":{\"@id\":\"https:\\\/\\\/cnewa.org\\\/es\\\/#website\"},\"primaryImageOfPage\":{\"@id\":\"https:\\\/\\\/cnewa.org\\\/es\\\/la-proteccion-de-la-libertad-religiosa-en-ucrania\\\/#primaryimage\"},\"image\":{\"@id\":\"https:\\\/\\\/cnewa.org\\\/es\\\/la-proteccion-de-la-libertad-religiosa-en-ucrania\\\/#primaryimage\"},\"thumbnailUrl\":\"https:\\\/\\\/cnewa.org\\\/es\\\/wp-content\\\/uploads\\\/sites\\\/5\\\/2023\\\/04\\\/KCH_0251.jpg\",\"datePublished\":\"2023-04-26T17:59:00+00:00\",\"dateModified\":\"2023-04-26T17:59:02+00:00\",\"description\":\"La comunidad internacional contin\u00faa se\u00f1alando a las violaciones de la libertad religiosa en Ucrania como una t\u00e1ctica de guerra.\",\"breadcrumb\":{\"@id\":\"https:\\\/\\\/cnewa.org\\\/es\\\/la-proteccion-de-la-libertad-religiosa-en-ucrania\\\/#breadcrumb\"},\"inLanguage\":\"es\",\"potentialAction\":[{\"@type\":\"ReadAction\",\"target\":[\"https:\\\/\\\/cnewa.org\\\/es\\\/la-proteccion-de-la-libertad-religiosa-en-ucrania\\\/\"]}]},{\"@type\":\"ImageObject\",\"inLanguage\":\"es\",\"@id\":\"https:\\\/\\\/cnewa.org\\\/es\\\/la-proteccion-de-la-libertad-religiosa-en-ucrania\\\/#primaryimage\",\"url\":\"https:\\\/\\\/cnewa.org\\\/es\\\/wp-content\\\/uploads\\\/sites\\\/5\\\/2023\\\/04\\\/KCH_0251.jpg\",\"contentUrl\":\"https:\\\/\\\/cnewa.org\\\/es\\\/wp-content\\\/uploads\\\/sites\\\/5\\\/2023\\\/04\\\/KCH_0251.jpg\",\"width\":1800,\"height\":1200,\"caption\":\"Un monje entra en un edificio del Monasterio de la Cueva de Sviatogorsk, ubicado en la regi\u00f3n de Donets de Ucrania. El monasterio ortodoxo ucraniano fue gravemente da\u00f1ado por los bombardeos rusos en 2022. (foto: Konstantin Chernichkin)\"},{\"@type\":\"BreadcrumbList\",\"@id\":\"https:\\\/\\\/cnewa.org\\\/es\\\/la-proteccion-de-la-libertad-religiosa-en-ucrania\\\/#breadcrumb\",\"itemListElement\":[{\"@type\":\"ListItem\",\"position\":1,\"name\":\"Inicio\",\"item\":\"https:\\\/\\\/cnewa.org\\\/es\\\/\"},{\"@type\":\"ListItem\",\"position\":2,\"name\":\"Ucrania\",\"item\":\"https:\\\/\\\/cnewa.org\\\/es\\\/categoria\\\/ucrania\\\/\"},{\"@type\":\"ListItem\",\"position\":3,\"name\":\"La Protecci\u00f3n de la Libertad Religiosa en Ucrania\"}]},{\"@type\":\"WebSite\",\"@id\":\"https:\\\/\\\/cnewa.org\\\/es\\\/#website\",\"url\":\"https:\\\/\\\/cnewa.org\\\/es\\\/\",\"name\":\"CNEWA Espa\u00f1ol\",\"description\":\"Asociaci\u00f3n Cat\u00f3lica para el Bienestar del Cercano Oriente\",\"publisher\":{\"@id\":\"https:\\\/\\\/cnewa.org\\\/es\\\/#organization\"},\"potentialAction\":[{\"@type\":\"SearchAction\",\"target\":{\"@type\":\"EntryPoint\",\"urlTemplate\":\"https:\\\/\\\/cnewa.org\\\/es\\\/?s={search_term_string}\"},\"query-input\":{\"@type\":\"PropertyValueSpecification\",\"valueRequired\":true,\"valueName\":\"search_term_string\"}}],\"inLanguage\":\"es\"},{\"@type\":\"Organization\",\"@id\":\"https:\\\/\\\/cnewa.org\\\/es\\\/#organization\",\"name\":\"CNEWA Espa\u00f1ol\",\"alternateName\":\"Asociaci\u00f3n Cat\u00f3lica para el Bienestar del Cercano Oriente\",\"url\":\"https:\\\/\\\/cnewa.org\\\/es\\\/\",\"logo\":{\"@type\":\"ImageObject\",\"inLanguage\":\"es\",\"@id\":\"https:\\\/\\\/cnewa.org\\\/es\\\/#\\\/schema\\\/logo\\\/image\\\/\",\"url\":\"https:\\\/\\\/cnewa.org\\\/es\\\/wp-content\\\/uploads\\\/sites\\\/5\\\/2021\\\/07\\\/CNEWA-brand-logo.png\",\"contentUrl\":\"https:\\\/\\\/cnewa.org\\\/es\\\/wp-content\\\/uploads\\\/sites\\\/5\\\/2021\\\/07\\\/CNEWA-brand-logo.png\",\"width\":1000,\"height\":1000,\"caption\":\"CNEWA Espa\u00f1ol\"},\"image\":{\"@id\":\"https:\\\/\\\/cnewa.org\\\/es\\\/#\\\/schema\\\/logo\\\/image\\\/\"},\"sameAs\":[\"https:\\\/\\\/www.facebook.com\\\/CNEWAenespanol\\\/\",\"https:\\\/\\\/www.instagram.com\\\/cnewa1926\\\/\",\"https:\\\/\\\/www.youtube.com\\\/user\\\/TheCNEWA\"]},{\"@type\":\"Person\",\"name\":\"Barb Fraze\"}]}<\/script>\n<!-- \/ Yoast SEO Premium plugin. -->","yoast_head_json":{"title":"La Protecci\u00f3n de la Libertad Religiosa en Ucrania | CNEWA Espa\u00f1ol","description":"La comunidad internacional contin\u00faa se\u00f1alando a las violaciones de la libertad religiosa en Ucrania como una t\u00e1ctica de guerra.","robots":{"index":"index","follow":"follow","max-snippet":"max-snippet:-1","max-image-preview":"max-image-preview:large","max-video-preview":"max-video-preview:-1"},"canonical":"https:\/\/cnewa.org\/es\/la-proteccion-de-la-libertad-religiosa-en-ucrania\/","og_locale":"es_ES","og_type":"article","og_title":"La Protecci\u00f3n de la Libertad Religiosa en Ucrania","og_description":"La comunidad internacional contin\u00faa se\u00f1alando a las violaciones de la libertad religiosa en Ucrania como una t\u00e1ctica de guerra.","og_url":"https:\/\/cnewa.org\/es\/la-proteccion-de-la-libertad-religiosa-en-ucrania\/","og_site_name":"CNEWA Espa\u00f1ol","article_publisher":"https:\/\/www.facebook.com\/CNEWAenespanol\/","article_published_time":"2023-04-26T17:59:00+00:00","article_modified_time":"2023-04-26T17:59:02+00:00","og_image":[{"width":1024,"height":683,"url":"https:\/\/cnewa.org\/es\/wp-content\/uploads\/sites\/5\/2023\/04\/KCH_0251-1024x683.jpg","type":"image\/jpeg"}],"author":"Barb Fraze","twitter_card":"summary_large_image","twitter_misc":{"Escrito por":"David R. Aquije","Tiempo de lectura":"6 minutos"},"schema":{"@context":"https:\/\/schema.org","@graph":[{"@type":"Article","@id":"https:\/\/cnewa.org\/es\/la-proteccion-de-la-libertad-religiosa-en-ucrania\/#article","isPartOf":{"@id":"https:\/\/cnewa.org\/es\/la-proteccion-de-la-libertad-religiosa-en-ucrania\/"},"author":{"name":"Barb Fraze","@id":"https:\/\/cnewa.org\/es\/#\/schema\/person\/d2935c46e239b59210c38997d4aedf00"},"headline":"La Protecci\u00f3n de la Libertad Religiosa en Ucrania","datePublished":"2023-04-26T17:59:00+00:00","dateModified":"2023-04-26T17:59:02+00:00","mainEntityOfPage":{"@id":"https:\/\/cnewa.org\/es\/la-proteccion-de-la-libertad-religiosa-en-ucrania\/"},"wordCount":1168,"publisher":{"@id":"https:\/\/cnewa.org\/es\/#organization"},"image":{"@id":"https:\/\/cnewa.org\/es\/la-proteccion-de-la-libertad-religiosa-en-ucrania\/#primaryimage"},"thumbnailUrl":"https:\/\/cnewa.org\/es\/wp-content\/uploads\/sites\/5\/2023\/04\/KCH_0251.jpg","articleSection":["Ucrania"],"inLanguage":"es"},{"@type":"WebPage","@id":"https:\/\/cnewa.org\/es\/la-proteccion-de-la-libertad-religiosa-en-ucrania\/","url":"https:\/\/cnewa.org\/es\/la-proteccion-de-la-libertad-religiosa-en-ucrania\/","name":"La Protecci\u00f3n de la Libertad Religiosa en Ucrania | CNEWA Espa\u00f1ol","isPartOf":{"@id":"https:\/\/cnewa.org\/es\/#website"},"primaryImageOfPage":{"@id":"https:\/\/cnewa.org\/es\/la-proteccion-de-la-libertad-religiosa-en-ucrania\/#primaryimage"},"image":{"@id":"https:\/\/cnewa.org\/es\/la-proteccion-de-la-libertad-religiosa-en-ucrania\/#primaryimage"},"thumbnailUrl":"https:\/\/cnewa.org\/es\/wp-content\/uploads\/sites\/5\/2023\/04\/KCH_0251.jpg","datePublished":"2023-04-26T17:59:00+00:00","dateModified":"2023-04-26T17:59:02+00:00","description":"La comunidad internacional contin\u00faa se\u00f1alando a las violaciones de la libertad religiosa en Ucrania como una t\u00e1ctica de guerra.","breadcrumb":{"@id":"https:\/\/cnewa.org\/es\/la-proteccion-de-la-libertad-religiosa-en-ucrania\/#breadcrumb"},"inLanguage":"es","potentialAction":[{"@type":"ReadAction","target":["https:\/\/cnewa.org\/es\/la-proteccion-de-la-libertad-religiosa-en-ucrania\/"]}]},{"@type":"ImageObject","inLanguage":"es","@id":"https:\/\/cnewa.org\/es\/la-proteccion-de-la-libertad-religiosa-en-ucrania\/#primaryimage","url":"https:\/\/cnewa.org\/es\/wp-content\/uploads\/sites\/5\/2023\/04\/KCH_0251.jpg","contentUrl":"https:\/\/cnewa.org\/es\/wp-content\/uploads\/sites\/5\/2023\/04\/KCH_0251.jpg","width":1800,"height":1200,"caption":"Un monje entra en un edificio del Monasterio de la Cueva de Sviatogorsk, ubicado en la regi\u00f3n de Donets de Ucrania. El monasterio ortodoxo ucraniano fue gravemente da\u00f1ado por los bombardeos rusos en 2022. (foto: Konstantin Chernichkin)"},{"@type":"BreadcrumbList","@id":"https:\/\/cnewa.org\/es\/la-proteccion-de-la-libertad-religiosa-en-ucrania\/#breadcrumb","itemListElement":[{"@type":"ListItem","position":1,"name":"Inicio","item":"https:\/\/cnewa.org\/es\/"},{"@type":"ListItem","position":2,"name":"Ucrania","item":"https:\/\/cnewa.org\/es\/categoria\/ucrania\/"},{"@type":"ListItem","position":3,"name":"La Protecci\u00f3n de la Libertad Religiosa en Ucrania"}]},{"@type":"WebSite","@id":"https:\/\/cnewa.org\/es\/#website","url":"https:\/\/cnewa.org\/es\/","name":"CNEWA Espa\u00f1ol","description":"Asociaci\u00f3n Cat\u00f3lica para el Bienestar del Cercano Oriente","publisher":{"@id":"https:\/\/cnewa.org\/es\/#organization"},"potentialAction":[{"@type":"SearchAction","target":{"@type":"EntryPoint","urlTemplate":"https:\/\/cnewa.org\/es\/?s={search_term_string}"},"query-input":{"@type":"PropertyValueSpecification","valueRequired":true,"valueName":"search_term_string"}}],"inLanguage":"es"},{"@type":"Organization","@id":"https:\/\/cnewa.org\/es\/#organization","name":"CNEWA Espa\u00f1ol","alternateName":"Asociaci\u00f3n Cat\u00f3lica para el Bienestar del Cercano Oriente","url":"https:\/\/cnewa.org\/es\/","logo":{"@type":"ImageObject","inLanguage":"es","@id":"https:\/\/cnewa.org\/es\/#\/schema\/logo\/image\/","url":"https:\/\/cnewa.org\/es\/wp-content\/uploads\/sites\/5\/2021\/07\/CNEWA-brand-logo.png","contentUrl":"https:\/\/cnewa.org\/es\/wp-content\/uploads\/sites\/5\/2021\/07\/CNEWA-brand-logo.png","width":1000,"height":1000,"caption":"CNEWA Espa\u00f1ol"},"image":{"@id":"https:\/\/cnewa.org\/es\/#\/schema\/logo\/image\/"},"sameAs":["https:\/\/www.facebook.com\/CNEWAenespanol\/","https:\/\/www.instagram.com\/cnewa1926\/","https:\/\/www.youtube.com\/user\/TheCNEWA"]},{"@type":"Person","name":"Barb Fraze"}]}},"_links":{"self":[{"href":"https:\/\/cnewa.org\/es\/wp-json\/wp\/v2\/posts\/3003","targetHints":{"allow":["GET"]}}],"collection":[{"href":"https:\/\/cnewa.org\/es\/wp-json\/wp\/v2\/posts"}],"about":[{"href":"https:\/\/cnewa.org\/es\/wp-json\/wp\/v2\/types\/post"}],"author":[{"embeddable":true,"href":"https:\/\/cnewa.org\/es\/wp-json\/wp\/v2\/users\/70019"}],"replies":[{"embeddable":true,"href":"https:\/\/cnewa.org\/es\/wp-json\/wp\/v2\/comments?post=3003"}],"version-history":[{"count":6,"href":"https:\/\/cnewa.org\/es\/wp-json\/wp\/v2\/posts\/3003\/revisions"}],"predecessor-version":[{"id":3010,"href":"https:\/\/cnewa.org\/es\/wp-json\/wp\/v2\/posts\/3003\/revisions\/3010"}],"wp:featuredmedia":[{"embeddable":true,"href":"https:\/\/cnewa.org\/es\/wp-json\/wp\/v2\/media\/3002"}],"wp:attachment":[{"href":"https:\/\/cnewa.org\/es\/wp-json\/wp\/v2\/media?parent=3003"}],"wp:term":[{"taxonomy":"category","embeddable":true,"href":"https:\/\/cnewa.org\/es\/wp-json\/wp\/v2\/categories?post=3003"}],"curies":[{"name":"wp","href":"https:\/\/api.w.org\/{rel}","templated":true}]}}