{"id":3051,"date":"2023-05-04T10:56:05","date_gmt":"2023-05-04T14:56:05","guid":{"rendered":"https:\/\/cnewa.org\/es\/?p=3051"},"modified":"2023-05-04T10:56:07","modified_gmt":"2023-05-04T14:56:07","slug":"formando-lideres-en-ucrania-seminaristas-en-primera-linea","status":"publish","type":"post","link":"https:\/\/cnewa.org\/es\/formando-lideres-en-ucrania-seminaristas-en-primera-linea\/","title":{"rendered":"Formando L\u00edderes en Ucrania: Seminaristas en Primera L\u00ednea"},"content":{"rendered":"\n<p><em>Lea esta historia de seminaristas en formaci\u00f3n en la primera l\u00ednea de Ucrania en este extracto de \u201c<a href=\"https:\/\/cnewa.org\/magazine\/closer-to-the-people\/\" target=\"_blank\" rel=\"noreferrer noopener\">Closer to the People<\/a>\u201d, disponible s\u00f3lo en ingl\u00e9s, que se public\u00f3 en la edici\u00f3n de septiembre 2022 de la revista <a href=\"https:\/\/cnewa.org\/magazine\/\" target=\"_blank\" rel=\"noreferrer noopener\">ONE<\/a>.<\/em><\/p>\n\n\n\n<h2 class=\"wp-block-heading\" id=\"h-llenar-sacos-de-arena-no-era-parte-del-programa-habitual-de-formacion-para-el-sacerdocio-pero-fue-una-prioridad-para-los-seminaristas-en-las-afueras-de-kiev-horas-despues-de-que-rusia-invadiera-ucrania-el-24-de-febrero\">Llenar sacos de arena no era parte del programa habitual de formaci\u00f3n para el sacerdocio, pero fue una prioridad para los seminaristas en las afueras de Kiev horas despu\u00e9s de que Rusia invadiera Ucrania el 24 de febrero.<\/h2>\n\n\n\n<p>Esa ma\u00f1ana, la Divina Liturgia se celebr\u00f3 en una sala de conferencias en el s\u00f3tano del seminario greco-cat\u00f3lico ucraniano como medida de precauci\u00f3n despu\u00e9s de que el sonido de cohetes disparados en un pueblo cercano despertara a la comunidad del seminario alrededor de las 5 a.m.<\/p>\n\n\n\n<p>Los seminaristas pasaron la mayor parte del d\u00eda preparando un refugio antia\u00e9reo improvisado en el campus del seminario, ubicado en Kniazhychi, una ciudad en los suburbios orientales de la capital ucraniana. Las sirenas antia\u00e9reas interrumpieron su trabajo, envi\u00e1ndolos al s\u00f3tano para buscar protecci\u00f3n. El rector cancel\u00f3 las clases por el resto de la semana y al finalizar el d\u00eda, inseguro de c\u00f3mo podr\u00edan escalar los combates, orden\u00f3 una evacuaci\u00f3n, y envi\u00f3 a los seminaristas a sus casas con sus familias.<\/p>\n\n\n\n<p>Sin embargo, para el 3 de marzo, los seminaristas recibieron instrucciones de retomar sus estudios en l\u00ednea, al principio con una sola clase. Pero a partir del 14 de marzo, reiniciaron todos los cursos.<\/p>\n\n\n\n<p>Regresaron al campus del seminario, dedicado a San Basilio, Juan Cris\u00f3stomo y Gregorio el Te\u00f3logo, a mediados de mayo y completaron el a\u00f1o acad\u00e9mico a tiempo. El Arzobispo Sviatoslav Shevchuk de Kyiv-Halych asisti\u00f3 a la ceremonia de graduaci\u00f3n en la fecha programada, el 13 de junio, y como estaba previsto, cinco hombres fueron ordenados subdi\u00e1conos al d\u00eda siguiente, avanzando en su camino hacia la ordenaci\u00f3n sacerdotal. &#8230;<\/p>\n\n\n\n<h3 class=\"wp-block-heading\">\u201cAlgunos seminaristas me preguntaban si era su deber unirse al ej\u00e9rcito y defender Ucrania. Trat\u00e9 de mantener una sensaci\u00f3n de calma entre ellos\u201d, recuerda el padre Ostrovskyy.<\/h3>\n\n\n\n<p>\u201cCuando se reanudaron las clases regulares, fue como si los seminaristas tuvieran una nueva oportunidad de vida\u201d, contin\u00faa. \u00abEn medio de la locura de la guerra, necesitaban algo estable, \u00fatil, simple que pudiera darles un sentido de significado en la vida\u201d.<\/p>\n\n\n\n<p>El padre Ostrovskyy dice que la decisi\u00f3n de pedirle a los seminaristas que regresen a Kiev fue \u201cmuy dif\u00edcil, forjada con muchas preguntas, sobre todo sobre la seguridad de los seminaristas\u201d, pero la gu\u00eda del arzobispo Shevchuk fue fundamental en esta decisi\u00f3n.<\/p>\n\n\n\n<p>\u201cY logramos regresar y reanudar una \u2018vida normal\u2019 en el seminario\u201d, dice. \u201cDesafortunadamente, la \u2018vida normal\u2019 durante una guerra no existe realmente.<\/p>\n\n\n\n<p>\u00abDespu\u00e9s del bombardeo de ciudades y civiles, todos saben que podr\u00edan morir cualquier d\u00eda. La seguridad no existe en ninguna parte de Ucrania\u201d, dice. \u201cY, sin embargo, ning\u00fan seminarista ha abandonado el pa\u00eds\u201d.<\/p>\n\n\n\n<p>Servir en primera l\u00ednea no es lo que el seminarista Vitality Oliynyk ten\u00eda en mente cuando so\u00f1aba con ser sacerdote. Pero admite que ha reflexionado sobre ese asunto en los \u00faltimos meses en m\u00e1s de una ocasi\u00f3n.<\/p>\n\n\n\n<p>\u201cUn sacerdote en el campo de batalla es indispensable\u201d, dice. \u201cComo no todos pueden ser evacuados de estos territorios, el sacerdote debe ser su pilar. \u00c9l debe ser el apoyo espiritual para aquellos que &#8230; todos los d\u00edas miran a los ojos a la muerte\u201d.<\/p>\n\n\n\n<p>Como parte de su programa de formaci\u00f3n, el seminario de Kiev ofrece a los seminaristas oportunidades para adquirir experiencia sobre capellan\u00eda militar y cuidado pastoral en tiempos de guerra.<\/p>\n\n\n\n<hr class=\"wp-block-separator has-alpha-channel-opacity\" \/>\n\n\n\n<p><em>\u00bfInteresado en patrocinar la formaci\u00f3n de una religiosa o sacerdote? Haga clic <a href=\"https:\/\/cnewa.org\/seminarian-novice-sponsorship\/\" target=\"_blank\" rel=\"noreferrer noopener\">aqu\u00ed<\/a>.<\/em><\/p>\n","protected":false},"excerpt":{"rendered":"<p>Lea esta historia de seminaristas en formaci\u00f3n en la primera l\u00ednea de Ucrania en este extracto de \u201cCloser to the People\u201d, disponible s\u00f3lo en ingl\u00e9s, que se public\u00f3 en la edici\u00f3n de septiembre 2022 de la revista ONE. Llenar sacos de arena no era parte del programa habitual de formaci\u00f3n para el sacerdocio, pero fue &hellip; <a href=\"https:\/\/cnewa.org\/es\/formando-lideres-en-ucrania-seminaristas-en-primera-linea\/\">Continued<\/a><\/p>\n","protected":false},"author":70019,"featured_media":3054,"comment_status":"closed","ping_status":"closed","sticky":false,"template":"","format":"standard","meta":{"_acf_changed":false,"footnotes":""},"categories":[44,18],"class_list":["post-3051","post","type-post","status-publish","format-standard","has-post-thumbnail","hentry","category-ucrania","category-one"],"acf":[],"yoast_head":"<!-- This site is optimized with the Yoast SEO Premium plugin v27.3 (Yoast SEO v27.3) - https:\/\/yoast.com\/product\/yoast-seo-premium-wordpress\/ -->\n<title>Formando L\u00edderes en Ucrania: Seminaristas en Primera L\u00ednea | CNEWA Espa\u00f1ol<\/title>\n<meta name=\"description\" content=\"Escuche a los seminaristas en formaci\u00f3n en Ucrania en este extracto de \u201cCloser to the People\u201d, publicado en la revista ONE.\" \/>\n<meta name=\"robots\" content=\"index, follow, max-snippet:-1, max-image-preview:large, max-video-preview:-1\" \/>\n<link rel=\"canonical\" href=\"https:\/\/cnewa.org\/es\/formando-lideres-en-ucrania-seminaristas-en-primera-linea\/\" \/>\n<meta property=\"og:locale\" content=\"es_ES\" \/>\n<meta property=\"og:type\" content=\"article\" \/>\n<meta property=\"og:title\" content=\"Formando L\u00edderes en Ucrania: Seminaristas en Primera L\u00ednea\" \/>\n<meta property=\"og:description\" content=\"Escuche a los seminaristas en formaci\u00f3n en Ucrania en este extracto de \u201cCloser to the People\u201d, publicado en la revista ONE.\" \/>\n<meta property=\"og:url\" content=\"https:\/\/cnewa.org\/es\/formando-lideres-en-ucrania-seminaristas-en-primera-linea\/\" \/>\n<meta property=\"og:site_name\" content=\"CNEWA Espa\u00f1ol\" \/>\n<meta property=\"article:publisher\" content=\"https:\/\/www.facebook.com\/CNEWAenespanol\/\" \/>\n<meta property=\"article:published_time\" content=\"2023-05-04T14:56:05+00:00\" \/>\n<meta property=\"article:modified_time\" content=\"2023-05-04T14:56:07+00:00\" \/>\n<meta property=\"og:image\" content=\"https:\/\/cnewa.org\/es\/wp-content\/uploads\/sites\/5\/2023\/05\/ES_FormingLeader_5.jpg\" \/>\n\t<meta property=\"og:image:width\" content=\"1800\" \/>\n\t<meta property=\"og:image:height\" content=\"1260\" \/>\n\t<meta property=\"og:image:type\" content=\"image\/jpeg\" \/>\n<meta name=\"author\" content=\"Anna Nekrasova-Wilson\" \/>\n<meta name=\"twitter:card\" content=\"summary_large_image\" \/>\n<meta name=\"twitter:label1\" content=\"Escrito por\" \/>\n\t<meta name=\"twitter:data1\" content=\"David R. Aquije\" \/>\n\t<meta name=\"twitter:label2\" content=\"Tiempo de lectura\" \/>\n\t<meta name=\"twitter:data2\" content=\"3 minutos\" \/>\n<script type=\"application\/ld+json\" class=\"yoast-schema-graph\">{\"@context\":\"https:\\\/\\\/schema.org\",\"@graph\":[{\"@type\":\"Article\",\"@id\":\"https:\\\/\\\/cnewa.org\\\/es\\\/formando-lideres-en-ucrania-seminaristas-en-primera-linea\\\/#article\",\"isPartOf\":{\"@id\":\"https:\\\/\\\/cnewa.org\\\/es\\\/formando-lideres-en-ucrania-seminaristas-en-primera-linea\\\/\"},\"author\":{\"name\":\"Anna Nekrasova-Wilson\",\"@id\":\"https:\\\/\\\/cnewa.org\\\/es\\\/#\\\/schema\\\/person\\\/d2935c46e239b59210c38997d4aedf00\"},\"headline\":\"Formando L\u00edderes en Ucrania: Seminaristas en Primera L\u00ednea\",\"datePublished\":\"2023-05-04T14:56:05+00:00\",\"dateModified\":\"2023-05-04T14:56:07+00:00\",\"mainEntityOfPage\":{\"@id\":\"https:\\\/\\\/cnewa.org\\\/es\\\/formando-lideres-en-ucrania-seminaristas-en-primera-linea\\\/\"},\"wordCount\":647,\"publisher\":{\"@id\":\"https:\\\/\\\/cnewa.org\\\/es\\\/#organization\"},\"image\":{\"@id\":\"https:\\\/\\\/cnewa.org\\\/es\\\/formando-lideres-en-ucrania-seminaristas-en-primera-linea\\\/#primaryimage\"},\"thumbnailUrl\":\"https:\\\/\\\/cnewa.org\\\/es\\\/wp-content\\\/uploads\\\/sites\\\/5\\\/2023\\\/05\\\/ES_FormingLeader_5.jpg\",\"articleSection\":[\"Ucrania\",\"ONE\"],\"inLanguage\":\"es\"},{\"@type\":\"WebPage\",\"@id\":\"https:\\\/\\\/cnewa.org\\\/es\\\/formando-lideres-en-ucrania-seminaristas-en-primera-linea\\\/\",\"url\":\"https:\\\/\\\/cnewa.org\\\/es\\\/formando-lideres-en-ucrania-seminaristas-en-primera-linea\\\/\",\"name\":\"Formando L\u00edderes en Ucrania: Seminaristas en Primera L\u00ednea | CNEWA Espa\u00f1ol\",\"isPartOf\":{\"@id\":\"https:\\\/\\\/cnewa.org\\\/es\\\/#website\"},\"primaryImageOfPage\":{\"@id\":\"https:\\\/\\\/cnewa.org\\\/es\\\/formando-lideres-en-ucrania-seminaristas-en-primera-linea\\\/#primaryimage\"},\"image\":{\"@id\":\"https:\\\/\\\/cnewa.org\\\/es\\\/formando-lideres-en-ucrania-seminaristas-en-primera-linea\\\/#primaryimage\"},\"thumbnailUrl\":\"https:\\\/\\\/cnewa.org\\\/es\\\/wp-content\\\/uploads\\\/sites\\\/5\\\/2023\\\/05\\\/ES_FormingLeader_5.jpg\",\"datePublished\":\"2023-05-04T14:56:05+00:00\",\"dateModified\":\"2023-05-04T14:56:07+00:00\",\"description\":\"Escuche a los seminaristas en formaci\u00f3n en Ucrania en este extracto de \u201cCloser to the People\u201d, publicado en la revista ONE.\",\"breadcrumb\":{\"@id\":\"https:\\\/\\\/cnewa.org\\\/es\\\/formando-lideres-en-ucrania-seminaristas-en-primera-linea\\\/#breadcrumb\"},\"inLanguage\":\"es\",\"potentialAction\":[{\"@type\":\"ReadAction\",\"target\":[\"https:\\\/\\\/cnewa.org\\\/es\\\/formando-lideres-en-ucrania-seminaristas-en-primera-linea\\\/\"]}]},{\"@type\":\"ImageObject\",\"inLanguage\":\"es\",\"@id\":\"https:\\\/\\\/cnewa.org\\\/es\\\/formando-lideres-en-ucrania-seminaristas-en-primera-linea\\\/#primaryimage\",\"url\":\"https:\\\/\\\/cnewa.org\\\/es\\\/wp-content\\\/uploads\\\/sites\\\/5\\\/2023\\\/05\\\/ES_FormingLeader_5.jpg\",\"contentUrl\":\"https:\\\/\\\/cnewa.org\\\/es\\\/wp-content\\\/uploads\\\/sites\\\/5\\\/2023\\\/05\\\/ES_FormingLeader_5.jpg\",\"width\":1800,\"height\":1260,\"caption\":\"Estudiantes asisten a un servicio de oraci\u00f3n en la capilla del Seminario del Esp\u00edritu Santo en Lviv el 3 de febrero. (foto: Konstantin Chernichkin)\"},{\"@type\":\"BreadcrumbList\",\"@id\":\"https:\\\/\\\/cnewa.org\\\/es\\\/formando-lideres-en-ucrania-seminaristas-en-primera-linea\\\/#breadcrumb\",\"itemListElement\":[{\"@type\":\"ListItem\",\"position\":1,\"name\":\"Inicio\",\"item\":\"https:\\\/\\\/cnewa.org\\\/es\\\/\"},{\"@type\":\"ListItem\",\"position\":2,\"name\":\"Ucrania\",\"item\":\"https:\\\/\\\/cnewa.org\\\/es\\\/categoria\\\/ucrania\\\/\"},{\"@type\":\"ListItem\",\"position\":3,\"name\":\"Formando L\u00edderes en Ucrania: Seminaristas en Primera L\u00ednea\"}]},{\"@type\":\"WebSite\",\"@id\":\"https:\\\/\\\/cnewa.org\\\/es\\\/#website\",\"url\":\"https:\\\/\\\/cnewa.org\\\/es\\\/\",\"name\":\"CNEWA Espa\u00f1ol\",\"description\":\"Asociaci\u00f3n Cat\u00f3lica para el Bienestar del Cercano Oriente\",\"publisher\":{\"@id\":\"https:\\\/\\\/cnewa.org\\\/es\\\/#organization\"},\"potentialAction\":[{\"@type\":\"SearchAction\",\"target\":{\"@type\":\"EntryPoint\",\"urlTemplate\":\"https:\\\/\\\/cnewa.org\\\/es\\\/?s={search_term_string}\"},\"query-input\":{\"@type\":\"PropertyValueSpecification\",\"valueRequired\":true,\"valueName\":\"search_term_string\"}}],\"inLanguage\":\"es\"},{\"@type\":\"Organization\",\"@id\":\"https:\\\/\\\/cnewa.org\\\/es\\\/#organization\",\"name\":\"CNEWA Espa\u00f1ol\",\"alternateName\":\"Asociaci\u00f3n Cat\u00f3lica para el Bienestar del Cercano Oriente\",\"url\":\"https:\\\/\\\/cnewa.org\\\/es\\\/\",\"logo\":{\"@type\":\"ImageObject\",\"inLanguage\":\"es\",\"@id\":\"https:\\\/\\\/cnewa.org\\\/es\\\/#\\\/schema\\\/logo\\\/image\\\/\",\"url\":\"https:\\\/\\\/cnewa.org\\\/es\\\/wp-content\\\/uploads\\\/sites\\\/5\\\/2021\\\/07\\\/CNEWA-brand-logo.png\",\"contentUrl\":\"https:\\\/\\\/cnewa.org\\\/es\\\/wp-content\\\/uploads\\\/sites\\\/5\\\/2021\\\/07\\\/CNEWA-brand-logo.png\",\"width\":1000,\"height\":1000,\"caption\":\"CNEWA Espa\u00f1ol\"},\"image\":{\"@id\":\"https:\\\/\\\/cnewa.org\\\/es\\\/#\\\/schema\\\/logo\\\/image\\\/\"},\"sameAs\":[\"https:\\\/\\\/www.facebook.com\\\/CNEWAenespanol\\\/\",\"https:\\\/\\\/www.instagram.com\\\/cnewa1926\\\/\",\"https:\\\/\\\/www.youtube.com\\\/user\\\/TheCNEWA\"]},{\"@type\":\"Person\",\"name\":\"Anna Nekrasova-Wilson\"}]}<\/script>\n<!-- \/ Yoast SEO Premium plugin. -->","yoast_head_json":{"title":"Formando L\u00edderes en Ucrania: Seminaristas en Primera L\u00ednea | CNEWA Espa\u00f1ol","description":"Escuche a los seminaristas en formaci\u00f3n en Ucrania en este extracto de \u201cCloser to the People\u201d, publicado en la revista ONE.","robots":{"index":"index","follow":"follow","max-snippet":"max-snippet:-1","max-image-preview":"max-image-preview:large","max-video-preview":"max-video-preview:-1"},"canonical":"https:\/\/cnewa.org\/es\/formando-lideres-en-ucrania-seminaristas-en-primera-linea\/","og_locale":"es_ES","og_type":"article","og_title":"Formando L\u00edderes en Ucrania: Seminaristas en Primera L\u00ednea","og_description":"Escuche a los seminaristas en formaci\u00f3n en Ucrania en este extracto de \u201cCloser to the People\u201d, publicado en la revista ONE.","og_url":"https:\/\/cnewa.org\/es\/formando-lideres-en-ucrania-seminaristas-en-primera-linea\/","og_site_name":"CNEWA Espa\u00f1ol","article_publisher":"https:\/\/www.facebook.com\/CNEWAenespanol\/","article_published_time":"2023-05-04T14:56:05+00:00","article_modified_time":"2023-05-04T14:56:07+00:00","og_image":[{"width":1800,"height":1260,"url":"https:\/\/cnewa.org\/es\/wp-content\/uploads\/sites\/5\/2023\/05\/ES_FormingLeader_5.jpg","type":"image\/jpeg"}],"author":"Anna Nekrasova-Wilson","twitter_card":"summary_large_image","twitter_misc":{"Escrito por":"David R. Aquije","Tiempo de lectura":"3 minutos"},"schema":{"@context":"https:\/\/schema.org","@graph":[{"@type":"Article","@id":"https:\/\/cnewa.org\/es\/formando-lideres-en-ucrania-seminaristas-en-primera-linea\/#article","isPartOf":{"@id":"https:\/\/cnewa.org\/es\/formando-lideres-en-ucrania-seminaristas-en-primera-linea\/"},"author":{"name":"Anna Nekrasova-Wilson","@id":"https:\/\/cnewa.org\/es\/#\/schema\/person\/d2935c46e239b59210c38997d4aedf00"},"headline":"Formando L\u00edderes en Ucrania: Seminaristas en Primera L\u00ednea","datePublished":"2023-05-04T14:56:05+00:00","dateModified":"2023-05-04T14:56:07+00:00","mainEntityOfPage":{"@id":"https:\/\/cnewa.org\/es\/formando-lideres-en-ucrania-seminaristas-en-primera-linea\/"},"wordCount":647,"publisher":{"@id":"https:\/\/cnewa.org\/es\/#organization"},"image":{"@id":"https:\/\/cnewa.org\/es\/formando-lideres-en-ucrania-seminaristas-en-primera-linea\/#primaryimage"},"thumbnailUrl":"https:\/\/cnewa.org\/es\/wp-content\/uploads\/sites\/5\/2023\/05\/ES_FormingLeader_5.jpg","articleSection":["Ucrania","ONE"],"inLanguage":"es"},{"@type":"WebPage","@id":"https:\/\/cnewa.org\/es\/formando-lideres-en-ucrania-seminaristas-en-primera-linea\/","url":"https:\/\/cnewa.org\/es\/formando-lideres-en-ucrania-seminaristas-en-primera-linea\/","name":"Formando L\u00edderes en Ucrania: Seminaristas en Primera L\u00ednea | CNEWA Espa\u00f1ol","isPartOf":{"@id":"https:\/\/cnewa.org\/es\/#website"},"primaryImageOfPage":{"@id":"https:\/\/cnewa.org\/es\/formando-lideres-en-ucrania-seminaristas-en-primera-linea\/#primaryimage"},"image":{"@id":"https:\/\/cnewa.org\/es\/formando-lideres-en-ucrania-seminaristas-en-primera-linea\/#primaryimage"},"thumbnailUrl":"https:\/\/cnewa.org\/es\/wp-content\/uploads\/sites\/5\/2023\/05\/ES_FormingLeader_5.jpg","datePublished":"2023-05-04T14:56:05+00:00","dateModified":"2023-05-04T14:56:07+00:00","description":"Escuche a los seminaristas en formaci\u00f3n en Ucrania en este extracto de \u201cCloser to the People\u201d, publicado en la revista ONE.","breadcrumb":{"@id":"https:\/\/cnewa.org\/es\/formando-lideres-en-ucrania-seminaristas-en-primera-linea\/#breadcrumb"},"inLanguage":"es","potentialAction":[{"@type":"ReadAction","target":["https:\/\/cnewa.org\/es\/formando-lideres-en-ucrania-seminaristas-en-primera-linea\/"]}]},{"@type":"ImageObject","inLanguage":"es","@id":"https:\/\/cnewa.org\/es\/formando-lideres-en-ucrania-seminaristas-en-primera-linea\/#primaryimage","url":"https:\/\/cnewa.org\/es\/wp-content\/uploads\/sites\/5\/2023\/05\/ES_FormingLeader_5.jpg","contentUrl":"https:\/\/cnewa.org\/es\/wp-content\/uploads\/sites\/5\/2023\/05\/ES_FormingLeader_5.jpg","width":1800,"height":1260,"caption":"Estudiantes asisten a un servicio de oraci\u00f3n en la capilla del Seminario del Esp\u00edritu Santo en Lviv el 3 de febrero. (foto: Konstantin Chernichkin)"},{"@type":"BreadcrumbList","@id":"https:\/\/cnewa.org\/es\/formando-lideres-en-ucrania-seminaristas-en-primera-linea\/#breadcrumb","itemListElement":[{"@type":"ListItem","position":1,"name":"Inicio","item":"https:\/\/cnewa.org\/es\/"},{"@type":"ListItem","position":2,"name":"Ucrania","item":"https:\/\/cnewa.org\/es\/categoria\/ucrania\/"},{"@type":"ListItem","position":3,"name":"Formando L\u00edderes en Ucrania: Seminaristas en Primera L\u00ednea"}]},{"@type":"WebSite","@id":"https:\/\/cnewa.org\/es\/#website","url":"https:\/\/cnewa.org\/es\/","name":"CNEWA Espa\u00f1ol","description":"Asociaci\u00f3n Cat\u00f3lica para el Bienestar del Cercano Oriente","publisher":{"@id":"https:\/\/cnewa.org\/es\/#organization"},"potentialAction":[{"@type":"SearchAction","target":{"@type":"EntryPoint","urlTemplate":"https:\/\/cnewa.org\/es\/?s={search_term_string}"},"query-input":{"@type":"PropertyValueSpecification","valueRequired":true,"valueName":"search_term_string"}}],"inLanguage":"es"},{"@type":"Organization","@id":"https:\/\/cnewa.org\/es\/#organization","name":"CNEWA Espa\u00f1ol","alternateName":"Asociaci\u00f3n Cat\u00f3lica para el Bienestar del Cercano Oriente","url":"https:\/\/cnewa.org\/es\/","logo":{"@type":"ImageObject","inLanguage":"es","@id":"https:\/\/cnewa.org\/es\/#\/schema\/logo\/image\/","url":"https:\/\/cnewa.org\/es\/wp-content\/uploads\/sites\/5\/2021\/07\/CNEWA-brand-logo.png","contentUrl":"https:\/\/cnewa.org\/es\/wp-content\/uploads\/sites\/5\/2021\/07\/CNEWA-brand-logo.png","width":1000,"height":1000,"caption":"CNEWA Espa\u00f1ol"},"image":{"@id":"https:\/\/cnewa.org\/es\/#\/schema\/logo\/image\/"},"sameAs":["https:\/\/www.facebook.com\/CNEWAenespanol\/","https:\/\/www.instagram.com\/cnewa1926\/","https:\/\/www.youtube.com\/user\/TheCNEWA"]},{"@type":"Person","name":"Anna Nekrasova-Wilson"}]}},"_links":{"self":[{"href":"https:\/\/cnewa.org\/es\/wp-json\/wp\/v2\/posts\/3051","targetHints":{"allow":["GET"]}}],"collection":[{"href":"https:\/\/cnewa.org\/es\/wp-json\/wp\/v2\/posts"}],"about":[{"href":"https:\/\/cnewa.org\/es\/wp-json\/wp\/v2\/types\/post"}],"author":[{"embeddable":true,"href":"https:\/\/cnewa.org\/es\/wp-json\/wp\/v2\/users\/70019"}],"replies":[{"embeddable":true,"href":"https:\/\/cnewa.org\/es\/wp-json\/wp\/v2\/comments?post=3051"}],"version-history":[{"count":8,"href":"https:\/\/cnewa.org\/es\/wp-json\/wp\/v2\/posts\/3051\/revisions"}],"predecessor-version":[{"id":3061,"href":"https:\/\/cnewa.org\/es\/wp-json\/wp\/v2\/posts\/3051\/revisions\/3061"}],"wp:featuredmedia":[{"embeddable":true,"href":"https:\/\/cnewa.org\/es\/wp-json\/wp\/v2\/media\/3054"}],"wp:attachment":[{"href":"https:\/\/cnewa.org\/es\/wp-json\/wp\/v2\/media?parent=3051"}],"wp:term":[{"taxonomy":"category","embeddable":true,"href":"https:\/\/cnewa.org\/es\/wp-json\/wp\/v2\/categories?post=3051"}],"curies":[{"name":"wp","href":"https:\/\/api.w.org\/{rel}","templated":true}]}}