{"id":3064,"date":"2023-05-05T13:22:07","date_gmt":"2023-05-05T17:22:07","guid":{"rendered":"https:\/\/cnewa.org\/es\/?p=3064"},"modified":"2023-05-05T15:42:03","modified_gmt":"2023-05-05T19:42:03","slug":"fe-y-coraje-en-la-zona-gris-de-ucrania","status":"publish","type":"post","link":"https:\/\/cnewa.org\/es\/fe-y-coraje-en-la-zona-gris-de-ucrania\/","title":{"rendered":"Fe y coraje en la &#8216;zona gris&#8217; de Ucrania"},"content":{"rendered":"\n<h2 class=\"wp-block-heading\" id=\"h-ivan-smyglia-y-denys-kurpikov-dicen-que-no-tenian-otra-opcion-que-ayudar-a-entregar-los-alimentos-y-suministros-que-eran-necesarios-en-algunos-de-los-lugares-mas-peligrosos-y-de-mas-dificil-acceso-en-un-pais-en-guerra\">Ivan Smyglia y Denys Kurpikov dicen que \u201cno ten\u00edan otra opci\u00f3n\u201d que ayudar a entregar los alimentos y suministros que eran necesarios en algunos de los lugares m\u00e1s peligrosos y de m\u00e1s dif\u00edcil acceso en un pa\u00eds en guerra.<\/h2>\n\n\n\n<p>\u201cJunto con la hermana Luc\u00eda, a menudo entrabamos en una \u2018zona gris\u2019. Estas eran las poblaciones en la l\u00ednea del frente, entre nuestro ej\u00e9rcito y el ej\u00e9rcito de la Federaci\u00f3n Rusa. Esos territorios que <a href=\"https:\/\/cnewa.org\/es\/trabajo\/ucrania\/\" target=\"_blank\" rel=\"noreferrer noopener\">Ucrania<\/a> no controlaba\u201d, dijo el Sr. Kuprikov.<\/p>\n\n\n\n<figure class=\"wp-block-embed is-type-video is-provider-youtube wp-block-embed-youtube wp-embed-aspect-16-9 wp-has-aspect-ratio\"><div class=\"wp-block-embed__wrapper\">\n<iframe loading=\"lazy\" title=\"Fe y Coraje en la &#039;Zona Gris&#039;\" width=\"500\" height=\"281\" src=\"https:\/\/www.youtube.com\/embed\/AhTYABCSCv0?feature=oembed\" frameborder=\"0\" allow=\"accelerometer; autoplay; clipboard-write; encrypted-media; gyroscope; picture-in-picture; web-share\" referrerpolicy=\"strict-origin-when-cross-origin\" allowfullscreen><\/iframe>\n<\/div><\/figure>\n\n\n\n<p>Kuprikov se refer\u00eda a la Hermana Lucia Murashko, OSBM, miembro de la Orden Cat\u00f3lica Griega Ucraniana de San Basilio el Grande. La Hermana Luc\u00eda ha vivido en un monasterio en Zaporizhzhia, con otras hermanas basilianas que sirven en la parroquia cat\u00f3lica griega ucraniana local. Las hermanas tambi\u00e9n han brindado ayuda humanitaria dentro de su comunidad parroquial, y a civiles y soldados ucranianos en el frente, a solo 30 millas de distancia, desde que estall\u00f3 la guerra a gran escala el 24 de febrero, 2022.<\/p>\n\n\n\n<h3 class=\"wp-block-heading\">Smyglia dirig\u00eda una empresa exitosa, Ivan-Taxi, en 10 ciudades ucranianas y en Varsovia, cuando Rusia inici\u00f3 su invasi\u00f3n a Ucrania.<\/h3>\n\n\n\n<p>\u201cCuando comenz\u00f3 la guerra, mi equipo y yo no ten\u00edamos otra opci\u00f3n. Ten\u00eda un sentimiento muy profundo de necesidad de ayudar\u201d, dijo. \u201cJunto a unos amigos, tomamos nuestros autos y algunos ahorros que ten\u00edamos, llamamos a algunas personas, otras prepararon comida, y comenzamos a ayudar a nuestro ej\u00e9rcito\u201d.<\/p>\n\n\n\n<p>Desde entonces, Smyglia y Kuprikov han entregado ayuda humanitaria a tiempo completo a soldados y civiles ucranianos en la l\u00ednea del frente o cerca de ella.<\/p>\n\n\n\n<p>En entrevista con la revista ONE en Zaporizhzhia, sureste de Ucrania, Smyglia dijo que su iniciativa de ayuda humanitaria no oficial comenz\u00f3 de manera muy simple. \u201cSimplemente escrib\u00ed un mensaje en la aplicaci\u00f3n del chat de mi edificio de apartamentos: \u2018Por favor traigan lo que puedan\u2019\u201d.<\/p>\n\n\n\n<p>Al principio, la gente tra\u00eda grandes bolsas de compras llenas de productos. \u201cPero despu\u00e9s de un mes o dos, la gente se cans\u00f3\u201d, dijo. Ellos \u201cempezaron a pensar en sus propias necesidades\u201d y las donaciones comenzaron a disminuir.<\/p>\n\n\n\n<p>\u201cEntonces, justo cuando pens\u00e1bamos que no pod\u00edamos hacer m\u00e1s, conocimos a la hermana Luc\u00eda\u201d, tal vez fue el destino dijo Kuprikov. \u201cJuntos llegamos a un acuerdo de que ella nos ayudar\u00eda\u201d.<\/p>\n\n\n\n<p>En julio pasado, las hermanas comenzaron a proporcionar al Smyglia y Kuprikov una variedad de suministros, incluidos alimentos, ropa, colchonetas, sacos de dormir y generadores el\u00e9ctricos. Cada vez que les dec\u00edan a las hermanas sobre las necesidades que encontraban en el campo, \u201cla respuesta era: \u2018Env\u00edenos una lista y nos encargaremos de eso\u2019\u201d, dijo Smyglia.<\/p>\n\n\n\n<p>\u201cSiempre nos llenaron de suministros\u201d, dijo, con la voz quebrada por la emoci\u00f3n.<\/p>\n\n\n\n<p>Kuprikov record\u00f3 una vez que conduc\u00eda hacia la \u201czona gris\u201d bajo fuego de morteros con la hermana Luc\u00eda.<\/p>\n\n\n\n<p>\u201cFue dif\u00edcil y aterrador\u201d, dijo. \u201cRecuerdo que llevamos comida a un anciano y el mortero explot\u00f3 cerca. Ten\u00eda una bolsa de 40 libras en mis manos y salt\u00e9 en el acto\u201d.<\/p>\n\n\n\n<p>\u201cLa hermana Luc\u00eda tom\u00f3 mi mano y dijo: \u2018Todo est\u00e1 bien. Dios est\u00e1 con nosotros\u2019\u201d. Estas fueron palabras a las que no sol\u00eda prestar mucha atenci\u00f3n antes\u201d, dijo. \u201cPero ahora, cuando estoy manejando solo o cuando estoy con Iv\u00e1n y nos encontramos en circunstancias dif\u00edciles, recuerdo las palabras de la hermana Luc\u00eda y me siento mejor\u201d.<\/p>\n\n\n\n<p>Smyglia dijo que le era imposible calcular la cantidad de ayuda que hab\u00edan entregado a soldados y civiles, incluso en pueblos donde las autoridades locales no hab\u00edan podido brindar asistencia, como Preobrazhenka, Novodanylivka y Mala Tokmachka.<\/p>\n\n\n\n<p>\u201cHab\u00eda ancianos y ancianas que no pod\u00edan salir de sus pueblos\u201d, dijo Kuprikov. \u201cMuchas personas hab\u00edan estado sin agua o electricidad durante varios meses cuando llegamos\u201d.<\/p>\n\n\n\n<p>La experiencia de Smyglia con las hermanas basilianas y la Iglesia Cat\u00f3lica Griega Ucraniana el a\u00f1o pasado tambi\u00e9n inici\u00f3 una \u201cnueva p\u00e1gina\u201d en su vida.<\/p>\n\n\n\n<p>\u201cRealmente no ten\u00eda ni idea sobre la iglesia, la fe o cu\u00e1l era mi opini\u00f3n sobre todo esto\u201d, dijo. \u201cNo lo entend\u00eda. No hab\u00eda nadie quien me ense\u00f1ara estas cosas cuando era peque\u00f1o\u201d.<\/p>\n\n\n\n<p>Despu\u00e9s de reevaluar su vida y su fe a la luz de la guerra, decidi\u00f3 proponerle a su esposa de 21 a\u00f1os que se casaran por la iglesia.<\/p>\n\n\n\n<p>\u201cCreo que nuestro matrimonio ser\u00e1 m\u00e1s fuerte\u201d, dijo. \u201cAmo mucho a mi esposa y a mis hijos, son mi alma y mi coraz\u00f3n, no puedo imaginar mi vida sin ellos, pero debemos estar casados \u200b\u200bante los ojos de Dios\u201d.<\/p>\n\n\n\n<hr class=\"wp-block-separator has-alpha-channel-opacity\" \/>\n\n\n\n<p class=\"has-small-font-size\">Konstantin Chernichkin realiz\u00f3 las entrevistas en ucraniano. Mariana Karapinka proporcion\u00f3 la traducci\u00f3n al ingl\u00e9s. J. Antonio Montano tradujo al espa\u00f1ol.<\/p>\n","protected":false},"excerpt":{"rendered":"<p>Ivan Smyglia y Denys Kurpikov dicen que \u201cno ten\u00edan otra opci\u00f3n\u201d que ayudar a entregar los alimentos y suministros que eran necesarios en algunos de los lugares m\u00e1s peligrosos y de m\u00e1s dif\u00edcil acceso en un pa\u00eds en guerra. \u201cJunto con la hermana Luc\u00eda, a menudo entrabamos en una \u2018zona gris\u2019. Estas eran las poblaciones &hellip; <a href=\"https:\/\/cnewa.org\/es\/fe-y-coraje-en-la-zona-gris-de-ucrania\/\">Continued<\/a><\/p>\n","protected":false},"author":70019,"featured_media":3067,"comment_status":"closed","ping_status":"closed","sticky":false,"template":"","format":"standard","meta":{"_acf_changed":false,"footnotes":""},"categories":[98,44],"class_list":["post-3064","post","type-post","status-publish","format-standard","has-post-thumbnail","hentry","category-multimedia","category-ucrania"],"acf":[],"yoast_head":"<!-- This site is optimized with the Yoast SEO Premium plugin v27.3 (Yoast SEO v27.3) - https:\/\/yoast.com\/product\/yoast-seo-premium-wordpress\/ -->\n<title>Fe y coraje en la &#039;zona gris&#039; de Ucrania | CNEWA Espa\u00f1ol<\/title>\n<meta name=\"description\" content=\"Ivan Smyglia y Denys Kurpikov dicen que \u201cno ten\u00edan otra opci\u00f3n\u201d que ayudar a entregar los alimentos y suministros en Ucrania en guerra.\" \/>\n<meta name=\"robots\" content=\"index, follow, max-snippet:-1, max-image-preview:large, max-video-preview:-1\" \/>\n<link rel=\"canonical\" href=\"https:\/\/cnewa.org\/es\/fe-y-coraje-en-la-zona-gris-de-ucrania\/\" \/>\n<meta property=\"og:locale\" content=\"es_ES\" \/>\n<meta property=\"og:type\" content=\"article\" \/>\n<meta property=\"og:title\" content=\"Fe y coraje en la &#039;zona gris&#039; de Ucrania\" \/>\n<meta property=\"og:description\" content=\"Ivan Smyglia y Denys Kurpikov dicen que \u201cno ten\u00edan otra opci\u00f3n\u201d que ayudar a entregar los alimentos y suministros en Ucrania en guerra.\" \/>\n<meta property=\"og:url\" content=\"https:\/\/cnewa.org\/es\/fe-y-coraje-en-la-zona-gris-de-ucrania\/\" \/>\n<meta property=\"og:site_name\" content=\"CNEWA Espa\u00f1ol\" \/>\n<meta property=\"article:publisher\" content=\"https:\/\/www.facebook.com\/CNEWAenespanol\/\" \/>\n<meta property=\"article:published_time\" content=\"2023-05-05T17:22:07+00:00\" \/>\n<meta property=\"article:modified_time\" content=\"2023-05-05T19:42:03+00:00\" \/>\n<meta property=\"og:image\" content=\"https:\/\/cnewa.org\/es\/wp-content\/uploads\/sites\/5\/2023\/05\/KCHE_Zaporizhzhia_Ukraine-025-1-copy.jpg\" \/>\n\t<meta property=\"og:image:width\" content=\"1800\" \/>\n\t<meta property=\"og:image:height\" content=\"1200\" \/>\n\t<meta property=\"og:image:type\" content=\"image\/jpeg\" \/>\n<meta name=\"author\" content=\"Laura Ieraci\" \/>\n<meta name=\"twitter:card\" content=\"summary_large_image\" \/>\n<meta name=\"twitter:label1\" content=\"Escrito por\" \/>\n\t<meta name=\"twitter:data1\" content=\"David R. Aquije\" \/>\n\t<meta name=\"twitter:label2\" content=\"Tiempo de lectura\" \/>\n\t<meta name=\"twitter:data2\" content=\"4 minutos\" \/>\n<script type=\"application\/ld+json\" class=\"yoast-schema-graph\">{\"@context\":\"https:\\\/\\\/schema.org\",\"@graph\":[{\"@type\":\"Article\",\"@id\":\"https:\\\/\\\/cnewa.org\\\/es\\\/fe-y-coraje-en-la-zona-gris-de-ucrania\\\/#article\",\"isPartOf\":{\"@id\":\"https:\\\/\\\/cnewa.org\\\/es\\\/fe-y-coraje-en-la-zona-gris-de-ucrania\\\/\"},\"author\":{\"name\":\"Laura Ieraci\",\"@id\":\"https:\\\/\\\/cnewa.org\\\/es\\\/#\\\/schema\\\/person\\\/d2935c46e239b59210c38997d4aedf00\"},\"headline\":\"Fe y coraje en la &#8216;zona gris&#8217; de Ucrania\",\"datePublished\":\"2023-05-05T17:22:07+00:00\",\"dateModified\":\"2023-05-05T19:42:03+00:00\",\"mainEntityOfPage\":{\"@id\":\"https:\\\/\\\/cnewa.org\\\/es\\\/fe-y-coraje-en-la-zona-gris-de-ucrania\\\/\"},\"wordCount\":832,\"publisher\":{\"@id\":\"https:\\\/\\\/cnewa.org\\\/es\\\/#organization\"},\"image\":{\"@id\":\"https:\\\/\\\/cnewa.org\\\/es\\\/fe-y-coraje-en-la-zona-gris-de-ucrania\\\/#primaryimage\"},\"thumbnailUrl\":\"https:\\\/\\\/cnewa.org\\\/es\\\/wp-content\\\/uploads\\\/sites\\\/5\\\/2023\\\/05\\\/KCHE_Zaporizhzhia_Ukraine-025-1-copy.jpg\",\"articleSection\":[\"Multimedia\",\"Ucrania\"],\"inLanguage\":\"es\"},{\"@type\":\"WebPage\",\"@id\":\"https:\\\/\\\/cnewa.org\\\/es\\\/fe-y-coraje-en-la-zona-gris-de-ucrania\\\/\",\"url\":\"https:\\\/\\\/cnewa.org\\\/es\\\/fe-y-coraje-en-la-zona-gris-de-ucrania\\\/\",\"name\":\"Fe y coraje en la 'zona gris' de Ucrania | CNEWA Espa\u00f1ol\",\"isPartOf\":{\"@id\":\"https:\\\/\\\/cnewa.org\\\/es\\\/#website\"},\"primaryImageOfPage\":{\"@id\":\"https:\\\/\\\/cnewa.org\\\/es\\\/fe-y-coraje-en-la-zona-gris-de-ucrania\\\/#primaryimage\"},\"image\":{\"@id\":\"https:\\\/\\\/cnewa.org\\\/es\\\/fe-y-coraje-en-la-zona-gris-de-ucrania\\\/#primaryimage\"},\"thumbnailUrl\":\"https:\\\/\\\/cnewa.org\\\/es\\\/wp-content\\\/uploads\\\/sites\\\/5\\\/2023\\\/05\\\/KCHE_Zaporizhzhia_Ukraine-025-1-copy.jpg\",\"datePublished\":\"2023-05-05T17:22:07+00:00\",\"dateModified\":\"2023-05-05T19:42:03+00:00\",\"description\":\"Ivan Smyglia y Denys Kurpikov dicen que \u201cno ten\u00edan otra opci\u00f3n\u201d que ayudar a entregar los alimentos y suministros en Ucrania en guerra.\",\"breadcrumb\":{\"@id\":\"https:\\\/\\\/cnewa.org\\\/es\\\/fe-y-coraje-en-la-zona-gris-de-ucrania\\\/#breadcrumb\"},\"inLanguage\":\"es\",\"potentialAction\":[{\"@type\":\"ReadAction\",\"target\":[\"https:\\\/\\\/cnewa.org\\\/es\\\/fe-y-coraje-en-la-zona-gris-de-ucrania\\\/\"]}]},{\"@type\":\"ImageObject\",\"inLanguage\":\"es\",\"@id\":\"https:\\\/\\\/cnewa.org\\\/es\\\/fe-y-coraje-en-la-zona-gris-de-ucrania\\\/#primaryimage\",\"url\":\"https:\\\/\\\/cnewa.org\\\/es\\\/wp-content\\\/uploads\\\/sites\\\/5\\\/2023\\\/05\\\/KCHE_Zaporizhzhia_Ukraine-025-1-copy.jpg\",\"contentUrl\":\"https:\\\/\\\/cnewa.org\\\/es\\\/wp-content\\\/uploads\\\/sites\\\/5\\\/2023\\\/05\\\/KCHE_Zaporizhzhia_Ukraine-025-1-copy.jpg\",\"width\":1800,\"height\":1200,\"caption\":\"La Hermana Lucia Murashko de la Orden de San Basilio el Grande en Zaporizhzhia, sureste de Ucrania, y los voluntarios Ivan Smyglia (extremo derecho) y Denys Kuprikov (izquierda) hablan, el 7 de febrero, sobre d\u00f3nde distribuir\u00e1n ayuda humanitaria a lo largo del frente de guerra. (foto: Konstantin Chernichkin)\"},{\"@type\":\"BreadcrumbList\",\"@id\":\"https:\\\/\\\/cnewa.org\\\/es\\\/fe-y-coraje-en-la-zona-gris-de-ucrania\\\/#breadcrumb\",\"itemListElement\":[{\"@type\":\"ListItem\",\"position\":1,\"name\":\"Inicio\",\"item\":\"https:\\\/\\\/cnewa.org\\\/es\\\/\"},{\"@type\":\"ListItem\",\"position\":2,\"name\":\"Ucrania\",\"item\":\"https:\\\/\\\/cnewa.org\\\/es\\\/categoria\\\/ucrania\\\/\"},{\"@type\":\"ListItem\",\"position\":3,\"name\":\"Fe y coraje en la &#8216;zona gris&#8217; de Ucrania\"}]},{\"@type\":\"WebSite\",\"@id\":\"https:\\\/\\\/cnewa.org\\\/es\\\/#website\",\"url\":\"https:\\\/\\\/cnewa.org\\\/es\\\/\",\"name\":\"CNEWA Espa\u00f1ol\",\"description\":\"Asociaci\u00f3n Cat\u00f3lica para el Bienestar del Cercano Oriente\",\"publisher\":{\"@id\":\"https:\\\/\\\/cnewa.org\\\/es\\\/#organization\"},\"potentialAction\":[{\"@type\":\"SearchAction\",\"target\":{\"@type\":\"EntryPoint\",\"urlTemplate\":\"https:\\\/\\\/cnewa.org\\\/es\\\/?s={search_term_string}\"},\"query-input\":{\"@type\":\"PropertyValueSpecification\",\"valueRequired\":true,\"valueName\":\"search_term_string\"}}],\"inLanguage\":\"es\"},{\"@type\":\"Organization\",\"@id\":\"https:\\\/\\\/cnewa.org\\\/es\\\/#organization\",\"name\":\"CNEWA Espa\u00f1ol\",\"alternateName\":\"Asociaci\u00f3n Cat\u00f3lica para el Bienestar del Cercano Oriente\",\"url\":\"https:\\\/\\\/cnewa.org\\\/es\\\/\",\"logo\":{\"@type\":\"ImageObject\",\"inLanguage\":\"es\",\"@id\":\"https:\\\/\\\/cnewa.org\\\/es\\\/#\\\/schema\\\/logo\\\/image\\\/\",\"url\":\"https:\\\/\\\/cnewa.org\\\/es\\\/wp-content\\\/uploads\\\/sites\\\/5\\\/2021\\\/07\\\/CNEWA-brand-logo.png\",\"contentUrl\":\"https:\\\/\\\/cnewa.org\\\/es\\\/wp-content\\\/uploads\\\/sites\\\/5\\\/2021\\\/07\\\/CNEWA-brand-logo.png\",\"width\":1000,\"height\":1000,\"caption\":\"CNEWA Espa\u00f1ol\"},\"image\":{\"@id\":\"https:\\\/\\\/cnewa.org\\\/es\\\/#\\\/schema\\\/logo\\\/image\\\/\"},\"sameAs\":[\"https:\\\/\\\/www.facebook.com\\\/CNEWAenespanol\\\/\",\"https:\\\/\\\/www.instagram.com\\\/cnewa1926\\\/\",\"https:\\\/\\\/www.youtube.com\\\/user\\\/TheCNEWA\"]},{\"@type\":\"Person\",\"name\":\"Laura Ieraci\"}]}<\/script>\n<!-- \/ Yoast SEO Premium plugin. -->","yoast_head_json":{"title":"Fe y coraje en la 'zona gris' de Ucrania | CNEWA Espa\u00f1ol","description":"Ivan Smyglia y Denys Kurpikov dicen que \u201cno ten\u00edan otra opci\u00f3n\u201d que ayudar a entregar los alimentos y suministros en Ucrania en guerra.","robots":{"index":"index","follow":"follow","max-snippet":"max-snippet:-1","max-image-preview":"max-image-preview:large","max-video-preview":"max-video-preview:-1"},"canonical":"https:\/\/cnewa.org\/es\/fe-y-coraje-en-la-zona-gris-de-ucrania\/","og_locale":"es_ES","og_type":"article","og_title":"Fe y coraje en la 'zona gris' de Ucrania","og_description":"Ivan Smyglia y Denys Kurpikov dicen que \u201cno ten\u00edan otra opci\u00f3n\u201d que ayudar a entregar los alimentos y suministros en Ucrania en guerra.","og_url":"https:\/\/cnewa.org\/es\/fe-y-coraje-en-la-zona-gris-de-ucrania\/","og_site_name":"CNEWA Espa\u00f1ol","article_publisher":"https:\/\/www.facebook.com\/CNEWAenespanol\/","article_published_time":"2023-05-05T17:22:07+00:00","article_modified_time":"2023-05-05T19:42:03+00:00","og_image":[{"width":1800,"height":1200,"url":"https:\/\/cnewa.org\/es\/wp-content\/uploads\/sites\/5\/2023\/05\/KCHE_Zaporizhzhia_Ukraine-025-1-copy.jpg","type":"image\/jpeg"}],"author":"Laura Ieraci","twitter_card":"summary_large_image","twitter_misc":{"Escrito por":"David R. Aquije","Tiempo de lectura":"4 minutos"},"schema":{"@context":"https:\/\/schema.org","@graph":[{"@type":"Article","@id":"https:\/\/cnewa.org\/es\/fe-y-coraje-en-la-zona-gris-de-ucrania\/#article","isPartOf":{"@id":"https:\/\/cnewa.org\/es\/fe-y-coraje-en-la-zona-gris-de-ucrania\/"},"author":{"name":"Laura Ieraci","@id":"https:\/\/cnewa.org\/es\/#\/schema\/person\/d2935c46e239b59210c38997d4aedf00"},"headline":"Fe y coraje en la &#8216;zona gris&#8217; de Ucrania","datePublished":"2023-05-05T17:22:07+00:00","dateModified":"2023-05-05T19:42:03+00:00","mainEntityOfPage":{"@id":"https:\/\/cnewa.org\/es\/fe-y-coraje-en-la-zona-gris-de-ucrania\/"},"wordCount":832,"publisher":{"@id":"https:\/\/cnewa.org\/es\/#organization"},"image":{"@id":"https:\/\/cnewa.org\/es\/fe-y-coraje-en-la-zona-gris-de-ucrania\/#primaryimage"},"thumbnailUrl":"https:\/\/cnewa.org\/es\/wp-content\/uploads\/sites\/5\/2023\/05\/KCHE_Zaporizhzhia_Ukraine-025-1-copy.jpg","articleSection":["Multimedia","Ucrania"],"inLanguage":"es"},{"@type":"WebPage","@id":"https:\/\/cnewa.org\/es\/fe-y-coraje-en-la-zona-gris-de-ucrania\/","url":"https:\/\/cnewa.org\/es\/fe-y-coraje-en-la-zona-gris-de-ucrania\/","name":"Fe y coraje en la 'zona gris' de Ucrania | CNEWA Espa\u00f1ol","isPartOf":{"@id":"https:\/\/cnewa.org\/es\/#website"},"primaryImageOfPage":{"@id":"https:\/\/cnewa.org\/es\/fe-y-coraje-en-la-zona-gris-de-ucrania\/#primaryimage"},"image":{"@id":"https:\/\/cnewa.org\/es\/fe-y-coraje-en-la-zona-gris-de-ucrania\/#primaryimage"},"thumbnailUrl":"https:\/\/cnewa.org\/es\/wp-content\/uploads\/sites\/5\/2023\/05\/KCHE_Zaporizhzhia_Ukraine-025-1-copy.jpg","datePublished":"2023-05-05T17:22:07+00:00","dateModified":"2023-05-05T19:42:03+00:00","description":"Ivan Smyglia y Denys Kurpikov dicen que \u201cno ten\u00edan otra opci\u00f3n\u201d que ayudar a entregar los alimentos y suministros en Ucrania en guerra.","breadcrumb":{"@id":"https:\/\/cnewa.org\/es\/fe-y-coraje-en-la-zona-gris-de-ucrania\/#breadcrumb"},"inLanguage":"es","potentialAction":[{"@type":"ReadAction","target":["https:\/\/cnewa.org\/es\/fe-y-coraje-en-la-zona-gris-de-ucrania\/"]}]},{"@type":"ImageObject","inLanguage":"es","@id":"https:\/\/cnewa.org\/es\/fe-y-coraje-en-la-zona-gris-de-ucrania\/#primaryimage","url":"https:\/\/cnewa.org\/es\/wp-content\/uploads\/sites\/5\/2023\/05\/KCHE_Zaporizhzhia_Ukraine-025-1-copy.jpg","contentUrl":"https:\/\/cnewa.org\/es\/wp-content\/uploads\/sites\/5\/2023\/05\/KCHE_Zaporizhzhia_Ukraine-025-1-copy.jpg","width":1800,"height":1200,"caption":"La Hermana Lucia Murashko de la Orden de San Basilio el Grande en Zaporizhzhia, sureste de Ucrania, y los voluntarios Ivan Smyglia (extremo derecho) y Denys Kuprikov (izquierda) hablan, el 7 de febrero, sobre d\u00f3nde distribuir\u00e1n ayuda humanitaria a lo largo del frente de guerra. (foto: Konstantin Chernichkin)"},{"@type":"BreadcrumbList","@id":"https:\/\/cnewa.org\/es\/fe-y-coraje-en-la-zona-gris-de-ucrania\/#breadcrumb","itemListElement":[{"@type":"ListItem","position":1,"name":"Inicio","item":"https:\/\/cnewa.org\/es\/"},{"@type":"ListItem","position":2,"name":"Ucrania","item":"https:\/\/cnewa.org\/es\/categoria\/ucrania\/"},{"@type":"ListItem","position":3,"name":"Fe y coraje en la &#8216;zona gris&#8217; de Ucrania"}]},{"@type":"WebSite","@id":"https:\/\/cnewa.org\/es\/#website","url":"https:\/\/cnewa.org\/es\/","name":"CNEWA Espa\u00f1ol","description":"Asociaci\u00f3n Cat\u00f3lica para el Bienestar del Cercano Oriente","publisher":{"@id":"https:\/\/cnewa.org\/es\/#organization"},"potentialAction":[{"@type":"SearchAction","target":{"@type":"EntryPoint","urlTemplate":"https:\/\/cnewa.org\/es\/?s={search_term_string}"},"query-input":{"@type":"PropertyValueSpecification","valueRequired":true,"valueName":"search_term_string"}}],"inLanguage":"es"},{"@type":"Organization","@id":"https:\/\/cnewa.org\/es\/#organization","name":"CNEWA Espa\u00f1ol","alternateName":"Asociaci\u00f3n Cat\u00f3lica para el Bienestar del Cercano Oriente","url":"https:\/\/cnewa.org\/es\/","logo":{"@type":"ImageObject","inLanguage":"es","@id":"https:\/\/cnewa.org\/es\/#\/schema\/logo\/image\/","url":"https:\/\/cnewa.org\/es\/wp-content\/uploads\/sites\/5\/2021\/07\/CNEWA-brand-logo.png","contentUrl":"https:\/\/cnewa.org\/es\/wp-content\/uploads\/sites\/5\/2021\/07\/CNEWA-brand-logo.png","width":1000,"height":1000,"caption":"CNEWA Espa\u00f1ol"},"image":{"@id":"https:\/\/cnewa.org\/es\/#\/schema\/logo\/image\/"},"sameAs":["https:\/\/www.facebook.com\/CNEWAenespanol\/","https:\/\/www.instagram.com\/cnewa1926\/","https:\/\/www.youtube.com\/user\/TheCNEWA"]},{"@type":"Person","name":"Laura Ieraci"}]}},"_links":{"self":[{"href":"https:\/\/cnewa.org\/es\/wp-json\/wp\/v2\/posts\/3064","targetHints":{"allow":["GET"]}}],"collection":[{"href":"https:\/\/cnewa.org\/es\/wp-json\/wp\/v2\/posts"}],"about":[{"href":"https:\/\/cnewa.org\/es\/wp-json\/wp\/v2\/types\/post"}],"author":[{"embeddable":true,"href":"https:\/\/cnewa.org\/es\/wp-json\/wp\/v2\/users\/70019"}],"replies":[{"embeddable":true,"href":"https:\/\/cnewa.org\/es\/wp-json\/wp\/v2\/comments?post=3064"}],"version-history":[{"count":14,"href":"https:\/\/cnewa.org\/es\/wp-json\/wp\/v2\/posts\/3064\/revisions"}],"predecessor-version":[{"id":3081,"href":"https:\/\/cnewa.org\/es\/wp-json\/wp\/v2\/posts\/3064\/revisions\/3081"}],"wp:featuredmedia":[{"embeddable":true,"href":"https:\/\/cnewa.org\/es\/wp-json\/wp\/v2\/media\/3067"}],"wp:attachment":[{"href":"https:\/\/cnewa.org\/es\/wp-json\/wp\/v2\/media?parent=3064"}],"wp:term":[{"taxonomy":"category","embeddable":true,"href":"https:\/\/cnewa.org\/es\/wp-json\/wp\/v2\/categories?post=3064"}],"curies":[{"name":"wp","href":"https:\/\/api.w.org\/{rel}","templated":true}]}}