{"id":3105,"date":"2023-05-11T14:19:31","date_gmt":"2023-05-11T18:19:31","guid":{"rendered":"https:\/\/cnewa.org\/es\/?p=3105"},"modified":"2024-11-05T12:17:06","modified_gmt":"2024-11-05T17:17:06","slug":"formando-lideres-acompanando-a-los-creyentes-en-libano","status":"publish","type":"post","link":"https:\/\/cnewa.org\/es\/formando-lideres-acompanando-a-los-creyentes-en-libano\/","title":{"rendered":"Formando L\u00edderes: Acompa\u00f1ando a los Creyentes en L\u00edbano"},"content":{"rendered":"\n<p><em>A continuaci\u00f3n, presentamos un extracto de un escrito del Padre Mario Abu Daher del Seminario Patriarcal de Santa Ana en el L\u00edbano, en el que reflexiona sobre los desaf\u00edos que enfrentan quienes se encuentran en formaci\u00f3n para ser sacerdotes. Su&nbsp;\u201c<a href=\"https:\/\/cnewa.org\/magazine\/letter-from-seminary-melkite-greek-catholic\/\" target=\"_blank\" rel=\"noreferrer noopener\">Letter From Seminary<\/a>\u201d, disponible solo en ingl\u00e9s,&nbsp;se public\u00f3 en la edici\u00f3n<\/em><a href=\"https:\/\/cnewa.org\/magazine-issues\/september-2021\/\" target=\"_blank\" rel=\"noreferrer noopener\"><em>&nbsp;de septiembre 2021<\/em><\/a><em>&nbsp;de la revista<\/em>&nbsp;<em><a href=\"https:\/\/cnewa.org\/magazine\/\" target=\"_blank\" rel=\"noreferrer noopener\">ONE<\/a>.<\/em><\/p>\n\n\n\n<p><em>Si est\u00e1 interesado en patrocinar a un seminarista o novicio,<\/em><a href=\"https:\/\/cnewa.org\/seminarian-novice-sponsorship\/\" target=\"_blank\" rel=\"noreferrer noopener\"><em>&nbsp;haga clic aqu\u00ed<\/em><\/a><em>.<\/em><\/p>\n\n\n\n<h3 class=\"wp-block-heading\" id=\"h-en-las-faldas-del-monte-libano-el-seminario-patriarcal-de-santa-ana-forma-sacerdotes-y-lideres-para-el-ministerio-y-el-servicio-en-la-iglesia-greco-catolica-melquita-en-todo-el-medio-oriente-y-en-algunos-casos-mas-alla\">En las faldas del Monte L\u00edbano, el Seminario Patriarcal de Santa Ana forma sacerdotes y l\u00edderes para el ministerio y el servicio en la Iglesia Greco-Cat\u00f3lica Melquita en todo el Medio Oriente y, en algunos casos, m\u00e1s all\u00e1.<\/h3>\n\n\n\n<p>Fundada en Jerusal\u00e9n en 1882, se traslad\u00f3 al norte de Beirut, a Rabieh, en 1972. El seminario constituye la columna vertebral de la misi\u00f3n vital de la Iglesia Greco-Cat\u00f3lica Melquita en esta tierra. Ha inculcado las verdades de la fe, as\u00ed como de la cultura, el conocimiento, la espiritualidad y habilidades interpersonales, en aquellos hombres que han respondido al llamado del servicio al Se\u00f1or como pastores, quienes ministran en parroquias melquitas en el L\u00edbano, Siria, Jordania, Egipto y Palestina.<\/p>\n\n\n\n<p>La vocaci\u00f3n de todos los sacerdotes, independientemente de la iglesia o el lugar donde se encuentren, es transmitir el mensaje y la misi\u00f3n del Evangelio a las personas, las familias y sus comunidades. Esta obra solemne requiere que la comunidad del seminario construya el Reino de Dios en los corazones de los candidatos a sacerdotes.<\/p>\n\n\n\n<p>Son necesarias una preparaci\u00f3n y una formaci\u00f3n que sean suficientes para que los sacerdotes lleven a cabo su misi\u00f3n religiosa, pastoral, cultural y humanitaria en una sociedad plagada de desaf\u00edos. Algunos de estos desaf\u00edos incluyen, las guerras y los conflictos, el colapso econ\u00f3mico, la inestabilidad pol\u00edtica, la pobreza, la indigencia, el desempleo y la emigraci\u00f3n de los j\u00f3venes, que amenazan la estabilidad y la existencia misma de estas sociedades.<\/p>\n\n\n\n<p>Los l\u00edderes de la iglesia est\u00e1n plenamente conscientes de la misi\u00f3n y de los grandes desaf\u00edos que enfrenta la misi\u00f3n, por lo que dedican mucha atenci\u00f3n y recursos a la formaci\u00f3n sacerdotal.<\/p>\n\n\n\n<p>Por esta raz\u00f3n, los encargados de la formaci\u00f3n trabajan para desarrollar una profundidad espiritual entre los seminaristas, as\u00ed como una competencia cultural, y a que tengan conciencia de los problemas que enfrentan las comunidades cristianas y de las herramientas para comprometerse en el trabajo pastoral y humanitario necesario, que son expresiones de la ense\u00f1anza social cat\u00f3lica. &#8230;<\/p>\n\n\n\n<p>Alentamos a los seminaristas a desarrollar sus talentos y habilidades. Tambi\u00e9n se\u00f1alamos \u00e1reas para el desarrollo personal. Este acompa\u00f1amiento tiene como objetivo crear una relaci\u00f3n de tutor\u00eda entre los seminaristas y el clero en el equipo de formaci\u00f3n del seminario. Hemos encontrado que la tutor\u00eda alienta a los seminaristas en su crecimiento en su vocaci\u00f3n y en la manera como lidian de los crecientes desaf\u00edos que enfrenta la iglesia en el Medio Oriente. &#8230;<\/p>\n\n\n\n<p>COVID-19 es una de las mayores pruebas que enfrenta el mundo hoy en d\u00eda, porque propaga el miedo, amenaza vidas y socava gobiernos. Las cuarentenas obligatorias han vaciado las iglesias de creyentes, particularmente en los d\u00edas santos y para aquellos hitos en la vida de las personas, incluidos los funerales. La pandemia tambi\u00e9n ha sido un gran desaf\u00edo para los seminarios de todo el mundo, ya que tradicionalmente la formaci\u00f3n sacerdotal ocurre en una comunidad de seminaristas y formadores reunidos en un solo lugar. Continuar la formaci\u00f3n en el seminario en persona y adherirse a los protocolos necesarios para detener la propagaci\u00f3n del virus ha requerido una gran concientizaci\u00f3n y responsabilidad personal.<\/p>\n\n\n\n<p>Sin embargo, la pandemia tambi\u00e9n ha llevado a una importante reflexi\u00f3n sobre la formaci\u00f3n en seminario. El personal del seminario se ha vuelto cada vez m\u00e1s consciente de que el sacerdote no es solo un hombre que realiza ritos y rituales lit\u00fargicos, o que ejerce habilidades de gesti\u00f3n y liderazgo en una comunidad; m\u00e1s bien, su papel, sobre todo, es mejorar la fe en los creyentes y acompa\u00f1arlos con el esp\u00edritu de esperanza. A trav\u00e9s de esta conciencia del papel del sacerdote en la sociedad, el seminarista estar\u00e1 preparado para estar presente y servir donde se encuentren las necesidades. <\/p>\n\n\n\n<hr class=\"wp-block-separator has-alpha-channel-opacity\"\/>\n\n\n\n<p>\u00danase a nosotros para apoyar el futuro de la iglesia y generar un impacto duradero en las comunidades necesitadas. Haga clic <a href=\"https:\/\/cnewa.org\/what-we-do\/prepare-the-future-leaders-of-the-church\/\">aqu\u00ed<\/a>.<\/p>\n","protected":false},"excerpt":{"rendered":"<p>A continuaci\u00f3n, presentamos un extracto de un escrito del Padre Mario Abu Daher del Seminario Patriarcal de Santa Ana en el L\u00edbano, en el que reflexiona sobre los desaf\u00edos que enfrentan quienes se encuentran en formaci\u00f3n para ser sacerdotes. Su&nbsp;\u201cLetter From Seminary\u201d, disponible solo en ingl\u00e9s,&nbsp;se public\u00f3 en la edici\u00f3n&nbsp;de septiembre 2021&nbsp;de la revista&nbsp;ONE. Si &hellip; <a href=\"https:\/\/cnewa.org\/es\/formando-lideres-acompanando-a-los-creyentes-en-libano\/\">Continued<\/a><\/p>\n","protected":false},"author":70019,"featured_media":3107,"comment_status":"closed","ping_status":"closed","sticky":false,"template":"","format":"standard","meta":{"_acf_changed":false,"footnotes":""},"categories":[104,512],"class_list":["post-3105","post","type-post","status-publish","format-standard","has-post-thumbnail","hentry","category-medio-oriente","category-libano"],"acf":[],"yoast_head":"<!-- This site is optimized with the Yoast SEO Premium plugin v27.3 (Yoast SEO v27.3) - https:\/\/yoast.com\/product\/yoast-seo-premium-wordpress\/ -->\n<title>Formando L\u00edderes: Acompa\u00f1ando a los Creyentes en L\u00edbano<\/title>\n<meta name=\"description\" content=\"Padre Mario Abu Daher del Seminario Patriarcal de Santa Ana en el L\u00edbano, reflexiona sobre los desaf\u00edos para la formaci\u00f3n de sacerdotes.\" \/>\n<meta name=\"robots\" content=\"index, follow, max-snippet:-1, max-image-preview:large, max-video-preview:-1\" \/>\n<link rel=\"canonical\" href=\"https:\/\/cnewa.org\/es\/formando-lideres-acompanando-a-los-creyentes-en-libano\/\" \/>\n<meta property=\"og:locale\" content=\"es_ES\" \/>\n<meta property=\"og:type\" content=\"article\" \/>\n<meta property=\"og:title\" content=\"Formando L\u00edderes: Acompa\u00f1ando a los Creyentes en L\u00edbano\" \/>\n<meta property=\"og:description\" content=\"Padre Mario Abu Daher del Seminario Patriarcal de Santa Ana en el L\u00edbano, reflexiona sobre los desaf\u00edos para la formaci\u00f3n de sacerdotes.\" \/>\n<meta property=\"og:url\" content=\"https:\/\/cnewa.org\/es\/formando-lideres-acompanando-a-los-creyentes-en-libano\/\" \/>\n<meta property=\"og:site_name\" content=\"CNEWA Espa\u00f1ol\" \/>\n<meta property=\"article:publisher\" content=\"https:\/\/www.facebook.com\/CNEWAenespanol\/\" \/>\n<meta property=\"article:published_time\" content=\"2023-05-11T18:19:31+00:00\" \/>\n<meta property=\"article:modified_time\" content=\"2024-11-05T17:17:06+00:00\" \/>\n<meta property=\"og:image\" content=\"https:\/\/cnewa.org\/es\/wp-content\/uploads\/sites\/5\/2023\/05\/ES_FormingLeaders_6.jpg\" \/>\n\t<meta property=\"og:image:width\" content=\"1800\" \/>\n\t<meta property=\"og:image:height\" content=\"1260\" \/>\n\t<meta property=\"og:image:type\" content=\"image\/jpeg\" \/>\n<meta name=\"author\" content=\"Rev. Mario Abu Daher\" \/>\n<meta name=\"twitter:card\" content=\"summary_large_image\" \/>\n<meta name=\"twitter:label1\" content=\"Escrito por\" \/>\n\t<meta name=\"twitter:data1\" content=\"David R. Aquije\" \/>\n\t<meta name=\"twitter:label2\" content=\"Tiempo de lectura\" \/>\n\t<meta name=\"twitter:data2\" content=\"4 minutos\" \/>\n<script type=\"application\/ld+json\" class=\"yoast-schema-graph\">{\"@context\":\"https:\\\/\\\/schema.org\",\"@graph\":[{\"@type\":\"Article\",\"@id\":\"https:\\\/\\\/cnewa.org\\\/es\\\/formando-lideres-acompanando-a-los-creyentes-en-libano\\\/#article\",\"isPartOf\":{\"@id\":\"https:\\\/\\\/cnewa.org\\\/es\\\/formando-lideres-acompanando-a-los-creyentes-en-libano\\\/\"},\"author\":{\"name\":\"Rev. Mario Abu Daher\",\"@id\":\"https:\\\/\\\/cnewa.org\\\/es\\\/#\\\/schema\\\/person\\\/d2935c46e239b59210c38997d4aedf00\"},\"headline\":\"Formando L\u00edderes: Acompa\u00f1ando a los Creyentes en L\u00edbano\",\"datePublished\":\"2023-05-11T18:19:31+00:00\",\"dateModified\":\"2024-11-05T17:17:06+00:00\",\"mainEntityOfPage\":{\"@id\":\"https:\\\/\\\/cnewa.org\\\/es\\\/formando-lideres-acompanando-a-los-creyentes-en-libano\\\/\"},\"wordCount\":785,\"publisher\":{\"@id\":\"https:\\\/\\\/cnewa.org\\\/es\\\/#organization\"},\"image\":{\"@id\":\"https:\\\/\\\/cnewa.org\\\/es\\\/formando-lideres-acompanando-a-los-creyentes-en-libano\\\/#primaryimage\"},\"thumbnailUrl\":\"https:\\\/\\\/cnewa.org\\\/es\\\/wp-content\\\/uploads\\\/sites\\\/5\\\/2023\\\/05\\\/ES_FormingLeaders_6.jpg\",\"articleSection\":[\"Medio Oriente\",\"Libano\"],\"inLanguage\":\"es\"},{\"@type\":\"WebPage\",\"@id\":\"https:\\\/\\\/cnewa.org\\\/es\\\/formando-lideres-acompanando-a-los-creyentes-en-libano\\\/\",\"url\":\"https:\\\/\\\/cnewa.org\\\/es\\\/formando-lideres-acompanando-a-los-creyentes-en-libano\\\/\",\"name\":\"Formando L\u00edderes: Acompa\u00f1ando a los Creyentes en L\u00edbano\",\"isPartOf\":{\"@id\":\"https:\\\/\\\/cnewa.org\\\/es\\\/#website\"},\"primaryImageOfPage\":{\"@id\":\"https:\\\/\\\/cnewa.org\\\/es\\\/formando-lideres-acompanando-a-los-creyentes-en-libano\\\/#primaryimage\"},\"image\":{\"@id\":\"https:\\\/\\\/cnewa.org\\\/es\\\/formando-lideres-acompanando-a-los-creyentes-en-libano\\\/#primaryimage\"},\"thumbnailUrl\":\"https:\\\/\\\/cnewa.org\\\/es\\\/wp-content\\\/uploads\\\/sites\\\/5\\\/2023\\\/05\\\/ES_FormingLeaders_6.jpg\",\"datePublished\":\"2023-05-11T18:19:31+00:00\",\"dateModified\":\"2024-11-05T17:17:06+00:00\",\"description\":\"Padre Mario Abu Daher del Seminario Patriarcal de Santa Ana en el L\u00edbano, reflexiona sobre los desaf\u00edos para la formaci\u00f3n de sacerdotes.\",\"breadcrumb\":{\"@id\":\"https:\\\/\\\/cnewa.org\\\/es\\\/formando-lideres-acompanando-a-los-creyentes-en-libano\\\/#breadcrumb\"},\"inLanguage\":\"es\",\"potentialAction\":[{\"@type\":\"ReadAction\",\"target\":[\"https:\\\/\\\/cnewa.org\\\/es\\\/formando-lideres-acompanando-a-los-creyentes-en-libano\\\/\"]}]},{\"@type\":\"ImageObject\",\"inLanguage\":\"es\",\"@id\":\"https:\\\/\\\/cnewa.org\\\/es\\\/formando-lideres-acompanando-a-los-creyentes-en-libano\\\/#primaryimage\",\"url\":\"https:\\\/\\\/cnewa.org\\\/es\\\/wp-content\\\/uploads\\\/sites\\\/5\\\/2023\\\/05\\\/ES_FormingLeaders_6.jpg\",\"contentUrl\":\"https:\\\/\\\/cnewa.org\\\/es\\\/wp-content\\\/uploads\\\/sites\\\/5\\\/2023\\\/05\\\/ES_FormingLeaders_6.jpg\",\"width\":1800,\"height\":1260,\"caption\":\"Sacerdotes en el altar de la capilla del Seminario Patriarcal de Santa Ana en Rabweh, L\u00edbano. (foto: cortes\u00eda de Ramy Wakim)\"},{\"@type\":\"BreadcrumbList\",\"@id\":\"https:\\\/\\\/cnewa.org\\\/es\\\/formando-lideres-acompanando-a-los-creyentes-en-libano\\\/#breadcrumb\",\"itemListElement\":[{\"@type\":\"ListItem\",\"position\":1,\"name\":\"Inicio\",\"item\":\"https:\\\/\\\/cnewa.org\\\/es\\\/\"},{\"@type\":\"ListItem\",\"position\":2,\"name\":\"Medio Oriente\",\"item\":\"https:\\\/\\\/cnewa.org\\\/es\\\/categoria\\\/medio-oriente\\\/\"},{\"@type\":\"ListItem\",\"position\":3,\"name\":\"Formando L\u00edderes: Acompa\u00f1ando a los Creyentes en L\u00edbano\"}]},{\"@type\":\"WebSite\",\"@id\":\"https:\\\/\\\/cnewa.org\\\/es\\\/#website\",\"url\":\"https:\\\/\\\/cnewa.org\\\/es\\\/\",\"name\":\"CNEWA Espa\u00f1ol\",\"description\":\"Asociaci\u00f3n Cat\u00f3lica para el Bienestar del Cercano Oriente\",\"publisher\":{\"@id\":\"https:\\\/\\\/cnewa.org\\\/es\\\/#organization\"},\"potentialAction\":[{\"@type\":\"SearchAction\",\"target\":{\"@type\":\"EntryPoint\",\"urlTemplate\":\"https:\\\/\\\/cnewa.org\\\/es\\\/?s={search_term_string}\"},\"query-input\":{\"@type\":\"PropertyValueSpecification\",\"valueRequired\":true,\"valueName\":\"search_term_string\"}}],\"inLanguage\":\"es\"},{\"@type\":\"Organization\",\"@id\":\"https:\\\/\\\/cnewa.org\\\/es\\\/#organization\",\"name\":\"CNEWA Espa\u00f1ol\",\"alternateName\":\"Asociaci\u00f3n Cat\u00f3lica para el Bienestar del Cercano Oriente\",\"url\":\"https:\\\/\\\/cnewa.org\\\/es\\\/\",\"logo\":{\"@type\":\"ImageObject\",\"inLanguage\":\"es\",\"@id\":\"https:\\\/\\\/cnewa.org\\\/es\\\/#\\\/schema\\\/logo\\\/image\\\/\",\"url\":\"https:\\\/\\\/cnewa.org\\\/es\\\/wp-content\\\/uploads\\\/sites\\\/5\\\/2021\\\/07\\\/CNEWA-brand-logo.png\",\"contentUrl\":\"https:\\\/\\\/cnewa.org\\\/es\\\/wp-content\\\/uploads\\\/sites\\\/5\\\/2021\\\/07\\\/CNEWA-brand-logo.png\",\"width\":1000,\"height\":1000,\"caption\":\"CNEWA Espa\u00f1ol\"},\"image\":{\"@id\":\"https:\\\/\\\/cnewa.org\\\/es\\\/#\\\/schema\\\/logo\\\/image\\\/\"},\"sameAs\":[\"https:\\\/\\\/www.facebook.com\\\/CNEWAenespanol\\\/\",\"https:\\\/\\\/www.instagram.com\\\/cnewa1926\\\/\",\"https:\\\/\\\/www.youtube.com\\\/user\\\/TheCNEWA\"]},{\"@type\":\"Person\",\"name\":\"Rev. Mario Abu Daher\"}]}<\/script>\n<!-- \/ Yoast SEO Premium plugin. -->","yoast_head_json":{"title":"Formando L\u00edderes: Acompa\u00f1ando a los Creyentes en L\u00edbano","description":"Padre Mario Abu Daher del Seminario Patriarcal de Santa Ana en el L\u00edbano, reflexiona sobre los desaf\u00edos para la formaci\u00f3n de sacerdotes.","robots":{"index":"index","follow":"follow","max-snippet":"max-snippet:-1","max-image-preview":"max-image-preview:large","max-video-preview":"max-video-preview:-1"},"canonical":"https:\/\/cnewa.org\/es\/formando-lideres-acompanando-a-los-creyentes-en-libano\/","og_locale":"es_ES","og_type":"article","og_title":"Formando L\u00edderes: Acompa\u00f1ando a los Creyentes en L\u00edbano","og_description":"Padre Mario Abu Daher del Seminario Patriarcal de Santa Ana en el L\u00edbano, reflexiona sobre los desaf\u00edos para la formaci\u00f3n de sacerdotes.","og_url":"https:\/\/cnewa.org\/es\/formando-lideres-acompanando-a-los-creyentes-en-libano\/","og_site_name":"CNEWA Espa\u00f1ol","article_publisher":"https:\/\/www.facebook.com\/CNEWAenespanol\/","article_published_time":"2023-05-11T18:19:31+00:00","article_modified_time":"2024-11-05T17:17:06+00:00","og_image":[{"width":1800,"height":1260,"url":"https:\/\/cnewa.org\/es\/wp-content\/uploads\/sites\/5\/2023\/05\/ES_FormingLeaders_6.jpg","type":"image\/jpeg"}],"author":"Rev. Mario Abu Daher","twitter_card":"summary_large_image","twitter_misc":{"Escrito por":"David R. Aquije","Tiempo de lectura":"4 minutos"},"schema":{"@context":"https:\/\/schema.org","@graph":[{"@type":"Article","@id":"https:\/\/cnewa.org\/es\/formando-lideres-acompanando-a-los-creyentes-en-libano\/#article","isPartOf":{"@id":"https:\/\/cnewa.org\/es\/formando-lideres-acompanando-a-los-creyentes-en-libano\/"},"author":{"name":"Rev. Mario Abu Daher","@id":"https:\/\/cnewa.org\/es\/#\/schema\/person\/d2935c46e239b59210c38997d4aedf00"},"headline":"Formando L\u00edderes: Acompa\u00f1ando a los Creyentes en L\u00edbano","datePublished":"2023-05-11T18:19:31+00:00","dateModified":"2024-11-05T17:17:06+00:00","mainEntityOfPage":{"@id":"https:\/\/cnewa.org\/es\/formando-lideres-acompanando-a-los-creyentes-en-libano\/"},"wordCount":785,"publisher":{"@id":"https:\/\/cnewa.org\/es\/#organization"},"image":{"@id":"https:\/\/cnewa.org\/es\/formando-lideres-acompanando-a-los-creyentes-en-libano\/#primaryimage"},"thumbnailUrl":"https:\/\/cnewa.org\/es\/wp-content\/uploads\/sites\/5\/2023\/05\/ES_FormingLeaders_6.jpg","articleSection":["Medio Oriente","Libano"],"inLanguage":"es"},{"@type":"WebPage","@id":"https:\/\/cnewa.org\/es\/formando-lideres-acompanando-a-los-creyentes-en-libano\/","url":"https:\/\/cnewa.org\/es\/formando-lideres-acompanando-a-los-creyentes-en-libano\/","name":"Formando L\u00edderes: Acompa\u00f1ando a los Creyentes en L\u00edbano","isPartOf":{"@id":"https:\/\/cnewa.org\/es\/#website"},"primaryImageOfPage":{"@id":"https:\/\/cnewa.org\/es\/formando-lideres-acompanando-a-los-creyentes-en-libano\/#primaryimage"},"image":{"@id":"https:\/\/cnewa.org\/es\/formando-lideres-acompanando-a-los-creyentes-en-libano\/#primaryimage"},"thumbnailUrl":"https:\/\/cnewa.org\/es\/wp-content\/uploads\/sites\/5\/2023\/05\/ES_FormingLeaders_6.jpg","datePublished":"2023-05-11T18:19:31+00:00","dateModified":"2024-11-05T17:17:06+00:00","description":"Padre Mario Abu Daher del Seminario Patriarcal de Santa Ana en el L\u00edbano, reflexiona sobre los desaf\u00edos para la formaci\u00f3n de sacerdotes.","breadcrumb":{"@id":"https:\/\/cnewa.org\/es\/formando-lideres-acompanando-a-los-creyentes-en-libano\/#breadcrumb"},"inLanguage":"es","potentialAction":[{"@type":"ReadAction","target":["https:\/\/cnewa.org\/es\/formando-lideres-acompanando-a-los-creyentes-en-libano\/"]}]},{"@type":"ImageObject","inLanguage":"es","@id":"https:\/\/cnewa.org\/es\/formando-lideres-acompanando-a-los-creyentes-en-libano\/#primaryimage","url":"https:\/\/cnewa.org\/es\/wp-content\/uploads\/sites\/5\/2023\/05\/ES_FormingLeaders_6.jpg","contentUrl":"https:\/\/cnewa.org\/es\/wp-content\/uploads\/sites\/5\/2023\/05\/ES_FormingLeaders_6.jpg","width":1800,"height":1260,"caption":"Sacerdotes en el altar de la capilla del Seminario Patriarcal de Santa Ana en Rabweh, L\u00edbano. (foto: cortes\u00eda de Ramy Wakim)"},{"@type":"BreadcrumbList","@id":"https:\/\/cnewa.org\/es\/formando-lideres-acompanando-a-los-creyentes-en-libano\/#breadcrumb","itemListElement":[{"@type":"ListItem","position":1,"name":"Inicio","item":"https:\/\/cnewa.org\/es\/"},{"@type":"ListItem","position":2,"name":"Medio Oriente","item":"https:\/\/cnewa.org\/es\/categoria\/medio-oriente\/"},{"@type":"ListItem","position":3,"name":"Formando L\u00edderes: Acompa\u00f1ando a los Creyentes en L\u00edbano"}]},{"@type":"WebSite","@id":"https:\/\/cnewa.org\/es\/#website","url":"https:\/\/cnewa.org\/es\/","name":"CNEWA Espa\u00f1ol","description":"Asociaci\u00f3n Cat\u00f3lica para el Bienestar del Cercano Oriente","publisher":{"@id":"https:\/\/cnewa.org\/es\/#organization"},"potentialAction":[{"@type":"SearchAction","target":{"@type":"EntryPoint","urlTemplate":"https:\/\/cnewa.org\/es\/?s={search_term_string}"},"query-input":{"@type":"PropertyValueSpecification","valueRequired":true,"valueName":"search_term_string"}}],"inLanguage":"es"},{"@type":"Organization","@id":"https:\/\/cnewa.org\/es\/#organization","name":"CNEWA Espa\u00f1ol","alternateName":"Asociaci\u00f3n Cat\u00f3lica para el Bienestar del Cercano Oriente","url":"https:\/\/cnewa.org\/es\/","logo":{"@type":"ImageObject","inLanguage":"es","@id":"https:\/\/cnewa.org\/es\/#\/schema\/logo\/image\/","url":"https:\/\/cnewa.org\/es\/wp-content\/uploads\/sites\/5\/2021\/07\/CNEWA-brand-logo.png","contentUrl":"https:\/\/cnewa.org\/es\/wp-content\/uploads\/sites\/5\/2021\/07\/CNEWA-brand-logo.png","width":1000,"height":1000,"caption":"CNEWA Espa\u00f1ol"},"image":{"@id":"https:\/\/cnewa.org\/es\/#\/schema\/logo\/image\/"},"sameAs":["https:\/\/www.facebook.com\/CNEWAenespanol\/","https:\/\/www.instagram.com\/cnewa1926\/","https:\/\/www.youtube.com\/user\/TheCNEWA"]},{"@type":"Person","name":"Rev. Mario Abu Daher"}]}},"_links":{"self":[{"href":"https:\/\/cnewa.org\/es\/wp-json\/wp\/v2\/posts\/3105","targetHints":{"allow":["GET"]}}],"collection":[{"href":"https:\/\/cnewa.org\/es\/wp-json\/wp\/v2\/posts"}],"about":[{"href":"https:\/\/cnewa.org\/es\/wp-json\/wp\/v2\/types\/post"}],"author":[{"embeddable":true,"href":"https:\/\/cnewa.org\/es\/wp-json\/wp\/v2\/users\/70019"}],"replies":[{"embeddable":true,"href":"https:\/\/cnewa.org\/es\/wp-json\/wp\/v2\/comments?post=3105"}],"version-history":[{"count":10,"href":"https:\/\/cnewa.org\/es\/wp-json\/wp\/v2\/posts\/3105\/revisions"}],"predecessor-version":[{"id":5924,"href":"https:\/\/cnewa.org\/es\/wp-json\/wp\/v2\/posts\/3105\/revisions\/5924"}],"wp:featuredmedia":[{"embeddable":true,"href":"https:\/\/cnewa.org\/es\/wp-json\/wp\/v2\/media\/3107"}],"wp:attachment":[{"href":"https:\/\/cnewa.org\/es\/wp-json\/wp\/v2\/media?parent=3105"}],"wp:term":[{"taxonomy":"category","embeddable":true,"href":"https:\/\/cnewa.org\/es\/wp-json\/wp\/v2\/categories?post=3105"}],"curies":[{"name":"wp","href":"https:\/\/api.w.org\/{rel}","templated":true}]}}