{"id":3266,"date":"2023-06-17T15:34:52","date_gmt":"2023-06-17T19:34:52","guid":{"rendered":"https:\/\/cnewa.org\/es\/?p=3266"},"modified":"2025-12-18T09:44:05","modified_gmt":"2025-12-18T14:44:05","slug":"cnewa-en-visita-pastoral-a-ucrania-en-momentos-de-guerra-dia-3","status":"publish","type":"post","link":"https:\/\/cnewa.org\/es\/cnewa-en-visita-pastoral-a-ucrania-en-momentos-de-guerra-dia-3\/","title":{"rendered":"CNEWA en Visita Pastoral a Ucrania en Momentos de Guerra, D\u00eda 3"},"content":{"rendered":"\n<p>Monse\u00f1or&nbsp;Peter I. Vaccari, presidente de CNEWA, Adriana Bara, directora nacional en Canad\u00e1, y Anna Dombrovska, oficial de programas, visitaron programas patrocinados por la agencia en Lviv en una visita pastoral a Ucrania del 3 al 7 de junio. Al llegar a Rzeszow (Polonia), el equipo viaj\u00f3 a Lviv y se dirigi\u00f3 a la&nbsp;<a href=\"https:\/\/www.uniservitate.org\/es\/europa-oriental-y-central-medio-oriente\/universidad-catolica-ucraniana\/\" target=\"_blank\" rel=\"noreferrer noopener\">Universidad Cat\u00f3lica Ucraniana<\/a>, donde estuvieron alojados durante su visita y protegidos durante las alarmas de ataque a\u00e9reo.<\/p>\n\n\n\n<p>Escuche m\u00e1s sobre su tercer d\u00eda de visitas al proyecto en el informe de audio de la Dra. Bara a continuaci\u00f3n.<\/p>\n\n\n\n<h2 class=\"wp-block-heading\" id=\"h-martes-6-de-junio\">Martes, 6 de junio<\/h2>\n\n\n\n<p>Las visitas del martes llevaron al equipo a un centro de paquetes de alimentos en Novoyavorivsk, donde se reunieron con voluntarios y observaron el proceso de empaque de cajas para su distribuci\u00f3n, y un centro para personas desplazadas. M\u00e1s tarde, visitaron a las Hermanas Siervas de Mar\u00eda Inmaculada y su Casa de Esperanza, que ofrece atenci\u00f3n a ni\u00f1as y j\u00f3venes necesitadas.<\/p>\n\n\n\n<h5 class=\"wp-block-heading\"><em>Escuche el informe de audio, disponible solo en ingl\u00e9s:<\/em><\/h5>\n\n\n\n<figure class=\"wp-block-audio\"><audio controls src=\"https:\/\/cnewa.org\/wp-content\/uploads\/2023\/06\/June-6-Adriana_edits.wav\"><\/audio><\/figure>\n\n\n\n<figure class=\"wp-block-gallery has-nested-images columns-default is-cropped is-style-lightbox wp-block-gallery-2 is-layout-flex wp-block-gallery-is-layout-flex\">\n<figure class=\"wp-block-image size-large\"><img loading=\"lazy\" decoding=\"async\" width=\"1024\" height=\"683\" data-id=\"7600\" src=\"https:\/\/cnewa.org\/es\/wp-content\/uploads\/sites\/5\/2023\/06\/savranskiy202306_106H-1-1024x683.jpg\" alt=\"\" class=\"wp-image-7600\" srcset=\"https:\/\/cnewa.org\/es\/wp-content\/uploads\/sites\/5\/2023\/06\/savranskiy202306_106H-1-1024x683.jpg 1024w, https:\/\/cnewa.org\/es\/wp-content\/uploads\/sites\/5\/2023\/06\/savranskiy202306_106H-1-300x200.jpg 300w, https:\/\/cnewa.org\/es\/wp-content\/uploads\/sites\/5\/2023\/06\/savranskiy202306_106H-1-768x512.jpg 768w, https:\/\/cnewa.org\/es\/wp-content\/uploads\/sites\/5\/2023\/06\/savranskiy202306_106H-1-1536x1024.jpg 1536w, https:\/\/cnewa.org\/es\/wp-content\/uploads\/sites\/5\/2023\/06\/savranskiy202306_106H-1-1600x1067.jpg 1600w, https:\/\/cnewa.org\/es\/wp-content\/uploads\/sites\/5\/2023\/06\/savranskiy202306_106H-1.jpg 1800w\" sizes=\"auto, (max-width: 1024px) 100vw, 1024px\" \/><\/figure>\n\n\n\n<figure class=\"wp-block-image size-large\"><img loading=\"lazy\" decoding=\"async\" width=\"1024\" height=\"683\" data-id=\"7599\" src=\"https:\/\/cnewa.org\/es\/wp-content\/uploads\/sites\/5\/2023\/06\/savranskiy202306_090H-1024x683.jpg\" alt=\"\" class=\"wp-image-7599\" srcset=\"https:\/\/cnewa.org\/es\/wp-content\/uploads\/sites\/5\/2023\/06\/savranskiy202306_090H-1024x683.jpg 1024w, https:\/\/cnewa.org\/es\/wp-content\/uploads\/sites\/5\/2023\/06\/savranskiy202306_090H-300x200.jpg 300w, https:\/\/cnewa.org\/es\/wp-content\/uploads\/sites\/5\/2023\/06\/savranskiy202306_090H-768x512.jpg 768w, https:\/\/cnewa.org\/es\/wp-content\/uploads\/sites\/5\/2023\/06\/savranskiy202306_090H-1536x1024.jpg 1536w, https:\/\/cnewa.org\/es\/wp-content\/uploads\/sites\/5\/2023\/06\/savranskiy202306_090H-1600x1067.jpg 1600w, https:\/\/cnewa.org\/es\/wp-content\/uploads\/sites\/5\/2023\/06\/savranskiy202306_090H.jpg 1800w\" sizes=\"auto, (max-width: 1024px) 100vw, 1024px\" \/><\/figure>\n\n\n\n<figure class=\"wp-block-image size-large\"><img loading=\"lazy\" decoding=\"async\" width=\"1024\" height=\"683\" data-id=\"7604\" src=\"https:\/\/cnewa.org\/es\/wp-content\/uploads\/sites\/5\/2023\/06\/savranskiy202306_043H-1-1024x683.jpg\" alt=\"\" class=\"wp-image-7604\" srcset=\"https:\/\/cnewa.org\/es\/wp-content\/uploads\/sites\/5\/2023\/06\/savranskiy202306_043H-1-1024x683.jpg 1024w, https:\/\/cnewa.org\/es\/wp-content\/uploads\/sites\/5\/2023\/06\/savranskiy202306_043H-1-300x200.jpg 300w, https:\/\/cnewa.org\/es\/wp-content\/uploads\/sites\/5\/2023\/06\/savranskiy202306_043H-1-768x512.jpg 768w, https:\/\/cnewa.org\/es\/wp-content\/uploads\/sites\/5\/2023\/06\/savranskiy202306_043H-1-1536x1024.jpg 1536w, https:\/\/cnewa.org\/es\/wp-content\/uploads\/sites\/5\/2023\/06\/savranskiy202306_043H-1-1600x1067.jpg 1600w, https:\/\/cnewa.org\/es\/wp-content\/uploads\/sites\/5\/2023\/06\/savranskiy202306_043H-1.jpg 1800w\" sizes=\"auto, (max-width: 1024px) 100vw, 1024px\" \/><\/figure>\n\n\n\n<figure class=\"wp-block-image size-large\"><img loading=\"lazy\" decoding=\"async\" width=\"1024\" height=\"683\" data-id=\"7601\" src=\"https:\/\/cnewa.org\/es\/wp-content\/uploads\/sites\/5\/2023\/06\/savranskiy202306_121H-1024x683.jpg\" alt=\"\" class=\"wp-image-7601\" srcset=\"https:\/\/cnewa.org\/es\/wp-content\/uploads\/sites\/5\/2023\/06\/savranskiy202306_121H-1024x683.jpg 1024w, https:\/\/cnewa.org\/es\/wp-content\/uploads\/sites\/5\/2023\/06\/savranskiy202306_121H-300x200.jpg 300w, https:\/\/cnewa.org\/es\/wp-content\/uploads\/sites\/5\/2023\/06\/savranskiy202306_121H-768x512.jpg 768w, https:\/\/cnewa.org\/es\/wp-content\/uploads\/sites\/5\/2023\/06\/savranskiy202306_121H-1536x1024.jpg 1536w, https:\/\/cnewa.org\/es\/wp-content\/uploads\/sites\/5\/2023\/06\/savranskiy202306_121H-1600x1067.jpg 1600w, https:\/\/cnewa.org\/es\/wp-content\/uploads\/sites\/5\/2023\/06\/savranskiy202306_121H.jpg 1800w\" sizes=\"auto, (max-width: 1024px) 100vw, 1024px\" \/><\/figure>\n\n\n\n<figure class=\"wp-block-image size-large\"><img loading=\"lazy\" decoding=\"async\" width=\"1024\" height=\"683\" data-id=\"7597\" src=\"https:\/\/cnewa.org\/es\/wp-content\/uploads\/sites\/5\/2023\/06\/savranskiy202306_237H-1-1-1024x683.jpg\" alt=\"\" class=\"wp-image-7597\" srcset=\"https:\/\/cnewa.org\/es\/wp-content\/uploads\/sites\/5\/2023\/06\/savranskiy202306_237H-1-1-1024x683.jpg 1024w, https:\/\/cnewa.org\/es\/wp-content\/uploads\/sites\/5\/2023\/06\/savranskiy202306_237H-1-1-300x200.jpg 300w, https:\/\/cnewa.org\/es\/wp-content\/uploads\/sites\/5\/2023\/06\/savranskiy202306_237H-1-1-768x512.jpg 768w, https:\/\/cnewa.org\/es\/wp-content\/uploads\/sites\/5\/2023\/06\/savranskiy202306_237H-1-1-1536x1024.jpg 1536w, https:\/\/cnewa.org\/es\/wp-content\/uploads\/sites\/5\/2023\/06\/savranskiy202306_237H-1-1-1600x1067.jpg 1600w, https:\/\/cnewa.org\/es\/wp-content\/uploads\/sites\/5\/2023\/06\/savranskiy202306_237H-1-1.jpg 1800w\" sizes=\"auto, (max-width: 1024px) 100vw, 1024px\" \/><\/figure>\n\n\n\n<figure class=\"wp-block-image size-large\"><img loading=\"lazy\" decoding=\"async\" width=\"1024\" height=\"683\" data-id=\"7603\" src=\"https:\/\/cnewa.org\/es\/wp-content\/uploads\/sites\/5\/2023\/06\/savranskiy202306_209H-1024x683.jpg\" alt=\"\" class=\"wp-image-7603\" srcset=\"https:\/\/cnewa.org\/es\/wp-content\/uploads\/sites\/5\/2023\/06\/savranskiy202306_209H-1024x683.jpg 1024w, https:\/\/cnewa.org\/es\/wp-content\/uploads\/sites\/5\/2023\/06\/savranskiy202306_209H-300x200.jpg 300w, https:\/\/cnewa.org\/es\/wp-content\/uploads\/sites\/5\/2023\/06\/savranskiy202306_209H-768x512.jpg 768w, https:\/\/cnewa.org\/es\/wp-content\/uploads\/sites\/5\/2023\/06\/savranskiy202306_209H-1536x1024.jpg 1536w, https:\/\/cnewa.org\/es\/wp-content\/uploads\/sites\/5\/2023\/06\/savranskiy202306_209H-1600x1067.jpg 1600w, https:\/\/cnewa.org\/es\/wp-content\/uploads\/sites\/5\/2023\/06\/savranskiy202306_209H.jpg 1800w\" sizes=\"auto, (max-width: 1024px) 100vw, 1024px\" \/><\/figure>\n\n\n\n<figure class=\"wp-block-image size-large\"><img loading=\"lazy\" decoding=\"async\" width=\"1024\" height=\"768\" data-id=\"7605\" src=\"https:\/\/cnewa.org\/es\/wp-content\/uploads\/sites\/5\/2023\/06\/bara202306_554H-scaled-1-1024x768.jpg\" alt=\"\" class=\"wp-image-7605\" srcset=\"https:\/\/cnewa.org\/es\/wp-content\/uploads\/sites\/5\/2023\/06\/bara202306_554H-scaled-1-1024x768.jpg 1024w, https:\/\/cnewa.org\/es\/wp-content\/uploads\/sites\/5\/2023\/06\/bara202306_554H-scaled-1-300x225.jpg 300w, https:\/\/cnewa.org\/es\/wp-content\/uploads\/sites\/5\/2023\/06\/bara202306_554H-scaled-1-768x576.jpg 768w, https:\/\/cnewa.org\/es\/wp-content\/uploads\/sites\/5\/2023\/06\/bara202306_554H-scaled-1-1536x1152.jpg 1536w, https:\/\/cnewa.org\/es\/wp-content\/uploads\/sites\/5\/2023\/06\/bara202306_554H-scaled-1-2048x1536.jpg 2048w, https:\/\/cnewa.org\/es\/wp-content\/uploads\/sites\/5\/2023\/06\/bara202306_554H-scaled-1-1600x1200.jpg 1600w\" sizes=\"auto, (max-width: 1024px) 100vw, 1024px\" \/><\/figure>\n\n\n\n<figure class=\"wp-block-image size-large\"><img loading=\"lazy\" decoding=\"async\" width=\"1024\" height=\"768\" data-id=\"7602\" src=\"https:\/\/cnewa.org\/es\/wp-content\/uploads\/sites\/5\/2023\/06\/sisterservants202306_004H-1024x768.jpg\" alt=\"\" class=\"wp-image-7602\" srcset=\"https:\/\/cnewa.org\/es\/wp-content\/uploads\/sites\/5\/2023\/06\/sisterservants202306_004H-1024x768.jpg 1024w, https:\/\/cnewa.org\/es\/wp-content\/uploads\/sites\/5\/2023\/06\/sisterservants202306_004H-300x225.jpg 300w, https:\/\/cnewa.org\/es\/wp-content\/uploads\/sites\/5\/2023\/06\/sisterservants202306_004H-768x576.jpg 768w, https:\/\/cnewa.org\/es\/wp-content\/uploads\/sites\/5\/2023\/06\/sisterservants202306_004H.jpg 1280w\" sizes=\"auto, (max-width: 1024px) 100vw, 1024px\" \/><\/figure>\n\n\n\n<figure class=\"wp-block-image size-large\"><img loading=\"lazy\" decoding=\"async\" width=\"1024\" height=\"768\" data-id=\"7598\" src=\"https:\/\/cnewa.org\/es\/wp-content\/uploads\/sites\/5\/2023\/06\/sisterservants202306_006H-1024x768.jpg\" alt=\"\" class=\"wp-image-7598\" srcset=\"https:\/\/cnewa.org\/es\/wp-content\/uploads\/sites\/5\/2023\/06\/sisterservants202306_006H-1024x768.jpg 1024w, https:\/\/cnewa.org\/es\/wp-content\/uploads\/sites\/5\/2023\/06\/sisterservants202306_006H-300x225.jpg 300w, https:\/\/cnewa.org\/es\/wp-content\/uploads\/sites\/5\/2023\/06\/sisterservants202306_006H-768x576.jpg 768w, https:\/\/cnewa.org\/es\/wp-content\/uploads\/sites\/5\/2023\/06\/sisterservants202306_006H.jpg 1280w\" sizes=\"auto, (max-width: 1024px) 100vw, 1024px\" \/><\/figure>\n<\/figure>\n","protected":false},"excerpt":{"rendered":"<p>Monse\u00f1or&nbsp;Peter I. Vaccari, presidente de CNEWA, Adriana Bara, directora nacional en Canad\u00e1, y Anna Dombrovska, oficial de programas, visitaron programas patrocinados por la agencia en Lviv en una visita pastoral a Ucrania del 3 al 7 de junio. Al llegar a Rzeszow (Polonia), el equipo viaj\u00f3 a Lviv y se dirigi\u00f3 a la&nbsp;Universidad Cat\u00f3lica Ucraniana, &hellip; <a href=\"https:\/\/cnewa.org\/es\/cnewa-en-visita-pastoral-a-ucrania-en-momentos-de-guerra-dia-3\/\">Continued<\/a><\/p>\n","protected":false},"author":70019,"featured_media":3265,"comment_status":"closed","ping_status":"closed","sticky":false,"template":"","format":"standard","meta":{"_acf_changed":false,"footnotes":""},"categories":[98,44],"class_list":["post-3266","post","type-post","status-publish","format-standard","has-post-thumbnail","hentry","category-multimedia","category-ucrania"],"acf":[],"yoast_head":"<!-- This site is optimized with the Yoast SEO Premium plugin v27.3 (Yoast SEO v27.3) - https:\/\/yoast.com\/product\/yoast-seo-premium-wordpress\/ -->\n<title>CNEWA en Visita Pastoral a Ucrania en Momentos de Guerra, D\u00eda 3 | CNEWA Espa\u00f1ol<\/title>\n<meta name=\"description\" content=\"En el tercer d\u00eda de visita pastoral a Ucrania, la delegaci\u00f3n de CNEWA visit\u00f3 un centro de paquetes de alimentos en Novoyavorivsk.\" \/>\n<meta name=\"robots\" content=\"index, follow, max-snippet:-1, max-image-preview:large, max-video-preview:-1\" \/>\n<link rel=\"canonical\" href=\"https:\/\/cnewa.org\/es\/cnewa-en-visita-pastoral-a-ucrania-en-momentos-de-guerra-dia-3\/\" \/>\n<meta property=\"og:locale\" content=\"es_ES\" \/>\n<meta property=\"og:type\" content=\"article\" \/>\n<meta property=\"og:title\" content=\"CNEWA en Visita Pastoral a Ucrania en Momentos de Guerra, D\u00eda 3\" \/>\n<meta property=\"og:description\" content=\"En el tercer d\u00eda de visita pastoral a Ucrania, la delegaci\u00f3n de CNEWA visit\u00f3 un centro de paquetes de alimentos en Novoyavorivsk.\" \/>\n<meta property=\"og:url\" content=\"https:\/\/cnewa.org\/es\/cnewa-en-visita-pastoral-a-ucrania-en-momentos-de-guerra-dia-3\/\" \/>\n<meta property=\"og:site_name\" content=\"CNEWA Espa\u00f1ol\" \/>\n<meta property=\"article:publisher\" content=\"https:\/\/www.facebook.com\/CNEWAenespanol\/\" \/>\n<meta property=\"article:published_time\" content=\"2023-06-17T19:34:52+00:00\" \/>\n<meta property=\"article:modified_time\" content=\"2025-12-18T14:44:05+00:00\" \/>\n<meta property=\"og:image\" content=\"https:\/\/cnewa.org\/es\/wp-content\/uploads\/sites\/5\/2023\/06\/savranskiy202306_106H.jpg\" \/>\n\t<meta property=\"og:image:width\" content=\"1800\" \/>\n\t<meta property=\"og:image:height\" content=\"1200\" \/>\n\t<meta property=\"og:image:type\" content=\"image\/jpeg\" \/>\n<meta name=\"author\" content=\"CNEWA Staff\" \/>\n<meta name=\"twitter:card\" content=\"summary_large_image\" \/>\n<meta name=\"twitter:label1\" content=\"Escrito por\" \/>\n\t<meta name=\"twitter:data1\" content=\"David R. Aquije\" \/>\n\t<meta name=\"twitter:label2\" content=\"Tiempo de lectura\" \/>\n\t<meta name=\"twitter:data2\" content=\"3 minutos\" \/>\n<script type=\"application\/ld+json\" class=\"yoast-schema-graph\">{\"@context\":\"https:\\\/\\\/schema.org\",\"@graph\":[{\"@type\":\"Article\",\"@id\":\"https:\\\/\\\/cnewa.org\\\/es\\\/cnewa-en-visita-pastoral-a-ucrania-en-momentos-de-guerra-dia-3\\\/#article\",\"isPartOf\":{\"@id\":\"https:\\\/\\\/cnewa.org\\\/es\\\/cnewa-en-visita-pastoral-a-ucrania-en-momentos-de-guerra-dia-3\\\/\"},\"author\":{\"name\":\"CNEWA Staff\",\"@id\":\"https:\\\/\\\/cnewa.org\\\/es\\\/#\\\/schema\\\/person\\\/d2935c46e239b59210c38997d4aedf00\"},\"headline\":\"CNEWA en Visita Pastoral a Ucrania en Momentos de Guerra, D\u00eda 3\",\"datePublished\":\"2023-06-17T19:34:52+00:00\",\"dateModified\":\"2025-12-18T14:44:05+00:00\",\"mainEntityOfPage\":{\"@id\":\"https:\\\/\\\/cnewa.org\\\/es\\\/cnewa-en-visita-pastoral-a-ucrania-en-momentos-de-guerra-dia-3\\\/\"},\"wordCount\":190,\"publisher\":{\"@id\":\"https:\\\/\\\/cnewa.org\\\/es\\\/#organization\"},\"image\":{\"@id\":\"https:\\\/\\\/cnewa.org\\\/es\\\/cnewa-en-visita-pastoral-a-ucrania-en-momentos-de-guerra-dia-3\\\/#primaryimage\"},\"thumbnailUrl\":\"https:\\\/\\\/cnewa.org\\\/es\\\/wp-content\\\/uploads\\\/sites\\\/5\\\/2023\\\/06\\\/savranskiy202306_106H.jpg\",\"articleSection\":[\"Multimedia\",\"Ucrania\"],\"inLanguage\":\"es\"},{\"@type\":\"WebPage\",\"@id\":\"https:\\\/\\\/cnewa.org\\\/es\\\/cnewa-en-visita-pastoral-a-ucrania-en-momentos-de-guerra-dia-3\\\/\",\"url\":\"https:\\\/\\\/cnewa.org\\\/es\\\/cnewa-en-visita-pastoral-a-ucrania-en-momentos-de-guerra-dia-3\\\/\",\"name\":\"CNEWA en Visita Pastoral a Ucrania en Momentos de Guerra, D\u00eda 3 | CNEWA Espa\u00f1ol\",\"isPartOf\":{\"@id\":\"https:\\\/\\\/cnewa.org\\\/es\\\/#website\"},\"primaryImageOfPage\":{\"@id\":\"https:\\\/\\\/cnewa.org\\\/es\\\/cnewa-en-visita-pastoral-a-ucrania-en-momentos-de-guerra-dia-3\\\/#primaryimage\"},\"image\":{\"@id\":\"https:\\\/\\\/cnewa.org\\\/es\\\/cnewa-en-visita-pastoral-a-ucrania-en-momentos-de-guerra-dia-3\\\/#primaryimage\"},\"thumbnailUrl\":\"https:\\\/\\\/cnewa.org\\\/es\\\/wp-content\\\/uploads\\\/sites\\\/5\\\/2023\\\/06\\\/savranskiy202306_106H.jpg\",\"datePublished\":\"2023-06-17T19:34:52+00:00\",\"dateModified\":\"2025-12-18T14:44:05+00:00\",\"description\":\"En el tercer d\u00eda de visita pastoral a Ucrania, la delegaci\u00f3n de CNEWA visit\u00f3 un centro de paquetes de alimentos en Novoyavorivsk.\",\"breadcrumb\":{\"@id\":\"https:\\\/\\\/cnewa.org\\\/es\\\/cnewa-en-visita-pastoral-a-ucrania-en-momentos-de-guerra-dia-3\\\/#breadcrumb\"},\"inLanguage\":\"es\",\"potentialAction\":[{\"@type\":\"ReadAction\",\"target\":[\"https:\\\/\\\/cnewa.org\\\/es\\\/cnewa-en-visita-pastoral-a-ucrania-en-momentos-de-guerra-dia-3\\\/\"]}]},{\"@type\":\"ImageObject\",\"inLanguage\":\"es\",\"@id\":\"https:\\\/\\\/cnewa.org\\\/es\\\/cnewa-en-visita-pastoral-a-ucrania-en-momentos-de-guerra-dia-3\\\/#primaryimage\",\"url\":\"https:\\\/\\\/cnewa.org\\\/es\\\/wp-content\\\/uploads\\\/sites\\\/5\\\/2023\\\/06\\\/savranskiy202306_106H.jpg\",\"contentUrl\":\"https:\\\/\\\/cnewa.org\\\/es\\\/wp-content\\\/uploads\\\/sites\\\/5\\\/2023\\\/06\\\/savranskiy202306_106H.jpg\",\"width\":1800,\"height\":1200,\"caption\":\"Monse\u00f1or Peter I. Vaccari, Adriana Bara y Anna Dombrovska visitan un programa de paquetes de alimentos patrocinado por CNEWA Novoyavorivsk, Ucrania. (foto: Oleksandr Savranskiy)\"},{\"@type\":\"BreadcrumbList\",\"@id\":\"https:\\\/\\\/cnewa.org\\\/es\\\/cnewa-en-visita-pastoral-a-ucrania-en-momentos-de-guerra-dia-3\\\/#breadcrumb\",\"itemListElement\":[{\"@type\":\"ListItem\",\"position\":1,\"name\":\"Inicio\",\"item\":\"https:\\\/\\\/cnewa.org\\\/es\\\/\"},{\"@type\":\"ListItem\",\"position\":2,\"name\":\"Ucrania\",\"item\":\"https:\\\/\\\/cnewa.org\\\/es\\\/categoria\\\/ucrania\\\/\"},{\"@type\":\"ListItem\",\"position\":3,\"name\":\"CNEWA en Visita Pastoral a Ucrania en Momentos de Guerra, D\u00eda 3\"}]},{\"@type\":\"WebSite\",\"@id\":\"https:\\\/\\\/cnewa.org\\\/es\\\/#website\",\"url\":\"https:\\\/\\\/cnewa.org\\\/es\\\/\",\"name\":\"CNEWA Espa\u00f1ol\",\"description\":\"Asociaci\u00f3n Cat\u00f3lica para el Bienestar del Cercano Oriente\",\"publisher\":{\"@id\":\"https:\\\/\\\/cnewa.org\\\/es\\\/#organization\"},\"potentialAction\":[{\"@type\":\"SearchAction\",\"target\":{\"@type\":\"EntryPoint\",\"urlTemplate\":\"https:\\\/\\\/cnewa.org\\\/es\\\/?s={search_term_string}\"},\"query-input\":{\"@type\":\"PropertyValueSpecification\",\"valueRequired\":true,\"valueName\":\"search_term_string\"}}],\"inLanguage\":\"es\"},{\"@type\":\"Organization\",\"@id\":\"https:\\\/\\\/cnewa.org\\\/es\\\/#organization\",\"name\":\"CNEWA Espa\u00f1ol\",\"alternateName\":\"Asociaci\u00f3n Cat\u00f3lica para el Bienestar del Cercano Oriente\",\"url\":\"https:\\\/\\\/cnewa.org\\\/es\\\/\",\"logo\":{\"@type\":\"ImageObject\",\"inLanguage\":\"es\",\"@id\":\"https:\\\/\\\/cnewa.org\\\/es\\\/#\\\/schema\\\/logo\\\/image\\\/\",\"url\":\"https:\\\/\\\/cnewa.org\\\/es\\\/wp-content\\\/uploads\\\/sites\\\/5\\\/2021\\\/07\\\/CNEWA-brand-logo.png\",\"contentUrl\":\"https:\\\/\\\/cnewa.org\\\/es\\\/wp-content\\\/uploads\\\/sites\\\/5\\\/2021\\\/07\\\/CNEWA-brand-logo.png\",\"width\":1000,\"height\":1000,\"caption\":\"CNEWA Espa\u00f1ol\"},\"image\":{\"@id\":\"https:\\\/\\\/cnewa.org\\\/es\\\/#\\\/schema\\\/logo\\\/image\\\/\"},\"sameAs\":[\"https:\\\/\\\/www.facebook.com\\\/CNEWAenespanol\\\/\",\"https:\\\/\\\/www.instagram.com\\\/cnewa1926\\\/\",\"https:\\\/\\\/www.youtube.com\\\/user\\\/TheCNEWA\"]},{\"@type\":\"Person\",\"name\":\"CNEWA Staff\"}]}<\/script>\n<!-- \/ Yoast SEO Premium plugin. -->","yoast_head_json":{"title":"CNEWA en Visita Pastoral a Ucrania en Momentos de Guerra, D\u00eda 3 | CNEWA Espa\u00f1ol","description":"En el tercer d\u00eda de visita pastoral a Ucrania, la delegaci\u00f3n de CNEWA visit\u00f3 un centro de paquetes de alimentos en Novoyavorivsk.","robots":{"index":"index","follow":"follow","max-snippet":"max-snippet:-1","max-image-preview":"max-image-preview:large","max-video-preview":"max-video-preview:-1"},"canonical":"https:\/\/cnewa.org\/es\/cnewa-en-visita-pastoral-a-ucrania-en-momentos-de-guerra-dia-3\/","og_locale":"es_ES","og_type":"article","og_title":"CNEWA en Visita Pastoral a Ucrania en Momentos de Guerra, D\u00eda 3","og_description":"En el tercer d\u00eda de visita pastoral a Ucrania, la delegaci\u00f3n de CNEWA visit\u00f3 un centro de paquetes de alimentos en Novoyavorivsk.","og_url":"https:\/\/cnewa.org\/es\/cnewa-en-visita-pastoral-a-ucrania-en-momentos-de-guerra-dia-3\/","og_site_name":"CNEWA Espa\u00f1ol","article_publisher":"https:\/\/www.facebook.com\/CNEWAenespanol\/","article_published_time":"2023-06-17T19:34:52+00:00","article_modified_time":"2025-12-18T14:44:05+00:00","og_image":[{"width":1800,"height":1200,"url":"https:\/\/cnewa.org\/es\/wp-content\/uploads\/sites\/5\/2023\/06\/savranskiy202306_106H.jpg","type":"image\/jpeg"}],"author":"CNEWA Staff","twitter_card":"summary_large_image","twitter_misc":{"Escrito por":"David R. Aquije","Tiempo de lectura":"3 minutos"},"schema":{"@context":"https:\/\/schema.org","@graph":[{"@type":"Article","@id":"https:\/\/cnewa.org\/es\/cnewa-en-visita-pastoral-a-ucrania-en-momentos-de-guerra-dia-3\/#article","isPartOf":{"@id":"https:\/\/cnewa.org\/es\/cnewa-en-visita-pastoral-a-ucrania-en-momentos-de-guerra-dia-3\/"},"author":{"name":"CNEWA Staff","@id":"https:\/\/cnewa.org\/es\/#\/schema\/person\/d2935c46e239b59210c38997d4aedf00"},"headline":"CNEWA en Visita Pastoral a Ucrania en Momentos de Guerra, D\u00eda 3","datePublished":"2023-06-17T19:34:52+00:00","dateModified":"2025-12-18T14:44:05+00:00","mainEntityOfPage":{"@id":"https:\/\/cnewa.org\/es\/cnewa-en-visita-pastoral-a-ucrania-en-momentos-de-guerra-dia-3\/"},"wordCount":190,"publisher":{"@id":"https:\/\/cnewa.org\/es\/#organization"},"image":{"@id":"https:\/\/cnewa.org\/es\/cnewa-en-visita-pastoral-a-ucrania-en-momentos-de-guerra-dia-3\/#primaryimage"},"thumbnailUrl":"https:\/\/cnewa.org\/es\/wp-content\/uploads\/sites\/5\/2023\/06\/savranskiy202306_106H.jpg","articleSection":["Multimedia","Ucrania"],"inLanguage":"es"},{"@type":"WebPage","@id":"https:\/\/cnewa.org\/es\/cnewa-en-visita-pastoral-a-ucrania-en-momentos-de-guerra-dia-3\/","url":"https:\/\/cnewa.org\/es\/cnewa-en-visita-pastoral-a-ucrania-en-momentos-de-guerra-dia-3\/","name":"CNEWA en Visita Pastoral a Ucrania en Momentos de Guerra, D\u00eda 3 | CNEWA Espa\u00f1ol","isPartOf":{"@id":"https:\/\/cnewa.org\/es\/#website"},"primaryImageOfPage":{"@id":"https:\/\/cnewa.org\/es\/cnewa-en-visita-pastoral-a-ucrania-en-momentos-de-guerra-dia-3\/#primaryimage"},"image":{"@id":"https:\/\/cnewa.org\/es\/cnewa-en-visita-pastoral-a-ucrania-en-momentos-de-guerra-dia-3\/#primaryimage"},"thumbnailUrl":"https:\/\/cnewa.org\/es\/wp-content\/uploads\/sites\/5\/2023\/06\/savranskiy202306_106H.jpg","datePublished":"2023-06-17T19:34:52+00:00","dateModified":"2025-12-18T14:44:05+00:00","description":"En el tercer d\u00eda de visita pastoral a Ucrania, la delegaci\u00f3n de CNEWA visit\u00f3 un centro de paquetes de alimentos en Novoyavorivsk.","breadcrumb":{"@id":"https:\/\/cnewa.org\/es\/cnewa-en-visita-pastoral-a-ucrania-en-momentos-de-guerra-dia-3\/#breadcrumb"},"inLanguage":"es","potentialAction":[{"@type":"ReadAction","target":["https:\/\/cnewa.org\/es\/cnewa-en-visita-pastoral-a-ucrania-en-momentos-de-guerra-dia-3\/"]}]},{"@type":"ImageObject","inLanguage":"es","@id":"https:\/\/cnewa.org\/es\/cnewa-en-visita-pastoral-a-ucrania-en-momentos-de-guerra-dia-3\/#primaryimage","url":"https:\/\/cnewa.org\/es\/wp-content\/uploads\/sites\/5\/2023\/06\/savranskiy202306_106H.jpg","contentUrl":"https:\/\/cnewa.org\/es\/wp-content\/uploads\/sites\/5\/2023\/06\/savranskiy202306_106H.jpg","width":1800,"height":1200,"caption":"Monse\u00f1or Peter I. Vaccari, Adriana Bara y Anna Dombrovska visitan un programa de paquetes de alimentos patrocinado por CNEWA Novoyavorivsk, Ucrania. (foto: Oleksandr Savranskiy)"},{"@type":"BreadcrumbList","@id":"https:\/\/cnewa.org\/es\/cnewa-en-visita-pastoral-a-ucrania-en-momentos-de-guerra-dia-3\/#breadcrumb","itemListElement":[{"@type":"ListItem","position":1,"name":"Inicio","item":"https:\/\/cnewa.org\/es\/"},{"@type":"ListItem","position":2,"name":"Ucrania","item":"https:\/\/cnewa.org\/es\/categoria\/ucrania\/"},{"@type":"ListItem","position":3,"name":"CNEWA en Visita Pastoral a Ucrania en Momentos de Guerra, D\u00eda 3"}]},{"@type":"WebSite","@id":"https:\/\/cnewa.org\/es\/#website","url":"https:\/\/cnewa.org\/es\/","name":"CNEWA Espa\u00f1ol","description":"Asociaci\u00f3n Cat\u00f3lica para el Bienestar del Cercano Oriente","publisher":{"@id":"https:\/\/cnewa.org\/es\/#organization"},"potentialAction":[{"@type":"SearchAction","target":{"@type":"EntryPoint","urlTemplate":"https:\/\/cnewa.org\/es\/?s={search_term_string}"},"query-input":{"@type":"PropertyValueSpecification","valueRequired":true,"valueName":"search_term_string"}}],"inLanguage":"es"},{"@type":"Organization","@id":"https:\/\/cnewa.org\/es\/#organization","name":"CNEWA Espa\u00f1ol","alternateName":"Asociaci\u00f3n Cat\u00f3lica para el Bienestar del Cercano Oriente","url":"https:\/\/cnewa.org\/es\/","logo":{"@type":"ImageObject","inLanguage":"es","@id":"https:\/\/cnewa.org\/es\/#\/schema\/logo\/image\/","url":"https:\/\/cnewa.org\/es\/wp-content\/uploads\/sites\/5\/2021\/07\/CNEWA-brand-logo.png","contentUrl":"https:\/\/cnewa.org\/es\/wp-content\/uploads\/sites\/5\/2021\/07\/CNEWA-brand-logo.png","width":1000,"height":1000,"caption":"CNEWA Espa\u00f1ol"},"image":{"@id":"https:\/\/cnewa.org\/es\/#\/schema\/logo\/image\/"},"sameAs":["https:\/\/www.facebook.com\/CNEWAenespanol\/","https:\/\/www.instagram.com\/cnewa1926\/","https:\/\/www.youtube.com\/user\/TheCNEWA"]},{"@type":"Person","name":"CNEWA Staff"}]}},"_links":{"self":[{"href":"https:\/\/cnewa.org\/es\/wp-json\/wp\/v2\/posts\/3266","targetHints":{"allow":["GET"]}}],"collection":[{"href":"https:\/\/cnewa.org\/es\/wp-json\/wp\/v2\/posts"}],"about":[{"href":"https:\/\/cnewa.org\/es\/wp-json\/wp\/v2\/types\/post"}],"author":[{"embeddable":true,"href":"https:\/\/cnewa.org\/es\/wp-json\/wp\/v2\/users\/70019"}],"replies":[{"embeddable":true,"href":"https:\/\/cnewa.org\/es\/wp-json\/wp\/v2\/comments?post=3266"}],"version-history":[{"count":6,"href":"https:\/\/cnewa.org\/es\/wp-json\/wp\/v2\/posts\/3266\/revisions"}],"predecessor-version":[{"id":7607,"href":"https:\/\/cnewa.org\/es\/wp-json\/wp\/v2\/posts\/3266\/revisions\/7607"}],"wp:featuredmedia":[{"embeddable":true,"href":"https:\/\/cnewa.org\/es\/wp-json\/wp\/v2\/media\/3265"}],"wp:attachment":[{"href":"https:\/\/cnewa.org\/es\/wp-json\/wp\/v2\/media?parent=3266"}],"wp:term":[{"taxonomy":"category","embeddable":true,"href":"https:\/\/cnewa.org\/es\/wp-json\/wp\/v2\/categories?post=3266"}],"curies":[{"name":"wp","href":"https:\/\/api.w.org\/{rel}","templated":true}]}}