{"id":3305,"date":"2023-06-28T08:48:27","date_gmt":"2023-06-28T12:48:27","guid":{"rendered":"https:\/\/cnewa.org\/es\/?p=3305"},"modified":"2024-03-15T15:12:46","modified_gmt":"2024-03-15T19:12:46","slug":"experto-catolico-advierte-sobre-fatiga-humanitaria-a-medida-que-crece-el-trauma-en-ucrania","status":"publish","type":"post","link":"https:\/\/cnewa.org\/es\/experto-catolico-advierte-sobre-fatiga-humanitaria-a-medida-que-crece-el-trauma-en-ucrania\/","title":{"rendered":"Experto Cat\u00f3lico Advierte Sobre &#8216;Fatiga Humanitaria&#8217; a Medida que Crece el Trauma en Ucrania"},"content":{"rendered":"\n<p class=\"has-vivid-red-color has-text-color\"><a href=\"https:\/\/cruxnow.com\/interviews\/2023\/06\/catholic-expert-warns-of-humanitarian-fatigue-as-trauma-grows-in-ukraine\" target=\"_blank\" rel=\"noreferrer noopener\"><em>Este art\u00edculo apareci\u00f3 por primera vez en Crux.<\/em><\/a><\/p>\n\n\n\n<h2 class=\"wp-block-heading\" id=\"h-despues-de-una-reciente-visita-a-ucrania-el-jefe-de-una-organizacion-caritativa-catolica-internacional-ha-dicho-que-la-ayuda-humanitaria-se-esta-agotando-a-medida-que-los-ciudadanos-traumatizados-continuan-lidiando-con-las-consecuencias-de-la-guerra-en-curso-con-rusia\">Despu\u00e9s de una reciente visita a Ucrania, el jefe de una organizaci\u00f3n caritativa cat\u00f3lica internacional ha dicho que la ayuda humanitaria se est\u00e1 agotando a medida que los ciudadanos traumatizados contin\u00faan lidiando con las consecuencias de la guerra en curso con Rusia.<\/h2>\n\n\n\n<p>En declaraciones a Crux, Mons. Peter Vaccari, presidente de la Asociaci\u00f3n Cat\u00f3lica para el Bienestar del Cercano Oriente (CNEWA), dijo que en este momento, \u201cLo que vemos es c\u00f3mo tantos pa\u00edses de Occidente brindan apoyo militar. Lo que preocupa es la fatiga humanitarian\u201d.<\/p>\n\n\n\n<p>\u201cEst\u00e9s de acuerdo o no, con la parte militar, lo cierto es que hay fatiga humanitaria y eso es una preocupaci\u00f3n real\u201d, dijo, y agreg\u00f3 que Ucrania es \u201cahora en todos los sentidos de la palabra, un pueblo traumatizado. Pasaron del COVID a la guerra, del trauma del COVID al trauma de la guerra. Ahora, el trauma continuar\u00e1\u201d.<\/p>\n\n\n\n<h3 class=\"wp-block-heading\">Mientras Ucrania contin\u00faa una importante contraofensiva en territorio ocupado, millones de personas tendr\u00e1n que ser evacuadas, dijo Vaccari, \u201clo que va a poner otra carga en la ayuda humanitarian\u201d.<\/h3>\n\n\n\n<p>\u201cEntonces, es ayuda humanitaria, la educaci\u00f3n de los ni\u00f1os, estas van a ser grandes prioridades\u201d, dijo.<\/p>\n\n\n\n<p>Vaccari viaj\u00f3 a Ucrania del 2 al 8 de junio junto con la directora nacional de CNEWA en Canad\u00e1, la Dra. Adriana Bara, y la oficial de programas Anna Dombrovska.<\/p>\n\n\n\n<p>La delegaci\u00f3n visit\u00f3 proyectos humanitarios dirigidos por la Iglesia Greco-Cat\u00f3lica Ucraniana que cuentan con el <a href=\"https:\/\/cnewa.org\/es\/trabajo\/ucrania\/\" target=\"_blank\" rel=\"noreferrer noopener\">apoyo de CNEWA<\/a>, que pone especial \u00e9nfasis en ayudar a las iglesias cat\u00f3licas orientales lo cual es financiado por benefactores de Am\u00e9rica del Norte.<\/p>\n\n\n\n<p>CNEWA ha estado presente en Ucrania desde principios de la d\u00e9cada de 1990, a menudo trabajando con y a trav\u00e9s de socios locales en el terreno, como Caritas Ucrania y la Universidad Cat\u00f3lica Ucraniana, entre otros.<\/p>\n\n\n\n<p>Los proyectos que visitaron incluyeron un hogar para ni\u00f1os hu\u00e9rfanos o separados de sus familias debido a la guerra, as\u00ed como aquellos que recib\u00edan tratamiento en el Hospital Sheptytsky en Lviv y un centro de distribuci\u00f3n de alimentos en Novoyavorivsk.<\/p>\n\n\n\n<p>Tambi\u00e9n tuvieron reuniones para evaluar las necesidades actuales sobre el terreno con miembros de la iglesia greco-cat\u00f3lica ucraniana, incluido su l\u00edder, el Arzobispo Mayor Sviatoslav Shevchuk, as\u00ed como representantes de Caritas Ucrania y monjes y hermanas pertenecientes a las Hermanas Siervas de Mar\u00eda Inmaculada, que ayudan a los desplazados.<\/p>\n\n\n\n<h3 class=\"wp-block-heading\">En esas reuniones, se se\u00f1al\u00f3 a la fatiga humanitaria como una de las cuestiones m\u00e1s preocupantes, especialmente a medida que aumenta la actividad militar.<\/h3>\n\n\n\n<p>La guerra se desat\u00f3 en febrero de 2022 cuando Rusia invadi\u00f3 varias partes del territorio ucraniano. Los combates se concentran ahora principalmente en las regiones orientales de Ucrania.<\/p>\n\n\n\n<p>A principios de junio, casi al mismo tiempo que Vaccari y sus colegas estaban en Lviv, Ucrania lanz\u00f3 una contraofensiva contra las fuerzas rusas en las ciudades ocupadas. Las fuerzas ucranianas han intentado romper la l\u00ednea del frente en varias direcciones, incluidas Donetsk y Zaporizhzhia, entre otras.<\/p>\n\n\n\n<p>Visto como un paso crucial para el resultado a largo plazo de la guerra, la contraofensiva hasta ahora no ha cumplido con las expectativas, pero las potencias occidentales siguen siendo optimistas de que las fuerzas ucranianas obtendr\u00e1n importantes ganancias. Esas esperanzas recibieron un impulso durante la reciente agitaci\u00f3n en Rusia debido al mot\u00edn abortado liderado por Yevgeny V. Prigozhin y sus mercenarios del Grupo Wagner, lo que sembr\u00f3 dudas sobre la cohesi\u00f3n de las fuerzas rusas.<\/p>\n\n\n\n<p>Los representantes de CNEWA estuvieron en Ucrania al mismo tiempo que el enviado personal de paz del Papa, el Cardenal Italiano Matteo Zuppi, quien visit\u00f3 Kiev el 5 y 6 de junio y se reuni\u00f3 con el presidente ucraniano Volodymyr Zelenskyy y otros funcionarios de alto nivel para discutir estrategias para lograr la paz.<\/p>\n\n\n\n<p>Seg\u00fan Vaccari, la visita de Zuppi y el intento del Papa de promover la paz \u201cno fue un tema en absolute\u201d entre los ucranianos comunes que su grupo encontr\u00f3.<\/p>\n\n\n\n<p>La visita de Zuppi \u201cestaba ocurriendo en el momento en que estuvimos all\u00ed, [as\u00ed que tal vez] estuvimos all\u00ed demasiado temprano, y tal vez ha llegado a la prensa ucraniana desde que nos fuimos\u201d, dijo, pero se\u00f1al\u00f3 que aunque Shevchuk hab\u00eda mencionado la visita de Zuppi, \u201cla poblaci\u00f3n general que conocimos no hizo comentarios al respecto\u201d.<\/p>\n\n\n\n<p>\u201cLo que s\u00ed tuve una idea en un par de lugares diferentes fue que \u2014no estoy criticando a nadie\u2014, no tuve la sensaci\u00f3n de que realmente est\u00e9n buscando alg\u00fan tipo de milagro diplom\u00e1tico\u201d, dijo Vaccari.<\/p>\n\n\n\n<p>Vaccari dijo que lo que la mayor\u00eda de los ucranianos que conoci\u00f3 parecen querer es \u201cun sistema de misiles Patriot adicional y F16 &#8230; No estoy diciendo que sea la respuesta, porque no puedo decirlo, pero eso es lo que escuch\u00e9\u201d.<\/p>\n\n\n\n<p>En lo que respecta a la mayor\u00eda de los ucranianos, \u201c<a href=\"https:\/\/cnewa.org\/es\/2022\/02\/23\/en-el-oriente-cristiano-la-historia-entre-rusia-y-ucrania\/?highlight=Ucrania\" target=\"_blank\" rel=\"noreferrer noopener\">esta guerra<\/a> comenz\u00f3 en 2014, y quieren recuperar cada cent\u00edmetro y est\u00e1n decididos a conseguirlo, y saben lo que necesitan para conseguirlo\u201d, dijo Vaccari, y que durante su tiempo en Lviv: \u00abNunca escuch\u00e9 a ning\u00fan ucraniano decir que quiere ir m\u00e1s al oeste o quedarse fuera de Ucrania\u201d.<\/p>\n\n\n\n<p>\u201cSu \u00fanico objetivo en todo esto era, \u00bfqu\u00e9 tengo que hacer para volver a Ucrania?\u201d, dijo, diciendo que los ucranianos son \u201cun pueblo muy resiliente, est\u00e1n muy orgullosos de su cultura. Te dir\u00e1n que \u2018podr\u00e1n quitarme la vida, pero nunca tomar\u00e1n mi pa\u00eds y nunca tomar\u00e1n mi cultura\u2019\u201d.<\/p>\n\n\n\n<p>\u201cEntonces, es una historia muy poderosa. Pero en este momento, est\u00e1 tratando de responder a las necesidades de un pueblo verdaderamente traumatizado, donde el trauma est\u00e1 en curso\u201d, dijo.<\/p>\n\n\n\n<h3 class=\"wp-block-heading\">Vaccari dijo que hacer malabares con el apoyo humanitario tambi\u00e9n es dif\u00edcil debido a las crisis en otros pa\u00edses, como los problemas pol\u00edticos y econ\u00f3micos en curso en el L\u00edbano y las consecuencias del terremoto masivo en Turqu\u00eda y Siria.<\/h3>\n\n\n\n<p>Crisis como estas hacen que la recaudaci\u00f3n de fondos sea un desaf\u00edo, dijo, y se\u00f1al\u00f3 que muchos donantes que ofrecen contribuciones regulares donar\u00e1n a llamamientos de emergencia para desastres como el terremoto en Turqu\u00eda y Siria, o la explosi\u00f3n del puerto de Beirut en 2020, o el aumento de la necesidad debido a una nueva ola de refugiados que huyen de la guerra, pero debido a limitaciones econ\u00f3micas \u201cse abstendr\u00e1n de su contribuci\u00f3n regular\u201d que ya hemos presupuestado\u201d.<\/p>\n\n\n\n<p>\u201cEstamos muy, muy agradecidos, tenemos donantes muy generosos y su generosidad realmente rebosa durante el tiempo que estallan las emergencias y las crisis. Pero ya no es dar sin restricciones\u201d, dijo.<\/p>\n\n\n\n<p>Comparando el trabajo de CNEWA con el trabajo de una unidad de trauma en una sala de emergencias, Vaccari dijo que la necesidad es abrumadora y solo va a aumentar.<\/p>\n\n\n\n<p>CNEWA abri\u00f3 recientemente una nueva oficina en Roma dentro del Dicasterio para las Iglesias Orientales del Vaticano, que Vaccari espera que ayude no solo a crear conciencia sobre su trabajo, ya que \u201cmuchas personas ni siquiera piensan que las iglesias orientales son cat\u00f3licas\u201d, sino tambi\u00e9n a reforzar los esfuerzos de recaudaci\u00f3n de fondos al expandir su base de benefactores.<\/p>\n\n\n\n<p>\u201cEstamos llegando al a\u00f1o jubilar, as\u00ed que espero que al comenzar m\u00e1s o menos el verano de 2023, eso nos d\u00e9 el tiempo para estar realmente en marcha y correr la voz en el jubileo\u201d, dijo.<\/p>\n","protected":false},"excerpt":{"rendered":"<p>Este art\u00edculo apareci\u00f3 por primera vez en Crux. Despu\u00e9s de una reciente visita a Ucrania, el jefe de una organizaci\u00f3n caritativa cat\u00f3lica internacional ha dicho que la ayuda humanitaria se est\u00e1 agotando a medida que los ciudadanos traumatizados contin\u00faan lidiando con las consecuencias de la guerra en curso con Rusia. En declaraciones a Crux, Mons. &hellip; <a href=\"https:\/\/cnewa.org\/es\/experto-catolico-advierte-sobre-fatiga-humanitaria-a-medida-que-crece-el-trauma-en-ucrania\/\">Continued<\/a><\/p>\n","protected":false},"author":70019,"featured_media":3304,"comment_status":"closed","ping_status":"closed","sticky":false,"template":"","format":"standard","meta":{"_acf_changed":false,"footnotes":""},"categories":[44],"class_list":["post-3305","post","type-post","status-publish","format-standard","has-post-thumbnail","hentry","category-ucrania"],"acf":[],"yoast_head":"<!-- This site is optimized with the Yoast SEO Premium plugin v27.3 (Yoast SEO v27.3) - https:\/\/yoast.com\/product\/yoast-seo-premium-wordpress\/ -->\n<title>Experto Cat\u00f3lico Advierte Sobre &#039;Fatiga Humanitaria&#039; a Medida que Crece el Trauma en Ucrania | CNEWA Espa\u00f1ol<\/title>\n<meta name=\"description\" content=\"En reciente visita a Ucrania, jefe de organizaci\u00f3n caritativa cat\u00f3lica internacional ha dicho que la ayuda humanitaria se est\u00e1 agotando.\" \/>\n<meta name=\"robots\" content=\"index, follow, max-snippet:-1, max-image-preview:large, max-video-preview:-1\" \/>\n<link rel=\"canonical\" href=\"https:\/\/cnewa.org\/es\/experto-catolico-advierte-sobre-fatiga-humanitaria-a-medida-que-crece-el-trauma-en-ucrania\/\" \/>\n<meta property=\"og:locale\" content=\"es_ES\" \/>\n<meta property=\"og:type\" content=\"article\" \/>\n<meta property=\"og:title\" content=\"Experto Cat\u00f3lico Advierte Sobre &#039;Fatiga Humanitaria&#039; a Medida que Crece el Trauma en Ucrania\" \/>\n<meta property=\"og:description\" content=\"En reciente visita a Ucrania, jefe de organizaci\u00f3n caritativa cat\u00f3lica internacional ha dicho que la ayuda humanitaria se est\u00e1 agotando.\" \/>\n<meta property=\"og:url\" content=\"https:\/\/cnewa.org\/es\/experto-catolico-advierte-sobre-fatiga-humanitaria-a-medida-que-crece-el-trauma-en-ucrania\/\" \/>\n<meta property=\"og:site_name\" content=\"CNEWA Espa\u00f1ol\" \/>\n<meta property=\"article:publisher\" content=\"https:\/\/www.facebook.com\/CNEWAenespanol\/\" \/>\n<meta property=\"article:published_time\" content=\"2023-06-28T12:48:27+00:00\" \/>\n<meta property=\"article:modified_time\" content=\"2024-03-15T19:12:46+00:00\" \/>\n<meta property=\"og:image\" content=\"https:\/\/cnewa.org\/es\/wp-content\/uploads\/sites\/5\/2023\/06\/savranskiy202306_043H.jpg\" \/>\n\t<meta property=\"og:image:width\" content=\"1800\" \/>\n\t<meta property=\"og:image:height\" content=\"1200\" \/>\n\t<meta property=\"og:image:type\" content=\"image\/jpeg\" \/>\n<meta name=\"author\" content=\"Elise Ann Allen\" \/>\n<meta name=\"twitter:card\" content=\"summary_large_image\" \/>\n<meta name=\"twitter:label1\" content=\"Escrito por\" \/>\n\t<meta name=\"twitter:data1\" content=\"David R. Aquije\" \/>\n\t<meta name=\"twitter:label2\" content=\"Tiempo de lectura\" \/>\n\t<meta name=\"twitter:data2\" content=\"6 minutos\" \/>\n<script type=\"application\/ld+json\" class=\"yoast-schema-graph\">{\"@context\":\"https:\\\/\\\/schema.org\",\"@graph\":[{\"@type\":\"Article\",\"@id\":\"https:\\\/\\\/cnewa.org\\\/es\\\/experto-catolico-advierte-sobre-fatiga-humanitaria-a-medida-que-crece-el-trauma-en-ucrania\\\/#article\",\"isPartOf\":{\"@id\":\"https:\\\/\\\/cnewa.org\\\/es\\\/experto-catolico-advierte-sobre-fatiga-humanitaria-a-medida-que-crece-el-trauma-en-ucrania\\\/\"},\"author\":{\"name\":\"Elise Ann Allen\",\"@id\":\"https:\\\/\\\/cnewa.org\\\/es\\\/#\\\/schema\\\/person\\\/d2935c46e239b59210c38997d4aedf00\"},\"headline\":\"Experto Cat\u00f3lico Advierte Sobre &#8216;Fatiga Humanitaria&#8217; a Medida que Crece el Trauma en Ucrania\",\"datePublished\":\"2023-06-28T12:48:27+00:00\",\"dateModified\":\"2024-03-15T19:12:46+00:00\",\"mainEntityOfPage\":{\"@id\":\"https:\\\/\\\/cnewa.org\\\/es\\\/experto-catolico-advierte-sobre-fatiga-humanitaria-a-medida-que-crece-el-trauma-en-ucrania\\\/\"},\"wordCount\":1272,\"publisher\":{\"@id\":\"https:\\\/\\\/cnewa.org\\\/es\\\/#organization\"},\"image\":{\"@id\":\"https:\\\/\\\/cnewa.org\\\/es\\\/experto-catolico-advierte-sobre-fatiga-humanitaria-a-medida-que-crece-el-trauma-en-ucrania\\\/#primaryimage\"},\"thumbnailUrl\":\"https:\\\/\\\/cnewa.org\\\/es\\\/wp-content\\\/uploads\\\/sites\\\/5\\\/2023\\\/06\\\/savranskiy202306_043H.jpg\",\"articleSection\":[\"Ucrania\"],\"inLanguage\":\"es\"},{\"@type\":\"WebPage\",\"@id\":\"https:\\\/\\\/cnewa.org\\\/es\\\/experto-catolico-advierte-sobre-fatiga-humanitaria-a-medida-que-crece-el-trauma-en-ucrania\\\/\",\"url\":\"https:\\\/\\\/cnewa.org\\\/es\\\/experto-catolico-advierte-sobre-fatiga-humanitaria-a-medida-que-crece-el-trauma-en-ucrania\\\/\",\"name\":\"Experto Cat\u00f3lico Advierte Sobre 'Fatiga Humanitaria' a Medida que Crece el Trauma en Ucrania | CNEWA Espa\u00f1ol\",\"isPartOf\":{\"@id\":\"https:\\\/\\\/cnewa.org\\\/es\\\/#website\"},\"primaryImageOfPage\":{\"@id\":\"https:\\\/\\\/cnewa.org\\\/es\\\/experto-catolico-advierte-sobre-fatiga-humanitaria-a-medida-que-crece-el-trauma-en-ucrania\\\/#primaryimage\"},\"image\":{\"@id\":\"https:\\\/\\\/cnewa.org\\\/es\\\/experto-catolico-advierte-sobre-fatiga-humanitaria-a-medida-que-crece-el-trauma-en-ucrania\\\/#primaryimage\"},\"thumbnailUrl\":\"https:\\\/\\\/cnewa.org\\\/es\\\/wp-content\\\/uploads\\\/sites\\\/5\\\/2023\\\/06\\\/savranskiy202306_043H.jpg\",\"datePublished\":\"2023-06-28T12:48:27+00:00\",\"dateModified\":\"2024-03-15T19:12:46+00:00\",\"description\":\"En reciente visita a Ucrania, jefe de organizaci\u00f3n caritativa cat\u00f3lica internacional ha dicho que la ayuda humanitaria se est\u00e1 agotando.\",\"breadcrumb\":{\"@id\":\"https:\\\/\\\/cnewa.org\\\/es\\\/experto-catolico-advierte-sobre-fatiga-humanitaria-a-medida-que-crece-el-trauma-en-ucrania\\\/#breadcrumb\"},\"inLanguage\":\"es\",\"potentialAction\":[{\"@type\":\"ReadAction\",\"target\":[\"https:\\\/\\\/cnewa.org\\\/es\\\/experto-catolico-advierte-sobre-fatiga-humanitaria-a-medida-que-crece-el-trauma-en-ucrania\\\/\"]}]},{\"@type\":\"ImageObject\",\"inLanguage\":\"es\",\"@id\":\"https:\\\/\\\/cnewa.org\\\/es\\\/experto-catolico-advierte-sobre-fatiga-humanitaria-a-medida-que-crece-el-trauma-en-ucrania\\\/#primaryimage\",\"url\":\"https:\\\/\\\/cnewa.org\\\/es\\\/wp-content\\\/uploads\\\/sites\\\/5\\\/2023\\\/06\\\/savranskiy202306_043H.jpg\",\"contentUrl\":\"https:\\\/\\\/cnewa.org\\\/es\\\/wp-content\\\/uploads\\\/sites\\\/5\\\/2023\\\/06\\\/savranskiy202306_043H.jpg\",\"width\":1800,\"height\":1200,\"caption\":\"Mons. Peter I. Vaccari, Adriana Bara y Anna Dombrovska visitan un programa de paquetes de alimentos patrocinado por CNEWA Novoyavorivsk, Ucrania. (foto: Oleksandr Savranskiy)\"},{\"@type\":\"BreadcrumbList\",\"@id\":\"https:\\\/\\\/cnewa.org\\\/es\\\/experto-catolico-advierte-sobre-fatiga-humanitaria-a-medida-que-crece-el-trauma-en-ucrania\\\/#breadcrumb\",\"itemListElement\":[{\"@type\":\"ListItem\",\"position\":1,\"name\":\"Inicio\",\"item\":\"https:\\\/\\\/cnewa.org\\\/es\\\/\"},{\"@type\":\"ListItem\",\"position\":2,\"name\":\"Ucrania\",\"item\":\"https:\\\/\\\/cnewa.org\\\/es\\\/categoria\\\/ucrania\\\/\"},{\"@type\":\"ListItem\",\"position\":3,\"name\":\"Experto Cat\u00f3lico Advierte Sobre &#8216;Fatiga Humanitaria&#8217; a Medida que Crece el Trauma en Ucrania\"}]},{\"@type\":\"WebSite\",\"@id\":\"https:\\\/\\\/cnewa.org\\\/es\\\/#website\",\"url\":\"https:\\\/\\\/cnewa.org\\\/es\\\/\",\"name\":\"CNEWA Espa\u00f1ol\",\"description\":\"Asociaci\u00f3n Cat\u00f3lica para el Bienestar del Cercano Oriente\",\"publisher\":{\"@id\":\"https:\\\/\\\/cnewa.org\\\/es\\\/#organization\"},\"potentialAction\":[{\"@type\":\"SearchAction\",\"target\":{\"@type\":\"EntryPoint\",\"urlTemplate\":\"https:\\\/\\\/cnewa.org\\\/es\\\/?s={search_term_string}\"},\"query-input\":{\"@type\":\"PropertyValueSpecification\",\"valueRequired\":true,\"valueName\":\"search_term_string\"}}],\"inLanguage\":\"es\"},{\"@type\":\"Organization\",\"@id\":\"https:\\\/\\\/cnewa.org\\\/es\\\/#organization\",\"name\":\"CNEWA Espa\u00f1ol\",\"alternateName\":\"Asociaci\u00f3n Cat\u00f3lica para el Bienestar del Cercano Oriente\",\"url\":\"https:\\\/\\\/cnewa.org\\\/es\\\/\",\"logo\":{\"@type\":\"ImageObject\",\"inLanguage\":\"es\",\"@id\":\"https:\\\/\\\/cnewa.org\\\/es\\\/#\\\/schema\\\/logo\\\/image\\\/\",\"url\":\"https:\\\/\\\/cnewa.org\\\/es\\\/wp-content\\\/uploads\\\/sites\\\/5\\\/2021\\\/07\\\/CNEWA-brand-logo.png\",\"contentUrl\":\"https:\\\/\\\/cnewa.org\\\/es\\\/wp-content\\\/uploads\\\/sites\\\/5\\\/2021\\\/07\\\/CNEWA-brand-logo.png\",\"width\":1000,\"height\":1000,\"caption\":\"CNEWA Espa\u00f1ol\"},\"image\":{\"@id\":\"https:\\\/\\\/cnewa.org\\\/es\\\/#\\\/schema\\\/logo\\\/image\\\/\"},\"sameAs\":[\"https:\\\/\\\/www.facebook.com\\\/CNEWAenespanol\\\/\",\"https:\\\/\\\/www.instagram.com\\\/cnewa1926\\\/\",\"https:\\\/\\\/www.youtube.com\\\/user\\\/TheCNEWA\"]},{\"@type\":\"Person\",\"name\":\"Elise Ann Allen\"}]}<\/script>\n<!-- \/ Yoast SEO Premium plugin. -->","yoast_head_json":{"title":"Experto Cat\u00f3lico Advierte Sobre 'Fatiga Humanitaria' a Medida que Crece el Trauma en Ucrania | CNEWA Espa\u00f1ol","description":"En reciente visita a Ucrania, jefe de organizaci\u00f3n caritativa cat\u00f3lica internacional ha dicho que la ayuda humanitaria se est\u00e1 agotando.","robots":{"index":"index","follow":"follow","max-snippet":"max-snippet:-1","max-image-preview":"max-image-preview:large","max-video-preview":"max-video-preview:-1"},"canonical":"https:\/\/cnewa.org\/es\/experto-catolico-advierte-sobre-fatiga-humanitaria-a-medida-que-crece-el-trauma-en-ucrania\/","og_locale":"es_ES","og_type":"article","og_title":"Experto Cat\u00f3lico Advierte Sobre 'Fatiga Humanitaria' a Medida que Crece el Trauma en Ucrania","og_description":"En reciente visita a Ucrania, jefe de organizaci\u00f3n caritativa cat\u00f3lica internacional ha dicho que la ayuda humanitaria se est\u00e1 agotando.","og_url":"https:\/\/cnewa.org\/es\/experto-catolico-advierte-sobre-fatiga-humanitaria-a-medida-que-crece-el-trauma-en-ucrania\/","og_site_name":"CNEWA Espa\u00f1ol","article_publisher":"https:\/\/www.facebook.com\/CNEWAenespanol\/","article_published_time":"2023-06-28T12:48:27+00:00","article_modified_time":"2024-03-15T19:12:46+00:00","og_image":[{"width":1800,"height":1200,"url":"https:\/\/cnewa.org\/es\/wp-content\/uploads\/sites\/5\/2023\/06\/savranskiy202306_043H.jpg","type":"image\/jpeg"}],"author":"Elise Ann Allen","twitter_card":"summary_large_image","twitter_misc":{"Escrito por":"David R. Aquije","Tiempo de lectura":"6 minutos"},"schema":{"@context":"https:\/\/schema.org","@graph":[{"@type":"Article","@id":"https:\/\/cnewa.org\/es\/experto-catolico-advierte-sobre-fatiga-humanitaria-a-medida-que-crece-el-trauma-en-ucrania\/#article","isPartOf":{"@id":"https:\/\/cnewa.org\/es\/experto-catolico-advierte-sobre-fatiga-humanitaria-a-medida-que-crece-el-trauma-en-ucrania\/"},"author":{"name":"Elise Ann Allen","@id":"https:\/\/cnewa.org\/es\/#\/schema\/person\/d2935c46e239b59210c38997d4aedf00"},"headline":"Experto Cat\u00f3lico Advierte Sobre &#8216;Fatiga Humanitaria&#8217; a Medida que Crece el Trauma en Ucrania","datePublished":"2023-06-28T12:48:27+00:00","dateModified":"2024-03-15T19:12:46+00:00","mainEntityOfPage":{"@id":"https:\/\/cnewa.org\/es\/experto-catolico-advierte-sobre-fatiga-humanitaria-a-medida-que-crece-el-trauma-en-ucrania\/"},"wordCount":1272,"publisher":{"@id":"https:\/\/cnewa.org\/es\/#organization"},"image":{"@id":"https:\/\/cnewa.org\/es\/experto-catolico-advierte-sobre-fatiga-humanitaria-a-medida-que-crece-el-trauma-en-ucrania\/#primaryimage"},"thumbnailUrl":"https:\/\/cnewa.org\/es\/wp-content\/uploads\/sites\/5\/2023\/06\/savranskiy202306_043H.jpg","articleSection":["Ucrania"],"inLanguage":"es"},{"@type":"WebPage","@id":"https:\/\/cnewa.org\/es\/experto-catolico-advierte-sobre-fatiga-humanitaria-a-medida-que-crece-el-trauma-en-ucrania\/","url":"https:\/\/cnewa.org\/es\/experto-catolico-advierte-sobre-fatiga-humanitaria-a-medida-que-crece-el-trauma-en-ucrania\/","name":"Experto Cat\u00f3lico Advierte Sobre 'Fatiga Humanitaria' a Medida que Crece el Trauma en Ucrania | CNEWA Espa\u00f1ol","isPartOf":{"@id":"https:\/\/cnewa.org\/es\/#website"},"primaryImageOfPage":{"@id":"https:\/\/cnewa.org\/es\/experto-catolico-advierte-sobre-fatiga-humanitaria-a-medida-que-crece-el-trauma-en-ucrania\/#primaryimage"},"image":{"@id":"https:\/\/cnewa.org\/es\/experto-catolico-advierte-sobre-fatiga-humanitaria-a-medida-que-crece-el-trauma-en-ucrania\/#primaryimage"},"thumbnailUrl":"https:\/\/cnewa.org\/es\/wp-content\/uploads\/sites\/5\/2023\/06\/savranskiy202306_043H.jpg","datePublished":"2023-06-28T12:48:27+00:00","dateModified":"2024-03-15T19:12:46+00:00","description":"En reciente visita a Ucrania, jefe de organizaci\u00f3n caritativa cat\u00f3lica internacional ha dicho que la ayuda humanitaria se est\u00e1 agotando.","breadcrumb":{"@id":"https:\/\/cnewa.org\/es\/experto-catolico-advierte-sobre-fatiga-humanitaria-a-medida-que-crece-el-trauma-en-ucrania\/#breadcrumb"},"inLanguage":"es","potentialAction":[{"@type":"ReadAction","target":["https:\/\/cnewa.org\/es\/experto-catolico-advierte-sobre-fatiga-humanitaria-a-medida-que-crece-el-trauma-en-ucrania\/"]}]},{"@type":"ImageObject","inLanguage":"es","@id":"https:\/\/cnewa.org\/es\/experto-catolico-advierte-sobre-fatiga-humanitaria-a-medida-que-crece-el-trauma-en-ucrania\/#primaryimage","url":"https:\/\/cnewa.org\/es\/wp-content\/uploads\/sites\/5\/2023\/06\/savranskiy202306_043H.jpg","contentUrl":"https:\/\/cnewa.org\/es\/wp-content\/uploads\/sites\/5\/2023\/06\/savranskiy202306_043H.jpg","width":1800,"height":1200,"caption":"Mons. Peter I. Vaccari, Adriana Bara y Anna Dombrovska visitan un programa de paquetes de alimentos patrocinado por CNEWA Novoyavorivsk, Ucrania. (foto: Oleksandr Savranskiy)"},{"@type":"BreadcrumbList","@id":"https:\/\/cnewa.org\/es\/experto-catolico-advierte-sobre-fatiga-humanitaria-a-medida-que-crece-el-trauma-en-ucrania\/#breadcrumb","itemListElement":[{"@type":"ListItem","position":1,"name":"Inicio","item":"https:\/\/cnewa.org\/es\/"},{"@type":"ListItem","position":2,"name":"Ucrania","item":"https:\/\/cnewa.org\/es\/categoria\/ucrania\/"},{"@type":"ListItem","position":3,"name":"Experto Cat\u00f3lico Advierte Sobre &#8216;Fatiga Humanitaria&#8217; a Medida que Crece el Trauma en Ucrania"}]},{"@type":"WebSite","@id":"https:\/\/cnewa.org\/es\/#website","url":"https:\/\/cnewa.org\/es\/","name":"CNEWA Espa\u00f1ol","description":"Asociaci\u00f3n Cat\u00f3lica para el Bienestar del Cercano Oriente","publisher":{"@id":"https:\/\/cnewa.org\/es\/#organization"},"potentialAction":[{"@type":"SearchAction","target":{"@type":"EntryPoint","urlTemplate":"https:\/\/cnewa.org\/es\/?s={search_term_string}"},"query-input":{"@type":"PropertyValueSpecification","valueRequired":true,"valueName":"search_term_string"}}],"inLanguage":"es"},{"@type":"Organization","@id":"https:\/\/cnewa.org\/es\/#organization","name":"CNEWA Espa\u00f1ol","alternateName":"Asociaci\u00f3n Cat\u00f3lica para el Bienestar del Cercano Oriente","url":"https:\/\/cnewa.org\/es\/","logo":{"@type":"ImageObject","inLanguage":"es","@id":"https:\/\/cnewa.org\/es\/#\/schema\/logo\/image\/","url":"https:\/\/cnewa.org\/es\/wp-content\/uploads\/sites\/5\/2021\/07\/CNEWA-brand-logo.png","contentUrl":"https:\/\/cnewa.org\/es\/wp-content\/uploads\/sites\/5\/2021\/07\/CNEWA-brand-logo.png","width":1000,"height":1000,"caption":"CNEWA Espa\u00f1ol"},"image":{"@id":"https:\/\/cnewa.org\/es\/#\/schema\/logo\/image\/"},"sameAs":["https:\/\/www.facebook.com\/CNEWAenespanol\/","https:\/\/www.instagram.com\/cnewa1926\/","https:\/\/www.youtube.com\/user\/TheCNEWA"]},{"@type":"Person","name":"Elise Ann Allen"}]}},"_links":{"self":[{"href":"https:\/\/cnewa.org\/es\/wp-json\/wp\/v2\/posts\/3305","targetHints":{"allow":["GET"]}}],"collection":[{"href":"https:\/\/cnewa.org\/es\/wp-json\/wp\/v2\/posts"}],"about":[{"href":"https:\/\/cnewa.org\/es\/wp-json\/wp\/v2\/types\/post"}],"author":[{"embeddable":true,"href":"https:\/\/cnewa.org\/es\/wp-json\/wp\/v2\/users\/70019"}],"replies":[{"embeddable":true,"href":"https:\/\/cnewa.org\/es\/wp-json\/wp\/v2\/comments?post=3305"}],"version-history":[{"count":16,"href":"https:\/\/cnewa.org\/es\/wp-json\/wp\/v2\/posts\/3305\/revisions"}],"predecessor-version":[{"id":4729,"href":"https:\/\/cnewa.org\/es\/wp-json\/wp\/v2\/posts\/3305\/revisions\/4729"}],"wp:featuredmedia":[{"embeddable":true,"href":"https:\/\/cnewa.org\/es\/wp-json\/wp\/v2\/media\/3304"}],"wp:attachment":[{"href":"https:\/\/cnewa.org\/es\/wp-json\/wp\/v2\/media?parent=3305"}],"wp:term":[{"taxonomy":"category","embeddable":true,"href":"https:\/\/cnewa.org\/es\/wp-json\/wp\/v2\/categories?post=3305"}],"curies":[{"name":"wp","href":"https:\/\/api.w.org\/{rel}","templated":true}]}}