{"id":3408,"date":"2023-07-13T14:46:57","date_gmt":"2023-07-13T18:46:57","guid":{"rendered":"https:\/\/cnewa.org\/es\/?p=3408"},"modified":"2024-11-05T10:41:31","modified_gmt":"2024-11-05T15:41:31","slug":"agentes-de-esperanza-en-ucrania","status":"publish","type":"post","link":"https:\/\/cnewa.org\/es\/agentes-de-esperanza-en-ucrania\/","title":{"rendered":"Agentes de Esperanza en Ucrania"},"content":{"rendered":"\n<h2 class=\"wp-block-heading has-medium-font-size\" id=\"h-ucrania-entro-en-su-dia-500-de-guerra-el-sabado-8-de-julio-en-medio-de-una-serie-de-ataques-los-misiles-alcanzaron-lviv-que-se-habia-convertido-en-un-refugio-para-los-ucranianos-desplazados-ya-que-se-encuentra-a-solo-40-millas-de-la-frontera-polaca-el-6-de-julio-un-mes-antes-de-esa-ataque-uno-de-las-misiles-cayo-a-menos-de-600-pies-de-la-universidad-catolica-ucraniana-una-delegacion-de-cnewa-que-incluia-a-mons-peter-i-vaccari-presidente-adriana-bara-directora-nacional-de-cnewa-en-canada-y-anna-dombrovska-oficial-de-programas-se-hospedo-en-la-universidad-como-parte-de-su-visita-de-solidaridad-a-la-region-del-2-al-8-de-junio\">Ucrania entr\u00f3 en su d\u00eda 500 de guerra el s\u00e1bado 8 de julio, en medio de una serie de ataques. Los misiles alcanzaron Lviv, que se hab\u00eda convertido en un refugio para los ucranianos desplazados, ya que se encuentra a solo 40 millas de la frontera polaca, el 6 de julio. Un mes antes de esa ataque, uno de las misiles cay\u00f3 a menos de 600 pies de la Universidad Cat\u00f3lica Ucraniana, una delegaci\u00f3n de CNEWA que inclu\u00eda a Mons. Peter I. Vaccari, presidente, Adriana Bara, directora nacional de CNEWA en Canad\u00e1, y Anna Dombrovska, oficial de programas, se hosped\u00f3 en la universidad como parte de su visita de solidaridad a la regi\u00f3n del 2 al 8 de junio.<\/h2>\n\n\n\n<p>\u201cPens\u00e9 que era importante para nosotros estar all\u00ed\u201d, dijo Mons. Vaccari. \u201cPrimero para demostrar a nuestros socios la determinaci\u00f3n de CNEWA con respecto a lo que est\u00e1 sucediendo y nuestra solidaridad con el sufrimiento del pueblo ucraniano en todos los niveles\u201d.<\/p>\n\n\n\n<p>El viaje fue el segundo de Mons. Vaccari a Ucrania desde el comienzo de la guerra en febrero de 2022.<\/p>\n\n\n\n<p>\u201cHe seguido todas las noticias desde que estall\u00f3 la invasi\u00f3n a gran escala en 2022. &#8230; Pero, estar all\u00ed es diferente de verlo en las noticias\u201d, dijo Dombrovska, quien es de Ucrania y tiene familia en el pa\u00eds. Antes de la invasi\u00f3n a gran escala, Dombrovska hizo visitas anuales del programa, pero esta fue su primera vez desde que la guerra se intensific\u00f3.<\/p>\n\n\n\n<p>\u201cTuve suerte durante la semana&#8230; No escuch\u00e9 ninguna explosi\u00f3n, mientras que muchos de nuestros socios y la gente en Ucrania no solo las escuchan, no solo las ven, sino que &#8230; han perdido a sus familiares o han muerto\u00bb, dijo.<\/p>\n\n\n\n<figure class=\"wp-block-image size-large\"><img loading=\"lazy\" decoding=\"async\" width=\"1024\" height=\"683\" src=\"https:\/\/cnewa.org\/es\/wp-content\/uploads\/sites\/5\/2023\/07\/savranskiy202306_011H-1024x683.jpg\" alt=\"\" class=\"wp-image-3405\" srcset=\"https:\/\/cnewa.org\/es\/wp-content\/uploads\/sites\/5\/2023\/07\/savranskiy202306_011H-1024x683.jpg 1024w, https:\/\/cnewa.org\/es\/wp-content\/uploads\/sites\/5\/2023\/07\/savranskiy202306_011H-300x200.jpg 300w, https:\/\/cnewa.org\/es\/wp-content\/uploads\/sites\/5\/2023\/07\/savranskiy202306_011H-768x512.jpg 768w, https:\/\/cnewa.org\/es\/wp-content\/uploads\/sites\/5\/2023\/07\/savranskiy202306_011H-1600x1067.jpg 1600w, https:\/\/cnewa.org\/es\/wp-content\/uploads\/sites\/5\/2023\/07\/savranskiy202306_011H-1536x1024.jpg 1536w, https:\/\/cnewa.org\/es\/wp-content\/uploads\/sites\/5\/2023\/07\/savranskiy202306_011H.jpg 1800w\" sizes=\"auto, (max-width: 1024px) 100vw, 1024px\" \/><figcaption class=\"wp-element-caption\">Adriana Bara, directora nacional de CNEWA en Canad\u00e1, izquierda, Anna Dombrovska, oficial de programas, atr\u00e1s a la derecha, y Mons. Peter I. Vaccari, presidente, se re\u00fanen con un capell\u00e1n militar en la oficina de la curia de la Iglesia greco-cat\u00f3lica ucraniana en Lviv. (foto: Oleksandr Savranskiy)<\/figcaption><\/figure>\n\n\n\n<p>La delegaci\u00f3n visit\u00f3 los programas dirigidos por tres de los agentes de CNEWA en el terreno durante su visita a Lviv: la Universidad Cat\u00f3lica Ucraniana, Caritas Ucrania y la curia de la Iglesia Greco-Cat\u00f3lica Ucraniana. Los programas que visitaron incluyeron el Hospital Sheptytsky, el Seminario y Monasterio Basiliano, un centro de cuidado infantil, un centro de distribuci\u00f3n de paquetes de alimentos y la Casa de la Esperanza de las Hermanas Siervas de Mar\u00eda Inmaculada.<\/p>\n\n\n\n<p>Mientras visitaban un refugio que albergaba a unos 80 desplazados internos, se encontraron con una anciana desplazada de su hogar en la regi\u00f3n de Kherson. Apenas unas horas antes ese d\u00eda, ella se enter\u00f3 de que su casa hab\u00eda sido destruida por el colapso de la represa de Kakhovka el 6 de junio.<\/p>\n\n\n\n<p>\u201cObviamente estaba muy profundamente afligida por la p\u00e9rdida de su hogar y yo no estaba seguro de qu\u00e9 palabras usar\u201d, dijo Mons. Vaccari.<\/p>\n\n\n\n<p>\u201cLo \u00fanico que pude hacer fue meter la mano en mi bolsillo y sacar unas cuentas de rosario que he llevado durante a\u00f1os\u201d.<\/p>\n\n\n\n<figure class=\"wp-block-image size-large\"><img loading=\"lazy\" decoding=\"async\" width=\"1024\" height=\"683\" src=\"https:\/\/cnewa.org\/es\/wp-content\/uploads\/sites\/5\/2023\/07\/savranskiy202306_244H-2-1024x683.jpg\" alt=\"Una anciana con un vestido rojo y pa\u00f1oleta blanca sostiene cuentas de rosario.\" class=\"wp-image-3406\" srcset=\"https:\/\/cnewa.org\/es\/wp-content\/uploads\/sites\/5\/2023\/07\/savranskiy202306_244H-2-1024x683.jpg 1024w, https:\/\/cnewa.org\/es\/wp-content\/uploads\/sites\/5\/2023\/07\/savranskiy202306_244H-2-300x200.jpg 300w, https:\/\/cnewa.org\/es\/wp-content\/uploads\/sites\/5\/2023\/07\/savranskiy202306_244H-2-768x512.jpg 768w, https:\/\/cnewa.org\/es\/wp-content\/uploads\/sites\/5\/2023\/07\/savranskiy202306_244H-2-1600x1067.jpg 1600w, https:\/\/cnewa.org\/es\/wp-content\/uploads\/sites\/5\/2023\/07\/savranskiy202306_244H-2-1536x1024.jpg 1536w, https:\/\/cnewa.org\/es\/wp-content\/uploads\/sites\/5\/2023\/07\/savranskiy202306_244H-2.jpg 1800w\" sizes=\"auto, (max-width: 1024px) 100vw, 1024px\" \/><figcaption class=\"wp-element-caption\">Una mujer desplazada de la regi\u00f3n de Kherson sostiene el rosario que le dio Mons. Peter I. Vaccari durante una visita pastoral a Lviv. (foto: Oleksandr Savranskiy)<\/figcaption><\/figure>\n\n\n\n<p>En su \u00faltimo d\u00eda en Lviv, la delegaci\u00f3n de CNEWA se reuni\u00f3 con el Arzobispo Mayor Sviatoslav Shevchuk. La reuni\u00f3n dur\u00f3 poco m\u00e1s de dos horas e incluy\u00f3 discusiones sobre las preocupaciones del arzobispo por Ucrania debido a la <a href=\"https:\/\/cnewa.org\/es\/2023\/06\/28\/experto-catolico-advierte-sobre-fatiga-humanitaria-a-medida-que-crece-el-trauma-en-ucrania\/?highlight=ucrania\" target=\"_blank\" rel=\"noreferrer noopener\">\u201cfatiga humanitaria\u201d<\/a> que ocurre a medida que contin\u00faa la guerra. Agradeci\u00f3 a CNEWA por su trabajo, diciendo: \u201cGracias por ser nuestra voz para el mundo\u201d.<\/p>\n\n\n\n<p>Dombrovska dijo que la reuni\u00f3n con el arzobispo Shevchuk fue \u201cuna bendici\u00f3n\u201d.<\/p>\n\n\n\n<p>\u201cNos inspir\u00f3, inspir\u00f3 a CNEWA, a continuar lo que estamos haciendo en Ucrania\u201d, dijo. \u201cDio una imagen general de c\u00f3mo realmente somos parte de esa misi\u00f3n de la iglesia greco-cat\u00f3lica ucraniana para ayudar a las personas a pasar por esta guerra, sobrevivir y continuar teniendo Esperanza\u201d.<\/p>\n\n\n\n<p>\u00abEsa es la misi\u00f3n de CNEWA. Para dar Esperanza\u201d, a\u00f1adi\u00f3 monse\u00f1or Vaccari.<\/p>\n\n\n\n<p>Monse\u00f1or Vaccari planea regresar a Ucrania en agosto.<\/p>\n","protected":false},"excerpt":{"rendered":"<p>Ucrania entr\u00f3 en su d\u00eda 500 de guerra el s\u00e1bado 8 de julio, en medio de una serie de ataques. Los misiles alcanzaron Lviv, que se hab\u00eda convertido en un refugio para los ucranianos desplazados, ya que se encuentra a solo 40 millas de la frontera polaca, el 6 de julio. Un mes antes de &hellip; <a href=\"https:\/\/cnewa.org\/es\/agentes-de-esperanza-en-ucrania\/\">Continued<\/a><\/p>\n","protected":false},"author":70019,"featured_media":3407,"comment_status":"closed","ping_status":"closed","sticky":false,"template":"","format":"standard","meta":{"_acf_changed":false,"footnotes":""},"categories":[3,44],"class_list":["post-3408","post","type-post","status-publish","format-standard","has-post-thumbnail","hentry","category-noticias","category-ucrania"],"acf":[],"yoast_head":"<!-- This site is optimized with the Yoast SEO Premium plugin v27.3 (Yoast SEO v27.3) - https:\/\/yoast.com\/product\/yoast-seo-premium-wordpress\/ -->\n<title>Agentes de Esperanza en Ucrania | CNEWA Espa\u00f1ol<\/title>\n<meta name=\"description\" content=\"Mons. Peter I. Vaccari, Adriana Bara y Anna Dombrovska, de CNEWA viajaron a Lviv, Ucrania, a principios de junio para una visita solidaria.\" \/>\n<meta name=\"robots\" content=\"index, follow, max-snippet:-1, max-image-preview:large, max-video-preview:-1\" \/>\n<link rel=\"canonical\" href=\"https:\/\/cnewa.org\/es\/agentes-de-esperanza-en-ucrania\/\" \/>\n<meta property=\"og:locale\" content=\"es_ES\" \/>\n<meta property=\"og:type\" content=\"article\" \/>\n<meta property=\"og:title\" content=\"Agentes de Esperanza en Ucrania\" \/>\n<meta property=\"og:description\" content=\"Mons. Peter I. Vaccari, Adriana Bara y Anna Dombrovska, de CNEWA viajaron a Lviv, Ucrania, a principios de junio para una visita solidaria.\" \/>\n<meta property=\"og:url\" content=\"https:\/\/cnewa.org\/es\/agentes-de-esperanza-en-ucrania\/\" \/>\n<meta property=\"og:site_name\" content=\"CNEWA Espa\u00f1ol\" \/>\n<meta property=\"article:publisher\" content=\"https:\/\/www.facebook.com\/CNEWAenespanol\/\" \/>\n<meta property=\"article:published_time\" content=\"2023-07-13T18:46:57+00:00\" \/>\n<meta property=\"article:modified_time\" content=\"2024-11-05T15:41:31+00:00\" \/>\n<meta property=\"og:image\" content=\"https:\/\/cnewa.org\/es\/wp-content\/uploads\/sites\/5\/2023\/07\/savranskiy202306_128H-3.jpg\" \/>\n\t<meta property=\"og:image:width\" content=\"1800\" \/>\n\t<meta property=\"og:image:height\" content=\"1200\" \/>\n\t<meta property=\"og:image:type\" content=\"image\/jpeg\" \/>\n<meta name=\"author\" content=\"Olivia Poust\" \/>\n<meta name=\"twitter:card\" content=\"summary_large_image\" \/>\n<meta name=\"twitter:label1\" content=\"Escrito por\" \/>\n\t<meta name=\"twitter:data1\" content=\"David R. Aquije\" \/>\n\t<meta name=\"twitter:label2\" content=\"Tiempo de lectura\" \/>\n\t<meta name=\"twitter:data2\" content=\"4 minutos\" \/>\n<script type=\"application\/ld+json\" class=\"yoast-schema-graph\">{\"@context\":\"https:\\\/\\\/schema.org\",\"@graph\":[{\"@type\":\"Article\",\"@id\":\"https:\\\/\\\/cnewa.org\\\/es\\\/agentes-de-esperanza-en-ucrania\\\/#article\",\"isPartOf\":{\"@id\":\"https:\\\/\\\/cnewa.org\\\/es\\\/agentes-de-esperanza-en-ucrania\\\/\"},\"author\":{\"name\":\"Olivia Poust\",\"@id\":\"https:\\\/\\\/cnewa.org\\\/es\\\/#\\\/schema\\\/person\\\/d2935c46e239b59210c38997d4aedf00\"},\"headline\":\"Agentes de Esperanza en Ucrania\",\"datePublished\":\"2023-07-13T18:46:57+00:00\",\"dateModified\":\"2024-11-05T15:41:31+00:00\",\"mainEntityOfPage\":{\"@id\":\"https:\\\/\\\/cnewa.org\\\/es\\\/agentes-de-esperanza-en-ucrania\\\/\"},\"wordCount\":704,\"publisher\":{\"@id\":\"https:\\\/\\\/cnewa.org\\\/es\\\/#organization\"},\"image\":{\"@id\":\"https:\\\/\\\/cnewa.org\\\/es\\\/agentes-de-esperanza-en-ucrania\\\/#primaryimage\"},\"thumbnailUrl\":\"https:\\\/\\\/cnewa.org\\\/es\\\/wp-content\\\/uploads\\\/sites\\\/5\\\/2023\\\/07\\\/savranskiy202306_128H-3.jpg\",\"articleSection\":[\"Noticias\",\"Ucrania\"],\"inLanguage\":\"es\"},{\"@type\":\"WebPage\",\"@id\":\"https:\\\/\\\/cnewa.org\\\/es\\\/agentes-de-esperanza-en-ucrania\\\/\",\"url\":\"https:\\\/\\\/cnewa.org\\\/es\\\/agentes-de-esperanza-en-ucrania\\\/\",\"name\":\"Agentes de Esperanza en Ucrania | CNEWA Espa\u00f1ol\",\"isPartOf\":{\"@id\":\"https:\\\/\\\/cnewa.org\\\/es\\\/#website\"},\"primaryImageOfPage\":{\"@id\":\"https:\\\/\\\/cnewa.org\\\/es\\\/agentes-de-esperanza-en-ucrania\\\/#primaryimage\"},\"image\":{\"@id\":\"https:\\\/\\\/cnewa.org\\\/es\\\/agentes-de-esperanza-en-ucrania\\\/#primaryimage\"},\"thumbnailUrl\":\"https:\\\/\\\/cnewa.org\\\/es\\\/wp-content\\\/uploads\\\/sites\\\/5\\\/2023\\\/07\\\/savranskiy202306_128H-3.jpg\",\"datePublished\":\"2023-07-13T18:46:57+00:00\",\"dateModified\":\"2024-11-05T15:41:31+00:00\",\"description\":\"Mons. Peter I. Vaccari, Adriana Bara y Anna Dombrovska, de CNEWA viajaron a Lviv, Ucrania, a principios de junio para una visita solidaria.\",\"breadcrumb\":{\"@id\":\"https:\\\/\\\/cnewa.org\\\/es\\\/agentes-de-esperanza-en-ucrania\\\/#breadcrumb\"},\"inLanguage\":\"es\",\"potentialAction\":[{\"@type\":\"ReadAction\",\"target\":[\"https:\\\/\\\/cnewa.org\\\/es\\\/agentes-de-esperanza-en-ucrania\\\/\"]}]},{\"@type\":\"ImageObject\",\"inLanguage\":\"es\",\"@id\":\"https:\\\/\\\/cnewa.org\\\/es\\\/agentes-de-esperanza-en-ucrania\\\/#primaryimage\",\"url\":\"https:\\\/\\\/cnewa.org\\\/es\\\/wp-content\\\/uploads\\\/sites\\\/5\\\/2023\\\/07\\\/savranskiy202306_128H-3.jpg\",\"contentUrl\":\"https:\\\/\\\/cnewa.org\\\/es\\\/wp-content\\\/uploads\\\/sites\\\/5\\\/2023\\\/07\\\/savranskiy202306_128H-3.jpg\",\"width\":1800,\"height\":1200,\"caption\":\"Mons. Peter I. Vaccari, presidente de CNEWA, visita un centro de distribuci\u00f3n de alimentos en Novoyavorivsk durante una visita pastoral a Ucrania con Adriana Bara y Anna Dombrovska de CNEWA Canad\u00e1. (foto: Oleksandr Savranskiy)\"},{\"@type\":\"BreadcrumbList\",\"@id\":\"https:\\\/\\\/cnewa.org\\\/es\\\/agentes-de-esperanza-en-ucrania\\\/#breadcrumb\",\"itemListElement\":[{\"@type\":\"ListItem\",\"position\":1,\"name\":\"Inicio\",\"item\":\"https:\\\/\\\/cnewa.org\\\/es\\\/\"},{\"@type\":\"ListItem\",\"position\":2,\"name\":\"Ucrania\",\"item\":\"https:\\\/\\\/cnewa.org\\\/es\\\/categoria\\\/ucrania\\\/\"},{\"@type\":\"ListItem\",\"position\":3,\"name\":\"Agentes de Esperanza en Ucrania\"}]},{\"@type\":\"WebSite\",\"@id\":\"https:\\\/\\\/cnewa.org\\\/es\\\/#website\",\"url\":\"https:\\\/\\\/cnewa.org\\\/es\\\/\",\"name\":\"CNEWA Espa\u00f1ol\",\"description\":\"Asociaci\u00f3n Cat\u00f3lica para el Bienestar del Cercano Oriente\",\"publisher\":{\"@id\":\"https:\\\/\\\/cnewa.org\\\/es\\\/#organization\"},\"potentialAction\":[{\"@type\":\"SearchAction\",\"target\":{\"@type\":\"EntryPoint\",\"urlTemplate\":\"https:\\\/\\\/cnewa.org\\\/es\\\/?s={search_term_string}\"},\"query-input\":{\"@type\":\"PropertyValueSpecification\",\"valueRequired\":true,\"valueName\":\"search_term_string\"}}],\"inLanguage\":\"es\"},{\"@type\":\"Organization\",\"@id\":\"https:\\\/\\\/cnewa.org\\\/es\\\/#organization\",\"name\":\"CNEWA Espa\u00f1ol\",\"alternateName\":\"Asociaci\u00f3n Cat\u00f3lica para el Bienestar del Cercano Oriente\",\"url\":\"https:\\\/\\\/cnewa.org\\\/es\\\/\",\"logo\":{\"@type\":\"ImageObject\",\"inLanguage\":\"es\",\"@id\":\"https:\\\/\\\/cnewa.org\\\/es\\\/#\\\/schema\\\/logo\\\/image\\\/\",\"url\":\"https:\\\/\\\/cnewa.org\\\/es\\\/wp-content\\\/uploads\\\/sites\\\/5\\\/2021\\\/07\\\/CNEWA-brand-logo.png\",\"contentUrl\":\"https:\\\/\\\/cnewa.org\\\/es\\\/wp-content\\\/uploads\\\/sites\\\/5\\\/2021\\\/07\\\/CNEWA-brand-logo.png\",\"width\":1000,\"height\":1000,\"caption\":\"CNEWA Espa\u00f1ol\"},\"image\":{\"@id\":\"https:\\\/\\\/cnewa.org\\\/es\\\/#\\\/schema\\\/logo\\\/image\\\/\"},\"sameAs\":[\"https:\\\/\\\/www.facebook.com\\\/CNEWAenespanol\\\/\",\"https:\\\/\\\/www.instagram.com\\\/cnewa1926\\\/\",\"https:\\\/\\\/www.youtube.com\\\/user\\\/TheCNEWA\"]},{\"@type\":\"Person\",\"name\":\"Olivia Poust\"}]}<\/script>\n<!-- \/ Yoast SEO Premium plugin. -->","yoast_head_json":{"title":"Agentes de Esperanza en Ucrania | CNEWA Espa\u00f1ol","description":"Mons. Peter I. Vaccari, Adriana Bara y Anna Dombrovska, de CNEWA viajaron a Lviv, Ucrania, a principios de junio para una visita solidaria.","robots":{"index":"index","follow":"follow","max-snippet":"max-snippet:-1","max-image-preview":"max-image-preview:large","max-video-preview":"max-video-preview:-1"},"canonical":"https:\/\/cnewa.org\/es\/agentes-de-esperanza-en-ucrania\/","og_locale":"es_ES","og_type":"article","og_title":"Agentes de Esperanza en Ucrania","og_description":"Mons. Peter I. Vaccari, Adriana Bara y Anna Dombrovska, de CNEWA viajaron a Lviv, Ucrania, a principios de junio para una visita solidaria.","og_url":"https:\/\/cnewa.org\/es\/agentes-de-esperanza-en-ucrania\/","og_site_name":"CNEWA Espa\u00f1ol","article_publisher":"https:\/\/www.facebook.com\/CNEWAenespanol\/","article_published_time":"2023-07-13T18:46:57+00:00","article_modified_time":"2024-11-05T15:41:31+00:00","og_image":[{"width":1800,"height":1200,"url":"https:\/\/cnewa.org\/es\/wp-content\/uploads\/sites\/5\/2023\/07\/savranskiy202306_128H-3.jpg","type":"image\/jpeg"}],"author":"Olivia Poust","twitter_card":"summary_large_image","twitter_misc":{"Escrito por":"David R. Aquije","Tiempo de lectura":"4 minutos"},"schema":{"@context":"https:\/\/schema.org","@graph":[{"@type":"Article","@id":"https:\/\/cnewa.org\/es\/agentes-de-esperanza-en-ucrania\/#article","isPartOf":{"@id":"https:\/\/cnewa.org\/es\/agentes-de-esperanza-en-ucrania\/"},"author":{"name":"Olivia Poust","@id":"https:\/\/cnewa.org\/es\/#\/schema\/person\/d2935c46e239b59210c38997d4aedf00"},"headline":"Agentes de Esperanza en Ucrania","datePublished":"2023-07-13T18:46:57+00:00","dateModified":"2024-11-05T15:41:31+00:00","mainEntityOfPage":{"@id":"https:\/\/cnewa.org\/es\/agentes-de-esperanza-en-ucrania\/"},"wordCount":704,"publisher":{"@id":"https:\/\/cnewa.org\/es\/#organization"},"image":{"@id":"https:\/\/cnewa.org\/es\/agentes-de-esperanza-en-ucrania\/#primaryimage"},"thumbnailUrl":"https:\/\/cnewa.org\/es\/wp-content\/uploads\/sites\/5\/2023\/07\/savranskiy202306_128H-3.jpg","articleSection":["Noticias","Ucrania"],"inLanguage":"es"},{"@type":"WebPage","@id":"https:\/\/cnewa.org\/es\/agentes-de-esperanza-en-ucrania\/","url":"https:\/\/cnewa.org\/es\/agentes-de-esperanza-en-ucrania\/","name":"Agentes de Esperanza en Ucrania | CNEWA Espa\u00f1ol","isPartOf":{"@id":"https:\/\/cnewa.org\/es\/#website"},"primaryImageOfPage":{"@id":"https:\/\/cnewa.org\/es\/agentes-de-esperanza-en-ucrania\/#primaryimage"},"image":{"@id":"https:\/\/cnewa.org\/es\/agentes-de-esperanza-en-ucrania\/#primaryimage"},"thumbnailUrl":"https:\/\/cnewa.org\/es\/wp-content\/uploads\/sites\/5\/2023\/07\/savranskiy202306_128H-3.jpg","datePublished":"2023-07-13T18:46:57+00:00","dateModified":"2024-11-05T15:41:31+00:00","description":"Mons. Peter I. Vaccari, Adriana Bara y Anna Dombrovska, de CNEWA viajaron a Lviv, Ucrania, a principios de junio para una visita solidaria.","breadcrumb":{"@id":"https:\/\/cnewa.org\/es\/agentes-de-esperanza-en-ucrania\/#breadcrumb"},"inLanguage":"es","potentialAction":[{"@type":"ReadAction","target":["https:\/\/cnewa.org\/es\/agentes-de-esperanza-en-ucrania\/"]}]},{"@type":"ImageObject","inLanguage":"es","@id":"https:\/\/cnewa.org\/es\/agentes-de-esperanza-en-ucrania\/#primaryimage","url":"https:\/\/cnewa.org\/es\/wp-content\/uploads\/sites\/5\/2023\/07\/savranskiy202306_128H-3.jpg","contentUrl":"https:\/\/cnewa.org\/es\/wp-content\/uploads\/sites\/5\/2023\/07\/savranskiy202306_128H-3.jpg","width":1800,"height":1200,"caption":"Mons. Peter I. Vaccari, presidente de CNEWA, visita un centro de distribuci\u00f3n de alimentos en Novoyavorivsk durante una visita pastoral a Ucrania con Adriana Bara y Anna Dombrovska de CNEWA Canad\u00e1. (foto: Oleksandr Savranskiy)"},{"@type":"BreadcrumbList","@id":"https:\/\/cnewa.org\/es\/agentes-de-esperanza-en-ucrania\/#breadcrumb","itemListElement":[{"@type":"ListItem","position":1,"name":"Inicio","item":"https:\/\/cnewa.org\/es\/"},{"@type":"ListItem","position":2,"name":"Ucrania","item":"https:\/\/cnewa.org\/es\/categoria\/ucrania\/"},{"@type":"ListItem","position":3,"name":"Agentes de Esperanza en Ucrania"}]},{"@type":"WebSite","@id":"https:\/\/cnewa.org\/es\/#website","url":"https:\/\/cnewa.org\/es\/","name":"CNEWA Espa\u00f1ol","description":"Asociaci\u00f3n Cat\u00f3lica para el Bienestar del Cercano Oriente","publisher":{"@id":"https:\/\/cnewa.org\/es\/#organization"},"potentialAction":[{"@type":"SearchAction","target":{"@type":"EntryPoint","urlTemplate":"https:\/\/cnewa.org\/es\/?s={search_term_string}"},"query-input":{"@type":"PropertyValueSpecification","valueRequired":true,"valueName":"search_term_string"}}],"inLanguage":"es"},{"@type":"Organization","@id":"https:\/\/cnewa.org\/es\/#organization","name":"CNEWA Espa\u00f1ol","alternateName":"Asociaci\u00f3n Cat\u00f3lica para el Bienestar del Cercano Oriente","url":"https:\/\/cnewa.org\/es\/","logo":{"@type":"ImageObject","inLanguage":"es","@id":"https:\/\/cnewa.org\/es\/#\/schema\/logo\/image\/","url":"https:\/\/cnewa.org\/es\/wp-content\/uploads\/sites\/5\/2021\/07\/CNEWA-brand-logo.png","contentUrl":"https:\/\/cnewa.org\/es\/wp-content\/uploads\/sites\/5\/2021\/07\/CNEWA-brand-logo.png","width":1000,"height":1000,"caption":"CNEWA Espa\u00f1ol"},"image":{"@id":"https:\/\/cnewa.org\/es\/#\/schema\/logo\/image\/"},"sameAs":["https:\/\/www.facebook.com\/CNEWAenespanol\/","https:\/\/www.instagram.com\/cnewa1926\/","https:\/\/www.youtube.com\/user\/TheCNEWA"]},{"@type":"Person","name":"Olivia Poust"}]}},"_links":{"self":[{"href":"https:\/\/cnewa.org\/es\/wp-json\/wp\/v2\/posts\/3408","targetHints":{"allow":["GET"]}}],"collection":[{"href":"https:\/\/cnewa.org\/es\/wp-json\/wp\/v2\/posts"}],"about":[{"href":"https:\/\/cnewa.org\/es\/wp-json\/wp\/v2\/types\/post"}],"author":[{"embeddable":true,"href":"https:\/\/cnewa.org\/es\/wp-json\/wp\/v2\/users\/70019"}],"replies":[{"embeddable":true,"href":"https:\/\/cnewa.org\/es\/wp-json\/wp\/v2\/comments?post=3408"}],"version-history":[{"count":7,"href":"https:\/\/cnewa.org\/es\/wp-json\/wp\/v2\/posts\/3408\/revisions"}],"predecessor-version":[{"id":5923,"href":"https:\/\/cnewa.org\/es\/wp-json\/wp\/v2\/posts\/3408\/revisions\/5923"}],"wp:featuredmedia":[{"embeddable":true,"href":"https:\/\/cnewa.org\/es\/wp-json\/wp\/v2\/media\/3407"}],"wp:attachment":[{"href":"https:\/\/cnewa.org\/es\/wp-json\/wp\/v2\/media?parent=3408"}],"wp:term":[{"taxonomy":"category","embeddable":true,"href":"https:\/\/cnewa.org\/es\/wp-json\/wp\/v2\/categories?post=3408"}],"curies":[{"name":"wp","href":"https:\/\/api.w.org\/{rel}","templated":true}]}}