{"id":3636,"date":"2023-08-04T11:00:08","date_gmt":"2023-08-04T15:00:08","guid":{"rendered":"https:\/\/cnewa.org\/es\/?p=3636"},"modified":"2023-08-04T11:00:08","modified_gmt":"2023-08-04T15:00:08","slug":"homenaje-a-beirut","status":"publish","type":"post","link":"https:\/\/cnewa.org\/es\/homenaje-a-beirut\/","title":{"rendered":"Homenaje a Beirut"},"content":{"rendered":"\n<blockquote class=\"wp-block-quote has-text-align-center is-layout-flow wp-block-quote-is-layout-flow\">\n<p>\u00a1Oh Beirut!<\/p>\n\n\n\n<p>Oh Beirut, la amante del Mundo<\/p>\n\n\n\n<p>Confesamos ante el \u00fanico Dios:<\/p>\n\n\n\n<p>Que ten\u00edamos envidia de ti<\/p>\n\n\n\n<p>Y tu belleza nos lastim\u00f3<\/p>\n\n\n\n<p>Confesamos ahora:<\/p>\n\n\n\n<p>Que no fuimos justos contigo, ni misericordiosos<\/p>\n\n\n\n<p>Y te ofrecimos una daga en lugar de una rosa<\/p>\n\n\n\n<p>Confesamos ante el Dios justo:<\/p>\n\n\n\n<p>Te lastimamos y te cansamos<\/p>\n\n\n\n<p>Te quemamos y te hicimos llorar<\/p>\n\n\n\n<p>Te agobiamos, Beirut, con nuestros pecados<\/p>\n\n\n\n<p>Ahora sabemos que tus ra\u00edces est\u00e1n profundamente dentro de nosotros<\/p>\n\n\n\n<p>Ahora sabemos lo que nuestras manos han comprometido<\/p>\n\n\n\n<p>Resucita&#8230; resucita&#8230; resucita<\/p>\n\n\n\n<p>Resucita de debajo de los escombros<\/p>\n\n\n\n<p>Como una flor de almendro en primavera<\/p>\n\n\n\n<p>Resucita de tus penas&#8230; Resucita<\/p>\n<\/blockquote>\n\n\n\n<p>Estas hermosas palabras del poeta sirio Nizar Qabbani, que am\u00f3 y vivi\u00f3 en Beirut, y cantadas por la ic\u00f3nica Majida el Roumi, son la mejor descripci\u00f3n de la maravilla de esta ciudad y de las personas que viven en ella.<\/p>\n\n\n\n<p>Tres a\u00f1os despu\u00e9s de la horrible explosi\u00f3n que destruy\u00f3 la ciudad, dejando a la mitad de su poblaci\u00f3n sin un techo seguro sobre sus cabezas y convirtiendo el vibrante centro de la ciudad en un pueblo fantasma, la gente ha visto un verdadero milagro.<\/p>\n\n\n\n<p>\u00a1Beirut ha resucitado!<\/p>\n\n\n\n<p>El coraz\u00f3n de Beirut est\u00e1 latiendo de nuevo y dando vida a todo su cuerpo: las casas y edificios en las calles principales han sido reparados, las tiendas y restaurantes han reabierto. En ausencia de un gobierno y de cualquier otra autoridad local, Beirut ha recibido m\u00e1s de 2 millones de turistas este verano, m\u00e1s del 70 por ciento de ellos son libaneses que viven en la di\u00e1spora. Nunca creyeron que Beirut hab\u00eda muerto. Creyeron en la historia del ave f\u00e9nix que se levanta de las cenizas en gloria y belleza, y regresaron para asegurarse de que Beirut no solo estuviera viva, sino que siguiera siendo la ciudad m\u00e1s vibrante y hermosa del mar Mediterr\u00e1neo.<\/p>\n\n\n\n<p>El n\u00famero de visitantes este verano hasta ahora es casi la mitad de la poblaci\u00f3n de la ciudad, y esto ha inspirado una gran esperanza para un impulso potencial a nuestra econom\u00eda. Desafortunadamente, la ausencia de gobierno, la presidencia vacante y los sistemas pol\u00edticos y financieros paralizados hacen imposible distribuir de manera justa las ganancias esperadas a los m\u00e1s necesitados.<\/p>\n\n\n\n<p>En el mismo Beirut, muy cerca de las vibrantes calles donde la m\u00fasica de bares y restaurantes todav\u00eda se escucha al amanecer, cientos de miles de pobres siguen sufriendo en silencio. Las familias no pueden pagar un generador de electricidad y, por lo tanto, viven en la oscuridad hasta 18 horas al d\u00eda, sin comida en su refrigerador, sin dinero para pagar un cilindro de propano para preparar una comida caliente o para pagar la matr\u00edcula de la educaci\u00f3n de sus hijos, sus medicamentos o atenci\u00f3n m\u00e9dica. Estas personas tambi\u00e9n viven en Beirut. Estas familias todav\u00eda se ven afectadas hoy por el impacto de la devastadora explosi\u00f3n y sus repercusiones en sus miserables vidas.<\/p>\n\n\n\n<p>Entonces, despu\u00e9s de m\u00e1s de 1.000 d\u00edas desde la explosi\u00f3n del puerto de Beirut, la investigaci\u00f3n sobre la explosi\u00f3n ha vuelto al punto de partida, y descubrir la verdad se est\u00e1 convirtiendo en un sue\u00f1o para las familias de las v\u00edctimas y las personas que perdieron todo en esta cat\u00e1strofe.<\/p>\n\n\n\n<h3 class=\"wp-block-heading\" id=\"h-escuche-a-majida-el-roumi-cantar-beirut-sett-el-dounia-beirut-la-senora-del-mundo\">Escuche a Majida el Roumi cantar \u00abBeirut Sett El Dounia\u00bb, \u00abBeirut, la Se\u00f1ora del Mundo\u00bb:<\/h3>\n\n\n\n<figure class=\"wp-block-audio\"><audio controls src=\"https:\/\/cnewa.org\/wp-content\/uploads\/2023\/08\/beirut1.mp3\"><\/audio><\/figure>\n","protected":false},"excerpt":{"rendered":"<p>\u00a1Oh Beirut! Oh Beirut, la amante del Mundo Confesamos ante el \u00fanico Dios: Que ten\u00edamos envidia de ti Y tu belleza nos lastim\u00f3 Confesamos ahora: Que no fuimos justos contigo, ni misericordiosos Y te ofrecimos una daga en lugar de una rosa Confesamos ante el Dios justo: Te lastimamos y te cansamos Te quemamos y &hellip; <a href=\"https:\/\/cnewa.org\/es\/homenaje-a-beirut\/\">Continued<\/a><\/p>\n","protected":false},"author":70019,"featured_media":3635,"comment_status":"closed","ping_status":"closed","sticky":false,"template":"","format":"standard","meta":{"_acf_changed":false,"footnotes":""},"categories":[98,3,512],"class_list":["post-3636","post","type-post","status-publish","format-standard","has-post-thumbnail","hentry","category-multimedia","category-noticias","category-libano"],"acf":[],"yoast_head":"<!-- This site is optimized with the Yoast SEO Premium plugin v27.3 (Yoast SEO v27.3) - https:\/\/yoast.com\/product\/yoast-seo-premium-wordpress\/ -->\n<title>Homenaje a Beirut | CNEWA Espa\u00f1ol<\/title>\n<meta name=\"description\" content=\"Tres a\u00f1os despu\u00e9s de la terrible explosi\u00f3n que destruy\u00f3 la ciudad, la gente ha visto un verdadero milagro. \u00a1Beirut ha resucitado!\" \/>\n<meta name=\"robots\" content=\"index, follow, max-snippet:-1, max-image-preview:large, max-video-preview:-1\" \/>\n<link rel=\"canonical\" href=\"https:\/\/cnewa.org\/es\/homenaje-a-beirut\/\" \/>\n<meta property=\"og:locale\" content=\"es_ES\" \/>\n<meta property=\"og:type\" content=\"article\" \/>\n<meta property=\"og:title\" content=\"Homenaje a Beirut\" \/>\n<meta property=\"og:description\" content=\"Tres a\u00f1os despu\u00e9s de la terrible explosi\u00f3n que destruy\u00f3 la ciudad, la gente ha visto un verdadero milagro. \u00a1Beirut ha resucitado!\" \/>\n<meta property=\"og:url\" content=\"https:\/\/cnewa.org\/es\/homenaje-a-beirut\/\" \/>\n<meta property=\"og:site_name\" content=\"CNEWA Espa\u00f1ol\" \/>\n<meta property=\"article:publisher\" content=\"https:\/\/www.facebook.com\/CNEWAenespanol\/\" \/>\n<meta property=\"article:published_time\" content=\"2023-08-04T15:00:08+00:00\" \/>\n<meta property=\"og:image\" content=\"https:\/\/cnewa.org\/es\/wp-content\/uploads\/sites\/5\/2023\/08\/Screen-Shot-2023-08-04-at-10.jpeg\" \/>\n\t<meta property=\"og:image:width\" content=\"1800\" \/>\n\t<meta property=\"og:image:height\" content=\"1010\" \/>\n\t<meta property=\"og:image:type\" content=\"image\/jpeg\" \/>\n<meta name=\"author\" content=\"Michel Constantin\" \/>\n<meta name=\"twitter:card\" content=\"summary_large_image\" \/>\n<meta name=\"twitter:label1\" content=\"Escrito por\" \/>\n\t<meta name=\"twitter:data1\" content=\"David R. Aquije\" \/>\n\t<meta name=\"twitter:label2\" content=\"Tiempo de lectura\" \/>\n\t<meta name=\"twitter:data2\" content=\"3 minutos\" \/>\n<script type=\"application\/ld+json\" class=\"yoast-schema-graph\">{\"@context\":\"https:\\\/\\\/schema.org\",\"@graph\":[{\"@type\":\"Article\",\"@id\":\"https:\\\/\\\/cnewa.org\\\/es\\\/homenaje-a-beirut\\\/#article\",\"isPartOf\":{\"@id\":\"https:\\\/\\\/cnewa.org\\\/es\\\/homenaje-a-beirut\\\/\"},\"author\":{\"name\":\"Michel Constantin\",\"@id\":\"https:\\\/\\\/cnewa.org\\\/es\\\/#\\\/schema\\\/person\\\/d2935c46e239b59210c38997d4aedf00\"},\"headline\":\"Homenaje a Beirut\",\"datePublished\":\"2023-08-04T15:00:08+00:00\",\"mainEntityOfPage\":{\"@id\":\"https:\\\/\\\/cnewa.org\\\/es\\\/homenaje-a-beirut\\\/\"},\"wordCount\":585,\"publisher\":{\"@id\":\"https:\\\/\\\/cnewa.org\\\/es\\\/#organization\"},\"image\":{\"@id\":\"https:\\\/\\\/cnewa.org\\\/es\\\/homenaje-a-beirut\\\/#primaryimage\"},\"thumbnailUrl\":\"https:\\\/\\\/cnewa.org\\\/es\\\/wp-content\\\/uploads\\\/sites\\\/5\\\/2023\\\/08\\\/Screen-Shot-2023-08-04-at-10.jpeg\",\"articleSection\":[\"Multimedia\",\"Noticias\",\"Libano\"],\"inLanguage\":\"es\"},{\"@type\":\"WebPage\",\"@id\":\"https:\\\/\\\/cnewa.org\\\/es\\\/homenaje-a-beirut\\\/\",\"url\":\"https:\\\/\\\/cnewa.org\\\/es\\\/homenaje-a-beirut\\\/\",\"name\":\"Homenaje a Beirut | CNEWA Espa\u00f1ol\",\"isPartOf\":{\"@id\":\"https:\\\/\\\/cnewa.org\\\/es\\\/#website\"},\"primaryImageOfPage\":{\"@id\":\"https:\\\/\\\/cnewa.org\\\/es\\\/homenaje-a-beirut\\\/#primaryimage\"},\"image\":{\"@id\":\"https:\\\/\\\/cnewa.org\\\/es\\\/homenaje-a-beirut\\\/#primaryimage\"},\"thumbnailUrl\":\"https:\\\/\\\/cnewa.org\\\/es\\\/wp-content\\\/uploads\\\/sites\\\/5\\\/2023\\\/08\\\/Screen-Shot-2023-08-04-at-10.jpeg\",\"datePublished\":\"2023-08-04T15:00:08+00:00\",\"description\":\"Tres a\u00f1os despu\u00e9s de la terrible explosi\u00f3n que destruy\u00f3 la ciudad, la gente ha visto un verdadero milagro. \u00a1Beirut ha resucitado!\",\"breadcrumb\":{\"@id\":\"https:\\\/\\\/cnewa.org\\\/es\\\/homenaje-a-beirut\\\/#breadcrumb\"},\"inLanguage\":\"es\",\"potentialAction\":[{\"@type\":\"ReadAction\",\"target\":[\"https:\\\/\\\/cnewa.org\\\/es\\\/homenaje-a-beirut\\\/\"]}]},{\"@type\":\"ImageObject\",\"inLanguage\":\"es\",\"@id\":\"https:\\\/\\\/cnewa.org\\\/es\\\/homenaje-a-beirut\\\/#primaryimage\",\"url\":\"https:\\\/\\\/cnewa.org\\\/es\\\/wp-content\\\/uploads\\\/sites\\\/5\\\/2023\\\/08\\\/Screen-Shot-2023-08-04-at-10.jpeg\",\"contentUrl\":\"https:\\\/\\\/cnewa.org\\\/es\\\/wp-content\\\/uploads\\\/sites\\\/5\\\/2023\\\/08\\\/Screen-Shot-2023-08-04-at-10.jpeg\",\"width\":1800,\"height\":1010,\"caption\":\"Beirut se est\u00e1 recuperando despu\u00e9s de la explosi\u00f3n del puerto en 2020, aunque la inestabilidad econ\u00f3mica y pol\u00edtica en curso ha ejercido una presi\u00f3n continua sobre la ciudad y la naci\u00f3n. (foto: Raghida Skaff)\"},{\"@type\":\"BreadcrumbList\",\"@id\":\"https:\\\/\\\/cnewa.org\\\/es\\\/homenaje-a-beirut\\\/#breadcrumb\",\"itemListElement\":[{\"@type\":\"ListItem\",\"position\":1,\"name\":\"Inicio\",\"item\":\"https:\\\/\\\/cnewa.org\\\/es\\\/\"},{\"@type\":\"ListItem\",\"position\":2,\"name\":\"Libano\",\"item\":\"https:\\\/\\\/cnewa.org\\\/es\\\/categoria\\\/libano\\\/\"},{\"@type\":\"ListItem\",\"position\":3,\"name\":\"Homenaje a Beirut\"}]},{\"@type\":\"WebSite\",\"@id\":\"https:\\\/\\\/cnewa.org\\\/es\\\/#website\",\"url\":\"https:\\\/\\\/cnewa.org\\\/es\\\/\",\"name\":\"CNEWA Espa\u00f1ol\",\"description\":\"Asociaci\u00f3n Cat\u00f3lica para el Bienestar del Cercano Oriente\",\"publisher\":{\"@id\":\"https:\\\/\\\/cnewa.org\\\/es\\\/#organization\"},\"potentialAction\":[{\"@type\":\"SearchAction\",\"target\":{\"@type\":\"EntryPoint\",\"urlTemplate\":\"https:\\\/\\\/cnewa.org\\\/es\\\/?s={search_term_string}\"},\"query-input\":{\"@type\":\"PropertyValueSpecification\",\"valueRequired\":true,\"valueName\":\"search_term_string\"}}],\"inLanguage\":\"es\"},{\"@type\":\"Organization\",\"@id\":\"https:\\\/\\\/cnewa.org\\\/es\\\/#organization\",\"name\":\"CNEWA Espa\u00f1ol\",\"alternateName\":\"Asociaci\u00f3n Cat\u00f3lica para el Bienestar del Cercano Oriente\",\"url\":\"https:\\\/\\\/cnewa.org\\\/es\\\/\",\"logo\":{\"@type\":\"ImageObject\",\"inLanguage\":\"es\",\"@id\":\"https:\\\/\\\/cnewa.org\\\/es\\\/#\\\/schema\\\/logo\\\/image\\\/\",\"url\":\"https:\\\/\\\/cnewa.org\\\/es\\\/wp-content\\\/uploads\\\/sites\\\/5\\\/2021\\\/07\\\/CNEWA-brand-logo.png\",\"contentUrl\":\"https:\\\/\\\/cnewa.org\\\/es\\\/wp-content\\\/uploads\\\/sites\\\/5\\\/2021\\\/07\\\/CNEWA-brand-logo.png\",\"width\":1000,\"height\":1000,\"caption\":\"CNEWA Espa\u00f1ol\"},\"image\":{\"@id\":\"https:\\\/\\\/cnewa.org\\\/es\\\/#\\\/schema\\\/logo\\\/image\\\/\"},\"sameAs\":[\"https:\\\/\\\/www.facebook.com\\\/CNEWAenespanol\\\/\",\"https:\\\/\\\/www.instagram.com\\\/cnewa1926\\\/\",\"https:\\\/\\\/www.youtube.com\\\/user\\\/TheCNEWA\"]},{\"@type\":\"Person\",\"name\":\"Michel Constantin\"}]}<\/script>\n<!-- \/ Yoast SEO Premium plugin. -->","yoast_head_json":{"title":"Homenaje a Beirut | CNEWA Espa\u00f1ol","description":"Tres a\u00f1os despu\u00e9s de la terrible explosi\u00f3n que destruy\u00f3 la ciudad, la gente ha visto un verdadero milagro. \u00a1Beirut ha resucitado!","robots":{"index":"index","follow":"follow","max-snippet":"max-snippet:-1","max-image-preview":"max-image-preview:large","max-video-preview":"max-video-preview:-1"},"canonical":"https:\/\/cnewa.org\/es\/homenaje-a-beirut\/","og_locale":"es_ES","og_type":"article","og_title":"Homenaje a Beirut","og_description":"Tres a\u00f1os despu\u00e9s de la terrible explosi\u00f3n que destruy\u00f3 la ciudad, la gente ha visto un verdadero milagro. \u00a1Beirut ha resucitado!","og_url":"https:\/\/cnewa.org\/es\/homenaje-a-beirut\/","og_site_name":"CNEWA Espa\u00f1ol","article_publisher":"https:\/\/www.facebook.com\/CNEWAenespanol\/","article_published_time":"2023-08-04T15:00:08+00:00","og_image":[{"width":1800,"height":1010,"url":"https:\/\/cnewa.org\/es\/wp-content\/uploads\/sites\/5\/2023\/08\/Screen-Shot-2023-08-04-at-10.jpeg","type":"image\/jpeg"}],"author":"Michel Constantin","twitter_card":"summary_large_image","twitter_misc":{"Escrito por":"David R. Aquije","Tiempo de lectura":"3 minutos"},"schema":{"@context":"https:\/\/schema.org","@graph":[{"@type":"Article","@id":"https:\/\/cnewa.org\/es\/homenaje-a-beirut\/#article","isPartOf":{"@id":"https:\/\/cnewa.org\/es\/homenaje-a-beirut\/"},"author":{"name":"Michel Constantin","@id":"https:\/\/cnewa.org\/es\/#\/schema\/person\/d2935c46e239b59210c38997d4aedf00"},"headline":"Homenaje a Beirut","datePublished":"2023-08-04T15:00:08+00:00","mainEntityOfPage":{"@id":"https:\/\/cnewa.org\/es\/homenaje-a-beirut\/"},"wordCount":585,"publisher":{"@id":"https:\/\/cnewa.org\/es\/#organization"},"image":{"@id":"https:\/\/cnewa.org\/es\/homenaje-a-beirut\/#primaryimage"},"thumbnailUrl":"https:\/\/cnewa.org\/es\/wp-content\/uploads\/sites\/5\/2023\/08\/Screen-Shot-2023-08-04-at-10.jpeg","articleSection":["Multimedia","Noticias","Libano"],"inLanguage":"es"},{"@type":"WebPage","@id":"https:\/\/cnewa.org\/es\/homenaje-a-beirut\/","url":"https:\/\/cnewa.org\/es\/homenaje-a-beirut\/","name":"Homenaje a Beirut | CNEWA Espa\u00f1ol","isPartOf":{"@id":"https:\/\/cnewa.org\/es\/#website"},"primaryImageOfPage":{"@id":"https:\/\/cnewa.org\/es\/homenaje-a-beirut\/#primaryimage"},"image":{"@id":"https:\/\/cnewa.org\/es\/homenaje-a-beirut\/#primaryimage"},"thumbnailUrl":"https:\/\/cnewa.org\/es\/wp-content\/uploads\/sites\/5\/2023\/08\/Screen-Shot-2023-08-04-at-10.jpeg","datePublished":"2023-08-04T15:00:08+00:00","description":"Tres a\u00f1os despu\u00e9s de la terrible explosi\u00f3n que destruy\u00f3 la ciudad, la gente ha visto un verdadero milagro. \u00a1Beirut ha resucitado!","breadcrumb":{"@id":"https:\/\/cnewa.org\/es\/homenaje-a-beirut\/#breadcrumb"},"inLanguage":"es","potentialAction":[{"@type":"ReadAction","target":["https:\/\/cnewa.org\/es\/homenaje-a-beirut\/"]}]},{"@type":"ImageObject","inLanguage":"es","@id":"https:\/\/cnewa.org\/es\/homenaje-a-beirut\/#primaryimage","url":"https:\/\/cnewa.org\/es\/wp-content\/uploads\/sites\/5\/2023\/08\/Screen-Shot-2023-08-04-at-10.jpeg","contentUrl":"https:\/\/cnewa.org\/es\/wp-content\/uploads\/sites\/5\/2023\/08\/Screen-Shot-2023-08-04-at-10.jpeg","width":1800,"height":1010,"caption":"Beirut se est\u00e1 recuperando despu\u00e9s de la explosi\u00f3n del puerto en 2020, aunque la inestabilidad econ\u00f3mica y pol\u00edtica en curso ha ejercido una presi\u00f3n continua sobre la ciudad y la naci\u00f3n. (foto: Raghida Skaff)"},{"@type":"BreadcrumbList","@id":"https:\/\/cnewa.org\/es\/homenaje-a-beirut\/#breadcrumb","itemListElement":[{"@type":"ListItem","position":1,"name":"Inicio","item":"https:\/\/cnewa.org\/es\/"},{"@type":"ListItem","position":2,"name":"Libano","item":"https:\/\/cnewa.org\/es\/categoria\/libano\/"},{"@type":"ListItem","position":3,"name":"Homenaje a Beirut"}]},{"@type":"WebSite","@id":"https:\/\/cnewa.org\/es\/#website","url":"https:\/\/cnewa.org\/es\/","name":"CNEWA Espa\u00f1ol","description":"Asociaci\u00f3n Cat\u00f3lica para el Bienestar del Cercano Oriente","publisher":{"@id":"https:\/\/cnewa.org\/es\/#organization"},"potentialAction":[{"@type":"SearchAction","target":{"@type":"EntryPoint","urlTemplate":"https:\/\/cnewa.org\/es\/?s={search_term_string}"},"query-input":{"@type":"PropertyValueSpecification","valueRequired":true,"valueName":"search_term_string"}}],"inLanguage":"es"},{"@type":"Organization","@id":"https:\/\/cnewa.org\/es\/#organization","name":"CNEWA Espa\u00f1ol","alternateName":"Asociaci\u00f3n Cat\u00f3lica para el Bienestar del Cercano Oriente","url":"https:\/\/cnewa.org\/es\/","logo":{"@type":"ImageObject","inLanguage":"es","@id":"https:\/\/cnewa.org\/es\/#\/schema\/logo\/image\/","url":"https:\/\/cnewa.org\/es\/wp-content\/uploads\/sites\/5\/2021\/07\/CNEWA-brand-logo.png","contentUrl":"https:\/\/cnewa.org\/es\/wp-content\/uploads\/sites\/5\/2021\/07\/CNEWA-brand-logo.png","width":1000,"height":1000,"caption":"CNEWA Espa\u00f1ol"},"image":{"@id":"https:\/\/cnewa.org\/es\/#\/schema\/logo\/image\/"},"sameAs":["https:\/\/www.facebook.com\/CNEWAenespanol\/","https:\/\/www.instagram.com\/cnewa1926\/","https:\/\/www.youtube.com\/user\/TheCNEWA"]},{"@type":"Person","name":"Michel Constantin"}]}},"_links":{"self":[{"href":"https:\/\/cnewa.org\/es\/wp-json\/wp\/v2\/posts\/3636","targetHints":{"allow":["GET"]}}],"collection":[{"href":"https:\/\/cnewa.org\/es\/wp-json\/wp\/v2\/posts"}],"about":[{"href":"https:\/\/cnewa.org\/es\/wp-json\/wp\/v2\/types\/post"}],"author":[{"embeddable":true,"href":"https:\/\/cnewa.org\/es\/wp-json\/wp\/v2\/users\/70019"}],"replies":[{"embeddable":true,"href":"https:\/\/cnewa.org\/es\/wp-json\/wp\/v2\/comments?post=3636"}],"version-history":[{"count":5,"href":"https:\/\/cnewa.org\/es\/wp-json\/wp\/v2\/posts\/3636\/revisions"}],"predecessor-version":[{"id":3642,"href":"https:\/\/cnewa.org\/es\/wp-json\/wp\/v2\/posts\/3636\/revisions\/3642"}],"wp:featuredmedia":[{"embeddable":true,"href":"https:\/\/cnewa.org\/es\/wp-json\/wp\/v2\/media\/3635"}],"wp:attachment":[{"href":"https:\/\/cnewa.org\/es\/wp-json\/wp\/v2\/media?parent=3636"}],"wp:term":[{"taxonomy":"category","embeddable":true,"href":"https:\/\/cnewa.org\/es\/wp-json\/wp\/v2\/categories?post=3636"}],"curies":[{"name":"wp","href":"https:\/\/api.w.org\/{rel}","templated":true}]}}