{"id":3982,"date":"2023-10-11T13:54:23","date_gmt":"2023-10-11T17:54:23","guid":{"rendered":"https:\/\/cnewa.org\/es\/?p=3982"},"modified":"2023-10-11T13:54:25","modified_gmt":"2023-10-11T17:54:25","slug":"trata-de-personas-proteger-el-derecho-de-los-ninos-a-la-seguridad-en-armenia","status":"publish","type":"post","link":"https:\/\/cnewa.org\/es\/trata-de-personas-proteger-el-derecho-de-los-ninos-a-la-seguridad-en-armenia\/","title":{"rendered":"Trata de Personas: Proteger el Derecho de los Ni\u00f1os a la Seguridad en Armenia"},"content":{"rendered":"\n<p><em>Nota de los directores: Los ni\u00f1os son vulnerables a la explotaci\u00f3n y el abuso en todas las sociedades, y m\u00e1s a\u00fan en las comunidades que enfrentan pobreza e inestabilidad social. La periodista Gohar Abrahamyan informa sobre c\u00f3mo una congregaci\u00f3n de religiosas en Armenia est\u00e1 trabajando para proteger a los ni\u00f1os de familias desfavorecidas de la trata y la explotaci\u00f3n. Ella proporciona sus impresiones personales sobre el trabajo de estas hermanas en este reportaje de audio, disponible solo en ingl\u00e9s. A continuaci\u00f3n, lea una transcripci\u00f3n complete del audio, traducida al espa\u00f1ol, y luego lea el art\u00edculo \u201c<a href=\"https:\/\/cnewa.org\/es\/revista\/dos-veces-blanco-de-tiro\/\">Dos Veces Blanco de Tiro<\/a>\u201d en la edici\u00f3n de septiembre 2023 de <a href=\"https:\/\/cnewa.org\/es\/revista\/\">ONE en espa\u00f1ol.<\/a>\u00a0<\/em><\/p>\n\n\n\n<figure class=\"wp-block-audio\"><audio controls src=\"https:\/\/cnewa.org\/wp-content\/uploads\/2023\/09\/ONE_Audio_Armenia_ArmenianSisters_Sept2023.mp3\"><\/audio><\/figure>\n\n\n\n<p>Las Hermanas Armenias de la Inmaculada Concepci\u00f3n, una organizaci\u00f3n que opera en Armenia desde 1992, desempe\u00f1an un papel vital en la protecci\u00f3n de los ni\u00f1os de familias vulnerables. Proporcionan cuidado y protecci\u00f3n a estos ni\u00f1os, garantizando el respeto de sus derechos y evitando que sean v\u00edctimas de la trata o la explotaci\u00f3n.<\/p>\n\n\n\n<p>Las hermanas ofrecen refugio, comida, educaci\u00f3n, amor y apoyo, alejando a estos ni\u00f1os de los h\u00e1bitos nocivos y brind\u00e1ndoles la oportunidad de una vida mejor. Es notable c\u00f3mo estas pocas mujeres pueden llevar a cabo una misi\u00f3n tan desafiante de una manera tan sist\u00e9mica e impactante.<\/p>\n\n\n\n<p>Fui testigo de c\u00f3mo las hermanas nutren y educan a estos ni\u00f1os, protegi\u00e9ndolos de influencias da\u00f1inas. Ellas est\u00e1n marcando una diferencia real, rompiendo el ciclo de la pobreza y dando a estos ni\u00f1os la oportunidad de un futuro mejor. La informaci\u00f3n es poder, y este principio parece guiar a las hermanas cat\u00f3licas en su dedicaci\u00f3n [y] esfuerzos para marcar una diferencia positiva en la vida de cientos de familias.<\/p>\n\n\n\n<p>Su compasi\u00f3n, cuidado y servicio dejan una huella invaluable en las comunidades a las que apoyan. Llevo conmigo las historias de estas familias y el incre\u00edble trabajo de las Hermanas Armenias de la Inmaculada Concepci\u00f3n. Espero que su impacto inspire a muchos m\u00e1s a dar una mano y marcar la diferencia en la vida de quienes realmente lo necesitan.<\/p>\n","protected":false},"excerpt":{"rendered":"<p>Nota de los directores: Los ni\u00f1os son vulnerables a la explotaci\u00f3n y el abuso en todas las sociedades, y m\u00e1s a\u00fan en las comunidades que enfrentan pobreza e inestabilidad social. La periodista Gohar Abrahamyan informa sobre c\u00f3mo una congregaci\u00f3n de religiosas en Armenia est\u00e1 trabajando para proteger a los ni\u00f1os de familias desfavorecidas de la &hellip; <a href=\"https:\/\/cnewa.org\/es\/trata-de-personas-proteger-el-derecho-de-los-ninos-a-la-seguridad-en-armenia\/\">Continued<\/a><\/p>\n","protected":false},"author":70019,"featured_media":3981,"comment_status":"closed","ping_status":"closed","sticky":false,"template":"","format":"standard","meta":{"_acf_changed":false,"footnotes":""},"categories":[98,133,138,18],"class_list":["post-3982","post","type-post","status-publish","format-standard","has-post-thumbnail","hentry","category-multimedia","category-armenia","category-trafico-humano","category-one"],"acf":[],"yoast_head":"<!-- This site is optimized with the Yoast SEO Premium plugin v27.3 (Yoast SEO v27.3) - https:\/\/yoast.com\/product\/yoast-seo-premium-wordpress\/ -->\n<title>Trata de Personas: Proteger el Derecho de los Ni\u00f1os a la Seguridad en Armenia | CNEWA Espa\u00f1ol<\/title>\n<meta name=\"robots\" content=\"index, follow, max-snippet:-1, max-image-preview:large, max-video-preview:-1\" \/>\n<link rel=\"canonical\" href=\"https:\/\/cnewa.org\/es\/trata-de-personas-proteger-el-derecho-de-los-ninos-a-la-seguridad-en-armenia\/\" \/>\n<meta property=\"og:locale\" content=\"es_ES\" \/>\n<meta property=\"og:type\" content=\"article\" \/>\n<meta property=\"og:title\" content=\"Trata de Personas: Proteger el Derecho de los Ni\u00f1os a la Seguridad en Armenia\" \/>\n<meta property=\"og:description\" content=\"Nota de los directores: Los ni\u00f1os son vulnerables a la explotaci\u00f3n y el abuso en todas las sociedades, y m\u00e1s a\u00fan en las comunidades que enfrentan pobreza e inestabilidad social. La periodista Gohar Abrahamyan informa sobre c\u00f3mo una congregaci\u00f3n de religiosas en Armenia est\u00e1 trabajando para proteger a los ni\u00f1os de familias desfavorecidas de la &hellip; Continued\" \/>\n<meta property=\"og:url\" content=\"https:\/\/cnewa.org\/es\/trata-de-personas-proteger-el-derecho-de-los-ninos-a-la-seguridad-en-armenia\/\" \/>\n<meta property=\"og:site_name\" content=\"CNEWA Espa\u00f1ol\" \/>\n<meta property=\"article:publisher\" content=\"https:\/\/www.facebook.com\/CNEWAenespanol\/\" \/>\n<meta property=\"article:published_time\" content=\"2023-10-11T17:54:23+00:00\" \/>\n<meta property=\"article:modified_time\" content=\"2023-10-11T17:54:25+00:00\" \/>\n<meta property=\"og:image\" content=\"https:\/\/cnewa.org\/es\/wp-content\/uploads\/sites\/5\/2023\/10\/armenakyan202308_029H.jpg\" \/>\n\t<meta property=\"og:image:width\" content=\"1800\" \/>\n\t<meta property=\"og:image:height\" content=\"1200\" \/>\n\t<meta property=\"og:image:type\" content=\"image\/jpeg\" \/>\n<meta name=\"author\" content=\"Gohar Abrahamyan\" \/>\n<meta name=\"twitter:card\" content=\"summary_large_image\" \/>\n<meta name=\"twitter:label1\" content=\"Escrito por\" \/>\n\t<meta name=\"twitter:data1\" content=\"David R. Aquije\" \/>\n\t<meta name=\"twitter:label2\" content=\"Tiempo de lectura\" \/>\n\t<meta name=\"twitter:data2\" content=\"2 minutos\" \/>\n<script type=\"application\/ld+json\" class=\"yoast-schema-graph\">{\"@context\":\"https:\\\/\\\/schema.org\",\"@graph\":[{\"@type\":\"Article\",\"@id\":\"https:\\\/\\\/cnewa.org\\\/es\\\/trata-de-personas-proteger-el-derecho-de-los-ninos-a-la-seguridad-en-armenia\\\/#article\",\"isPartOf\":{\"@id\":\"https:\\\/\\\/cnewa.org\\\/es\\\/trata-de-personas-proteger-el-derecho-de-los-ninos-a-la-seguridad-en-armenia\\\/\"},\"author\":{\"name\":\"Gohar Abrahamyan\",\"@id\":\"https:\\\/\\\/cnewa.org\\\/es\\\/#\\\/schema\\\/person\\\/d2935c46e239b59210c38997d4aedf00\"},\"headline\":\"Trata de Personas: Proteger el Derecho de los Ni\u00f1os a la Seguridad en Armenia\",\"datePublished\":\"2023-10-11T17:54:23+00:00\",\"dateModified\":\"2023-10-11T17:54:25+00:00\",\"mainEntityOfPage\":{\"@id\":\"https:\\\/\\\/cnewa.org\\\/es\\\/trata-de-personas-proteger-el-derecho-de-los-ninos-a-la-seguridad-en-armenia\\\/\"},\"wordCount\":393,\"publisher\":{\"@id\":\"https:\\\/\\\/cnewa.org\\\/es\\\/#organization\"},\"image\":{\"@id\":\"https:\\\/\\\/cnewa.org\\\/es\\\/trata-de-personas-proteger-el-derecho-de-los-ninos-a-la-seguridad-en-armenia\\\/#primaryimage\"},\"thumbnailUrl\":\"https:\\\/\\\/cnewa.org\\\/es\\\/wp-content\\\/uploads\\\/sites\\\/5\\\/2023\\\/10\\\/armenakyan202308_029H.jpg\",\"articleSection\":[\"Multimedia\",\"Armenia\",\"Tr\u00e1fico Humano\",\"ONE\"],\"inLanguage\":\"es\"},{\"@type\":\"WebPage\",\"@id\":\"https:\\\/\\\/cnewa.org\\\/es\\\/trata-de-personas-proteger-el-derecho-de-los-ninos-a-la-seguridad-en-armenia\\\/\",\"url\":\"https:\\\/\\\/cnewa.org\\\/es\\\/trata-de-personas-proteger-el-derecho-de-los-ninos-a-la-seguridad-en-armenia\\\/\",\"name\":\"Trata de Personas: Proteger el Derecho de los Ni\u00f1os a la Seguridad en Armenia | CNEWA Espa\u00f1ol\",\"isPartOf\":{\"@id\":\"https:\\\/\\\/cnewa.org\\\/es\\\/#website\"},\"primaryImageOfPage\":{\"@id\":\"https:\\\/\\\/cnewa.org\\\/es\\\/trata-de-personas-proteger-el-derecho-de-los-ninos-a-la-seguridad-en-armenia\\\/#primaryimage\"},\"image\":{\"@id\":\"https:\\\/\\\/cnewa.org\\\/es\\\/trata-de-personas-proteger-el-derecho-de-los-ninos-a-la-seguridad-en-armenia\\\/#primaryimage\"},\"thumbnailUrl\":\"https:\\\/\\\/cnewa.org\\\/es\\\/wp-content\\\/uploads\\\/sites\\\/5\\\/2023\\\/10\\\/armenakyan202308_029H.jpg\",\"datePublished\":\"2023-10-11T17:54:23+00:00\",\"dateModified\":\"2023-10-11T17:54:25+00:00\",\"breadcrumb\":{\"@id\":\"https:\\\/\\\/cnewa.org\\\/es\\\/trata-de-personas-proteger-el-derecho-de-los-ninos-a-la-seguridad-en-armenia\\\/#breadcrumb\"},\"inLanguage\":\"es\",\"potentialAction\":[{\"@type\":\"ReadAction\",\"target\":[\"https:\\\/\\\/cnewa.org\\\/es\\\/trata-de-personas-proteger-el-derecho-de-los-ninos-a-la-seguridad-en-armenia\\\/\"]}]},{\"@type\":\"ImageObject\",\"inLanguage\":\"es\",\"@id\":\"https:\\\/\\\/cnewa.org\\\/es\\\/trata-de-personas-proteger-el-derecho-de-los-ninos-a-la-seguridad-en-armenia\\\/#primaryimage\",\"url\":\"https:\\\/\\\/cnewa.org\\\/es\\\/wp-content\\\/uploads\\\/sites\\\/5\\\/2023\\\/10\\\/armenakyan202308_029H.jpg\",\"contentUrl\":\"https:\\\/\\\/cnewa.org\\\/es\\\/wp-content\\\/uploads\\\/sites\\\/5\\\/2023\\\/10\\\/armenakyan202308_029H.jpg\",\"width\":1800,\"height\":1200,\"caption\":\"La Hermana Rebeca Avsharyan imparte una clase de religi\u00f3n a ni\u00f1os en el Campamento de Nuestra Se\u00f1ora de Armenia en Gyumri, Armenia. (foto: Nazik Armenakyan)\"},{\"@type\":\"BreadcrumbList\",\"@id\":\"https:\\\/\\\/cnewa.org\\\/es\\\/trata-de-personas-proteger-el-derecho-de-los-ninos-a-la-seguridad-en-armenia\\\/#breadcrumb\",\"itemListElement\":[{\"@type\":\"ListItem\",\"position\":1,\"name\":\"Inicio\",\"item\":\"https:\\\/\\\/cnewa.org\\\/es\\\/\"},{\"@type\":\"ListItem\",\"position\":2,\"name\":\"ONE\",\"item\":\"https:\\\/\\\/cnewa.org\\\/es\\\/categoria\\\/one\\\/\"},{\"@type\":\"ListItem\",\"position\":3,\"name\":\"Trata de Personas: Proteger el Derecho de los Ni\u00f1os a la Seguridad en Armenia\"}]},{\"@type\":\"WebSite\",\"@id\":\"https:\\\/\\\/cnewa.org\\\/es\\\/#website\",\"url\":\"https:\\\/\\\/cnewa.org\\\/es\\\/\",\"name\":\"CNEWA Espa\u00f1ol\",\"description\":\"Asociaci\u00f3n Cat\u00f3lica para el Bienestar del Cercano Oriente\",\"publisher\":{\"@id\":\"https:\\\/\\\/cnewa.org\\\/es\\\/#organization\"},\"potentialAction\":[{\"@type\":\"SearchAction\",\"target\":{\"@type\":\"EntryPoint\",\"urlTemplate\":\"https:\\\/\\\/cnewa.org\\\/es\\\/?s={search_term_string}\"},\"query-input\":{\"@type\":\"PropertyValueSpecification\",\"valueRequired\":true,\"valueName\":\"search_term_string\"}}],\"inLanguage\":\"es\"},{\"@type\":\"Organization\",\"@id\":\"https:\\\/\\\/cnewa.org\\\/es\\\/#organization\",\"name\":\"CNEWA Espa\u00f1ol\",\"alternateName\":\"Asociaci\u00f3n Cat\u00f3lica para el Bienestar del Cercano Oriente\",\"url\":\"https:\\\/\\\/cnewa.org\\\/es\\\/\",\"logo\":{\"@type\":\"ImageObject\",\"inLanguage\":\"es\",\"@id\":\"https:\\\/\\\/cnewa.org\\\/es\\\/#\\\/schema\\\/logo\\\/image\\\/\",\"url\":\"https:\\\/\\\/cnewa.org\\\/es\\\/wp-content\\\/uploads\\\/sites\\\/5\\\/2021\\\/07\\\/CNEWA-brand-logo.png\",\"contentUrl\":\"https:\\\/\\\/cnewa.org\\\/es\\\/wp-content\\\/uploads\\\/sites\\\/5\\\/2021\\\/07\\\/CNEWA-brand-logo.png\",\"width\":1000,\"height\":1000,\"caption\":\"CNEWA Espa\u00f1ol\"},\"image\":{\"@id\":\"https:\\\/\\\/cnewa.org\\\/es\\\/#\\\/schema\\\/logo\\\/image\\\/\"},\"sameAs\":[\"https:\\\/\\\/www.facebook.com\\\/CNEWAenespanol\\\/\",\"https:\\\/\\\/www.instagram.com\\\/cnewa1926\\\/\",\"https:\\\/\\\/www.youtube.com\\\/user\\\/TheCNEWA\"]},{\"@type\":\"Person\",\"name\":\"Gohar Abrahamyan\"}]}<\/script>\n<!-- \/ Yoast SEO Premium plugin. -->","yoast_head_json":{"title":"Trata de Personas: Proteger el Derecho de los Ni\u00f1os a la Seguridad en Armenia | CNEWA Espa\u00f1ol","robots":{"index":"index","follow":"follow","max-snippet":"max-snippet:-1","max-image-preview":"max-image-preview:large","max-video-preview":"max-video-preview:-1"},"canonical":"https:\/\/cnewa.org\/es\/trata-de-personas-proteger-el-derecho-de-los-ninos-a-la-seguridad-en-armenia\/","og_locale":"es_ES","og_type":"article","og_title":"Trata de Personas: Proteger el Derecho de los Ni\u00f1os a la Seguridad en Armenia","og_description":"Nota de los directores: Los ni\u00f1os son vulnerables a la explotaci\u00f3n y el abuso en todas las sociedades, y m\u00e1s a\u00fan en las comunidades que enfrentan pobreza e inestabilidad social. La periodista Gohar Abrahamyan informa sobre c\u00f3mo una congregaci\u00f3n de religiosas en Armenia est\u00e1 trabajando para proteger a los ni\u00f1os de familias desfavorecidas de la &hellip; Continued","og_url":"https:\/\/cnewa.org\/es\/trata-de-personas-proteger-el-derecho-de-los-ninos-a-la-seguridad-en-armenia\/","og_site_name":"CNEWA Espa\u00f1ol","article_publisher":"https:\/\/www.facebook.com\/CNEWAenespanol\/","article_published_time":"2023-10-11T17:54:23+00:00","article_modified_time":"2023-10-11T17:54:25+00:00","og_image":[{"width":1800,"height":1200,"url":"https:\/\/cnewa.org\/es\/wp-content\/uploads\/sites\/5\/2023\/10\/armenakyan202308_029H.jpg","type":"image\/jpeg"}],"author":"Gohar Abrahamyan","twitter_card":"summary_large_image","twitter_misc":{"Escrito por":"David R. Aquije","Tiempo de lectura":"2 minutos"},"schema":{"@context":"https:\/\/schema.org","@graph":[{"@type":"Article","@id":"https:\/\/cnewa.org\/es\/trata-de-personas-proteger-el-derecho-de-los-ninos-a-la-seguridad-en-armenia\/#article","isPartOf":{"@id":"https:\/\/cnewa.org\/es\/trata-de-personas-proteger-el-derecho-de-los-ninos-a-la-seguridad-en-armenia\/"},"author":{"name":"Gohar Abrahamyan","@id":"https:\/\/cnewa.org\/es\/#\/schema\/person\/d2935c46e239b59210c38997d4aedf00"},"headline":"Trata de Personas: Proteger el Derecho de los Ni\u00f1os a la Seguridad en Armenia","datePublished":"2023-10-11T17:54:23+00:00","dateModified":"2023-10-11T17:54:25+00:00","mainEntityOfPage":{"@id":"https:\/\/cnewa.org\/es\/trata-de-personas-proteger-el-derecho-de-los-ninos-a-la-seguridad-en-armenia\/"},"wordCount":393,"publisher":{"@id":"https:\/\/cnewa.org\/es\/#organization"},"image":{"@id":"https:\/\/cnewa.org\/es\/trata-de-personas-proteger-el-derecho-de-los-ninos-a-la-seguridad-en-armenia\/#primaryimage"},"thumbnailUrl":"https:\/\/cnewa.org\/es\/wp-content\/uploads\/sites\/5\/2023\/10\/armenakyan202308_029H.jpg","articleSection":["Multimedia","Armenia","Tr\u00e1fico Humano","ONE"],"inLanguage":"es"},{"@type":"WebPage","@id":"https:\/\/cnewa.org\/es\/trata-de-personas-proteger-el-derecho-de-los-ninos-a-la-seguridad-en-armenia\/","url":"https:\/\/cnewa.org\/es\/trata-de-personas-proteger-el-derecho-de-los-ninos-a-la-seguridad-en-armenia\/","name":"Trata de Personas: Proteger el Derecho de los Ni\u00f1os a la Seguridad en Armenia | CNEWA Espa\u00f1ol","isPartOf":{"@id":"https:\/\/cnewa.org\/es\/#website"},"primaryImageOfPage":{"@id":"https:\/\/cnewa.org\/es\/trata-de-personas-proteger-el-derecho-de-los-ninos-a-la-seguridad-en-armenia\/#primaryimage"},"image":{"@id":"https:\/\/cnewa.org\/es\/trata-de-personas-proteger-el-derecho-de-los-ninos-a-la-seguridad-en-armenia\/#primaryimage"},"thumbnailUrl":"https:\/\/cnewa.org\/es\/wp-content\/uploads\/sites\/5\/2023\/10\/armenakyan202308_029H.jpg","datePublished":"2023-10-11T17:54:23+00:00","dateModified":"2023-10-11T17:54:25+00:00","breadcrumb":{"@id":"https:\/\/cnewa.org\/es\/trata-de-personas-proteger-el-derecho-de-los-ninos-a-la-seguridad-en-armenia\/#breadcrumb"},"inLanguage":"es","potentialAction":[{"@type":"ReadAction","target":["https:\/\/cnewa.org\/es\/trata-de-personas-proteger-el-derecho-de-los-ninos-a-la-seguridad-en-armenia\/"]}]},{"@type":"ImageObject","inLanguage":"es","@id":"https:\/\/cnewa.org\/es\/trata-de-personas-proteger-el-derecho-de-los-ninos-a-la-seguridad-en-armenia\/#primaryimage","url":"https:\/\/cnewa.org\/es\/wp-content\/uploads\/sites\/5\/2023\/10\/armenakyan202308_029H.jpg","contentUrl":"https:\/\/cnewa.org\/es\/wp-content\/uploads\/sites\/5\/2023\/10\/armenakyan202308_029H.jpg","width":1800,"height":1200,"caption":"La Hermana Rebeca Avsharyan imparte una clase de religi\u00f3n a ni\u00f1os en el Campamento de Nuestra Se\u00f1ora de Armenia en Gyumri, Armenia. (foto: Nazik Armenakyan)"},{"@type":"BreadcrumbList","@id":"https:\/\/cnewa.org\/es\/trata-de-personas-proteger-el-derecho-de-los-ninos-a-la-seguridad-en-armenia\/#breadcrumb","itemListElement":[{"@type":"ListItem","position":1,"name":"Inicio","item":"https:\/\/cnewa.org\/es\/"},{"@type":"ListItem","position":2,"name":"ONE","item":"https:\/\/cnewa.org\/es\/categoria\/one\/"},{"@type":"ListItem","position":3,"name":"Trata de Personas: Proteger el Derecho de los Ni\u00f1os a la Seguridad en Armenia"}]},{"@type":"WebSite","@id":"https:\/\/cnewa.org\/es\/#website","url":"https:\/\/cnewa.org\/es\/","name":"CNEWA Espa\u00f1ol","description":"Asociaci\u00f3n Cat\u00f3lica para el Bienestar del Cercano Oriente","publisher":{"@id":"https:\/\/cnewa.org\/es\/#organization"},"potentialAction":[{"@type":"SearchAction","target":{"@type":"EntryPoint","urlTemplate":"https:\/\/cnewa.org\/es\/?s={search_term_string}"},"query-input":{"@type":"PropertyValueSpecification","valueRequired":true,"valueName":"search_term_string"}}],"inLanguage":"es"},{"@type":"Organization","@id":"https:\/\/cnewa.org\/es\/#organization","name":"CNEWA Espa\u00f1ol","alternateName":"Asociaci\u00f3n Cat\u00f3lica para el Bienestar del Cercano Oriente","url":"https:\/\/cnewa.org\/es\/","logo":{"@type":"ImageObject","inLanguage":"es","@id":"https:\/\/cnewa.org\/es\/#\/schema\/logo\/image\/","url":"https:\/\/cnewa.org\/es\/wp-content\/uploads\/sites\/5\/2021\/07\/CNEWA-brand-logo.png","contentUrl":"https:\/\/cnewa.org\/es\/wp-content\/uploads\/sites\/5\/2021\/07\/CNEWA-brand-logo.png","width":1000,"height":1000,"caption":"CNEWA Espa\u00f1ol"},"image":{"@id":"https:\/\/cnewa.org\/es\/#\/schema\/logo\/image\/"},"sameAs":["https:\/\/www.facebook.com\/CNEWAenespanol\/","https:\/\/www.instagram.com\/cnewa1926\/","https:\/\/www.youtube.com\/user\/TheCNEWA"]},{"@type":"Person","name":"Gohar Abrahamyan"}]}},"_links":{"self":[{"href":"https:\/\/cnewa.org\/es\/wp-json\/wp\/v2\/posts\/3982","targetHints":{"allow":["GET"]}}],"collection":[{"href":"https:\/\/cnewa.org\/es\/wp-json\/wp\/v2\/posts"}],"about":[{"href":"https:\/\/cnewa.org\/es\/wp-json\/wp\/v2\/types\/post"}],"author":[{"embeddable":true,"href":"https:\/\/cnewa.org\/es\/wp-json\/wp\/v2\/users\/70019"}],"replies":[{"embeddable":true,"href":"https:\/\/cnewa.org\/es\/wp-json\/wp\/v2\/comments?post=3982"}],"version-history":[{"count":6,"href":"https:\/\/cnewa.org\/es\/wp-json\/wp\/v2\/posts\/3982\/revisions"}],"predecessor-version":[{"id":3989,"href":"https:\/\/cnewa.org\/es\/wp-json\/wp\/v2\/posts\/3982\/revisions\/3989"}],"wp:featuredmedia":[{"embeddable":true,"href":"https:\/\/cnewa.org\/es\/wp-json\/wp\/v2\/media\/3981"}],"wp:attachment":[{"href":"https:\/\/cnewa.org\/es\/wp-json\/wp\/v2\/media?parent=3982"}],"wp:term":[{"taxonomy":"category","embeddable":true,"href":"https:\/\/cnewa.org\/es\/wp-json\/wp\/v2\/categories?post=3982"}],"curies":[{"name":"wp","href":"https:\/\/api.w.org\/{rel}","templated":true}]}}