{"id":4165,"date":"2023-10-31T14:38:34","date_gmt":"2023-10-31T18:38:34","guid":{"rendered":"https:\/\/cnewa.org\/es\/?p=4165"},"modified":"2025-02-25T14:05:00","modified_gmt":"2025-02-25T19:05:00","slug":"ataques-aereos-israelies-arrasan-con-centro-cultural-ortodoxo","status":"publish","type":"post","link":"https:\/\/cnewa.org\/es\/ataques-aereos-israelies-arrasan-con-centro-cultural-ortodoxo\/","title":{"rendered":"Ataques A\u00e9reos Israel\u00edes Arrasan con Centro Cultural Ortodoxo"},"content":{"rendered":"\n<p>El 30 de octubre, las Fuerzas de Defensa de Israel tuvieron como blanco el Centro Cultural Ortodoxo \u00c1rabe de Gaza en ataques a\u00e9reos, arrasando el complejo donde hasta hace dos d\u00edas se hab\u00edan refugiado m\u00e1s de 3.000 personas.<\/p>\n\n\n\n<p>Joseph Hazboun, director regional de CNEWA-Misi\u00f3n Pontificia en Jerusal\u00e9n, inform\u00f3 el 31 de octubre que dos d\u00edas antes del atentado, el director del centro \u201crecibi\u00f3 una llamada telef\u00f3nica de los israel\u00edes con preguntas sobre qui\u00e9nes ocupaban el centro\u201d.<\/p>\n\n\n\n<p>\u201cEn otra llamada telef\u00f3nica m\u00e1s tarde dieron \u00f3rdenes claras de evacuar el edificio. Todos los que se refugiaban en el centro se fueron de inmediato\u201d, dijo. \u201cSe hicieron varios intentos por parte de varias partes para detener el bombardeo. Desafortunadamente, anoche el edificio fue bombardeado\u201d.&nbsp;<\/p>\n\n\n\n<p>No se reportaron v\u00edctimas.<\/p>\n\n\n\n<p>El Patriarcado Ortodoxo Griego de Jerusal\u00e9n emiti\u00f3 un <a href=\"https:\/\/en.jerusalem-patriarchate.info\/chronicle\/the-patriarchate-of-jerusalem-israeli-shelling-of-orthodox-cultural-center-embodies-unjustifiable-targeting-of-civilian-infrastructure-in-gaza\/\" target=\"_blank\" rel=\"noreferrer noopener\">comunicado<\/a> en el que conden\u00f3 el bombardeo israel\u00ed durante la noche, calific\u00e1ndolo de \u201cataque directo e injustificado contra uno de los pilares de la cultura y los servicios sociales en Gaza\u201d.<\/p>\n\n\n\n<p>El ataque \u201crepresenta una cruda encarnaci\u00f3n de la determinaci\u00f3n injustificada de Israel de destruir la infraestructura civil y los centros de servicios sociales, as\u00ed como los refugios para los civiles atrapados en el enclave sitiado\u201d, dice el comunicado.&nbsp;<\/p>\n\n\n\n<p>El Patriarcado tambi\u00e9n se\u00f1al\u00f3 \u201ccon gran preocupaci\u00f3n\u201d que el ej\u00e9rcito israel\u00ed ha atacado 19 lugares de culto, incluidas mezquitas e iglesias, en Gaza en las \u00faltimas tres semanas.&nbsp;<\/p>\n\n\n\n<p>\u201cTales ataques contra civiles, en particular ni\u00f1os, y la destrucci\u00f3n deliberada de infraestructura civil, no pueden justificarse por razones racionales o humanitarias y est\u00e1n fundamentalmente en desacuerdo incluso con los valores morales m\u00e1s b\u00e1sicos\u201d, agrega la declaraci\u00f3n.<\/p>\n\n\n\n<p>El Patriarcado reiter\u00f3 sus oraciones por la paz, su \u201cfirme demanda de un alto al fuego total e inmediato\u201d y su promesa de continuar sus esfuerzos internacionales para lograr ese alto al fuego.<\/p>\n\n\n\n<p>CNEWA-PM ha apoyado al <a href=\"https:\/\/www.youtube.com\/watch?v=Bz-EB4uhVYg\">Centro Cultural Ortodoxo<\/a>, ubicado en el barrio de Tel Al Hawa de Gaza, desde 2012, comenzando con varias peque\u00f1as subvenciones para ayudar a terminar la construcci\u00f3n del complejo que hab\u00eda comenzado 20 a\u00f1os antes.&nbsp;<\/p>\n\n\n\n<p>Inaugurado hace cuatro a\u00f1os, el centro era \u201cuna joya entre las instituciones cristianas de Gaza\u201d, dijo Hazboun. Abierto a toda la comunidad, independientemente de su credo, el centro ofrec\u00eda un lugar seguro para que la gente, especialmente los j\u00f3venes, se reunieran para recibir formaci\u00f3n profesional, practicar deportes, organizar conferencias y tener celebraciones.&nbsp;<\/p>\n\n\n\n<p>CNEWA-PM tambi\u00e9n apoy\u00f3 un programa de empleo que financi\u00f3 los salarios de 17 de los 24 miembros del personal del <a href=\"https:\/\/www.youtube.com\/watch?v=2i8xkL23W3o\">centro<\/a>.&nbsp;<\/p>\n\n\n\n<p>Israel ha bombardeado Gaza desde que militantes de Hamas mataron a unas 1.400 personas en un ataque terrorista el 7 de octubre. Se estima que m\u00e1s de 8.500 personas han muerto en Gaza en ataques a\u00e9reos israel\u00edes desde entonces y decenas de miles han sido desplazadas.<\/p>\n\n\n\n<p>Lea m\u00e1s sobre el importante papel que desempe\u00f1\u00f3 el centro en Gaza en este testimonio en primera persona del director del centro, Rami Tarazi.&nbsp;<\/p>\n\n\n\n<p class=\"has-small-font-size\">(<em>Los enlaces s\u00f3lo est\u00e1n disponibles en ingl\u00e9s<\/em>)<\/p>\n","protected":false},"excerpt":{"rendered":"<p>El 30 de octubre, las Fuerzas de Defensa de Israel tuvieron como blanco el Centro Cultural Ortodoxo \u00c1rabe de Gaza en ataques a\u00e9reos, arrasando el complejo donde hasta hace dos d\u00edas se hab\u00edan refugiado m\u00e1s de 3.000 personas. Joseph Hazboun, director regional de CNEWA-Misi\u00f3n Pontificia en Jerusal\u00e9n, inform\u00f3 el 31 de octubre que dos d\u00edas &hellip; <a href=\"https:\/\/cnewa.org\/es\/ataques-aereos-israelies-arrasan-con-centro-cultural-ortodoxo\/\">Continued<\/a><\/p>\n","protected":false},"author":70019,"featured_media":4164,"comment_status":"closed","ping_status":"closed","sticky":false,"template":"","format":"standard","meta":{"_acf_changed":false,"footnotes":""},"categories":[3,136,531,48],"class_list":["post-4165","post","type-post","status-publish","format-standard","has-post-thumbnail","hentry","category-noticias","category-israel","category-palestina","category-gaza"],"acf":[],"yoast_head":"<!-- This site is optimized with the Yoast SEO Premium plugin v27.3 (Yoast SEO v27.3) - https:\/\/yoast.com\/product\/yoast-seo-premium-wordpress\/ -->\n<title>Ataques A\u00e9reos Israel\u00edes Arrasan con Centro Cultural Ortodoxo | CNEWA Espa\u00f1ol<\/title>\n<meta name=\"description\" content=\"El 30 de octubre, las Fuerzas de Defensa de Israel tuvieron como blanco el Centro Cultural Ortodoxo \u00c1rabe de Gaza en ataques a\u00e9reos.\" \/>\n<meta name=\"robots\" content=\"index, follow, max-snippet:-1, max-image-preview:large, max-video-preview:-1\" \/>\n<link rel=\"canonical\" href=\"https:\/\/cnewa.org\/es\/ataques-aereos-israelies-arrasan-con-centro-cultural-ortodoxo\/\" \/>\n<meta property=\"og:locale\" content=\"es_ES\" \/>\n<meta property=\"og:type\" content=\"article\" \/>\n<meta property=\"og:title\" content=\"Ataques A\u00e9reos Israel\u00edes Arrasan con Centro Cultural Ortodoxo\" \/>\n<meta property=\"og:description\" content=\"El 30 de octubre, las Fuerzas de Defensa de Israel tuvieron como blanco el Centro Cultural Ortodoxo \u00c1rabe de Gaza en ataques a\u00e9reos.\" \/>\n<meta property=\"og:url\" content=\"https:\/\/cnewa.org\/es\/ataques-aereos-israelies-arrasan-con-centro-cultural-ortodoxo\/\" \/>\n<meta property=\"og:site_name\" content=\"CNEWA Espa\u00f1ol\" \/>\n<meta property=\"article:publisher\" content=\"https:\/\/www.facebook.com\/CNEWAenespanol\/\" \/>\n<meta property=\"article:published_time\" content=\"2023-10-31T18:38:34+00:00\" \/>\n<meta property=\"article:modified_time\" content=\"2025-02-25T19:05:00+00:00\" \/>\n<meta property=\"og:image\" content=\"https:\/\/cnewa.org\/es\/wp-content\/uploads\/sites\/5\/2023\/10\/31102023_a3-768x357-1.jpg\" \/>\n\t<meta property=\"og:image:width\" content=\"1800\" \/>\n\t<meta property=\"og:image:height\" content=\"837\" \/>\n\t<meta property=\"og:image:type\" content=\"image\/jpeg\" \/>\n<meta name=\"author\" content=\"Laura Ieraci\" \/>\n<meta name=\"twitter:card\" content=\"summary_large_image\" \/>\n<meta name=\"twitter:label1\" content=\"Escrito por\" \/>\n\t<meta name=\"twitter:data1\" content=\"David R. Aquije\" \/>\n\t<meta name=\"twitter:label2\" content=\"Tiempo de lectura\" \/>\n\t<meta name=\"twitter:data2\" content=\"3 minutos\" \/>\n<script type=\"application\/ld+json\" class=\"yoast-schema-graph\">{\"@context\":\"https:\\\/\\\/schema.org\",\"@graph\":[{\"@type\":\"Article\",\"@id\":\"https:\\\/\\\/cnewa.org\\\/es\\\/ataques-aereos-israelies-arrasan-con-centro-cultural-ortodoxo\\\/#article\",\"isPartOf\":{\"@id\":\"https:\\\/\\\/cnewa.org\\\/es\\\/ataques-aereos-israelies-arrasan-con-centro-cultural-ortodoxo\\\/\"},\"author\":{\"name\":\"Laura Ieraci\",\"@id\":\"https:\\\/\\\/cnewa.org\\\/es\\\/#\\\/schema\\\/person\\\/d2935c46e239b59210c38997d4aedf00\"},\"headline\":\"Ataques A\u00e9reos Israel\u00edes Arrasan con Centro Cultural Ortodoxo\",\"datePublished\":\"2023-10-31T18:38:34+00:00\",\"dateModified\":\"2025-02-25T19:05:00+00:00\",\"mainEntityOfPage\":{\"@id\":\"https:\\\/\\\/cnewa.org\\\/es\\\/ataques-aereos-israelies-arrasan-con-centro-cultural-ortodoxo\\\/\"},\"wordCount\":537,\"publisher\":{\"@id\":\"https:\\\/\\\/cnewa.org\\\/es\\\/#organization\"},\"image\":{\"@id\":\"https:\\\/\\\/cnewa.org\\\/es\\\/ataques-aereos-israelies-arrasan-con-centro-cultural-ortodoxo\\\/#primaryimage\"},\"thumbnailUrl\":\"https:\\\/\\\/cnewa.org\\\/es\\\/wp-content\\\/uploads\\\/sites\\\/5\\\/2023\\\/10\\\/31102023_a3-768x357-1.jpg\",\"articleSection\":[\"Noticias\",\"Israel\",\"Palestina\",\"Gaza\"],\"inLanguage\":\"es\"},{\"@type\":\"WebPage\",\"@id\":\"https:\\\/\\\/cnewa.org\\\/es\\\/ataques-aereos-israelies-arrasan-con-centro-cultural-ortodoxo\\\/\",\"url\":\"https:\\\/\\\/cnewa.org\\\/es\\\/ataques-aereos-israelies-arrasan-con-centro-cultural-ortodoxo\\\/\",\"name\":\"Ataques A\u00e9reos Israel\u00edes Arrasan con Centro Cultural Ortodoxo | CNEWA Espa\u00f1ol\",\"isPartOf\":{\"@id\":\"https:\\\/\\\/cnewa.org\\\/es\\\/#website\"},\"primaryImageOfPage\":{\"@id\":\"https:\\\/\\\/cnewa.org\\\/es\\\/ataques-aereos-israelies-arrasan-con-centro-cultural-ortodoxo\\\/#primaryimage\"},\"image\":{\"@id\":\"https:\\\/\\\/cnewa.org\\\/es\\\/ataques-aereos-israelies-arrasan-con-centro-cultural-ortodoxo\\\/#primaryimage\"},\"thumbnailUrl\":\"https:\\\/\\\/cnewa.org\\\/es\\\/wp-content\\\/uploads\\\/sites\\\/5\\\/2023\\\/10\\\/31102023_a3-768x357-1.jpg\",\"datePublished\":\"2023-10-31T18:38:34+00:00\",\"dateModified\":\"2025-02-25T19:05:00+00:00\",\"description\":\"El 30 de octubre, las Fuerzas de Defensa de Israel tuvieron como blanco el Centro Cultural Ortodoxo \u00c1rabe de Gaza en ataques a\u00e9reos.\",\"breadcrumb\":{\"@id\":\"https:\\\/\\\/cnewa.org\\\/es\\\/ataques-aereos-israelies-arrasan-con-centro-cultural-ortodoxo\\\/#breadcrumb\"},\"inLanguage\":\"es\",\"potentialAction\":[{\"@type\":\"ReadAction\",\"target\":[\"https:\\\/\\\/cnewa.org\\\/es\\\/ataques-aereos-israelies-arrasan-con-centro-cultural-ortodoxo\\\/\"]}]},{\"@type\":\"ImageObject\",\"inLanguage\":\"es\",\"@id\":\"https:\\\/\\\/cnewa.org\\\/es\\\/ataques-aereos-israelies-arrasan-con-centro-cultural-ortodoxo\\\/#primaryimage\",\"url\":\"https:\\\/\\\/cnewa.org\\\/es\\\/wp-content\\\/uploads\\\/sites\\\/5\\\/2023\\\/10\\\/31102023_a3-768x357-1.jpg\",\"contentUrl\":\"https:\\\/\\\/cnewa.org\\\/es\\\/wp-content\\\/uploads\\\/sites\\\/5\\\/2023\\\/10\\\/31102023_a3-768x357-1.jpg\",\"width\":1800,\"height\":837,\"caption\":\"Ataques a\u00e9reos israel\u00edes destruyeron el Centro Cultural \u00c1rabe Ortodoxo de Gaza el 30 de octubre. (foto: sitio web del Patriarcado greco-ortodoxo de Jerusal\u00e9n)\"},{\"@type\":\"BreadcrumbList\",\"@id\":\"https:\\\/\\\/cnewa.org\\\/es\\\/ataques-aereos-israelies-arrasan-con-centro-cultural-ortodoxo\\\/#breadcrumb\",\"itemListElement\":[{\"@type\":\"ListItem\",\"position\":1,\"name\":\"Inicio\",\"item\":\"https:\\\/\\\/cnewa.org\\\/es\\\/\"},{\"@type\":\"ListItem\",\"position\":2,\"name\":\"Gaza\",\"item\":\"https:\\\/\\\/cnewa.org\\\/es\\\/categoria\\\/gaza\\\/\"},{\"@type\":\"ListItem\",\"position\":3,\"name\":\"Ataques A\u00e9reos Israel\u00edes Arrasan con Centro Cultural Ortodoxo\"}]},{\"@type\":\"WebSite\",\"@id\":\"https:\\\/\\\/cnewa.org\\\/es\\\/#website\",\"url\":\"https:\\\/\\\/cnewa.org\\\/es\\\/\",\"name\":\"CNEWA Espa\u00f1ol\",\"description\":\"Asociaci\u00f3n Cat\u00f3lica para el Bienestar del Cercano Oriente\",\"publisher\":{\"@id\":\"https:\\\/\\\/cnewa.org\\\/es\\\/#organization\"},\"potentialAction\":[{\"@type\":\"SearchAction\",\"target\":{\"@type\":\"EntryPoint\",\"urlTemplate\":\"https:\\\/\\\/cnewa.org\\\/es\\\/?s={search_term_string}\"},\"query-input\":{\"@type\":\"PropertyValueSpecification\",\"valueRequired\":true,\"valueName\":\"search_term_string\"}}],\"inLanguage\":\"es\"},{\"@type\":\"Organization\",\"@id\":\"https:\\\/\\\/cnewa.org\\\/es\\\/#organization\",\"name\":\"CNEWA Espa\u00f1ol\",\"alternateName\":\"Asociaci\u00f3n Cat\u00f3lica para el Bienestar del Cercano Oriente\",\"url\":\"https:\\\/\\\/cnewa.org\\\/es\\\/\",\"logo\":{\"@type\":\"ImageObject\",\"inLanguage\":\"es\",\"@id\":\"https:\\\/\\\/cnewa.org\\\/es\\\/#\\\/schema\\\/logo\\\/image\\\/\",\"url\":\"https:\\\/\\\/cnewa.org\\\/es\\\/wp-content\\\/uploads\\\/sites\\\/5\\\/2021\\\/07\\\/CNEWA-brand-logo.png\",\"contentUrl\":\"https:\\\/\\\/cnewa.org\\\/es\\\/wp-content\\\/uploads\\\/sites\\\/5\\\/2021\\\/07\\\/CNEWA-brand-logo.png\",\"width\":1000,\"height\":1000,\"caption\":\"CNEWA Espa\u00f1ol\"},\"image\":{\"@id\":\"https:\\\/\\\/cnewa.org\\\/es\\\/#\\\/schema\\\/logo\\\/image\\\/\"},\"sameAs\":[\"https:\\\/\\\/www.facebook.com\\\/CNEWAenespanol\\\/\",\"https:\\\/\\\/www.instagram.com\\\/cnewa1926\\\/\",\"https:\\\/\\\/www.youtube.com\\\/user\\\/TheCNEWA\"]},{\"@type\":\"Person\",\"name\":\"Laura Ieraci\"}]}<\/script>\n<!-- \/ Yoast SEO Premium plugin. -->","yoast_head_json":{"title":"Ataques A\u00e9reos Israel\u00edes Arrasan con Centro Cultural Ortodoxo | CNEWA Espa\u00f1ol","description":"El 30 de octubre, las Fuerzas de Defensa de Israel tuvieron como blanco el Centro Cultural Ortodoxo \u00c1rabe de Gaza en ataques a\u00e9reos.","robots":{"index":"index","follow":"follow","max-snippet":"max-snippet:-1","max-image-preview":"max-image-preview:large","max-video-preview":"max-video-preview:-1"},"canonical":"https:\/\/cnewa.org\/es\/ataques-aereos-israelies-arrasan-con-centro-cultural-ortodoxo\/","og_locale":"es_ES","og_type":"article","og_title":"Ataques A\u00e9reos Israel\u00edes Arrasan con Centro Cultural Ortodoxo","og_description":"El 30 de octubre, las Fuerzas de Defensa de Israel tuvieron como blanco el Centro Cultural Ortodoxo \u00c1rabe de Gaza en ataques a\u00e9reos.","og_url":"https:\/\/cnewa.org\/es\/ataques-aereos-israelies-arrasan-con-centro-cultural-ortodoxo\/","og_site_name":"CNEWA Espa\u00f1ol","article_publisher":"https:\/\/www.facebook.com\/CNEWAenespanol\/","article_published_time":"2023-10-31T18:38:34+00:00","article_modified_time":"2025-02-25T19:05:00+00:00","og_image":[{"width":1800,"height":837,"url":"https:\/\/cnewa.org\/es\/wp-content\/uploads\/sites\/5\/2023\/10\/31102023_a3-768x357-1.jpg","type":"image\/jpeg"}],"author":"Laura Ieraci","twitter_card":"summary_large_image","twitter_misc":{"Escrito por":"David R. Aquije","Tiempo de lectura":"3 minutos"},"schema":{"@context":"https:\/\/schema.org","@graph":[{"@type":"Article","@id":"https:\/\/cnewa.org\/es\/ataques-aereos-israelies-arrasan-con-centro-cultural-ortodoxo\/#article","isPartOf":{"@id":"https:\/\/cnewa.org\/es\/ataques-aereos-israelies-arrasan-con-centro-cultural-ortodoxo\/"},"author":{"name":"Laura Ieraci","@id":"https:\/\/cnewa.org\/es\/#\/schema\/person\/d2935c46e239b59210c38997d4aedf00"},"headline":"Ataques A\u00e9reos Israel\u00edes Arrasan con Centro Cultural Ortodoxo","datePublished":"2023-10-31T18:38:34+00:00","dateModified":"2025-02-25T19:05:00+00:00","mainEntityOfPage":{"@id":"https:\/\/cnewa.org\/es\/ataques-aereos-israelies-arrasan-con-centro-cultural-ortodoxo\/"},"wordCount":537,"publisher":{"@id":"https:\/\/cnewa.org\/es\/#organization"},"image":{"@id":"https:\/\/cnewa.org\/es\/ataques-aereos-israelies-arrasan-con-centro-cultural-ortodoxo\/#primaryimage"},"thumbnailUrl":"https:\/\/cnewa.org\/es\/wp-content\/uploads\/sites\/5\/2023\/10\/31102023_a3-768x357-1.jpg","articleSection":["Noticias","Israel","Palestina","Gaza"],"inLanguage":"es"},{"@type":"WebPage","@id":"https:\/\/cnewa.org\/es\/ataques-aereos-israelies-arrasan-con-centro-cultural-ortodoxo\/","url":"https:\/\/cnewa.org\/es\/ataques-aereos-israelies-arrasan-con-centro-cultural-ortodoxo\/","name":"Ataques A\u00e9reos Israel\u00edes Arrasan con Centro Cultural Ortodoxo | CNEWA Espa\u00f1ol","isPartOf":{"@id":"https:\/\/cnewa.org\/es\/#website"},"primaryImageOfPage":{"@id":"https:\/\/cnewa.org\/es\/ataques-aereos-israelies-arrasan-con-centro-cultural-ortodoxo\/#primaryimage"},"image":{"@id":"https:\/\/cnewa.org\/es\/ataques-aereos-israelies-arrasan-con-centro-cultural-ortodoxo\/#primaryimage"},"thumbnailUrl":"https:\/\/cnewa.org\/es\/wp-content\/uploads\/sites\/5\/2023\/10\/31102023_a3-768x357-1.jpg","datePublished":"2023-10-31T18:38:34+00:00","dateModified":"2025-02-25T19:05:00+00:00","description":"El 30 de octubre, las Fuerzas de Defensa de Israel tuvieron como blanco el Centro Cultural Ortodoxo \u00c1rabe de Gaza en ataques a\u00e9reos.","breadcrumb":{"@id":"https:\/\/cnewa.org\/es\/ataques-aereos-israelies-arrasan-con-centro-cultural-ortodoxo\/#breadcrumb"},"inLanguage":"es","potentialAction":[{"@type":"ReadAction","target":["https:\/\/cnewa.org\/es\/ataques-aereos-israelies-arrasan-con-centro-cultural-ortodoxo\/"]}]},{"@type":"ImageObject","inLanguage":"es","@id":"https:\/\/cnewa.org\/es\/ataques-aereos-israelies-arrasan-con-centro-cultural-ortodoxo\/#primaryimage","url":"https:\/\/cnewa.org\/es\/wp-content\/uploads\/sites\/5\/2023\/10\/31102023_a3-768x357-1.jpg","contentUrl":"https:\/\/cnewa.org\/es\/wp-content\/uploads\/sites\/5\/2023\/10\/31102023_a3-768x357-1.jpg","width":1800,"height":837,"caption":"Ataques a\u00e9reos israel\u00edes destruyeron el Centro Cultural \u00c1rabe Ortodoxo de Gaza el 30 de octubre. (foto: sitio web del Patriarcado greco-ortodoxo de Jerusal\u00e9n)"},{"@type":"BreadcrumbList","@id":"https:\/\/cnewa.org\/es\/ataques-aereos-israelies-arrasan-con-centro-cultural-ortodoxo\/#breadcrumb","itemListElement":[{"@type":"ListItem","position":1,"name":"Inicio","item":"https:\/\/cnewa.org\/es\/"},{"@type":"ListItem","position":2,"name":"Gaza","item":"https:\/\/cnewa.org\/es\/categoria\/gaza\/"},{"@type":"ListItem","position":3,"name":"Ataques A\u00e9reos Israel\u00edes Arrasan con Centro Cultural Ortodoxo"}]},{"@type":"WebSite","@id":"https:\/\/cnewa.org\/es\/#website","url":"https:\/\/cnewa.org\/es\/","name":"CNEWA Espa\u00f1ol","description":"Asociaci\u00f3n Cat\u00f3lica para el Bienestar del Cercano Oriente","publisher":{"@id":"https:\/\/cnewa.org\/es\/#organization"},"potentialAction":[{"@type":"SearchAction","target":{"@type":"EntryPoint","urlTemplate":"https:\/\/cnewa.org\/es\/?s={search_term_string}"},"query-input":{"@type":"PropertyValueSpecification","valueRequired":true,"valueName":"search_term_string"}}],"inLanguage":"es"},{"@type":"Organization","@id":"https:\/\/cnewa.org\/es\/#organization","name":"CNEWA Espa\u00f1ol","alternateName":"Asociaci\u00f3n Cat\u00f3lica para el Bienestar del Cercano Oriente","url":"https:\/\/cnewa.org\/es\/","logo":{"@type":"ImageObject","inLanguage":"es","@id":"https:\/\/cnewa.org\/es\/#\/schema\/logo\/image\/","url":"https:\/\/cnewa.org\/es\/wp-content\/uploads\/sites\/5\/2021\/07\/CNEWA-brand-logo.png","contentUrl":"https:\/\/cnewa.org\/es\/wp-content\/uploads\/sites\/5\/2021\/07\/CNEWA-brand-logo.png","width":1000,"height":1000,"caption":"CNEWA Espa\u00f1ol"},"image":{"@id":"https:\/\/cnewa.org\/es\/#\/schema\/logo\/image\/"},"sameAs":["https:\/\/www.facebook.com\/CNEWAenespanol\/","https:\/\/www.instagram.com\/cnewa1926\/","https:\/\/www.youtube.com\/user\/TheCNEWA"]},{"@type":"Person","name":"Laura Ieraci"}]}},"_links":{"self":[{"href":"https:\/\/cnewa.org\/es\/wp-json\/wp\/v2\/posts\/4165","targetHints":{"allow":["GET"]}}],"collection":[{"href":"https:\/\/cnewa.org\/es\/wp-json\/wp\/v2\/posts"}],"about":[{"href":"https:\/\/cnewa.org\/es\/wp-json\/wp\/v2\/types\/post"}],"author":[{"embeddable":true,"href":"https:\/\/cnewa.org\/es\/wp-json\/wp\/v2\/users\/70019"}],"replies":[{"embeddable":true,"href":"https:\/\/cnewa.org\/es\/wp-json\/wp\/v2\/comments?post=4165"}],"version-history":[{"count":12,"href":"https:\/\/cnewa.org\/es\/wp-json\/wp\/v2\/posts\/4165\/revisions"}],"predecessor-version":[{"id":6311,"href":"https:\/\/cnewa.org\/es\/wp-json\/wp\/v2\/posts\/4165\/revisions\/6311"}],"wp:featuredmedia":[{"embeddable":true,"href":"https:\/\/cnewa.org\/es\/wp-json\/wp\/v2\/media\/4164"}],"wp:attachment":[{"href":"https:\/\/cnewa.org\/es\/wp-json\/wp\/v2\/media?parent=4165"}],"wp:term":[{"taxonomy":"category","embeddable":true,"href":"https:\/\/cnewa.org\/es\/wp-json\/wp\/v2\/categories?post=4165"}],"curies":[{"name":"wp","href":"https:\/\/api.w.org\/{rel}","templated":true}]}}