{"id":4343,"date":"2023-12-11T12:44:41","date_gmt":"2023-12-11T17:44:41","guid":{"rendered":"https:\/\/cnewa.org\/es\/?p=4343"},"modified":"2023-12-11T12:44:42","modified_gmt":"2023-12-11T17:44:42","slug":"promoviendo-la-inclusion-desarrollar-habilidades-e-independencia","status":"publish","type":"post","link":"https:\/\/cnewa.org\/es\/promoviendo-la-inclusion-desarrollar-habilidades-e-independencia\/","title":{"rendered":"Promoviendo la Inclusi\u00f3n: Desarrollar Habilidades e Independencia"},"content":{"rendered":"\n<h2 class=\"wp-block-heading\" id=\"h-para-su-intencion-de-oracion-de-diciembre-el-papa-francisco-ha-pedido-oraciones-por-las-personas-con-discapacidad-oremos-para-que-las-personas-con-discapacidad-esten-en-el-centro-de-atencion-de-la-sociedad-y-que-las-instituciones-promuevan-programas-de-inclusion-que-potencien-su-participacion-activa-nbsp\">Para su intenci\u00f3n de oraci\u00f3n de diciembre, el Papa Francisco ha pedido oraciones por las personas con discapacidad: \u201cOremos para que las personas con discapacidad est\u00e9n en el centro de atenci\u00f3n de la sociedad, y que las instituciones promuevan programas de inclusi\u00f3n que potencien su participaci\u00f3n activa\u201d.&nbsp;<\/h2>\n\n\n\n<p>Promover la inclusi\u00f3n de las personas con discapacidades es una prioridad desde hace mucho tiempo para CNEWA, que tiene una amplia gama de programas que brindan apoyo, atenci\u00f3n y experiencias que brindan alegr\u00eda a las personas con discapacidades. En conformidad con la intenci\u00f3n de oraci\u00f3n del Papa Francisco, compartimos un video del archivo de la revista ONE que destaca el tema de esta misi\u00f3n todos los jueves de diciembre.<\/p>\n\n\n\n<p>A continuaci\u00f3n, mostramos un video, disponible solo en ingl\u00e9s, que se produjo para acompa\u00f1ar el art\u00edculo \u201c<a href=\"https:\/\/cnewa.org\/es\/en-etiopia-escuela-ensena-a-invidentes-como-ser-independientes\/\">Escuela Ense\u00f1a a Invidentes C\u00f3mo Ser Independientes<\/a>\u201d.\u00a0<\/p>\n\n\n\n<p>El internado para ciegos de San Rafael en Azezo, Etiop\u00eda, dirigido por las Hijas de Santa Ana, fue el primero de su tipo en el pa\u00eds. Ha tenido \u00e9xito en dar a los ni\u00f1os con discapacidad visual las habilidades que necesitan para una vida independiente y para combatir la creencia tradicional de que los ni\u00f1os con discapacidad visual son maldiciones para sus familias.<\/p>\n\n\n\n<h4 class=\"wp-block-heading\" id=\"h-mira-el-video\">Mira el video:<\/h4>\n\n\n\n<figure class=\"wp-block-embed is-type-video is-provider-youtube wp-block-embed-youtube wp-embed-aspect-16-9 wp-has-aspect-ratio\"><div class=\"wp-block-embed__wrapper\">\n<iframe loading=\"lazy\" title=\"No Longer Cursed\" width=\"500\" height=\"281\" src=\"https:\/\/www.youtube.com\/embed\/q3Ptz0hYHc4?feature=oembed\" frameborder=\"0\" allow=\"accelerometer; autoplay; clipboard-write; encrypted-media; gyroscope; picture-in-picture; web-share\" referrerpolicy=\"strict-origin-when-cross-origin\" allowfullscreen><\/iframe>\n<\/div><\/figure>\n","protected":false},"excerpt":{"rendered":"<p>Para su intenci\u00f3n de oraci\u00f3n de diciembre, el Papa Francisco ha pedido oraciones por las personas con discapacidad: \u201cOremos para que las personas con discapacidad est\u00e9n en el centro de atenci\u00f3n de la sociedad, y que las instituciones promuevan programas de inclusi\u00f3n que potencien su participaci\u00f3n activa\u201d.&nbsp; Promover la inclusi\u00f3n de las personas con discapacidades &hellip; <a href=\"https:\/\/cnewa.org\/es\/promoviendo-la-inclusion-desarrollar-habilidades-e-independencia\/\">Continued<\/a><\/p>\n","protected":false},"author":70019,"featured_media":4348,"comment_status":"closed","ping_status":"closed","sticky":false,"template":"","format":"standard","meta":{"_acf_changed":false,"footnotes":""},"categories":[98,11],"class_list":["post-4343","post","type-post","status-publish","format-standard","has-post-thumbnail","hentry","category-multimedia","category-etiopia"],"acf":[],"yoast_head":"<!-- This site is optimized with the Yoast SEO Premium plugin v27.3 (Yoast SEO v27.3) - https:\/\/yoast.com\/product\/yoast-seo-premium-wordpress\/ -->\n<title>Promoviendo la Inclusi\u00f3n: Desarrollar Habilidades e Independencia | CNEWA Espa\u00f1ol<\/title>\n<meta name=\"description\" content=\"El Papa Francisco ha pedido oraciones por las personas con discapacidad. CNEWA promueve programas de inclusi\u00f3n para discapacitados.\" \/>\n<meta name=\"robots\" content=\"index, follow, max-snippet:-1, max-image-preview:large, max-video-preview:-1\" \/>\n<link rel=\"canonical\" href=\"https:\/\/cnewa.org\/es\/promoviendo-la-inclusion-desarrollar-habilidades-e-independencia\/\" \/>\n<meta property=\"og:locale\" content=\"es_ES\" \/>\n<meta property=\"og:type\" content=\"article\" \/>\n<meta property=\"og:title\" content=\"Promoviendo la Inclusi\u00f3n: Desarrollar Habilidades e Independencia\" \/>\n<meta property=\"og:description\" content=\"El Papa Francisco ha pedido oraciones por las personas con discapacidad. CNEWA promueve programas de inclusi\u00f3n para discapacitados.\" \/>\n<meta property=\"og:url\" content=\"https:\/\/cnewa.org\/es\/promoviendo-la-inclusion-desarrollar-habilidades-e-independencia\/\" \/>\n<meta property=\"og:site_name\" content=\"CNEWA Espa\u00f1ol\" \/>\n<meta property=\"article:publisher\" content=\"https:\/\/www.facebook.com\/CNEWAenespanol\/\" \/>\n<meta property=\"article:published_time\" content=\"2023-12-11T17:44:41+00:00\" \/>\n<meta property=\"article:modified_time\" content=\"2023-12-11T17:44:42+00:00\" \/>\n<meta property=\"og:image\" content=\"https:\/\/cnewa.org\/es\/wp-content\/uploads\/sites\/5\/2023\/12\/ES_PromotingInclusion_1-1024x717.jpg\" \/>\n\t<meta property=\"og:image:width\" content=\"1024\" \/>\n\t<meta property=\"og:image:height\" content=\"717\" \/>\n\t<meta property=\"og:image:type\" content=\"image\/jpeg\" \/>\n<meta name=\"author\" content=\"CNEWA Staff\" \/>\n<meta name=\"twitter:card\" content=\"summary_large_image\" \/>\n<meta name=\"twitter:label1\" content=\"Escrito por\" \/>\n\t<meta name=\"twitter:data1\" content=\"David R. Aquije\" \/>\n\t<meta name=\"twitter:label2\" content=\"Tiempo de lectura\" \/>\n\t<meta name=\"twitter:data2\" content=\"1 minuto\" \/>\n<script type=\"application\/ld+json\" class=\"yoast-schema-graph\">{\"@context\":\"https:\\\/\\\/schema.org\",\"@graph\":[{\"@type\":\"Article\",\"@id\":\"https:\\\/\\\/cnewa.org\\\/es\\\/promoviendo-la-inclusion-desarrollar-habilidades-e-independencia\\\/#article\",\"isPartOf\":{\"@id\":\"https:\\\/\\\/cnewa.org\\\/es\\\/promoviendo-la-inclusion-desarrollar-habilidades-e-independencia\\\/\"},\"author\":{\"name\":\"CNEWA Staff\",\"@id\":\"https:\\\/\\\/cnewa.org\\\/es\\\/#\\\/schema\\\/person\\\/d2935c46e239b59210c38997d4aedf00\"},\"headline\":\"Promoviendo la Inclusi\u00f3n: Desarrollar Habilidades e Independencia\",\"datePublished\":\"2023-12-11T17:44:41+00:00\",\"dateModified\":\"2023-12-11T17:44:42+00:00\",\"mainEntityOfPage\":{\"@id\":\"https:\\\/\\\/cnewa.org\\\/es\\\/promoviendo-la-inclusion-desarrollar-habilidades-e-independencia\\\/\"},\"wordCount\":245,\"publisher\":{\"@id\":\"https:\\\/\\\/cnewa.org\\\/es\\\/#organization\"},\"image\":{\"@id\":\"https:\\\/\\\/cnewa.org\\\/es\\\/promoviendo-la-inclusion-desarrollar-habilidades-e-independencia\\\/#primaryimage\"},\"thumbnailUrl\":\"https:\\\/\\\/cnewa.org\\\/es\\\/wp-content\\\/uploads\\\/sites\\\/5\\\/2023\\\/12\\\/ES_PromotingInclusion_1.jpg\",\"articleSection\":[\"Multimedia\",\"Etiop\u00eda\"],\"inLanguage\":\"es\"},{\"@type\":\"WebPage\",\"@id\":\"https:\\\/\\\/cnewa.org\\\/es\\\/promoviendo-la-inclusion-desarrollar-habilidades-e-independencia\\\/\",\"url\":\"https:\\\/\\\/cnewa.org\\\/es\\\/promoviendo-la-inclusion-desarrollar-habilidades-e-independencia\\\/\",\"name\":\"Promoviendo la Inclusi\u00f3n: Desarrollar Habilidades e Independencia | CNEWA Espa\u00f1ol\",\"isPartOf\":{\"@id\":\"https:\\\/\\\/cnewa.org\\\/es\\\/#website\"},\"primaryImageOfPage\":{\"@id\":\"https:\\\/\\\/cnewa.org\\\/es\\\/promoviendo-la-inclusion-desarrollar-habilidades-e-independencia\\\/#primaryimage\"},\"image\":{\"@id\":\"https:\\\/\\\/cnewa.org\\\/es\\\/promoviendo-la-inclusion-desarrollar-habilidades-e-independencia\\\/#primaryimage\"},\"thumbnailUrl\":\"https:\\\/\\\/cnewa.org\\\/es\\\/wp-content\\\/uploads\\\/sites\\\/5\\\/2023\\\/12\\\/ES_PromotingInclusion_1.jpg\",\"datePublished\":\"2023-12-11T17:44:41+00:00\",\"dateModified\":\"2023-12-11T17:44:42+00:00\",\"description\":\"El Papa Francisco ha pedido oraciones por las personas con discapacidad. CNEWA promueve programas de inclusi\u00f3n para discapacitados.\",\"breadcrumb\":{\"@id\":\"https:\\\/\\\/cnewa.org\\\/es\\\/promoviendo-la-inclusion-desarrollar-habilidades-e-independencia\\\/#breadcrumb\"},\"inLanguage\":\"es\",\"potentialAction\":[{\"@type\":\"ReadAction\",\"target\":[\"https:\\\/\\\/cnewa.org\\\/es\\\/promoviendo-la-inclusion-desarrollar-habilidades-e-independencia\\\/\"]}]},{\"@type\":\"ImageObject\",\"inLanguage\":\"es\",\"@id\":\"https:\\\/\\\/cnewa.org\\\/es\\\/promoviendo-la-inclusion-desarrollar-habilidades-e-independencia\\\/#primaryimage\",\"url\":\"https:\\\/\\\/cnewa.org\\\/es\\\/wp-content\\\/uploads\\\/sites\\\/5\\\/2023\\\/12\\\/ES_PromotingInclusion_1.jpg\",\"contentUrl\":\"https:\\\/\\\/cnewa.org\\\/es\\\/wp-content\\\/uploads\\\/sites\\\/5\\\/2023\\\/12\\\/ES_PromotingInclusion_1.jpg\",\"width\":1800,\"height\":1260,\"caption\":\"Un estudiante del internado para ciegos San Rafael en Azezo, Etiop\u00eda, lee braille en clase. (foto: Petterik Wiggers)\"},{\"@type\":\"BreadcrumbList\",\"@id\":\"https:\\\/\\\/cnewa.org\\\/es\\\/promoviendo-la-inclusion-desarrollar-habilidades-e-independencia\\\/#breadcrumb\",\"itemListElement\":[{\"@type\":\"ListItem\",\"position\":1,\"name\":\"Inicio\",\"item\":\"https:\\\/\\\/cnewa.org\\\/es\\\/\"},{\"@type\":\"ListItem\",\"position\":2,\"name\":\"Etiop\u00eda\",\"item\":\"https:\\\/\\\/cnewa.org\\\/es\\\/categoria\\\/etiopia\\\/\"},{\"@type\":\"ListItem\",\"position\":3,\"name\":\"Promoviendo la Inclusi\u00f3n: Desarrollar Habilidades e Independencia\"}]},{\"@type\":\"WebSite\",\"@id\":\"https:\\\/\\\/cnewa.org\\\/es\\\/#website\",\"url\":\"https:\\\/\\\/cnewa.org\\\/es\\\/\",\"name\":\"CNEWA Espa\u00f1ol\",\"description\":\"Asociaci\u00f3n Cat\u00f3lica para el Bienestar del Cercano Oriente\",\"publisher\":{\"@id\":\"https:\\\/\\\/cnewa.org\\\/es\\\/#organization\"},\"potentialAction\":[{\"@type\":\"SearchAction\",\"target\":{\"@type\":\"EntryPoint\",\"urlTemplate\":\"https:\\\/\\\/cnewa.org\\\/es\\\/?s={search_term_string}\"},\"query-input\":{\"@type\":\"PropertyValueSpecification\",\"valueRequired\":true,\"valueName\":\"search_term_string\"}}],\"inLanguage\":\"es\"},{\"@type\":\"Organization\",\"@id\":\"https:\\\/\\\/cnewa.org\\\/es\\\/#organization\",\"name\":\"CNEWA Espa\u00f1ol\",\"alternateName\":\"Asociaci\u00f3n Cat\u00f3lica para el Bienestar del Cercano Oriente\",\"url\":\"https:\\\/\\\/cnewa.org\\\/es\\\/\",\"logo\":{\"@type\":\"ImageObject\",\"inLanguage\":\"es\",\"@id\":\"https:\\\/\\\/cnewa.org\\\/es\\\/#\\\/schema\\\/logo\\\/image\\\/\",\"url\":\"https:\\\/\\\/cnewa.org\\\/es\\\/wp-content\\\/uploads\\\/sites\\\/5\\\/2021\\\/07\\\/CNEWA-brand-logo.png\",\"contentUrl\":\"https:\\\/\\\/cnewa.org\\\/es\\\/wp-content\\\/uploads\\\/sites\\\/5\\\/2021\\\/07\\\/CNEWA-brand-logo.png\",\"width\":1000,\"height\":1000,\"caption\":\"CNEWA Espa\u00f1ol\"},\"image\":{\"@id\":\"https:\\\/\\\/cnewa.org\\\/es\\\/#\\\/schema\\\/logo\\\/image\\\/\"},\"sameAs\":[\"https:\\\/\\\/www.facebook.com\\\/CNEWAenespanol\\\/\",\"https:\\\/\\\/www.instagram.com\\\/cnewa1926\\\/\",\"https:\\\/\\\/www.youtube.com\\\/user\\\/TheCNEWA\"]},{\"@type\":\"Person\",\"name\":\"CNEWA Staff\"}]}<\/script>\n<!-- \/ Yoast SEO Premium plugin. -->","yoast_head_json":{"title":"Promoviendo la Inclusi\u00f3n: Desarrollar Habilidades e Independencia | CNEWA Espa\u00f1ol","description":"El Papa Francisco ha pedido oraciones por las personas con discapacidad. CNEWA promueve programas de inclusi\u00f3n para discapacitados.","robots":{"index":"index","follow":"follow","max-snippet":"max-snippet:-1","max-image-preview":"max-image-preview:large","max-video-preview":"max-video-preview:-1"},"canonical":"https:\/\/cnewa.org\/es\/promoviendo-la-inclusion-desarrollar-habilidades-e-independencia\/","og_locale":"es_ES","og_type":"article","og_title":"Promoviendo la Inclusi\u00f3n: Desarrollar Habilidades e Independencia","og_description":"El Papa Francisco ha pedido oraciones por las personas con discapacidad. CNEWA promueve programas de inclusi\u00f3n para discapacitados.","og_url":"https:\/\/cnewa.org\/es\/promoviendo-la-inclusion-desarrollar-habilidades-e-independencia\/","og_site_name":"CNEWA Espa\u00f1ol","article_publisher":"https:\/\/www.facebook.com\/CNEWAenespanol\/","article_published_time":"2023-12-11T17:44:41+00:00","article_modified_time":"2023-12-11T17:44:42+00:00","og_image":[{"width":1024,"height":717,"url":"https:\/\/cnewa.org\/es\/wp-content\/uploads\/sites\/5\/2023\/12\/ES_PromotingInclusion_1-1024x717.jpg","type":"image\/jpeg"}],"author":"CNEWA Staff","twitter_card":"summary_large_image","twitter_misc":{"Escrito por":"David R. Aquije","Tiempo de lectura":"1 minuto"},"schema":{"@context":"https:\/\/schema.org","@graph":[{"@type":"Article","@id":"https:\/\/cnewa.org\/es\/promoviendo-la-inclusion-desarrollar-habilidades-e-independencia\/#article","isPartOf":{"@id":"https:\/\/cnewa.org\/es\/promoviendo-la-inclusion-desarrollar-habilidades-e-independencia\/"},"author":{"name":"CNEWA Staff","@id":"https:\/\/cnewa.org\/es\/#\/schema\/person\/d2935c46e239b59210c38997d4aedf00"},"headline":"Promoviendo la Inclusi\u00f3n: Desarrollar Habilidades e Independencia","datePublished":"2023-12-11T17:44:41+00:00","dateModified":"2023-12-11T17:44:42+00:00","mainEntityOfPage":{"@id":"https:\/\/cnewa.org\/es\/promoviendo-la-inclusion-desarrollar-habilidades-e-independencia\/"},"wordCount":245,"publisher":{"@id":"https:\/\/cnewa.org\/es\/#organization"},"image":{"@id":"https:\/\/cnewa.org\/es\/promoviendo-la-inclusion-desarrollar-habilidades-e-independencia\/#primaryimage"},"thumbnailUrl":"https:\/\/cnewa.org\/es\/wp-content\/uploads\/sites\/5\/2023\/12\/ES_PromotingInclusion_1.jpg","articleSection":["Multimedia","Etiop\u00eda"],"inLanguage":"es"},{"@type":"WebPage","@id":"https:\/\/cnewa.org\/es\/promoviendo-la-inclusion-desarrollar-habilidades-e-independencia\/","url":"https:\/\/cnewa.org\/es\/promoviendo-la-inclusion-desarrollar-habilidades-e-independencia\/","name":"Promoviendo la Inclusi\u00f3n: Desarrollar Habilidades e Independencia | CNEWA Espa\u00f1ol","isPartOf":{"@id":"https:\/\/cnewa.org\/es\/#website"},"primaryImageOfPage":{"@id":"https:\/\/cnewa.org\/es\/promoviendo-la-inclusion-desarrollar-habilidades-e-independencia\/#primaryimage"},"image":{"@id":"https:\/\/cnewa.org\/es\/promoviendo-la-inclusion-desarrollar-habilidades-e-independencia\/#primaryimage"},"thumbnailUrl":"https:\/\/cnewa.org\/es\/wp-content\/uploads\/sites\/5\/2023\/12\/ES_PromotingInclusion_1.jpg","datePublished":"2023-12-11T17:44:41+00:00","dateModified":"2023-12-11T17:44:42+00:00","description":"El Papa Francisco ha pedido oraciones por las personas con discapacidad. CNEWA promueve programas de inclusi\u00f3n para discapacitados.","breadcrumb":{"@id":"https:\/\/cnewa.org\/es\/promoviendo-la-inclusion-desarrollar-habilidades-e-independencia\/#breadcrumb"},"inLanguage":"es","potentialAction":[{"@type":"ReadAction","target":["https:\/\/cnewa.org\/es\/promoviendo-la-inclusion-desarrollar-habilidades-e-independencia\/"]}]},{"@type":"ImageObject","inLanguage":"es","@id":"https:\/\/cnewa.org\/es\/promoviendo-la-inclusion-desarrollar-habilidades-e-independencia\/#primaryimage","url":"https:\/\/cnewa.org\/es\/wp-content\/uploads\/sites\/5\/2023\/12\/ES_PromotingInclusion_1.jpg","contentUrl":"https:\/\/cnewa.org\/es\/wp-content\/uploads\/sites\/5\/2023\/12\/ES_PromotingInclusion_1.jpg","width":1800,"height":1260,"caption":"Un estudiante del internado para ciegos San Rafael en Azezo, Etiop\u00eda, lee braille en clase. (foto: Petterik Wiggers)"},{"@type":"BreadcrumbList","@id":"https:\/\/cnewa.org\/es\/promoviendo-la-inclusion-desarrollar-habilidades-e-independencia\/#breadcrumb","itemListElement":[{"@type":"ListItem","position":1,"name":"Inicio","item":"https:\/\/cnewa.org\/es\/"},{"@type":"ListItem","position":2,"name":"Etiop\u00eda","item":"https:\/\/cnewa.org\/es\/categoria\/etiopia\/"},{"@type":"ListItem","position":3,"name":"Promoviendo la Inclusi\u00f3n: Desarrollar Habilidades e Independencia"}]},{"@type":"WebSite","@id":"https:\/\/cnewa.org\/es\/#website","url":"https:\/\/cnewa.org\/es\/","name":"CNEWA Espa\u00f1ol","description":"Asociaci\u00f3n Cat\u00f3lica para el Bienestar del Cercano Oriente","publisher":{"@id":"https:\/\/cnewa.org\/es\/#organization"},"potentialAction":[{"@type":"SearchAction","target":{"@type":"EntryPoint","urlTemplate":"https:\/\/cnewa.org\/es\/?s={search_term_string}"},"query-input":{"@type":"PropertyValueSpecification","valueRequired":true,"valueName":"search_term_string"}}],"inLanguage":"es"},{"@type":"Organization","@id":"https:\/\/cnewa.org\/es\/#organization","name":"CNEWA Espa\u00f1ol","alternateName":"Asociaci\u00f3n Cat\u00f3lica para el Bienestar del Cercano Oriente","url":"https:\/\/cnewa.org\/es\/","logo":{"@type":"ImageObject","inLanguage":"es","@id":"https:\/\/cnewa.org\/es\/#\/schema\/logo\/image\/","url":"https:\/\/cnewa.org\/es\/wp-content\/uploads\/sites\/5\/2021\/07\/CNEWA-brand-logo.png","contentUrl":"https:\/\/cnewa.org\/es\/wp-content\/uploads\/sites\/5\/2021\/07\/CNEWA-brand-logo.png","width":1000,"height":1000,"caption":"CNEWA Espa\u00f1ol"},"image":{"@id":"https:\/\/cnewa.org\/es\/#\/schema\/logo\/image\/"},"sameAs":["https:\/\/www.facebook.com\/CNEWAenespanol\/","https:\/\/www.instagram.com\/cnewa1926\/","https:\/\/www.youtube.com\/user\/TheCNEWA"]},{"@type":"Person","name":"CNEWA Staff"}]}},"_links":{"self":[{"href":"https:\/\/cnewa.org\/es\/wp-json\/wp\/v2\/posts\/4343","targetHints":{"allow":["GET"]}}],"collection":[{"href":"https:\/\/cnewa.org\/es\/wp-json\/wp\/v2\/posts"}],"about":[{"href":"https:\/\/cnewa.org\/es\/wp-json\/wp\/v2\/types\/post"}],"author":[{"embeddable":true,"href":"https:\/\/cnewa.org\/es\/wp-json\/wp\/v2\/users\/70019"}],"replies":[{"embeddable":true,"href":"https:\/\/cnewa.org\/es\/wp-json\/wp\/v2\/comments?post=4343"}],"version-history":[{"count":7,"href":"https:\/\/cnewa.org\/es\/wp-json\/wp\/v2\/posts\/4343\/revisions"}],"predecessor-version":[{"id":4353,"href":"https:\/\/cnewa.org\/es\/wp-json\/wp\/v2\/posts\/4343\/revisions\/4353"}],"wp:featuredmedia":[{"embeddable":true,"href":"https:\/\/cnewa.org\/es\/wp-json\/wp\/v2\/media\/4348"}],"wp:attachment":[{"href":"https:\/\/cnewa.org\/es\/wp-json\/wp\/v2\/media?parent=4343"}],"wp:term":[{"taxonomy":"category","embeddable":true,"href":"https:\/\/cnewa.org\/es\/wp-json\/wp\/v2\/categories?post=4343"}],"curies":[{"name":"wp","href":"https:\/\/api.w.org\/{rel}","templated":true}]}}