{"id":4388,"date":"2023-12-29T08:31:46","date_gmt":"2023-12-29T13:31:46","guid":{"rendered":"https:\/\/cnewa.org\/es\/?p=4388"},"modified":"2024-02-01T10:40:16","modified_gmt":"2024-02-01T15:40:16","slug":"conexiones-con-mons-peter-cobijar-al-principe-de-la-paz","status":"publish","type":"post","link":"https:\/\/cnewa.org\/es\/conexiones-con-mons-peter-cobijar-al-principe-de-la-paz\/","title":{"rendered":"Conexiones con Mons. Peter: Cobijar al Pr\u00edncipe de la Paz"},"content":{"rendered":"\n<h2 class=\"wp-block-heading\" id=\"h-aunque-la-plaza-del-pesebre-esta-vacia-sin-un-arbol-de-navidad-y-las-festividades-civicas-han-sido-silenciadas-en-belen-en-esta-temporada-navidena-mons-peter-i-vaccari-viajo-a-la-iglesia-de-la-natividad-para-transmitir-conexiones-con-mons-peter-desde-la-gruta-donde-se-cree-que-nacio-cristo\">Aunque la Plaza del Pesebre est\u00e1 vac\u00eda, sin un \u00e1rbol de Navidad, y las festividades c\u00edvicas han sido silenciadas en Bel\u00e9n en esta temporada navide\u00f1a, Mons. Peter I. Vaccari viaj\u00f3 a la Iglesia de la Natividad para transmitir \u201cConexiones con Mons. Peter\u201d desde la gruta donde se cree que naci\u00f3 Cristo.<\/h2>\n\n\n\n<p>El \u00faltimo cap\u00edtulo del programa de este a\u00f1o, que se emiti\u00f3 el 21 de diciembre, dio la bienvenida a Joseph Hazboun, director regional de la oficina de Jerusal\u00e9n de CNEWA-Misi\u00f3n Pontificia, y al padre Rami Asakrya, O.F.M., p\u00e1rroco de la iglesia cat\u00f3lica de Santa Catalina de Alejandr\u00eda en Bel\u00e9n.<\/p>\n\n\n\n<figure class=\"wp-block-embed is-type-video is-provider-youtube wp-block-embed-youtube wp-embed-aspect-16-9 wp-has-aspect-ratio\"><div class=\"wp-block-embed__wrapper\">\n<iframe loading=\"lazy\" title=\"Connections With Msgr. Peter: Witnesses to the Prince of Peace\" width=\"500\" height=\"281\" src=\"https:\/\/www.youtube.com\/embed\/Z8vIsT4Wi-E?feature=oembed\" frameborder=\"0\" allow=\"accelerometer; autoplay; clipboard-write; encrypted-media; gyroscope; picture-in-picture; web-share\" referrerpolicy=\"strict-origin-when-cross-origin\" allowfullscreen><\/iframe>\n<\/div><\/figure>\n\n\n\n<h3 class=\"wp-block-heading\" id=\"h-esta-es-la-fiesta-que-estamos-a-punto-de-celebrar-la-fiesta-de-la-navidad-dijo-mons-vaccari-y-por-eso-los-traemos-aqui-los-traemos-aqui-al-lugar-donde-nacio-el-principe-de-paz\">\u201cEsta es la fiesta que estamos a punto de celebrar: la fiesta de la Navidad\u201d, dijo Mons. Vaccari. Y por eso, los traemos aqu\u00ed. Los traemos aqu\u00ed, al lugar donde naci\u00f3 el Pr\u00edncipe de Paz\u201d.<\/h3>\n\n\n\n<p>\u201cPero hagamos una pausa. Pensemos en la condici\u00f3n de nuestro mundo. La paz en el mundo. La paz en esta regi\u00f3n, que ha sido tan perturbada por la violencia\u201d, continu\u00f3.<\/p>\n\n\n\n<p>Durante su estad\u00eda en Tierra Santa, Mons. Vaccari visit\u00f3 el Coll\u00e8ge de Fr\u00e8res en Jerusal\u00e9n, una escuela para 600 estudiantes dirigida por los Hermanos de La Salle y apoyada en parte por CNEWA. All\u00ed, una clase de ni\u00f1os de kindergarten cant\u00f3 una conmovedora canci\u00f3n, en la que piden \u201crecuperar su infancia\u201d.<\/p>\n\n\n\n<p>Antes de grabar \u201cConexiones\u201d, disponoble solo en ingl\u00e9s, Mons. Vaccari y el Sr. Hazboun visitaron el Hospital de la Sagrada Familia en Bel\u00e9n. El hospital cubre la mayor\u00eda de los costos de atenci\u00f3n de salud materna para los pacientes que no pueden pagar el servicio, y dependen de las donaciones de organizaciones como CNEWA-Misi\u00f3n Pontificia, dijo el Hazboun.<\/p>\n\n\n\n<p>CNEWA tambi\u00e9n apoya clases de catecismo para ni\u00f1os y j\u00f3venes, ministerio pastoral y programas de liderazgo en Tierra Santa. Dado que \u201cmiles de personas est\u00e1n ahora sin ingresos\u201d en Bel\u00e9n debido a la guerra y su efecto en la industria del turismo, el apoyo de CNEWA a estos programas es a\u00fan m\u00e1s importante, dijo Hazboun.<\/p>\n\n\n\n<p>Mons. Vaccari pidi\u00f3 a los oyentes que consideraran su papel en el misterio de la Encarnaci\u00f3n en medio de las luchas por la paz y la justicia en Tierra Santa y en todo el mundo.<\/p>\n\n\n\n<p>\u201cNuestro papel es estar unidos a ese misterio y convertirnos en agentes de Esperanza\u201d, dijo.<\/p>\n\n\n\n<p>\u201cLes agradecemos por acompa\u00f1arnos en esta ocasi\u00f3n, en la que venimos a honrar el lugar donde naci\u00f3 el Pr\u00edncipe de la Paz, el \u00fanico que va a restaurar la paz en los corazones rotos, en los pa\u00edses rotos y en las familias rotas\u201d.<\/p>\n","protected":false},"excerpt":{"rendered":"<p>Aunque la Plaza del Pesebre est\u00e1 vac\u00eda, sin un \u00e1rbol de Navidad, y las festividades c\u00edvicas han sido silenciadas en Bel\u00e9n en esta temporada navide\u00f1a, Mons. Peter I. Vaccari viaj\u00f3 a la Iglesia de la Natividad para transmitir \u201cConexiones con Mons. Peter\u201d desde la gruta donde se cree que naci\u00f3 Cristo. El \u00faltimo cap\u00edtulo del &hellip; <a href=\"https:\/\/cnewa.org\/es\/conexiones-con-mons-peter-cobijar-al-principe-de-la-paz\/\">Continued<\/a><\/p>\n","protected":false},"author":70019,"featured_media":4387,"comment_status":"closed","ping_status":"closed","sticky":false,"template":"","format":"standard","meta":{"_acf_changed":false,"footnotes":""},"categories":[98,3,91],"class_list":["post-4388","post","type-post","status-publish","format-standard","has-post-thumbnail","hentry","category-multimedia","category-noticias","category-conexiones-con-monsenor-peter"],"acf":[],"yoast_head":"<!-- This site is optimized with the Yoast SEO Premium plugin v27.4 (Yoast SEO v27.4) - https:\/\/yoast.com\/product\/yoast-seo-premium-wordpress\/ -->\n<title>Conexiones con Mons. Peter: Cobijar al Pr\u00edncipe de la Paz | CNEWA Espa\u00f1ol<\/title>\n<meta name=\"description\" content=\"Aunque este a\u00f1o no hay festividades en Bel\u00e9n, el presidente de CNEWA viaj\u00f3 a la Iglesia de la Natividad para un mensaje navide\u00f1o.\" \/>\n<meta name=\"robots\" content=\"index, follow, max-snippet:-1, max-image-preview:large, max-video-preview:-1\" \/>\n<link rel=\"canonical\" href=\"https:\/\/cnewa.org\/es\/conexiones-con-mons-peter-cobijar-al-principe-de-la-paz\/\" \/>\n<meta property=\"og:locale\" content=\"es_ES\" \/>\n<meta property=\"og:type\" content=\"article\" \/>\n<meta property=\"og:title\" content=\"Conexiones con Mons. Peter: Cobijar al Pr\u00edncipe de la Paz\" \/>\n<meta property=\"og:description\" content=\"Aunque este a\u00f1o no hay festividades en Bel\u00e9n, el presidente de CNEWA viaj\u00f3 a la Iglesia de la Natividad para un mensaje navide\u00f1o.\" \/>\n<meta property=\"og:url\" content=\"https:\/\/cnewa.org\/es\/conexiones-con-mons-peter-cobijar-al-principe-de-la-paz\/\" \/>\n<meta property=\"og:site_name\" content=\"CNEWA Espa\u00f1ol\" \/>\n<meta property=\"article:publisher\" content=\"https:\/\/www.facebook.com\/CNEWAenespanol\/\" \/>\n<meta property=\"article:published_time\" content=\"2023-12-29T13:31:46+00:00\" \/>\n<meta property=\"article:modified_time\" content=\"2024-02-01T15:40:16+00:00\" \/>\n<meta property=\"og:image\" content=\"https:\/\/cnewa.org\/es\/wp-content\/uploads\/sites\/5\/2023\/12\/grotto.jpg\" \/>\n\t<meta property=\"og:image:width\" content=\"1800\" \/>\n\t<meta property=\"og:image:height\" content=\"1260\" \/>\n\t<meta property=\"og:image:type\" content=\"image\/jpeg\" \/>\n<meta name=\"author\" content=\"Olivia Poust\" \/>\n<meta name=\"twitter:card\" content=\"summary_large_image\" \/>\n<meta name=\"twitter:label1\" content=\"Escrito por\" \/>\n\t<meta name=\"twitter:data1\" content=\"David R. Aquije\" \/>\n\t<meta name=\"twitter:label2\" content=\"Tiempo de lectura\" \/>\n\t<meta name=\"twitter:data2\" content=\"3 minutos\" \/>\n<script type=\"application\/ld+json\" class=\"yoast-schema-graph\">{\"@context\":\"https:\\\/\\\/schema.org\",\"@graph\":[{\"@type\":\"Article\",\"@id\":\"https:\\\/\\\/cnewa.org\\\/es\\\/conexiones-con-mons-peter-cobijar-al-principe-de-la-paz\\\/#article\",\"isPartOf\":{\"@id\":\"https:\\\/\\\/cnewa.org\\\/es\\\/conexiones-con-mons-peter-cobijar-al-principe-de-la-paz\\\/\"},\"author\":{\"name\":\"Olivia Poust\",\"@id\":\"https:\\\/\\\/cnewa.org\\\/es\\\/#\\\/schema\\\/person\\\/d2935c46e239b59210c38997d4aedf00\"},\"headline\":\"Conexiones con Mons. Peter: Cobijar al Pr\u00edncipe de la Paz\",\"datePublished\":\"2023-12-29T13:31:46+00:00\",\"dateModified\":\"2024-02-01T15:40:16+00:00\",\"mainEntityOfPage\":{\"@id\":\"https:\\\/\\\/cnewa.org\\\/es\\\/conexiones-con-mons-peter-cobijar-al-principe-de-la-paz\\\/\"},\"wordCount\":480,\"publisher\":{\"@id\":\"https:\\\/\\\/cnewa.org\\\/es\\\/#organization\"},\"image\":{\"@id\":\"https:\\\/\\\/cnewa.org\\\/es\\\/conexiones-con-mons-peter-cobijar-al-principe-de-la-paz\\\/#primaryimage\"},\"thumbnailUrl\":\"https:\\\/\\\/cnewa.org\\\/es\\\/wp-content\\\/uploads\\\/sites\\\/5\\\/2023\\\/12\\\/grotto.jpg\",\"articleSection\":[\"Multimedia\",\"Noticias\",\"Conexiones con Monse\u00f1or Peter\"],\"inLanguage\":\"es\"},{\"@type\":\"WebPage\",\"@id\":\"https:\\\/\\\/cnewa.org\\\/es\\\/conexiones-con-mons-peter-cobijar-al-principe-de-la-paz\\\/\",\"url\":\"https:\\\/\\\/cnewa.org\\\/es\\\/conexiones-con-mons-peter-cobijar-al-principe-de-la-paz\\\/\",\"name\":\"Conexiones con Mons. Peter: Cobijar al Pr\u00edncipe de la Paz | CNEWA Espa\u00f1ol\",\"isPartOf\":{\"@id\":\"https:\\\/\\\/cnewa.org\\\/es\\\/#website\"},\"primaryImageOfPage\":{\"@id\":\"https:\\\/\\\/cnewa.org\\\/es\\\/conexiones-con-mons-peter-cobijar-al-principe-de-la-paz\\\/#primaryimage\"},\"image\":{\"@id\":\"https:\\\/\\\/cnewa.org\\\/es\\\/conexiones-con-mons-peter-cobijar-al-principe-de-la-paz\\\/#primaryimage\"},\"thumbnailUrl\":\"https:\\\/\\\/cnewa.org\\\/es\\\/wp-content\\\/uploads\\\/sites\\\/5\\\/2023\\\/12\\\/grotto.jpg\",\"datePublished\":\"2023-12-29T13:31:46+00:00\",\"dateModified\":\"2024-02-01T15:40:16+00:00\",\"description\":\"Aunque este a\u00f1o no hay festividades en Bel\u00e9n, el presidente de CNEWA viaj\u00f3 a la Iglesia de la Natividad para un mensaje navide\u00f1o.\",\"breadcrumb\":{\"@id\":\"https:\\\/\\\/cnewa.org\\\/es\\\/conexiones-con-mons-peter-cobijar-al-principe-de-la-paz\\\/#breadcrumb\"},\"inLanguage\":\"es\",\"potentialAction\":[{\"@type\":\"ReadAction\",\"target\":[\"https:\\\/\\\/cnewa.org\\\/es\\\/conexiones-con-mons-peter-cobijar-al-principe-de-la-paz\\\/\"]}]},{\"@type\":\"ImageObject\",\"inLanguage\":\"es\",\"@id\":\"https:\\\/\\\/cnewa.org\\\/es\\\/conexiones-con-mons-peter-cobijar-al-principe-de-la-paz\\\/#primaryimage\",\"url\":\"https:\\\/\\\/cnewa.org\\\/es\\\/wp-content\\\/uploads\\\/sites\\\/5\\\/2023\\\/12\\\/grotto.jpg\",\"contentUrl\":\"https:\\\/\\\/cnewa.org\\\/es\\\/wp-content\\\/uploads\\\/sites\\\/5\\\/2023\\\/12\\\/grotto.jpg\",\"width\":1800,\"height\":1260,\"caption\":\"Mons. Peter I. Vaccari toca la piedra de la gruta de la Iglesia de la Natividad, donde se cree que naci\u00f3 Cristo. (foto: CNEWA)\"},{\"@type\":\"BreadcrumbList\",\"@id\":\"https:\\\/\\\/cnewa.org\\\/es\\\/conexiones-con-mons-peter-cobijar-al-principe-de-la-paz\\\/#breadcrumb\",\"itemListElement\":[{\"@type\":\"ListItem\",\"position\":1,\"name\":\"Inicio\",\"item\":\"https:\\\/\\\/cnewa.org\\\/es\\\/\"},{\"@type\":\"ListItem\",\"position\":2,\"name\":\"Conexiones con Monse\u00f1or Peter\",\"item\":\"https:\\\/\\\/cnewa.org\\\/es\\\/categoria\\\/conexiones-con-monsenor-peter\\\/\"},{\"@type\":\"ListItem\",\"position\":3,\"name\":\"Conexiones con Mons. Peter: Cobijar al Pr\u00edncipe de la Paz\"}]},{\"@type\":\"WebSite\",\"@id\":\"https:\\\/\\\/cnewa.org\\\/es\\\/#website\",\"url\":\"https:\\\/\\\/cnewa.org\\\/es\\\/\",\"name\":\"CNEWA Espa\u00f1ol\",\"description\":\"Asociaci\u00f3n Cat\u00f3lica para el Bienestar del Cercano Oriente\",\"publisher\":{\"@id\":\"https:\\\/\\\/cnewa.org\\\/es\\\/#organization\"},\"potentialAction\":[{\"@type\":\"SearchAction\",\"target\":{\"@type\":\"EntryPoint\",\"urlTemplate\":\"https:\\\/\\\/cnewa.org\\\/es\\\/?s={search_term_string}\"},\"query-input\":{\"@type\":\"PropertyValueSpecification\",\"valueRequired\":true,\"valueName\":\"search_term_string\"}}],\"inLanguage\":\"es\"},{\"@type\":\"Organization\",\"@id\":\"https:\\\/\\\/cnewa.org\\\/es\\\/#organization\",\"name\":\"CNEWA Espa\u00f1ol\",\"alternateName\":\"Asociaci\u00f3n Cat\u00f3lica para el Bienestar del Cercano Oriente\",\"url\":\"https:\\\/\\\/cnewa.org\\\/es\\\/\",\"logo\":{\"@type\":\"ImageObject\",\"inLanguage\":\"es\",\"@id\":\"https:\\\/\\\/cnewa.org\\\/es\\\/#\\\/schema\\\/logo\\\/image\\\/\",\"url\":\"https:\\\/\\\/cnewa.org\\\/es\\\/wp-content\\\/uploads\\\/sites\\\/5\\\/2021\\\/07\\\/CNEWA-brand-logo.png\",\"contentUrl\":\"https:\\\/\\\/cnewa.org\\\/es\\\/wp-content\\\/uploads\\\/sites\\\/5\\\/2021\\\/07\\\/CNEWA-brand-logo.png\",\"width\":1000,\"height\":1000,\"caption\":\"CNEWA Espa\u00f1ol\"},\"image\":{\"@id\":\"https:\\\/\\\/cnewa.org\\\/es\\\/#\\\/schema\\\/logo\\\/image\\\/\"},\"sameAs\":[\"https:\\\/\\\/www.facebook.com\\\/CNEWAenespanol\\\/\",\"https:\\\/\\\/www.instagram.com\\\/cnewa1926\\\/\",\"https:\\\/\\\/www.youtube.com\\\/user\\\/TheCNEWA\"]},{\"@type\":\"Person\",\"name\":\"Olivia Poust\"}]}<\/script>\n<!-- \/ Yoast SEO Premium plugin. -->","yoast_head_json":{"title":"Conexiones con Mons. Peter: Cobijar al Pr\u00edncipe de la Paz | CNEWA Espa\u00f1ol","description":"Aunque este a\u00f1o no hay festividades en Bel\u00e9n, el presidente de CNEWA viaj\u00f3 a la Iglesia de la Natividad para un mensaje navide\u00f1o.","robots":{"index":"index","follow":"follow","max-snippet":"max-snippet:-1","max-image-preview":"max-image-preview:large","max-video-preview":"max-video-preview:-1"},"canonical":"https:\/\/cnewa.org\/es\/conexiones-con-mons-peter-cobijar-al-principe-de-la-paz\/","og_locale":"es_ES","og_type":"article","og_title":"Conexiones con Mons. Peter: Cobijar al Pr\u00edncipe de la Paz","og_description":"Aunque este a\u00f1o no hay festividades en Bel\u00e9n, el presidente de CNEWA viaj\u00f3 a la Iglesia de la Natividad para un mensaje navide\u00f1o.","og_url":"https:\/\/cnewa.org\/es\/conexiones-con-mons-peter-cobijar-al-principe-de-la-paz\/","og_site_name":"CNEWA Espa\u00f1ol","article_publisher":"https:\/\/www.facebook.com\/CNEWAenespanol\/","article_published_time":"2023-12-29T13:31:46+00:00","article_modified_time":"2024-02-01T15:40:16+00:00","og_image":[{"width":1800,"height":1260,"url":"https:\/\/cnewa.org\/es\/wp-content\/uploads\/sites\/5\/2023\/12\/grotto.jpg","type":"image\/jpeg"}],"author":"Olivia Poust","twitter_card":"summary_large_image","twitter_misc":{"Escrito por":"David R. Aquije","Tiempo de lectura":"3 minutos"},"schema":{"@context":"https:\/\/schema.org","@graph":[{"@type":"Article","@id":"https:\/\/cnewa.org\/es\/conexiones-con-mons-peter-cobijar-al-principe-de-la-paz\/#article","isPartOf":{"@id":"https:\/\/cnewa.org\/es\/conexiones-con-mons-peter-cobijar-al-principe-de-la-paz\/"},"author":{"name":"Olivia Poust","@id":"https:\/\/cnewa.org\/es\/#\/schema\/person\/d2935c46e239b59210c38997d4aedf00"},"headline":"Conexiones con Mons. Peter: Cobijar al Pr\u00edncipe de la Paz","datePublished":"2023-12-29T13:31:46+00:00","dateModified":"2024-02-01T15:40:16+00:00","mainEntityOfPage":{"@id":"https:\/\/cnewa.org\/es\/conexiones-con-mons-peter-cobijar-al-principe-de-la-paz\/"},"wordCount":480,"publisher":{"@id":"https:\/\/cnewa.org\/es\/#organization"},"image":{"@id":"https:\/\/cnewa.org\/es\/conexiones-con-mons-peter-cobijar-al-principe-de-la-paz\/#primaryimage"},"thumbnailUrl":"https:\/\/cnewa.org\/es\/wp-content\/uploads\/sites\/5\/2023\/12\/grotto.jpg","articleSection":["Multimedia","Noticias","Conexiones con Monse\u00f1or Peter"],"inLanguage":"es"},{"@type":"WebPage","@id":"https:\/\/cnewa.org\/es\/conexiones-con-mons-peter-cobijar-al-principe-de-la-paz\/","url":"https:\/\/cnewa.org\/es\/conexiones-con-mons-peter-cobijar-al-principe-de-la-paz\/","name":"Conexiones con Mons. Peter: Cobijar al Pr\u00edncipe de la Paz | CNEWA Espa\u00f1ol","isPartOf":{"@id":"https:\/\/cnewa.org\/es\/#website"},"primaryImageOfPage":{"@id":"https:\/\/cnewa.org\/es\/conexiones-con-mons-peter-cobijar-al-principe-de-la-paz\/#primaryimage"},"image":{"@id":"https:\/\/cnewa.org\/es\/conexiones-con-mons-peter-cobijar-al-principe-de-la-paz\/#primaryimage"},"thumbnailUrl":"https:\/\/cnewa.org\/es\/wp-content\/uploads\/sites\/5\/2023\/12\/grotto.jpg","datePublished":"2023-12-29T13:31:46+00:00","dateModified":"2024-02-01T15:40:16+00:00","description":"Aunque este a\u00f1o no hay festividades en Bel\u00e9n, el presidente de CNEWA viaj\u00f3 a la Iglesia de la Natividad para un mensaje navide\u00f1o.","breadcrumb":{"@id":"https:\/\/cnewa.org\/es\/conexiones-con-mons-peter-cobijar-al-principe-de-la-paz\/#breadcrumb"},"inLanguage":"es","potentialAction":[{"@type":"ReadAction","target":["https:\/\/cnewa.org\/es\/conexiones-con-mons-peter-cobijar-al-principe-de-la-paz\/"]}]},{"@type":"ImageObject","inLanguage":"es","@id":"https:\/\/cnewa.org\/es\/conexiones-con-mons-peter-cobijar-al-principe-de-la-paz\/#primaryimage","url":"https:\/\/cnewa.org\/es\/wp-content\/uploads\/sites\/5\/2023\/12\/grotto.jpg","contentUrl":"https:\/\/cnewa.org\/es\/wp-content\/uploads\/sites\/5\/2023\/12\/grotto.jpg","width":1800,"height":1260,"caption":"Mons. Peter I. Vaccari toca la piedra de la gruta de la Iglesia de la Natividad, donde se cree que naci\u00f3 Cristo. (foto: CNEWA)"},{"@type":"BreadcrumbList","@id":"https:\/\/cnewa.org\/es\/conexiones-con-mons-peter-cobijar-al-principe-de-la-paz\/#breadcrumb","itemListElement":[{"@type":"ListItem","position":1,"name":"Inicio","item":"https:\/\/cnewa.org\/es\/"},{"@type":"ListItem","position":2,"name":"Conexiones con Monse\u00f1or Peter","item":"https:\/\/cnewa.org\/es\/categoria\/conexiones-con-monsenor-peter\/"},{"@type":"ListItem","position":3,"name":"Conexiones con Mons. Peter: Cobijar al Pr\u00edncipe de la Paz"}]},{"@type":"WebSite","@id":"https:\/\/cnewa.org\/es\/#website","url":"https:\/\/cnewa.org\/es\/","name":"CNEWA Espa\u00f1ol","description":"Asociaci\u00f3n Cat\u00f3lica para el Bienestar del Cercano Oriente","publisher":{"@id":"https:\/\/cnewa.org\/es\/#organization"},"potentialAction":[{"@type":"SearchAction","target":{"@type":"EntryPoint","urlTemplate":"https:\/\/cnewa.org\/es\/?s={search_term_string}"},"query-input":{"@type":"PropertyValueSpecification","valueRequired":true,"valueName":"search_term_string"}}],"inLanguage":"es"},{"@type":"Organization","@id":"https:\/\/cnewa.org\/es\/#organization","name":"CNEWA Espa\u00f1ol","alternateName":"Asociaci\u00f3n Cat\u00f3lica para el Bienestar del Cercano Oriente","url":"https:\/\/cnewa.org\/es\/","logo":{"@type":"ImageObject","inLanguage":"es","@id":"https:\/\/cnewa.org\/es\/#\/schema\/logo\/image\/","url":"https:\/\/cnewa.org\/es\/wp-content\/uploads\/sites\/5\/2021\/07\/CNEWA-brand-logo.png","contentUrl":"https:\/\/cnewa.org\/es\/wp-content\/uploads\/sites\/5\/2021\/07\/CNEWA-brand-logo.png","width":1000,"height":1000,"caption":"CNEWA Espa\u00f1ol"},"image":{"@id":"https:\/\/cnewa.org\/es\/#\/schema\/logo\/image\/"},"sameAs":["https:\/\/www.facebook.com\/CNEWAenespanol\/","https:\/\/www.instagram.com\/cnewa1926\/","https:\/\/www.youtube.com\/user\/TheCNEWA"]},{"@type":"Person","name":"Olivia Poust"}]}},"_links":{"self":[{"href":"https:\/\/cnewa.org\/es\/wp-json\/wp\/v2\/posts\/4388","targetHints":{"allow":["GET"]}}],"collection":[{"href":"https:\/\/cnewa.org\/es\/wp-json\/wp\/v2\/posts"}],"about":[{"href":"https:\/\/cnewa.org\/es\/wp-json\/wp\/v2\/types\/post"}],"author":[{"embeddable":true,"href":"https:\/\/cnewa.org\/es\/wp-json\/wp\/v2\/users\/70019"}],"replies":[{"embeddable":true,"href":"https:\/\/cnewa.org\/es\/wp-json\/wp\/v2\/comments?post=4388"}],"version-history":[{"count":8,"href":"https:\/\/cnewa.org\/es\/wp-json\/wp\/v2\/posts\/4388\/revisions"}],"predecessor-version":[{"id":4528,"href":"https:\/\/cnewa.org\/es\/wp-json\/wp\/v2\/posts\/4388\/revisions\/4528"}],"wp:featuredmedia":[{"embeddable":true,"href":"https:\/\/cnewa.org\/es\/wp-json\/wp\/v2\/media\/4387"}],"wp:attachment":[{"href":"https:\/\/cnewa.org\/es\/wp-json\/wp\/v2\/media?parent=4388"}],"wp:term":[{"taxonomy":"category","embeddable":true,"href":"https:\/\/cnewa.org\/es\/wp-json\/wp\/v2\/categories?post=4388"}],"curies":[{"name":"wp","href":"https:\/\/api.w.org\/{rel}","templated":true}]}}