{"id":4533,"date":"2024-02-02T12:19:29","date_gmt":"2024-02-02T17:19:29","guid":{"rendered":"https:\/\/cnewa.org\/es\/?p=4533"},"modified":"2025-10-31T10:34:14","modified_gmt":"2025-10-31T14:34:14","slug":"concierto-por-la-paz-en-staten-island","status":"publish","type":"post","link":"https:\/\/cnewa.org\/es\/concierto-por-la-paz-en-staten-island\/","title":{"rendered":"Concierto por la Paz en Staten Island"},"content":{"rendered":"\n<h2 class=\"wp-block-heading\" id=\"h-la-asociacion-catolica-para-el-bienestar-del-cercano-oriente-cnewa-y-la-escuela-secundaria-san-jose-del-mar-de-staten-island-nueva-york-estan-organizando-un-concierto-por-la-paz-en-vivo-el-miercoles-21-de-febrero-a-las-7-p-m-nbsp\">La Asociaci\u00f3n Cat\u00f3lica para el Bienestar del Cercano Oriente, CNEWA, y la escuela secundaria San Jos\u00e9 del Mar de Staten Island, Nueva York, est\u00e1n organizando un Concierto por la Paz en vivo el mi\u00e9rcoles 21 de febrero a las 7 p.m.&nbsp;<\/h2>\n\n\n\n<p>Los asistentes al concierto disfrutar\u00e1n de actuaciones en vivo de los estudiantes de varias escuelas cat\u00f3licas de Staten Island, uno de los cinco distritos de la ciudad de Nueva York. \u00danase a los estudiantes de la Academia Cat\u00f3lica Padre Vincent Capodanno, Nuestra Se\u00f1ora del Buen Consejo, Nuestra Se\u00f1ora Estrella del Mar, Nuestra Se\u00f1ora Reina de la Paz, Sagrado Coraz\u00f3n, Sant\u00edsimo Sacramento, Academia STREAM Santa Teresa-Santa Rita, San Patricio, Santa Anna, Academia de Santa Dorotea, Academia San Jos\u00e9 Hill, San Carlos, as\u00ed como al Coro de San Jos\u00e9 del Mar mientras cuentan la historia de CNEWA a trav\u00e9s de canciones y artes visuales.&nbsp;<\/p>\n\n\n\n<p>Los boletos cuestan $20 por persona y son limitados. Tambi\u00e9n se puede patrocinar el evento en varios niveles, como Patrocinador del Evento a $1.000, Patrocinador de Escuela Primaria a $500 y Patrocinador de Anuncios de Revista Digital a $ 250. Las entradas pueden comprarse y\/o los patrocinios pueden obtenerse, de forma segura, visitando <a href=\"https:\/\/josephsea.org\/\" target=\"_blank\" rel=\"noreferrer noopener\">https:\/\/josephsea.org\/<\/a>.<\/p>\n\n\n\n<h3 class=\"wp-block-heading\" id=\"h-el-concierto-tambien-sera-transmitido-en-vivo-por-la-escuela-secundaria-cuyos-estudiantes-producen-un-programa-de-noticias-en-vivo-todas-las-mananas\">El concierto tambi\u00e9n ser\u00e1 transmitido en vivo por la escuela secundaria, cuyos estudiantes producen un programa de noticias en vivo todas las ma\u00f1anas.<\/h3>\n\n\n\n<figure class=\"wp-block-image size-large\"><img loading=\"lazy\" decoding=\"async\" width=\"791\" height=\"1024\" src=\"https:\/\/cnewa.org\/es\/wp-content\/uploads\/sites\/5\/2024\/02\/image001-2-791x1024.jpg\" alt=\"\" class=\"wp-image-4534\" srcset=\"https:\/\/cnewa.org\/es\/wp-content\/uploads\/sites\/5\/2024\/02\/image001-2-791x1024.jpg 791w, https:\/\/cnewa.org\/es\/wp-content\/uploads\/sites\/5\/2024\/02\/image001-2-232x300.jpg 232w, https:\/\/cnewa.org\/es\/wp-content\/uploads\/sites\/5\/2024\/02\/image001-2-768x994.jpg 768w, https:\/\/cnewa.org\/es\/wp-content\/uploads\/sites\/5\/2024\/02\/image001-2-1187x1536.jpg 1187w, https:\/\/cnewa.org\/es\/wp-content\/uploads\/sites\/5\/2024\/02\/image001-2.jpg 1545w\" sizes=\"auto, (max-width: 791px) 100vw, 791px\" \/><\/figure>\n","protected":false},"excerpt":{"rendered":"<p>CNEWA y la escuela secundaria San Jos\u00e9 del Mar de Staten Island, Nueva York, est\u00e1n organizando un Concierto por la Paz que contar\u00e1 con actuaciones de estudiantes el 21 de febrero.<\/p>\n","protected":false},"author":70019,"featured_media":4531,"comment_status":"closed","ping_status":"closed","sticky":false,"template":"","format":"standard","meta":{"_acf_changed":false,"footnotes":""},"categories":[3],"class_list":["post-4533","post","type-post","status-publish","format-standard","has-post-thumbnail","hentry","category-noticias"],"acf":[],"yoast_head":"<!-- This site is optimized with the Yoast SEO Premium plugin v27.3 (Yoast SEO v27.3) - https:\/\/yoast.com\/product\/yoast-seo-premium-wordpress\/ -->\n<title>Concierto por la Paz en Staten Island | CNEWA Espa\u00f1ol<\/title>\n<meta name=\"description\" content=\"CNEWA, y la escuela secundaria San Jos\u00e9 del Mar de Staten Island, NY, organizan un Concierto por la Paz en vivo el mi\u00e9rcoles 21 de febrero.\" \/>\n<meta name=\"robots\" content=\"index, follow, max-snippet:-1, max-image-preview:large, max-video-preview:-1\" \/>\n<link rel=\"canonical\" href=\"https:\/\/cnewa.org\/es\/concierto-por-la-paz-en-staten-island\/\" \/>\n<meta property=\"og:locale\" content=\"es_ES\" \/>\n<meta property=\"og:type\" content=\"article\" \/>\n<meta property=\"og:title\" content=\"Concierto por la Paz en Staten Island\" \/>\n<meta property=\"og:description\" content=\"CNEWA, y la escuela secundaria San Jos\u00e9 del Mar de Staten Island, NY, organizan un Concierto por la Paz en vivo el mi\u00e9rcoles 21 de febrero.\" \/>\n<meta property=\"og:url\" content=\"https:\/\/cnewa.org\/es\/concierto-por-la-paz-en-staten-island\/\" \/>\n<meta property=\"og:site_name\" content=\"CNEWA Espa\u00f1ol\" \/>\n<meta property=\"article:publisher\" content=\"https:\/\/www.facebook.com\/CNEWAenespanol\/\" \/>\n<meta property=\"article:published_time\" content=\"2024-02-02T17:19:29+00:00\" \/>\n<meta property=\"article:modified_time\" content=\"2025-10-31T14:34:14+00:00\" \/>\n<meta property=\"og:image\" content=\"https:\/\/cnewa.org\/es\/wp-content\/uploads\/sites\/5\/2024\/02\/image001.jpg\" \/>\n\t<meta property=\"og:image:width\" content=\"1535\" \/>\n\t<meta property=\"og:image:height\" content=\"1126\" \/>\n\t<meta property=\"og:image:type\" content=\"image\/jpeg\" \/>\n<meta name=\"author\" content=\"CNEWA Staff\" \/>\n<meta name=\"twitter:card\" content=\"summary_large_image\" \/>\n<meta name=\"twitter:label1\" content=\"Escrito por\" \/>\n\t<meta name=\"twitter:data1\" content=\"David R. Aquije\" \/>\n\t<meta name=\"twitter:label2\" content=\"Tiempo de lectura\" \/>\n\t<meta name=\"twitter:data2\" content=\"2 minutos\" \/>\n<script type=\"application\/ld+json\" class=\"yoast-schema-graph\">{\"@context\":\"https:\\\/\\\/schema.org\",\"@graph\":[{\"@type\":\"Article\",\"@id\":\"https:\\\/\\\/cnewa.org\\\/es\\\/concierto-por-la-paz-en-staten-island\\\/#article\",\"isPartOf\":{\"@id\":\"https:\\\/\\\/cnewa.org\\\/es\\\/concierto-por-la-paz-en-staten-island\\\/\"},\"author\":{\"name\":\"CNEWA Staff\",\"@id\":\"https:\\\/\\\/cnewa.org\\\/es\\\/#\\\/schema\\\/person\\\/d2935c46e239b59210c38997d4aedf00\"},\"headline\":\"Concierto por la Paz en Staten Island\",\"datePublished\":\"2024-02-02T17:19:29+00:00\",\"dateModified\":\"2025-10-31T14:34:14+00:00\",\"mainEntityOfPage\":{\"@id\":\"https:\\\/\\\/cnewa.org\\\/es\\\/concierto-por-la-paz-en-staten-island\\\/\"},\"wordCount\":242,\"publisher\":{\"@id\":\"https:\\\/\\\/cnewa.org\\\/es\\\/#organization\"},\"image\":{\"@id\":\"https:\\\/\\\/cnewa.org\\\/es\\\/concierto-por-la-paz-en-staten-island\\\/#primaryimage\"},\"thumbnailUrl\":\"https:\\\/\\\/cnewa.org\\\/es\\\/wp-content\\\/uploads\\\/sites\\\/5\\\/2024\\\/02\\\/image001.jpg\",\"articleSection\":[\"Noticias\"],\"inLanguage\":\"es\"},{\"@type\":\"WebPage\",\"@id\":\"https:\\\/\\\/cnewa.org\\\/es\\\/concierto-por-la-paz-en-staten-island\\\/\",\"url\":\"https:\\\/\\\/cnewa.org\\\/es\\\/concierto-por-la-paz-en-staten-island\\\/\",\"name\":\"Concierto por la Paz en Staten Island | CNEWA Espa\u00f1ol\",\"isPartOf\":{\"@id\":\"https:\\\/\\\/cnewa.org\\\/es\\\/#website\"},\"primaryImageOfPage\":{\"@id\":\"https:\\\/\\\/cnewa.org\\\/es\\\/concierto-por-la-paz-en-staten-island\\\/#primaryimage\"},\"image\":{\"@id\":\"https:\\\/\\\/cnewa.org\\\/es\\\/concierto-por-la-paz-en-staten-island\\\/#primaryimage\"},\"thumbnailUrl\":\"https:\\\/\\\/cnewa.org\\\/es\\\/wp-content\\\/uploads\\\/sites\\\/5\\\/2024\\\/02\\\/image001.jpg\",\"datePublished\":\"2024-02-02T17:19:29+00:00\",\"dateModified\":\"2025-10-31T14:34:14+00:00\",\"description\":\"CNEWA, y la escuela secundaria San Jos\u00e9 del Mar de Staten Island, NY, organizan un Concierto por la Paz en vivo el mi\u00e9rcoles 21 de febrero.\",\"breadcrumb\":{\"@id\":\"https:\\\/\\\/cnewa.org\\\/es\\\/concierto-por-la-paz-en-staten-island\\\/#breadcrumb\"},\"inLanguage\":\"es\",\"potentialAction\":[{\"@type\":\"ReadAction\",\"target\":[\"https:\\\/\\\/cnewa.org\\\/es\\\/concierto-por-la-paz-en-staten-island\\\/\"]}]},{\"@type\":\"ImageObject\",\"inLanguage\":\"es\",\"@id\":\"https:\\\/\\\/cnewa.org\\\/es\\\/concierto-por-la-paz-en-staten-island\\\/#primaryimage\",\"url\":\"https:\\\/\\\/cnewa.org\\\/es\\\/wp-content\\\/uploads\\\/sites\\\/5\\\/2024\\\/02\\\/image001.jpg\",\"contentUrl\":\"https:\\\/\\\/cnewa.org\\\/es\\\/wp-content\\\/uploads\\\/sites\\\/5\\\/2024\\\/02\\\/image001.jpg\",\"width\":1535,\"height\":1126},{\"@type\":\"BreadcrumbList\",\"@id\":\"https:\\\/\\\/cnewa.org\\\/es\\\/concierto-por-la-paz-en-staten-island\\\/#breadcrumb\",\"itemListElement\":[{\"@type\":\"ListItem\",\"position\":1,\"name\":\"Inicio\",\"item\":\"https:\\\/\\\/cnewa.org\\\/es\\\/\"},{\"@type\":\"ListItem\",\"position\":2,\"name\":\"Noticias\",\"item\":\"https:\\\/\\\/cnewa.org\\\/es\\\/categoria\\\/noticias\\\/\"},{\"@type\":\"ListItem\",\"position\":3,\"name\":\"Concierto por la Paz en Staten Island\"}]},{\"@type\":\"WebSite\",\"@id\":\"https:\\\/\\\/cnewa.org\\\/es\\\/#website\",\"url\":\"https:\\\/\\\/cnewa.org\\\/es\\\/\",\"name\":\"CNEWA Espa\u00f1ol\",\"description\":\"Asociaci\u00f3n Cat\u00f3lica para el Bienestar del Cercano Oriente\",\"publisher\":{\"@id\":\"https:\\\/\\\/cnewa.org\\\/es\\\/#organization\"},\"potentialAction\":[{\"@type\":\"SearchAction\",\"target\":{\"@type\":\"EntryPoint\",\"urlTemplate\":\"https:\\\/\\\/cnewa.org\\\/es\\\/?s={search_term_string}\"},\"query-input\":{\"@type\":\"PropertyValueSpecification\",\"valueRequired\":true,\"valueName\":\"search_term_string\"}}],\"inLanguage\":\"es\"},{\"@type\":\"Organization\",\"@id\":\"https:\\\/\\\/cnewa.org\\\/es\\\/#organization\",\"name\":\"CNEWA Espa\u00f1ol\",\"alternateName\":\"Asociaci\u00f3n Cat\u00f3lica para el Bienestar del Cercano Oriente\",\"url\":\"https:\\\/\\\/cnewa.org\\\/es\\\/\",\"logo\":{\"@type\":\"ImageObject\",\"inLanguage\":\"es\",\"@id\":\"https:\\\/\\\/cnewa.org\\\/es\\\/#\\\/schema\\\/logo\\\/image\\\/\",\"url\":\"https:\\\/\\\/cnewa.org\\\/es\\\/wp-content\\\/uploads\\\/sites\\\/5\\\/2021\\\/07\\\/CNEWA-brand-logo.png\",\"contentUrl\":\"https:\\\/\\\/cnewa.org\\\/es\\\/wp-content\\\/uploads\\\/sites\\\/5\\\/2021\\\/07\\\/CNEWA-brand-logo.png\",\"width\":1000,\"height\":1000,\"caption\":\"CNEWA Espa\u00f1ol\"},\"image\":{\"@id\":\"https:\\\/\\\/cnewa.org\\\/es\\\/#\\\/schema\\\/logo\\\/image\\\/\"},\"sameAs\":[\"https:\\\/\\\/www.facebook.com\\\/CNEWAenespanol\\\/\",\"https:\\\/\\\/www.instagram.com\\\/cnewa1926\\\/\",\"https:\\\/\\\/www.youtube.com\\\/user\\\/TheCNEWA\"]},{\"@type\":\"Person\",\"name\":\"CNEWA Staff\"}]}<\/script>\n<!-- \/ Yoast SEO Premium plugin. -->","yoast_head_json":{"title":"Concierto por la Paz en Staten Island | CNEWA Espa\u00f1ol","description":"CNEWA, y la escuela secundaria San Jos\u00e9 del Mar de Staten Island, NY, organizan un Concierto por la Paz en vivo el mi\u00e9rcoles 21 de febrero.","robots":{"index":"index","follow":"follow","max-snippet":"max-snippet:-1","max-image-preview":"max-image-preview:large","max-video-preview":"max-video-preview:-1"},"canonical":"https:\/\/cnewa.org\/es\/concierto-por-la-paz-en-staten-island\/","og_locale":"es_ES","og_type":"article","og_title":"Concierto por la Paz en Staten Island","og_description":"CNEWA, y la escuela secundaria San Jos\u00e9 del Mar de Staten Island, NY, organizan un Concierto por la Paz en vivo el mi\u00e9rcoles 21 de febrero.","og_url":"https:\/\/cnewa.org\/es\/concierto-por-la-paz-en-staten-island\/","og_site_name":"CNEWA Espa\u00f1ol","article_publisher":"https:\/\/www.facebook.com\/CNEWAenespanol\/","article_published_time":"2024-02-02T17:19:29+00:00","article_modified_time":"2025-10-31T14:34:14+00:00","og_image":[{"width":1535,"height":1126,"url":"https:\/\/cnewa.org\/es\/wp-content\/uploads\/sites\/5\/2024\/02\/image001.jpg","type":"image\/jpeg"}],"author":"CNEWA Staff","twitter_card":"summary_large_image","twitter_misc":{"Escrito por":"David R. Aquije","Tiempo de lectura":"2 minutos"},"schema":{"@context":"https:\/\/schema.org","@graph":[{"@type":"Article","@id":"https:\/\/cnewa.org\/es\/concierto-por-la-paz-en-staten-island\/#article","isPartOf":{"@id":"https:\/\/cnewa.org\/es\/concierto-por-la-paz-en-staten-island\/"},"author":{"name":"CNEWA Staff","@id":"https:\/\/cnewa.org\/es\/#\/schema\/person\/d2935c46e239b59210c38997d4aedf00"},"headline":"Concierto por la Paz en Staten Island","datePublished":"2024-02-02T17:19:29+00:00","dateModified":"2025-10-31T14:34:14+00:00","mainEntityOfPage":{"@id":"https:\/\/cnewa.org\/es\/concierto-por-la-paz-en-staten-island\/"},"wordCount":242,"publisher":{"@id":"https:\/\/cnewa.org\/es\/#organization"},"image":{"@id":"https:\/\/cnewa.org\/es\/concierto-por-la-paz-en-staten-island\/#primaryimage"},"thumbnailUrl":"https:\/\/cnewa.org\/es\/wp-content\/uploads\/sites\/5\/2024\/02\/image001.jpg","articleSection":["Noticias"],"inLanguage":"es"},{"@type":"WebPage","@id":"https:\/\/cnewa.org\/es\/concierto-por-la-paz-en-staten-island\/","url":"https:\/\/cnewa.org\/es\/concierto-por-la-paz-en-staten-island\/","name":"Concierto por la Paz en Staten Island | CNEWA Espa\u00f1ol","isPartOf":{"@id":"https:\/\/cnewa.org\/es\/#website"},"primaryImageOfPage":{"@id":"https:\/\/cnewa.org\/es\/concierto-por-la-paz-en-staten-island\/#primaryimage"},"image":{"@id":"https:\/\/cnewa.org\/es\/concierto-por-la-paz-en-staten-island\/#primaryimage"},"thumbnailUrl":"https:\/\/cnewa.org\/es\/wp-content\/uploads\/sites\/5\/2024\/02\/image001.jpg","datePublished":"2024-02-02T17:19:29+00:00","dateModified":"2025-10-31T14:34:14+00:00","description":"CNEWA, y la escuela secundaria San Jos\u00e9 del Mar de Staten Island, NY, organizan un Concierto por la Paz en vivo el mi\u00e9rcoles 21 de febrero.","breadcrumb":{"@id":"https:\/\/cnewa.org\/es\/concierto-por-la-paz-en-staten-island\/#breadcrumb"},"inLanguage":"es","potentialAction":[{"@type":"ReadAction","target":["https:\/\/cnewa.org\/es\/concierto-por-la-paz-en-staten-island\/"]}]},{"@type":"ImageObject","inLanguage":"es","@id":"https:\/\/cnewa.org\/es\/concierto-por-la-paz-en-staten-island\/#primaryimage","url":"https:\/\/cnewa.org\/es\/wp-content\/uploads\/sites\/5\/2024\/02\/image001.jpg","contentUrl":"https:\/\/cnewa.org\/es\/wp-content\/uploads\/sites\/5\/2024\/02\/image001.jpg","width":1535,"height":1126},{"@type":"BreadcrumbList","@id":"https:\/\/cnewa.org\/es\/concierto-por-la-paz-en-staten-island\/#breadcrumb","itemListElement":[{"@type":"ListItem","position":1,"name":"Inicio","item":"https:\/\/cnewa.org\/es\/"},{"@type":"ListItem","position":2,"name":"Noticias","item":"https:\/\/cnewa.org\/es\/categoria\/noticias\/"},{"@type":"ListItem","position":3,"name":"Concierto por la Paz en Staten Island"}]},{"@type":"WebSite","@id":"https:\/\/cnewa.org\/es\/#website","url":"https:\/\/cnewa.org\/es\/","name":"CNEWA Espa\u00f1ol","description":"Asociaci\u00f3n Cat\u00f3lica para el Bienestar del Cercano Oriente","publisher":{"@id":"https:\/\/cnewa.org\/es\/#organization"},"potentialAction":[{"@type":"SearchAction","target":{"@type":"EntryPoint","urlTemplate":"https:\/\/cnewa.org\/es\/?s={search_term_string}"},"query-input":{"@type":"PropertyValueSpecification","valueRequired":true,"valueName":"search_term_string"}}],"inLanguage":"es"},{"@type":"Organization","@id":"https:\/\/cnewa.org\/es\/#organization","name":"CNEWA Espa\u00f1ol","alternateName":"Asociaci\u00f3n Cat\u00f3lica para el Bienestar del Cercano Oriente","url":"https:\/\/cnewa.org\/es\/","logo":{"@type":"ImageObject","inLanguage":"es","@id":"https:\/\/cnewa.org\/es\/#\/schema\/logo\/image\/","url":"https:\/\/cnewa.org\/es\/wp-content\/uploads\/sites\/5\/2021\/07\/CNEWA-brand-logo.png","contentUrl":"https:\/\/cnewa.org\/es\/wp-content\/uploads\/sites\/5\/2021\/07\/CNEWA-brand-logo.png","width":1000,"height":1000,"caption":"CNEWA Espa\u00f1ol"},"image":{"@id":"https:\/\/cnewa.org\/es\/#\/schema\/logo\/image\/"},"sameAs":["https:\/\/www.facebook.com\/CNEWAenespanol\/","https:\/\/www.instagram.com\/cnewa1926\/","https:\/\/www.youtube.com\/user\/TheCNEWA"]},{"@type":"Person","name":"CNEWA Staff"}]}},"_links":{"self":[{"href":"https:\/\/cnewa.org\/es\/wp-json\/wp\/v2\/posts\/4533","targetHints":{"allow":["GET"]}}],"collection":[{"href":"https:\/\/cnewa.org\/es\/wp-json\/wp\/v2\/posts"}],"about":[{"href":"https:\/\/cnewa.org\/es\/wp-json\/wp\/v2\/types\/post"}],"author":[{"embeddable":true,"href":"https:\/\/cnewa.org\/es\/wp-json\/wp\/v2\/users\/70019"}],"replies":[{"embeddable":true,"href":"https:\/\/cnewa.org\/es\/wp-json\/wp\/v2\/comments?post=4533"}],"version-history":[{"count":7,"href":"https:\/\/cnewa.org\/es\/wp-json\/wp\/v2\/posts\/4533\/revisions"}],"predecessor-version":[{"id":7366,"href":"https:\/\/cnewa.org\/es\/wp-json\/wp\/v2\/posts\/4533\/revisions\/7366"}],"wp:featuredmedia":[{"embeddable":true,"href":"https:\/\/cnewa.org\/es\/wp-json\/wp\/v2\/media\/4531"}],"wp:attachment":[{"href":"https:\/\/cnewa.org\/es\/wp-json\/wp\/v2\/media?parent=4533"}],"wp:term":[{"taxonomy":"category","embeddable":true,"href":"https:\/\/cnewa.org\/es\/wp-json\/wp\/v2\/categories?post=4533"}],"curies":[{"name":"wp","href":"https:\/\/api.w.org\/{rel}","templated":true}]}}