{"id":4702,"date":"2024-03-13T10:31:57","date_gmt":"2024-03-13T14:31:57","guid":{"rendered":"https:\/\/cnewa.org\/es\/?p=4702"},"modified":"2024-03-20T12:58:25","modified_gmt":"2024-03-20T16:58:25","slug":"one-contando-historias-de-sanacion-y-esperanza-durante-50-anos","status":"publish","type":"post","link":"https:\/\/cnewa.org\/es\/one-contando-historias-de-sanacion-y-esperanza-durante-50-anos\/","title":{"rendered":"ONE: Contando Historias de Esperanza por 50 a\u00f1os"},"content":{"rendered":"\n<h2 class=\"wp-block-heading\" id=\"h-la-edicion-de-marzo-2024-de-nbsp-nbsp-la-revista-nbsp-one-en-espanol-nbsp-ya-esta-disponible-y-con-esta-edicion-llega-el-lanzamiento-del-50-aniversario-de-la-publicacion-original-en-ingles-nbsp-one\">La edici\u00f3n de <a href=\"https:\/\/cnewa.org\/es\/revista-edicion\/marzo-2024\/\">marzo 2024<\/a> de&nbsp;<a href=\"https:\/\/cnewa.org\/magazine\/\"><\/a>&nbsp;la revista&nbsp;<a href=\"https:\/\/cnewa.org\/es\/revista\/\"><em>ONE en espa\u00f1ol<\/em>&nbsp;<\/a>ya est\u00e1 disponible, \u00a1y con esta edici\u00f3n llega el lanzamiento del 50 aniversario de la publicaci\u00f3n, original en ingl\u00e9s,&nbsp;<em>ONE<\/em>!<\/h2>\n\n\n\n<p>El tema de esta edici\u00f3n, \u201cD\u00e9cadas de Sanaci\u00f3n y Esperanza\u201d, lo dice todo.<\/p>\n\n\n\n<p>Durante nuestro aniversario, el equipo de&nbsp;<em>ONE<\/em>&nbsp;destacar\u00e1 nuestros esfuerzos a lo largo de medio siglo para informar sobre el trabajo de los feligreses de las iglesias orientales en todo el mundo, a menudo en lugares en crisis, para sostener la fe y abordar las necesidades de los m\u00e1s vulnerables.<\/p>\n\n\n\n<p>Tambi\u00e9n destacaremos art\u00edculos que han arrojado luz sobre los muchos desaf\u00edos que afectan a los pueblos y las iglesias del mundo de CNEWA, as\u00ed como historias que han demostrado la resiliencia de las iglesias orientales al dar testimonio del Evangelio frente a estas luchas.<\/p>\n\n\n\n<p>En esta edici\u00f3n, los lectores encontrar\u00e1n una reimpresi\u00f3n de uno de esos art\u00edculos, traducido por primera vez al espa\u00f1ol, \u201c<a href=\"https:\/\/cnewa.org\/es\/revista\/el-antisemitismo-y-criticas-a-israel\/\">El Antisemitismo y Cr\u00edticas a Israel<\/a>\u201d, del rabino Michael Lerner, publicado originalmente en la edici\u00f3n de enero de 2006 de\u00a0<em>ONE<\/em>. La reflexi\u00f3n del rabino Lerner sigue siendo prof\u00e9tica y relevante hoy en d\u00eda.<\/p>\n\n\n\n<p>En este n\u00famero, los lectores tambi\u00e9n podr\u00e1n:<\/p>\n\n\n\n<ul class=\"wp-block-list\">\n<li><a href=\"https:\/\/cnewa.org\/es\/revista\/impulsados-por-la-vision-y-la-fe\/\">Conozca a l\u00edderes cristianos j\u00f3venes adultos comprometidos&nbsp;en Irak<\/a>&nbsp;despu\u00e9s de a\u00f1os de guerra y opresi\u00f3n.<\/li>\n\n\n\n<li><a href=\"https:\/\/cnewa.org\/es\/revista\/perseverar-en-tiempos-cambiantes\/\">Aprenda c\u00f3mo la iglesia&nbsp;en la India&nbsp;est\u00e1 respondiendo a los cambios sociales<\/a> provocados por el aumento de la tecnolog\u00eda, la riqueza y la violencia antirreligiosa.<\/li>\n\n\n\n<li><a href=\"https:\/\/cnewa.org\/es\/revista\/esperanza-para-un-futuro-pacifico\/\">Sea testigo del impacto de los disturbios civiles en curso&nbsp;en Etiop\u00eda<\/a>&nbsp;en los j\u00f3venes y c\u00f3mo los l\u00edderes de la iglesia trabajan para inyectar esperanza en la situaci\u00f3n.<\/li>\n\n\n\n<li><a href=\"https:\/\/cnewa.org\/es\/revista\/sanando-el-trauma-de-la-guerra\/\">Descubra los esfuerzos de la iglesia&nbsp;en Ucrania<\/a>&nbsp;para ayudar a los ni\u00f1os, adolescentes y sus padres a sobrellevar el trauma de la guerra.<\/li>\n\n\n\n<li><a href=\"https:\/\/cnewa.org\/es\/revista\/feliz-cumpleanos-one\/\">Escuche&nbsp;la respuesta de CNEWA&nbsp;al mandato del Papa de educar a las personas de buena voluntad<\/a> sobre las iglesias orientales a trav\u00e9s de un compromiso con la excelencia en&nbsp;<em>ONE<\/em>.<\/li>\n\n\n\n<li><a href=\"https:\/\/cnewa.org\/es\/revista\/la-ultima-palabra-marzo-2024\/\">Reciban una invitaci\u00f3n para dirigirse a&nbsp;Mar\u00eda, Madre de Dios, en estos tiempos de crisis<\/a> en muchas regiones donde trabaja CNEWA, pero tambi\u00e9n en gratitud por este a\u00f1o de aniversario.<\/li>\n\n\n\n<li><a href=\"https:\/\/cnewa.org\/magazine\/happy-birthday-one\/\">Conozca el&nbsp;doble aniversario&nbsp;de CNEWA<\/a>.<\/li>\n<\/ul>\n\n\n\n<p>El equipo de&nbsp;<em>ONE<\/em>&nbsp;se siente orgulloso y privilegiado de haber tenido la oportunidad de contar historias conmovedoras sobre nuestros hermanos y hermanas cristianos orientales en estos 50 a\u00f1os, muchas de las cuales no se habr\u00edan contado de otra manera, y de continuar compartiendo su testimonio, incluidas sus esperanzas, temores y sue\u00f1os, con ustedes, nuestros leales y generosos lectores.<\/p>\n","protected":false},"excerpt":{"rendered":"<p>La revista ONE, que lanza en marzo el 50 aniversario de su edici\u00f3n en ingl\u00e9s, ya est\u00e1 disponible en l\u00ednea tambi\u00e9n en su versi\u00f3n en espa\u00f1ol. <\/p>\n","protected":false},"author":70019,"featured_media":4701,"comment_status":"closed","ping_status":"closed","sticky":false,"template":"","format":"standard","meta":{"_acf_changed":false,"footnotes":""},"categories":[98,3,846],"class_list":["post-4702","post","type-post","status-publish","format-standard","has-post-thumbnail","hentry","category-multimedia","category-noticias","category-one-en-espanol"],"acf":[],"yoast_head":"<!-- This site is optimized with the Yoast SEO Premium plugin v27.3 (Yoast SEO v27.3) - https:\/\/yoast.com\/product\/yoast-seo-premium-wordpress\/ -->\n<title>ONE: Contando Historias de Esperanza por 50 a\u00f1os | CNEWA Espa\u00f1ol<\/title>\n<meta name=\"description\" content=\"La edici\u00f3n de marzo 2024 de\u00a0\u00a0la revista\u00a0ONE en espa\u00f1ol\u00a0ya est\u00e1 disponible en l\u00ednea y celebra el 50 aniversario de ONE en ingl\u00e9s.\" \/>\n<meta name=\"robots\" content=\"index, follow, max-snippet:-1, max-image-preview:large, max-video-preview:-1\" \/>\n<link rel=\"canonical\" href=\"https:\/\/cnewa.org\/es\/one-contando-historias-de-sanacion-y-esperanza-durante-50-anos\/\" \/>\n<meta property=\"og:locale\" content=\"es_ES\" \/>\n<meta property=\"og:type\" content=\"article\" \/>\n<meta property=\"og:title\" content=\"ONE: Contando Historias de Esperanza por 50 a\u00f1os\" \/>\n<meta property=\"og:description\" content=\"La edici\u00f3n de marzo 2024 de\u00a0\u00a0la revista\u00a0ONE en espa\u00f1ol\u00a0ya est\u00e1 disponible en l\u00ednea y celebra el 50 aniversario de ONE en ingl\u00e9s.\" \/>\n<meta property=\"og:url\" content=\"https:\/\/cnewa.org\/es\/one-contando-historias-de-sanacion-y-esperanza-durante-50-anos\/\" \/>\n<meta property=\"og:site_name\" content=\"CNEWA Espa\u00f1ol\" \/>\n<meta property=\"article:publisher\" content=\"https:\/\/www.facebook.com\/CNEWAenespanol\/\" \/>\n<meta property=\"article:published_time\" content=\"2024-03-13T14:31:57+00:00\" \/>\n<meta property=\"article:modified_time\" content=\"2024-03-20T16:58:25+00:00\" \/>\n<meta property=\"og:image\" content=\"https:\/\/cnewa.org\/es\/wp-content\/uploads\/sites\/5\/2024\/03\/march2024blog.jpg\" \/>\n\t<meta property=\"og:image:width\" content=\"1800\" \/>\n\t<meta property=\"og:image:height\" content=\"1260\" \/>\n\t<meta property=\"og:image:type\" content=\"image\/jpeg\" \/>\n<meta name=\"author\" content=\"Laura Ieraci\" \/>\n<meta name=\"twitter:card\" content=\"summary_large_image\" \/>\n<meta name=\"twitter:label1\" content=\"Escrito por\" \/>\n\t<meta name=\"twitter:data1\" content=\"David R. Aquije\" \/>\n\t<meta name=\"twitter:label2\" content=\"Tiempo de lectura\" \/>\n\t<meta name=\"twitter:data2\" content=\"3 minutos\" \/>\n<script type=\"application\/ld+json\" class=\"yoast-schema-graph\">{\"@context\":\"https:\\\/\\\/schema.org\",\"@graph\":[{\"@type\":\"Article\",\"@id\":\"https:\\\/\\\/cnewa.org\\\/es\\\/one-contando-historias-de-sanacion-y-esperanza-durante-50-anos\\\/#article\",\"isPartOf\":{\"@id\":\"https:\\\/\\\/cnewa.org\\\/es\\\/one-contando-historias-de-sanacion-y-esperanza-durante-50-anos\\\/\"},\"author\":{\"name\":\"Laura Ieraci\",\"@id\":\"https:\\\/\\\/cnewa.org\\\/es\\\/#\\\/schema\\\/person\\\/d2935c46e239b59210c38997d4aedf00\"},\"headline\":\"ONE: Contando Historias de Esperanza por 50 a\u00f1os\",\"datePublished\":\"2024-03-13T14:31:57+00:00\",\"dateModified\":\"2024-03-20T16:58:25+00:00\",\"mainEntityOfPage\":{\"@id\":\"https:\\\/\\\/cnewa.org\\\/es\\\/one-contando-historias-de-sanacion-y-esperanza-durante-50-anos\\\/\"},\"wordCount\":492,\"publisher\":{\"@id\":\"https:\\\/\\\/cnewa.org\\\/es\\\/#organization\"},\"image\":{\"@id\":\"https:\\\/\\\/cnewa.org\\\/es\\\/one-contando-historias-de-sanacion-y-esperanza-durante-50-anos\\\/#primaryimage\"},\"thumbnailUrl\":\"https:\\\/\\\/cnewa.org\\\/es\\\/wp-content\\\/uploads\\\/sites\\\/5\\\/2024\\\/03\\\/march2024blog.jpg\",\"articleSection\":[\"Multimedia\",\"Noticias\",\"ONE en espa\u00f1ol\"],\"inLanguage\":\"es\"},{\"@type\":\"WebPage\",\"@id\":\"https:\\\/\\\/cnewa.org\\\/es\\\/one-contando-historias-de-sanacion-y-esperanza-durante-50-anos\\\/\",\"url\":\"https:\\\/\\\/cnewa.org\\\/es\\\/one-contando-historias-de-sanacion-y-esperanza-durante-50-anos\\\/\",\"name\":\"ONE: Contando Historias de Esperanza por 50 a\u00f1os | CNEWA Espa\u00f1ol\",\"isPartOf\":{\"@id\":\"https:\\\/\\\/cnewa.org\\\/es\\\/#website\"},\"primaryImageOfPage\":{\"@id\":\"https:\\\/\\\/cnewa.org\\\/es\\\/one-contando-historias-de-sanacion-y-esperanza-durante-50-anos\\\/#primaryimage\"},\"image\":{\"@id\":\"https:\\\/\\\/cnewa.org\\\/es\\\/one-contando-historias-de-sanacion-y-esperanza-durante-50-anos\\\/#primaryimage\"},\"thumbnailUrl\":\"https:\\\/\\\/cnewa.org\\\/es\\\/wp-content\\\/uploads\\\/sites\\\/5\\\/2024\\\/03\\\/march2024blog.jpg\",\"datePublished\":\"2024-03-13T14:31:57+00:00\",\"dateModified\":\"2024-03-20T16:58:25+00:00\",\"description\":\"La edici\u00f3n de marzo 2024 de\u00a0\u00a0la revista\u00a0ONE en espa\u00f1ol\u00a0ya est\u00e1 disponible en l\u00ednea y celebra el 50 aniversario de ONE en ingl\u00e9s.\",\"breadcrumb\":{\"@id\":\"https:\\\/\\\/cnewa.org\\\/es\\\/one-contando-historias-de-sanacion-y-esperanza-durante-50-anos\\\/#breadcrumb\"},\"inLanguage\":\"es\",\"potentialAction\":[{\"@type\":\"ReadAction\",\"target\":[\"https:\\\/\\\/cnewa.org\\\/es\\\/one-contando-historias-de-sanacion-y-esperanza-durante-50-anos\\\/\"]}]},{\"@type\":\"ImageObject\",\"inLanguage\":\"es\",\"@id\":\"https:\\\/\\\/cnewa.org\\\/es\\\/one-contando-historias-de-sanacion-y-esperanza-durante-50-anos\\\/#primaryimage\",\"url\":\"https:\\\/\\\/cnewa.org\\\/es\\\/wp-content\\\/uploads\\\/sites\\\/5\\\/2024\\\/03\\\/march2024blog.jpg\",\"contentUrl\":\"https:\\\/\\\/cnewa.org\\\/es\\\/wp-content\\\/uploads\\\/sites\\\/5\\\/2024\\\/03\\\/march2024blog.jpg\",\"width\":1800,\"height\":1260,\"caption\":\"Ali Ezedin abraza a su hermana Mai en el patio de recreo del Servicio Jesuita a Refugiados en Addis Abeba, Etiop\u00eda. (foto: Abenezer Israel)\"},{\"@type\":\"BreadcrumbList\",\"@id\":\"https:\\\/\\\/cnewa.org\\\/es\\\/one-contando-historias-de-sanacion-y-esperanza-durante-50-anos\\\/#breadcrumb\",\"itemListElement\":[{\"@type\":\"ListItem\",\"position\":1,\"name\":\"Inicio\",\"item\":\"https:\\\/\\\/cnewa.org\\\/es\\\/\"},{\"@type\":\"ListItem\",\"position\":2,\"name\":\"Noticias\",\"item\":\"https:\\\/\\\/cnewa.org\\\/es\\\/categoria\\\/noticias\\\/\"},{\"@type\":\"ListItem\",\"position\":3,\"name\":\"ONE: Contando Historias de Esperanza por 50 a\u00f1os\"}]},{\"@type\":\"WebSite\",\"@id\":\"https:\\\/\\\/cnewa.org\\\/es\\\/#website\",\"url\":\"https:\\\/\\\/cnewa.org\\\/es\\\/\",\"name\":\"CNEWA Espa\u00f1ol\",\"description\":\"Asociaci\u00f3n Cat\u00f3lica para el Bienestar del Cercano Oriente\",\"publisher\":{\"@id\":\"https:\\\/\\\/cnewa.org\\\/es\\\/#organization\"},\"potentialAction\":[{\"@type\":\"SearchAction\",\"target\":{\"@type\":\"EntryPoint\",\"urlTemplate\":\"https:\\\/\\\/cnewa.org\\\/es\\\/?s={search_term_string}\"},\"query-input\":{\"@type\":\"PropertyValueSpecification\",\"valueRequired\":true,\"valueName\":\"search_term_string\"}}],\"inLanguage\":\"es\"},{\"@type\":\"Organization\",\"@id\":\"https:\\\/\\\/cnewa.org\\\/es\\\/#organization\",\"name\":\"CNEWA Espa\u00f1ol\",\"alternateName\":\"Asociaci\u00f3n Cat\u00f3lica para el Bienestar del Cercano Oriente\",\"url\":\"https:\\\/\\\/cnewa.org\\\/es\\\/\",\"logo\":{\"@type\":\"ImageObject\",\"inLanguage\":\"es\",\"@id\":\"https:\\\/\\\/cnewa.org\\\/es\\\/#\\\/schema\\\/logo\\\/image\\\/\",\"url\":\"https:\\\/\\\/cnewa.org\\\/es\\\/wp-content\\\/uploads\\\/sites\\\/5\\\/2021\\\/07\\\/CNEWA-brand-logo.png\",\"contentUrl\":\"https:\\\/\\\/cnewa.org\\\/es\\\/wp-content\\\/uploads\\\/sites\\\/5\\\/2021\\\/07\\\/CNEWA-brand-logo.png\",\"width\":1000,\"height\":1000,\"caption\":\"CNEWA Espa\u00f1ol\"},\"image\":{\"@id\":\"https:\\\/\\\/cnewa.org\\\/es\\\/#\\\/schema\\\/logo\\\/image\\\/\"},\"sameAs\":[\"https:\\\/\\\/www.facebook.com\\\/CNEWAenespanol\\\/\",\"https:\\\/\\\/www.instagram.com\\\/cnewa1926\\\/\",\"https:\\\/\\\/www.youtube.com\\\/user\\\/TheCNEWA\"]},{\"@type\":\"Person\",\"name\":\"Laura Ieraci\"}]}<\/script>\n<!-- \/ Yoast SEO Premium plugin. -->","yoast_head_json":{"title":"ONE: Contando Historias de Esperanza por 50 a\u00f1os | CNEWA Espa\u00f1ol","description":"La edici\u00f3n de marzo 2024 de\u00a0\u00a0la revista\u00a0ONE en espa\u00f1ol\u00a0ya est\u00e1 disponible en l\u00ednea y celebra el 50 aniversario de ONE en ingl\u00e9s.","robots":{"index":"index","follow":"follow","max-snippet":"max-snippet:-1","max-image-preview":"max-image-preview:large","max-video-preview":"max-video-preview:-1"},"canonical":"https:\/\/cnewa.org\/es\/one-contando-historias-de-sanacion-y-esperanza-durante-50-anos\/","og_locale":"es_ES","og_type":"article","og_title":"ONE: Contando Historias de Esperanza por 50 a\u00f1os","og_description":"La edici\u00f3n de marzo 2024 de\u00a0\u00a0la revista\u00a0ONE en espa\u00f1ol\u00a0ya est\u00e1 disponible en l\u00ednea y celebra el 50 aniversario de ONE en ingl\u00e9s.","og_url":"https:\/\/cnewa.org\/es\/one-contando-historias-de-sanacion-y-esperanza-durante-50-anos\/","og_site_name":"CNEWA Espa\u00f1ol","article_publisher":"https:\/\/www.facebook.com\/CNEWAenespanol\/","article_published_time":"2024-03-13T14:31:57+00:00","article_modified_time":"2024-03-20T16:58:25+00:00","og_image":[{"width":1800,"height":1260,"url":"https:\/\/cnewa.org\/es\/wp-content\/uploads\/sites\/5\/2024\/03\/march2024blog.jpg","type":"image\/jpeg"}],"author":"Laura Ieraci","twitter_card":"summary_large_image","twitter_misc":{"Escrito por":"David R. Aquije","Tiempo de lectura":"3 minutos"},"schema":{"@context":"https:\/\/schema.org","@graph":[{"@type":"Article","@id":"https:\/\/cnewa.org\/es\/one-contando-historias-de-sanacion-y-esperanza-durante-50-anos\/#article","isPartOf":{"@id":"https:\/\/cnewa.org\/es\/one-contando-historias-de-sanacion-y-esperanza-durante-50-anos\/"},"author":{"name":"Laura Ieraci","@id":"https:\/\/cnewa.org\/es\/#\/schema\/person\/d2935c46e239b59210c38997d4aedf00"},"headline":"ONE: Contando Historias de Esperanza por 50 a\u00f1os","datePublished":"2024-03-13T14:31:57+00:00","dateModified":"2024-03-20T16:58:25+00:00","mainEntityOfPage":{"@id":"https:\/\/cnewa.org\/es\/one-contando-historias-de-sanacion-y-esperanza-durante-50-anos\/"},"wordCount":492,"publisher":{"@id":"https:\/\/cnewa.org\/es\/#organization"},"image":{"@id":"https:\/\/cnewa.org\/es\/one-contando-historias-de-sanacion-y-esperanza-durante-50-anos\/#primaryimage"},"thumbnailUrl":"https:\/\/cnewa.org\/es\/wp-content\/uploads\/sites\/5\/2024\/03\/march2024blog.jpg","articleSection":["Multimedia","Noticias","ONE en espa\u00f1ol"],"inLanguage":"es"},{"@type":"WebPage","@id":"https:\/\/cnewa.org\/es\/one-contando-historias-de-sanacion-y-esperanza-durante-50-anos\/","url":"https:\/\/cnewa.org\/es\/one-contando-historias-de-sanacion-y-esperanza-durante-50-anos\/","name":"ONE: Contando Historias de Esperanza por 50 a\u00f1os | CNEWA Espa\u00f1ol","isPartOf":{"@id":"https:\/\/cnewa.org\/es\/#website"},"primaryImageOfPage":{"@id":"https:\/\/cnewa.org\/es\/one-contando-historias-de-sanacion-y-esperanza-durante-50-anos\/#primaryimage"},"image":{"@id":"https:\/\/cnewa.org\/es\/one-contando-historias-de-sanacion-y-esperanza-durante-50-anos\/#primaryimage"},"thumbnailUrl":"https:\/\/cnewa.org\/es\/wp-content\/uploads\/sites\/5\/2024\/03\/march2024blog.jpg","datePublished":"2024-03-13T14:31:57+00:00","dateModified":"2024-03-20T16:58:25+00:00","description":"La edici\u00f3n de marzo 2024 de\u00a0\u00a0la revista\u00a0ONE en espa\u00f1ol\u00a0ya est\u00e1 disponible en l\u00ednea y celebra el 50 aniversario de ONE en ingl\u00e9s.","breadcrumb":{"@id":"https:\/\/cnewa.org\/es\/one-contando-historias-de-sanacion-y-esperanza-durante-50-anos\/#breadcrumb"},"inLanguage":"es","potentialAction":[{"@type":"ReadAction","target":["https:\/\/cnewa.org\/es\/one-contando-historias-de-sanacion-y-esperanza-durante-50-anos\/"]}]},{"@type":"ImageObject","inLanguage":"es","@id":"https:\/\/cnewa.org\/es\/one-contando-historias-de-sanacion-y-esperanza-durante-50-anos\/#primaryimage","url":"https:\/\/cnewa.org\/es\/wp-content\/uploads\/sites\/5\/2024\/03\/march2024blog.jpg","contentUrl":"https:\/\/cnewa.org\/es\/wp-content\/uploads\/sites\/5\/2024\/03\/march2024blog.jpg","width":1800,"height":1260,"caption":"Ali Ezedin abraza a su hermana Mai en el patio de recreo del Servicio Jesuita a Refugiados en Addis Abeba, Etiop\u00eda. (foto: Abenezer Israel)"},{"@type":"BreadcrumbList","@id":"https:\/\/cnewa.org\/es\/one-contando-historias-de-sanacion-y-esperanza-durante-50-anos\/#breadcrumb","itemListElement":[{"@type":"ListItem","position":1,"name":"Inicio","item":"https:\/\/cnewa.org\/es\/"},{"@type":"ListItem","position":2,"name":"Noticias","item":"https:\/\/cnewa.org\/es\/categoria\/noticias\/"},{"@type":"ListItem","position":3,"name":"ONE: Contando Historias de Esperanza por 50 a\u00f1os"}]},{"@type":"WebSite","@id":"https:\/\/cnewa.org\/es\/#website","url":"https:\/\/cnewa.org\/es\/","name":"CNEWA Espa\u00f1ol","description":"Asociaci\u00f3n Cat\u00f3lica para el Bienestar del Cercano Oriente","publisher":{"@id":"https:\/\/cnewa.org\/es\/#organization"},"potentialAction":[{"@type":"SearchAction","target":{"@type":"EntryPoint","urlTemplate":"https:\/\/cnewa.org\/es\/?s={search_term_string}"},"query-input":{"@type":"PropertyValueSpecification","valueRequired":true,"valueName":"search_term_string"}}],"inLanguage":"es"},{"@type":"Organization","@id":"https:\/\/cnewa.org\/es\/#organization","name":"CNEWA Espa\u00f1ol","alternateName":"Asociaci\u00f3n Cat\u00f3lica para el Bienestar del Cercano Oriente","url":"https:\/\/cnewa.org\/es\/","logo":{"@type":"ImageObject","inLanguage":"es","@id":"https:\/\/cnewa.org\/es\/#\/schema\/logo\/image\/","url":"https:\/\/cnewa.org\/es\/wp-content\/uploads\/sites\/5\/2021\/07\/CNEWA-brand-logo.png","contentUrl":"https:\/\/cnewa.org\/es\/wp-content\/uploads\/sites\/5\/2021\/07\/CNEWA-brand-logo.png","width":1000,"height":1000,"caption":"CNEWA Espa\u00f1ol"},"image":{"@id":"https:\/\/cnewa.org\/es\/#\/schema\/logo\/image\/"},"sameAs":["https:\/\/www.facebook.com\/CNEWAenespanol\/","https:\/\/www.instagram.com\/cnewa1926\/","https:\/\/www.youtube.com\/user\/TheCNEWA"]},{"@type":"Person","name":"Laura Ieraci"}]}},"_links":{"self":[{"href":"https:\/\/cnewa.org\/es\/wp-json\/wp\/v2\/posts\/4702","targetHints":{"allow":["GET"]}}],"collection":[{"href":"https:\/\/cnewa.org\/es\/wp-json\/wp\/v2\/posts"}],"about":[{"href":"https:\/\/cnewa.org\/es\/wp-json\/wp\/v2\/types\/post"}],"author":[{"embeddable":true,"href":"https:\/\/cnewa.org\/es\/wp-json\/wp\/v2\/users\/70019"}],"replies":[{"embeddable":true,"href":"https:\/\/cnewa.org\/es\/wp-json\/wp\/v2\/comments?post=4702"}],"version-history":[{"count":4,"href":"https:\/\/cnewa.org\/es\/wp-json\/wp\/v2\/posts\/4702\/revisions"}],"predecessor-version":[{"id":4707,"href":"https:\/\/cnewa.org\/es\/wp-json\/wp\/v2\/posts\/4702\/revisions\/4707"}],"wp:featuredmedia":[{"embeddable":true,"href":"https:\/\/cnewa.org\/es\/wp-json\/wp\/v2\/media\/4701"}],"wp:attachment":[{"href":"https:\/\/cnewa.org\/es\/wp-json\/wp\/v2\/media?parent=4702"}],"wp:term":[{"taxonomy":"category","embeddable":true,"href":"https:\/\/cnewa.org\/es\/wp-json\/wp\/v2\/categories?post=4702"}],"curies":[{"name":"wp","href":"https:\/\/api.w.org\/{rel}","templated":true}]}}