{"id":499,"date":"2021-12-09T15:47:08","date_gmt":"2021-12-09T20:47:08","guid":{"rendered":"https:\/\/cnewa.org\/es\/?p=499"},"modified":"2024-03-20T13:23:22","modified_gmt":"2024-03-20T17:23:22","slug":"esperanza-para-los-cristianos-en-erbil-irak","status":"publish","type":"post","link":"https:\/\/cnewa.org\/es\/esperanza-para-los-cristianos-en-erbil-irak\/","title":{"rendered":"Esperanza para los cristianos en Erbil,  Irak"},"content":{"rendered":"\n<p>\u201cEstamos construyendo el futuro aqu\u00ed\u201d, dijo el arzobispo Bashar Warda, el laborioso prelado cat\u00f3lico caldeo de Erbil, Kurdist\u00e1n iraqu\u00ed, sobre sus esfuerzos por desarrollar y fortalecer la comunidad cristiana en la regi\u00f3n.<\/p>\n\n\n\n<p>\u201cLos j\u00f3venes solo necesitan un empuj\u00f3n\u201d, dijo. \u00abEllos se har\u00e1n cargo\u00bb.<\/p>\n\n\n\n<p>En efecto.&nbsp;<\/p>\n\n\n\n<p>Continuando con su <a href=\"https:\/\/cnewa.org\/es\/2021\/12\/01\/qaraqosh-el-hogar-es-donde-esta-el-corazon\/\">visita pastoral<\/a> al norte de <a href=\"https:\/\/cnewa.org\/es\/campanes\/irak\/?highlight=Irak&amp;utm_source=search&amp;utm_medium=site&amp;utm_campaign=irak\">Irak<\/a>, el presidente de CNEWA, Monse\u00f1or Peter I. Vaccari visit\u00f3 las numerosas obras de las iglesias que se est\u00e1n desarrollando en el suburbio de Erbil en Ankawa, una extensa zona de llamativas nuevas construcciones, rotondas y congesti\u00f3n, donde muchos cristianos iraqu\u00edes ahora viven y trabajan siete a\u00f1os despu\u00e9s de que los horrores de ISIS destrozaran sus aldeas y vidas.<\/p>\n\n\n\n<p>El arzobispo Warda, quien no es ajeno a los lectores norteamericanos, ha abogado incansablemente por el pueblo iraqu\u00ed, en particular por sus comunidades cristianas y yazidi marginadas y vulnerables. Despu\u00e9s de ofrecer refugio y refugio a las familias de la cercana llanura de N\u00ednive desplazadas por ISIS en agosto de 2014, comenz\u00f3 a desarrollar programas educativos y de cuidado de la salud para ayudar a las familias a sobrellevar el impacto y a construir una nueva vida. A partir de estas iniciativas se desarrollaron instituciones de calidad, cuya presencia ofrece esperanza y estabilidad, al tiempo que brinda oportunidades de empleo, educaci\u00f3n y atenci\u00f3n m\u00e9dica para todos.<\/p>\n\n\n\n<p>En el coraz\u00f3n de la Escuela Mar Qardakh, la Universidad Cat\u00f3lica de Erbil y el Hospital Maryamana est\u00e1n los hombres y mujeres j\u00f3venes, motivados por el Evangelio y empoderados por el arzobispo.<\/p>\n\n\n\n<p>\u201cComenzamos como voluntarios\u201d, dijo Devar Nazar Sher, un doctor que trabaj\u00f3 en los dispensarios y cl\u00ednicas de emergencia, financiados en parte por la Asociaci\u00f3n Cat\u00f3lica para el Bienestar del Cercano Oriente (CNEWA), al servicio de los desplazados en Erbil.<\/p>\n\n\n\n<p>Ahora, con ISIS como cosa del pasado, estamos trabajando para fortalecer nuestra capacidad para \u00abconstruir nuestro futuro\u00bb, dijo \u00e9l sobre el Comit\u00e9 Humanitario de Ankawa, la asociaci\u00f3n de desarrollo comunitario de la Arqueparqu\u00eda Caldea de Erbil, iniciada por el Arzobispo Warda.<\/p>\n\n\n\n<p>\u201cEsto me libera\u201d, dijo el arzobispo, \u201cpara concentrarme en mis responsabilidades pastorales\u201d, al mismo tiempo que asegura nuestras iniciativas para el futuro, agreg\u00f3.<\/p>\n\n\n\n<figure class=\"wp-block-image size-large\"><img decoding=\"async\" src=\"https:\/\/cnewa.org\/wp-content\/uploads\/2021\/11\/260409773_10158083203882687_3308354902664025580_n-768x1024.jpg\" alt=\"a priest speaks to an iraqi man.\" class=\"wp-image-113923\" \/><figcaption class=\"wp-element-caption\">Monse\u00f1or Peter I. Vaccari conversa con el Dr. Devar Nazar Sher, director executivo del Comit\u00e9 Humanitario de Ankawa. (foto: Michael La Civita)<\/figcaption><\/figure>\n\n\n\n<p>Ese futuro ahora se encuentra en la Universidad Cat\u00f3lica de Erbil, donde la novia de Devar, Vida Hanna, dirige la oficina de relaciones p\u00fablicas e internacionales. Vida, una reci\u00e9n graduada de la escuela de posgrado en estudios de paz y justicia de la Universidad de San Diego, habl\u00f3 conmovedoramente de los hombres y mujeres j\u00f3venes matriculados en la universidad, que ofrece una variedad de t\u00edtulos desde ingenier\u00eda hasta humanidades.&nbsp;<\/p>\n\n\n\n<p>Al hablar sobre la vida estudiantil, ella coment\u00f3 que la universidad no solo se esfuerza por lograr la excelencia acad\u00e9mica, sino tambi\u00e9n por atender las cicatrices emocionales y psicol\u00f3gicas sufridas a manos de ISIS, en particular para los estudiantes yazidi que experimentaron todos los horrores de las fuerzas genocidas del odio desatadas en Irak en 2014.<\/p>\n\n\n\n<p>\u201cLa universidad ofrece un lugar seguro y asesor\u00eda profesional a quienes lo necesitan y lo desean\u201d, agreg\u00f3, y coment\u00f3 que los hombres rara vez hablan de su quebrantamiento, bajando la guardia por poco tiempo, si es que alguna vez lo hacen.<\/p>\n\n\n\n<p>Vida se enorgullece especialmente del n\u00famero de mujeres que estudian en CUE; constituyen alrededor del 60 por ciento de la poblaci\u00f3n de estudiantes universitarios.<\/p>\n\n\n\n<p>M\u00e1s de 100 estudiantes asisten a la universidad recientemente establecida y se est\u00e1 planificando la inscripci\u00f3n de otros 500.<\/p>\n\n\n\n<p>\u00abHelas, tenemos que ir m\u00e1s all\u00e1 de la mentalidad de las caravanas\u00bb, dijo el arzobispo cat\u00f3lico sir\u00edaco de Kurdist\u00e1n, Nizar Semaan, una nueva jurisdicci\u00f3n creada para adaptarse a la realidad posterior al desplazamiento de su comunidad. Los contenedores y las caravanas nos sirvieron bien, dijo el joven arzobispo, pero \u00abestamos invirtiendo para construir un lugar de esperanza en los pr\u00f3ximos a\u00f1os\u00bb.<\/p>\n\n\n\n<figure class=\"wp-block-image size-large\"><img decoding=\"async\" src=\"https:\/\/cnewa.org\/wp-content\/uploads\/2021\/11\/258874631_10158083204072687_5439120024232340085_n-edited.jpg\" alt=\"four men standing with their hands folded in front of them.\" class=\"wp-image-113927\" \/><figcaption class=\"wp-element-caption\">De izquierda a derecha: Monse\u00f1or Peter I. Vaccari, el Arzobispo Cat\u00f3lico Sirio de Kurdist\u00e1n Nizar Semaan, Michel Constantin, director regional de la oficina de CNEWA en Beirut , y Michael La Civita, director de comunicaciones de CNEWA. (foto: cortes\u00eda de Michael La Civita)<\/figcaption><\/figure>\n","protected":false},"excerpt":{"rendered":"<p>\u201cEstamos construyendo el futuro aqu\u00ed\u201d, dijo el arzobispo Bashar Warda, el laborioso prelado cat\u00f3lico caldeo de Erbil, Kurdist\u00e1n iraqu\u00ed, sobre sus esfuerzos por desarrollar y fortalecer la comunidad cristiana en la regi\u00f3n. \u201cLos j\u00f3venes solo necesitan un empuj\u00f3n\u201d, dijo. \u00abEllos se har\u00e1n cargo\u00bb. En efecto.&nbsp; Continuando con su visita pastoral al norte de Irak, el &hellip; <a href=\"https:\/\/cnewa.org\/es\/esperanza-para-los-cristianos-en-erbil-irak\/\">Continued<\/a><\/p>\n","protected":false},"author":61,"featured_media":498,"comment_status":"closed","ping_status":"closed","sticky":false,"template":"","format":"standard","meta":{"_acf_changed":false,"footnotes":""},"categories":[17],"class_list":["post-499","post","type-post","status-publish","format-standard","has-post-thumbnail","hentry","category-irak"],"acf":[],"yoast_head":"<!-- This site is optimized with the Yoast SEO Premium plugin v27.4 (Yoast SEO v27.4) - https:\/\/yoast.com\/product\/yoast-seo-premium-wordpress\/ -->\n<title>Esperanza para los cristianos en Erbil, Irak<\/title>\n<meta name=\"description\" content=\"In Ankawa, a sprawling area of flashy new construction, many Iraqi Christians now live and work seven years after ISIS.\u00a0\" \/>\n<meta name=\"robots\" content=\"index, follow, max-snippet:-1, max-image-preview:large, max-video-preview:-1\" \/>\n<link rel=\"canonical\" href=\"https:\/\/cnewa.org\/es\/esperanza-para-los-cristianos-en-erbil-irak\/\" \/>\n<meta property=\"og:locale\" content=\"es_ES\" \/>\n<meta property=\"og:type\" content=\"article\" \/>\n<meta property=\"og:title\" content=\"Esperanza para cristianos en Erbil, Irak\" \/>\n<meta property=\"og:description\" content=\"Los j\u00f3venes de un suburbio de Erbil en Ankawa, Irak, est\u00e1n tomando las riendas de la reconstrucci\u00f3n y el desarrollo de sus comunidades, despu\u00e9s de la destrucci\u00f3n que ocasion\u00f3 ISIS en el 2014. L\u00e9alo aqu\u00ed.\" \/>\n<meta property=\"og:url\" content=\"https:\/\/cnewa.org\/es\/esperanza-para-los-cristianos-en-erbil-irak\/\" \/>\n<meta property=\"og:site_name\" content=\"CNEWA Espa\u00f1ol\" \/>\n<meta property=\"article:publisher\" content=\"https:\/\/www.facebook.com\/CNEWAenespanol\/\" \/>\n<meta property=\"article:published_time\" content=\"2021-12-09T20:47:08+00:00\" \/>\n<meta property=\"article:modified_time\" content=\"2024-03-20T17:23:22+00:00\" \/>\n<meta property=\"og:image\" content=\"https:\/\/cnewa.org\/es\/wp-content\/uploads\/sites\/5\/2021\/12\/260787261_10158083203707687_1390716389694663528_n.jpg\" \/>\n\t<meta property=\"og:image:width\" content=\"2048\" \/>\n\t<meta property=\"og:image:height\" content=\"1536\" \/>\n\t<meta property=\"og:image:type\" content=\"image\/jpeg\" \/>\n<meta name=\"author\" content=\"Michael J. La Civita\" \/>\n<meta name=\"twitter:card\" content=\"summary_large_image\" \/>\n<meta name=\"twitter:title\" content=\"Esperanza para los cristianos en Erbil, Irak\" \/>\n<meta name=\"twitter:label1\" content=\"Escrito por\" \/>\n\t<meta name=\"twitter:data1\" content=\"CNEWA\" \/>\n\t<meta name=\"twitter:label2\" content=\"Tiempo de lectura\" \/>\n\t<meta name=\"twitter:data2\" content=\"4 minutos\" \/>\n<script type=\"application\/ld+json\" class=\"yoast-schema-graph\">{\"@context\":\"https:\\\/\\\/schema.org\",\"@graph\":[{\"@type\":\"Article\",\"@id\":\"https:\\\/\\\/cnewa.org\\\/es\\\/esperanza-para-los-cristianos-en-erbil-irak\\\/#article\",\"isPartOf\":{\"@id\":\"https:\\\/\\\/cnewa.org\\\/es\\\/esperanza-para-los-cristianos-en-erbil-irak\\\/\"},\"author\":{\"name\":\"Michael J. La Civita\",\"@id\":\"https:\\\/\\\/cnewa.org\\\/es\\\/#\\\/schema\\\/person\\\/7944644ca6eb0740b984679ea893bd81\"},\"headline\":\"Esperanza para los cristianos en Erbil, Irak\",\"datePublished\":\"2021-12-09T20:47:08+00:00\",\"dateModified\":\"2024-03-20T17:23:22+00:00\",\"mainEntityOfPage\":{\"@id\":\"https:\\\/\\\/cnewa.org\\\/es\\\/esperanza-para-los-cristianos-en-erbil-irak\\\/\"},\"wordCount\":743,\"publisher\":{\"@id\":\"https:\\\/\\\/cnewa.org\\\/es\\\/#organization\"},\"image\":{\"@id\":\"https:\\\/\\\/cnewa.org\\\/es\\\/esperanza-para-los-cristianos-en-erbil-irak\\\/#primaryimage\"},\"thumbnailUrl\":\"https:\\\/\\\/cnewa.org\\\/es\\\/wp-content\\\/uploads\\\/sites\\\/5\\\/2021\\\/12\\\/260787261_10158083203707687_1390716389694663528_n.jpg\",\"articleSection\":[\"Irak\"],\"inLanguage\":\"es\"},{\"@type\":\"WebPage\",\"@id\":\"https:\\\/\\\/cnewa.org\\\/es\\\/esperanza-para-los-cristianos-en-erbil-irak\\\/\",\"url\":\"https:\\\/\\\/cnewa.org\\\/es\\\/esperanza-para-los-cristianos-en-erbil-irak\\\/\",\"name\":\"Esperanza para los cristianos en Erbil, Irak\",\"isPartOf\":{\"@id\":\"https:\\\/\\\/cnewa.org\\\/es\\\/#website\"},\"primaryImageOfPage\":{\"@id\":\"https:\\\/\\\/cnewa.org\\\/es\\\/esperanza-para-los-cristianos-en-erbil-irak\\\/#primaryimage\"},\"image\":{\"@id\":\"https:\\\/\\\/cnewa.org\\\/es\\\/esperanza-para-los-cristianos-en-erbil-irak\\\/#primaryimage\"},\"thumbnailUrl\":\"https:\\\/\\\/cnewa.org\\\/es\\\/wp-content\\\/uploads\\\/sites\\\/5\\\/2021\\\/12\\\/260787261_10158083203707687_1390716389694663528_n.jpg\",\"datePublished\":\"2021-12-09T20:47:08+00:00\",\"dateModified\":\"2024-03-20T17:23:22+00:00\",\"description\":\"In Ankawa, a sprawling area of flashy new construction, many Iraqi Christians now live and work seven years after ISIS.\u00a0\",\"breadcrumb\":{\"@id\":\"https:\\\/\\\/cnewa.org\\\/es\\\/esperanza-para-los-cristianos-en-erbil-irak\\\/#breadcrumb\"},\"inLanguage\":\"es\",\"potentialAction\":[{\"@type\":\"ReadAction\",\"target\":[\"https:\\\/\\\/cnewa.org\\\/es\\\/esperanza-para-los-cristianos-en-erbil-irak\\\/\"]}]},{\"@type\":\"ImageObject\",\"inLanguage\":\"es\",\"@id\":\"https:\\\/\\\/cnewa.org\\\/es\\\/esperanza-para-los-cristianos-en-erbil-irak\\\/#primaryimage\",\"url\":\"https:\\\/\\\/cnewa.org\\\/es\\\/wp-content\\\/uploads\\\/sites\\\/5\\\/2021\\\/12\\\/260787261_10158083203707687_1390716389694663528_n.jpg\",\"contentUrl\":\"https:\\\/\\\/cnewa.org\\\/es\\\/wp-content\\\/uploads\\\/sites\\\/5\\\/2021\\\/12\\\/260787261_10158083203707687_1390716389694663528_n.jpg\",\"width\":2048,\"height\":1536,\"caption\":\"El Arzobispo Bashar Warda de la Arqueparqu\u00eda Caldeo Cat\u00f3lica de Erbil habla con estudiantes de la Escuela Mar Qardakh en Ankawa, Kurdist\u00e1n Iraq\u00ed. (foto: Michael La Civita)\"},{\"@type\":\"BreadcrumbList\",\"@id\":\"https:\\\/\\\/cnewa.org\\\/es\\\/esperanza-para-los-cristianos-en-erbil-irak\\\/#breadcrumb\",\"itemListElement\":[{\"@type\":\"ListItem\",\"position\":1,\"name\":\"Inicio\",\"item\":\"https:\\\/\\\/cnewa.org\\\/es\\\/\"},{\"@type\":\"ListItem\",\"position\":2,\"name\":\"Irak\",\"item\":\"https:\\\/\\\/cnewa.org\\\/es\\\/categoria\\\/irak\\\/\"},{\"@type\":\"ListItem\",\"position\":3,\"name\":\"Esperanza para los cristianos en Erbil, Irak\"}]},{\"@type\":\"WebSite\",\"@id\":\"https:\\\/\\\/cnewa.org\\\/es\\\/#website\",\"url\":\"https:\\\/\\\/cnewa.org\\\/es\\\/\",\"name\":\"CNEWA Espa\u00f1ol\",\"description\":\"Asociaci\u00f3n Cat\u00f3lica para el Bienestar del Cercano Oriente\",\"publisher\":{\"@id\":\"https:\\\/\\\/cnewa.org\\\/es\\\/#organization\"},\"potentialAction\":[{\"@type\":\"SearchAction\",\"target\":{\"@type\":\"EntryPoint\",\"urlTemplate\":\"https:\\\/\\\/cnewa.org\\\/es\\\/?s={search_term_string}\"},\"query-input\":{\"@type\":\"PropertyValueSpecification\",\"valueRequired\":true,\"valueName\":\"search_term_string\"}}],\"inLanguage\":\"es\"},{\"@type\":\"Organization\",\"@id\":\"https:\\\/\\\/cnewa.org\\\/es\\\/#organization\",\"name\":\"CNEWA Espa\u00f1ol\",\"alternateName\":\"Asociaci\u00f3n Cat\u00f3lica para el Bienestar del Cercano Oriente\",\"url\":\"https:\\\/\\\/cnewa.org\\\/es\\\/\",\"logo\":{\"@type\":\"ImageObject\",\"inLanguage\":\"es\",\"@id\":\"https:\\\/\\\/cnewa.org\\\/es\\\/#\\\/schema\\\/logo\\\/image\\\/\",\"url\":\"https:\\\/\\\/cnewa.org\\\/es\\\/wp-content\\\/uploads\\\/sites\\\/5\\\/2021\\\/07\\\/CNEWA-brand-logo.png\",\"contentUrl\":\"https:\\\/\\\/cnewa.org\\\/es\\\/wp-content\\\/uploads\\\/sites\\\/5\\\/2021\\\/07\\\/CNEWA-brand-logo.png\",\"width\":1000,\"height\":1000,\"caption\":\"CNEWA Espa\u00f1ol\"},\"image\":{\"@id\":\"https:\\\/\\\/cnewa.org\\\/es\\\/#\\\/schema\\\/logo\\\/image\\\/\"},\"sameAs\":[\"https:\\\/\\\/www.facebook.com\\\/CNEWAenespanol\\\/\",\"https:\\\/\\\/www.instagram.com\\\/cnewa1926\\\/\",\"https:\\\/\\\/www.youtube.com\\\/user\\\/TheCNEWA\"]},{\"@type\":\"Person\",\"name\":\"Michael J. La Civita\"}]}<\/script>\n<!-- \/ Yoast SEO Premium plugin. -->","yoast_head_json":{"title":"Esperanza para los cristianos en Erbil, Irak","description":"In Ankawa, a sprawling area of flashy new construction, many Iraqi Christians now live and work seven years after ISIS.\u00a0","robots":{"index":"index","follow":"follow","max-snippet":"max-snippet:-1","max-image-preview":"max-image-preview:large","max-video-preview":"max-video-preview:-1"},"canonical":"https:\/\/cnewa.org\/es\/esperanza-para-los-cristianos-en-erbil-irak\/","og_locale":"es_ES","og_type":"article","og_title":"Esperanza para cristianos en Erbil, Irak","og_description":"Los j\u00f3venes de un suburbio de Erbil en Ankawa, Irak, est\u00e1n tomando las riendas de la reconstrucci\u00f3n y el desarrollo de sus comunidades, despu\u00e9s de la destrucci\u00f3n que ocasion\u00f3 ISIS en el 2014. L\u00e9alo aqu\u00ed.","og_url":"https:\/\/cnewa.org\/es\/esperanza-para-los-cristianos-en-erbil-irak\/","og_site_name":"CNEWA Espa\u00f1ol","article_publisher":"https:\/\/www.facebook.com\/CNEWAenespanol\/","article_published_time":"2021-12-09T20:47:08+00:00","article_modified_time":"2024-03-20T17:23:22+00:00","og_image":[{"width":2048,"height":1536,"url":"https:\/\/cnewa.org\/es\/wp-content\/uploads\/sites\/5\/2021\/12\/260787261_10158083203707687_1390716389694663528_n.jpg","type":"image\/jpeg"}],"author":"Michael J. La Civita","twitter_card":"summary_large_image","twitter_title":"Esperanza para los cristianos en Erbil, Irak","twitter_misc":{"Escrito por":"CNEWA","Tiempo de lectura":"4 minutos"},"schema":{"@context":"https:\/\/schema.org","@graph":[{"@type":"Article","@id":"https:\/\/cnewa.org\/es\/esperanza-para-los-cristianos-en-erbil-irak\/#article","isPartOf":{"@id":"https:\/\/cnewa.org\/es\/esperanza-para-los-cristianos-en-erbil-irak\/"},"author":{"name":"Michael J. La Civita","@id":"https:\/\/cnewa.org\/es\/#\/schema\/person\/7944644ca6eb0740b984679ea893bd81"},"headline":"Esperanza para los cristianos en Erbil, Irak","datePublished":"2021-12-09T20:47:08+00:00","dateModified":"2024-03-20T17:23:22+00:00","mainEntityOfPage":{"@id":"https:\/\/cnewa.org\/es\/esperanza-para-los-cristianos-en-erbil-irak\/"},"wordCount":743,"publisher":{"@id":"https:\/\/cnewa.org\/es\/#organization"},"image":{"@id":"https:\/\/cnewa.org\/es\/esperanza-para-los-cristianos-en-erbil-irak\/#primaryimage"},"thumbnailUrl":"https:\/\/cnewa.org\/es\/wp-content\/uploads\/sites\/5\/2021\/12\/260787261_10158083203707687_1390716389694663528_n.jpg","articleSection":["Irak"],"inLanguage":"es"},{"@type":"WebPage","@id":"https:\/\/cnewa.org\/es\/esperanza-para-los-cristianos-en-erbil-irak\/","url":"https:\/\/cnewa.org\/es\/esperanza-para-los-cristianos-en-erbil-irak\/","name":"Esperanza para los cristianos en Erbil, Irak","isPartOf":{"@id":"https:\/\/cnewa.org\/es\/#website"},"primaryImageOfPage":{"@id":"https:\/\/cnewa.org\/es\/esperanza-para-los-cristianos-en-erbil-irak\/#primaryimage"},"image":{"@id":"https:\/\/cnewa.org\/es\/esperanza-para-los-cristianos-en-erbil-irak\/#primaryimage"},"thumbnailUrl":"https:\/\/cnewa.org\/es\/wp-content\/uploads\/sites\/5\/2021\/12\/260787261_10158083203707687_1390716389694663528_n.jpg","datePublished":"2021-12-09T20:47:08+00:00","dateModified":"2024-03-20T17:23:22+00:00","description":"In Ankawa, a sprawling area of flashy new construction, many Iraqi Christians now live and work seven years after ISIS.\u00a0","breadcrumb":{"@id":"https:\/\/cnewa.org\/es\/esperanza-para-los-cristianos-en-erbil-irak\/#breadcrumb"},"inLanguage":"es","potentialAction":[{"@type":"ReadAction","target":["https:\/\/cnewa.org\/es\/esperanza-para-los-cristianos-en-erbil-irak\/"]}]},{"@type":"ImageObject","inLanguage":"es","@id":"https:\/\/cnewa.org\/es\/esperanza-para-los-cristianos-en-erbil-irak\/#primaryimage","url":"https:\/\/cnewa.org\/es\/wp-content\/uploads\/sites\/5\/2021\/12\/260787261_10158083203707687_1390716389694663528_n.jpg","contentUrl":"https:\/\/cnewa.org\/es\/wp-content\/uploads\/sites\/5\/2021\/12\/260787261_10158083203707687_1390716389694663528_n.jpg","width":2048,"height":1536,"caption":"El Arzobispo Bashar Warda de la Arqueparqu\u00eda Caldeo Cat\u00f3lica de Erbil habla con estudiantes de la Escuela Mar Qardakh en Ankawa, Kurdist\u00e1n Iraq\u00ed. (foto: Michael La Civita)"},{"@type":"BreadcrumbList","@id":"https:\/\/cnewa.org\/es\/esperanza-para-los-cristianos-en-erbil-irak\/#breadcrumb","itemListElement":[{"@type":"ListItem","position":1,"name":"Inicio","item":"https:\/\/cnewa.org\/es\/"},{"@type":"ListItem","position":2,"name":"Irak","item":"https:\/\/cnewa.org\/es\/categoria\/irak\/"},{"@type":"ListItem","position":3,"name":"Esperanza para los cristianos en Erbil, Irak"}]},{"@type":"WebSite","@id":"https:\/\/cnewa.org\/es\/#website","url":"https:\/\/cnewa.org\/es\/","name":"CNEWA Espa\u00f1ol","description":"Asociaci\u00f3n Cat\u00f3lica para el Bienestar del Cercano Oriente","publisher":{"@id":"https:\/\/cnewa.org\/es\/#organization"},"potentialAction":[{"@type":"SearchAction","target":{"@type":"EntryPoint","urlTemplate":"https:\/\/cnewa.org\/es\/?s={search_term_string}"},"query-input":{"@type":"PropertyValueSpecification","valueRequired":true,"valueName":"search_term_string"}}],"inLanguage":"es"},{"@type":"Organization","@id":"https:\/\/cnewa.org\/es\/#organization","name":"CNEWA Espa\u00f1ol","alternateName":"Asociaci\u00f3n Cat\u00f3lica para el Bienestar del Cercano Oriente","url":"https:\/\/cnewa.org\/es\/","logo":{"@type":"ImageObject","inLanguage":"es","@id":"https:\/\/cnewa.org\/es\/#\/schema\/logo\/image\/","url":"https:\/\/cnewa.org\/es\/wp-content\/uploads\/sites\/5\/2021\/07\/CNEWA-brand-logo.png","contentUrl":"https:\/\/cnewa.org\/es\/wp-content\/uploads\/sites\/5\/2021\/07\/CNEWA-brand-logo.png","width":1000,"height":1000,"caption":"CNEWA Espa\u00f1ol"},"image":{"@id":"https:\/\/cnewa.org\/es\/#\/schema\/logo\/image\/"},"sameAs":["https:\/\/www.facebook.com\/CNEWAenespanol\/","https:\/\/www.instagram.com\/cnewa1926\/","https:\/\/www.youtube.com\/user\/TheCNEWA"]},{"@type":"Person","name":"Michael J. La Civita"}]}},"_links":{"self":[{"href":"https:\/\/cnewa.org\/es\/wp-json\/wp\/v2\/posts\/499","targetHints":{"allow":["GET"]}}],"collection":[{"href":"https:\/\/cnewa.org\/es\/wp-json\/wp\/v2\/posts"}],"about":[{"href":"https:\/\/cnewa.org\/es\/wp-json\/wp\/v2\/types\/post"}],"author":[{"embeddable":true,"href":"https:\/\/cnewa.org\/es\/wp-json\/wp\/v2\/users\/61"}],"replies":[{"embeddable":true,"href":"https:\/\/cnewa.org\/es\/wp-json\/wp\/v2\/comments?post=499"}],"version-history":[{"count":13,"href":"https:\/\/cnewa.org\/es\/wp-json\/wp\/v2\/posts\/499\/revisions"}],"predecessor-version":[{"id":4805,"href":"https:\/\/cnewa.org\/es\/wp-json\/wp\/v2\/posts\/499\/revisions\/4805"}],"wp:featuredmedia":[{"embeddable":true,"href":"https:\/\/cnewa.org\/es\/wp-json\/wp\/v2\/media\/498"}],"wp:attachment":[{"href":"https:\/\/cnewa.org\/es\/wp-json\/wp\/v2\/media?parent=499"}],"wp:term":[{"taxonomy":"category","embeddable":true,"href":"https:\/\/cnewa.org\/es\/wp-json\/wp\/v2\/categories?post=499"}],"curies":[{"name":"wp","href":"https:\/\/api.w.org\/{rel}","templated":true}]}}