{"id":5184,"date":"2024-06-04T11:28:33","date_gmt":"2024-06-04T15:28:33","guid":{"rendered":"https:\/\/cnewa.org\/es\/?p=5184"},"modified":"2024-06-04T11:28:58","modified_gmt":"2024-06-04T15:28:58","slug":"one-en-espanol-en-esto-juntos-pero-no-solo-eso","status":"publish","type":"post","link":"https:\/\/cnewa.org\/es\/one-en-espanol-en-esto-juntos-pero-no-solo-eso\/","title":{"rendered":"ONE en espa\u00f1ol: En esto, juntos, pero no solo eso"},"content":{"rendered":"\n<p>En per\u00edodos de crisis, a veces todo lo que podemos hacer es aferrarnos, aferrarnos a la fe, hasta que otros, envalentonados por el amor y el sentido de misi\u00f3n, se acercan, como buenos samaritanos, a brindarnos la ayuda y la esperanza que necesitamos.<\/p>\n\n\n\n<h3 class=\"wp-block-heading\" id=\"h-en-la-edicion-de-junio-2024-de-one-en-espanol-nos-complace-traerles-historias-de-como-los-hombres-y-mujeres-de-la-iglesia-motivados-por-el-evangelio-y-comprometidos-con-el-bien-comun-responden-a-las-muchas-crisis-que-afectan-a-hombres-y-mujeres-comunes-en-todo-el-mundo-donde-cnewa-brinda-ayuda\">En la edici\u00f3n de junio 2024 de <a href=\"https:\/\/cnewa.org\/es\/revista-edicion\/junio-2024\/\"><em>ONE en espa\u00f1ol<\/em>, <\/a>nos complace traerles historias de c\u00f3mo los hombres y mujeres de la iglesia, motivados por el Evangelio y comprometidos con el bien com\u00fan, responden a las muchas crisis que afectan a hombres y mujeres comunes en todo el mundo donde CNEWA brinda ayuda.<\/h3>\n\n\n\n<p>Nuestro <a href=\"https:\/\/cnewa.org\/es\/revista\/un-signo-de-esperanza-en-tierra-santa\/\">art\u00edculo de portada<\/a> informa sobre la hist\u00f3rica visita del Cardenal Timothy M. Dolan de Nueva York, director de la junta directiva internacional de CNEWA, a Israel y Palestina para conmemorar el 75 aniversario de la Misi\u00f3n Pontificia, el brazo operativo de CNEWA en el Medio Oriente.<\/p>\n\n\n\n<p>Esta edici\u00f3n contin\u00faa repasando algunos per\u00edodos fecundos en el mundo de CNEWA cubiertos por esta revista en sus 50 a\u00f1os de publicaci\u00f3n <em>ONE<\/em> en ingl\u00e9s. En esta edici\u00f3n, los lectores encontrar\u00e1n una reimpresi\u00f3n de \u201c<a href=\"https:\/\/cnewa.org\/es\/revista\/es-compatible-el-islam-con-la-democracia\/\">\u00bfEs Compatible el Islam con la Democracia?\u201d,<\/a> escrito por el profesor John L. Esposito de la Universidad de Georgetown. Fue publicado originalmente en ingl\u00e9s durante las etapas iniciales de la llamada Primavera \u00c1rabe en la edici\u00f3n de julio 2011 de la revista <em>ONE<\/em>, y ahora traducido al espa\u00f1ol.<\/p>\n\n\n\n<p>En este n\u00famero, los lectores tambi\u00e9n podr\u00e1n:<\/p>\n\n\n\n<ul class=\"wp-block-list\">\n<li><a href=\"https:\/\/cnewa.org\/es\/revista\/ninguna-generacion-se-salvo\/\">Conocer a las familias en el sur del L\u00edbano<\/a> atrapadas en el fuego cruzado entre Israel y Hezbol\u00e1, y c\u00f3mo la iglesia local est\u00e1 respondiendo a los desaf\u00edos.<\/li>\n\n\n\n<li><a href=\"https:\/\/cnewa.org\/es\/revista\/un-lugar-al-que-pertenecer\/\">Saber c\u00f3mo la iglesia rescata a los j\u00f3venes de la calle en Georgia<\/a>, ofreci\u00e9ndoles oportunidades para un futuro mejor.<\/li>\n\n\n\n<li><a href=\"https:\/\/cnewa.org\/es\/revista\/hacia-donde-vamos\/\">Ser testigos de c\u00f3mo una antigua comunidad<\/a>, los cristianos coptos de Egipto, se enfrentan a los desaf\u00edos modernos.<\/li>\n<\/ul>\n\n\n\n<p><em>ONE en espa\u00f1ol<\/em> est\u00e1 comprometida a contar las historias del mundo de las iglesias orientales, muchas de las cuales no ser\u00edan compartidas de otro modo, y se complace en presentar y reconocer a tantos h\u00e9roes desconocidos, hombres y mujeres comunes que hacen cosas extraordinarias mientras viven la pregunta que se le hizo a Jes\u00fas: \u201c\u00bfY qui\u00e9n es mi pr\u00f3jimo?\u201d<\/p>\n","protected":false},"excerpt":{"rendered":"<p>En per\u00edodos de crisis, a veces todo lo que podemos hacer es aferrarnos, aferrarnos a la fe, hasta que otros, envalentonados por el amor y el sentido de misi\u00f3n, se acercan, como buenos samaritanos, a brindarnos la ayuda y la esperanza que necesitamos. En la edici\u00f3n de junio 2024 de ONE en espa\u00f1ol, nos complace &hellip; <a href=\"https:\/\/cnewa.org\/es\/one-en-espanol-en-esto-juntos-pero-no-solo-eso\/\">Continued<\/a><\/p>\n","protected":false},"author":70019,"featured_media":5185,"comment_status":"closed","ping_status":"closed","sticky":false,"template":"","format":"standard","meta":{"_acf_changed":false,"footnotes":""},"categories":[98,3],"class_list":["post-5184","post","type-post","status-publish","format-standard","has-post-thumbnail","hentry","category-multimedia","category-noticias"],"acf":[],"yoast_head":"<!-- This site is optimized with the Yoast SEO Premium plugin v27.3 (Yoast SEO v27.3) - https:\/\/yoast.com\/product\/yoast-seo-premium-wordpress\/ -->\n<title>ONE en espa\u00f1ol: En esto, juntos, pero no solo eso | CNEWA Espa\u00f1ol<\/title>\n<meta name=\"robots\" content=\"index, follow, max-snippet:-1, max-image-preview:large, max-video-preview:-1\" \/>\n<link rel=\"canonical\" href=\"https:\/\/cnewa.org\/es\/one-en-espanol-en-esto-juntos-pero-no-solo-eso\/\" \/>\n<meta property=\"og:locale\" content=\"es_ES\" \/>\n<meta property=\"og:type\" content=\"article\" \/>\n<meta property=\"og:title\" content=\"ONE en espa\u00f1ol: En esto, juntos, pero no solo eso\" \/>\n<meta property=\"og:description\" content=\"En per\u00edodos de crisis, a veces todo lo que podemos hacer es aferrarnos, aferrarnos a la fe, hasta que otros, envalentonados por el amor y el sentido de misi\u00f3n, se acercan, como buenos samaritanos, a brindarnos la ayuda y la esperanza que necesitamos. En la edici\u00f3n de junio 2024 de ONE en espa\u00f1ol, nos complace &hellip; Continued\" \/>\n<meta property=\"og:url\" content=\"https:\/\/cnewa.org\/es\/one-en-espanol-en-esto-juntos-pero-no-solo-eso\/\" \/>\n<meta property=\"og:site_name\" content=\"CNEWA Espa\u00f1ol\" \/>\n<meta property=\"article:publisher\" content=\"https:\/\/www.facebook.com\/CNEWAenespanol\/\" \/>\n<meta property=\"article:published_time\" content=\"2024-06-04T15:28:33+00:00\" \/>\n<meta property=\"article:modified_time\" content=\"2024-06-04T15:28:58+00:00\" \/>\n<meta property=\"og:image\" content=\"https:\/\/cnewa.org\/es\/wp-content\/uploads\/sites\/5\/2024\/06\/saadeh202404_119H.jpg\" \/>\n\t<meta property=\"og:image:width\" content=\"1800\" \/>\n\t<meta property=\"og:image:height\" content=\"1200\" \/>\n\t<meta property=\"og:image:type\" content=\"image\/jpeg\" \/>\n<meta name=\"author\" content=\"Laura Ieraci\" \/>\n<meta name=\"twitter:card\" content=\"summary_large_image\" \/>\n<meta name=\"twitter:label1\" content=\"Escrito por\" \/>\n\t<meta name=\"twitter:data1\" content=\"David R. Aquije\" \/>\n\t<meta name=\"twitter:label2\" content=\"Tiempo de lectura\" \/>\n\t<meta name=\"twitter:data2\" content=\"2 minutos\" \/>\n<script type=\"application\/ld+json\" class=\"yoast-schema-graph\">{\"@context\":\"https:\\\/\\\/schema.org\",\"@graph\":[{\"@type\":\"Article\",\"@id\":\"https:\\\/\\\/cnewa.org\\\/es\\\/one-en-espanol-en-esto-juntos-pero-no-solo-eso\\\/#article\",\"isPartOf\":{\"@id\":\"https:\\\/\\\/cnewa.org\\\/es\\\/one-en-espanol-en-esto-juntos-pero-no-solo-eso\\\/\"},\"author\":{\"name\":\"Laura Ieraci\",\"@id\":\"https:\\\/\\\/cnewa.org\\\/es\\\/#\\\/schema\\\/person\\\/d2935c46e239b59210c38997d4aedf00\"},\"headline\":\"ONE en espa\u00f1ol: En esto, juntos, pero no solo eso\",\"datePublished\":\"2024-06-04T15:28:33+00:00\",\"dateModified\":\"2024-06-04T15:28:58+00:00\",\"mainEntityOfPage\":{\"@id\":\"https:\\\/\\\/cnewa.org\\\/es\\\/one-en-espanol-en-esto-juntos-pero-no-solo-eso\\\/\"},\"wordCount\":401,\"publisher\":{\"@id\":\"https:\\\/\\\/cnewa.org\\\/es\\\/#organization\"},\"image\":{\"@id\":\"https:\\\/\\\/cnewa.org\\\/es\\\/one-en-espanol-en-esto-juntos-pero-no-solo-eso\\\/#primaryimage\"},\"thumbnailUrl\":\"https:\\\/\\\/cnewa.org\\\/es\\\/wp-content\\\/uploads\\\/sites\\\/5\\\/2024\\\/06\\\/saadeh202404_119H.jpg\",\"articleSection\":[\"Multimedia\",\"Noticias\"],\"inLanguage\":\"es\"},{\"@type\":\"WebPage\",\"@id\":\"https:\\\/\\\/cnewa.org\\\/es\\\/one-en-espanol-en-esto-juntos-pero-no-solo-eso\\\/\",\"url\":\"https:\\\/\\\/cnewa.org\\\/es\\\/one-en-espanol-en-esto-juntos-pero-no-solo-eso\\\/\",\"name\":\"ONE en espa\u00f1ol: En esto, juntos, pero no solo eso | CNEWA Espa\u00f1ol\",\"isPartOf\":{\"@id\":\"https:\\\/\\\/cnewa.org\\\/es\\\/#website\"},\"primaryImageOfPage\":{\"@id\":\"https:\\\/\\\/cnewa.org\\\/es\\\/one-en-espanol-en-esto-juntos-pero-no-solo-eso\\\/#primaryimage\"},\"image\":{\"@id\":\"https:\\\/\\\/cnewa.org\\\/es\\\/one-en-espanol-en-esto-juntos-pero-no-solo-eso\\\/#primaryimage\"},\"thumbnailUrl\":\"https:\\\/\\\/cnewa.org\\\/es\\\/wp-content\\\/uploads\\\/sites\\\/5\\\/2024\\\/06\\\/saadeh202404_119H.jpg\",\"datePublished\":\"2024-06-04T15:28:33+00:00\",\"dateModified\":\"2024-06-04T15:28:58+00:00\",\"breadcrumb\":{\"@id\":\"https:\\\/\\\/cnewa.org\\\/es\\\/one-en-espanol-en-esto-juntos-pero-no-solo-eso\\\/#breadcrumb\"},\"inLanguage\":\"es\",\"potentialAction\":[{\"@type\":\"ReadAction\",\"target\":[\"https:\\\/\\\/cnewa.org\\\/es\\\/one-en-espanol-en-esto-juntos-pero-no-solo-eso\\\/\"]}]},{\"@type\":\"ImageObject\",\"inLanguage\":\"es\",\"@id\":\"https:\\\/\\\/cnewa.org\\\/es\\\/one-en-espanol-en-esto-juntos-pero-no-solo-eso\\\/#primaryimage\",\"url\":\"https:\\\/\\\/cnewa.org\\\/es\\\/wp-content\\\/uploads\\\/sites\\\/5\\\/2024\\\/06\\\/saadeh202404_119H.jpg\",\"contentUrl\":\"https:\\\/\\\/cnewa.org\\\/es\\\/wp-content\\\/uploads\\\/sites\\\/5\\\/2024\\\/06\\\/saadeh202404_119H.jpg\",\"width\":1800,\"height\":1200,\"caption\":\"El cardenal Timothy M. Dolan visita el Hogar de Ni\u00f1os de la Sagrada Familia en Bel\u00e9n, el 13 de abril. (foto: Joseph Saadah)\"},{\"@type\":\"BreadcrumbList\",\"@id\":\"https:\\\/\\\/cnewa.org\\\/es\\\/one-en-espanol-en-esto-juntos-pero-no-solo-eso\\\/#breadcrumb\",\"itemListElement\":[{\"@type\":\"ListItem\",\"position\":1,\"name\":\"Inicio\",\"item\":\"https:\\\/\\\/cnewa.org\\\/es\\\/\"},{\"@type\":\"ListItem\",\"position\":2,\"name\":\"Noticias\",\"item\":\"https:\\\/\\\/cnewa.org\\\/es\\\/categoria\\\/noticias\\\/\"},{\"@type\":\"ListItem\",\"position\":3,\"name\":\"ONE en espa\u00f1ol: En esto, juntos, pero no solo eso\"}]},{\"@type\":\"WebSite\",\"@id\":\"https:\\\/\\\/cnewa.org\\\/es\\\/#website\",\"url\":\"https:\\\/\\\/cnewa.org\\\/es\\\/\",\"name\":\"CNEWA Espa\u00f1ol\",\"description\":\"Asociaci\u00f3n Cat\u00f3lica para el Bienestar del Cercano Oriente\",\"publisher\":{\"@id\":\"https:\\\/\\\/cnewa.org\\\/es\\\/#organization\"},\"potentialAction\":[{\"@type\":\"SearchAction\",\"target\":{\"@type\":\"EntryPoint\",\"urlTemplate\":\"https:\\\/\\\/cnewa.org\\\/es\\\/?s={search_term_string}\"},\"query-input\":{\"@type\":\"PropertyValueSpecification\",\"valueRequired\":true,\"valueName\":\"search_term_string\"}}],\"inLanguage\":\"es\"},{\"@type\":\"Organization\",\"@id\":\"https:\\\/\\\/cnewa.org\\\/es\\\/#organization\",\"name\":\"CNEWA Espa\u00f1ol\",\"alternateName\":\"Asociaci\u00f3n Cat\u00f3lica para el Bienestar del Cercano Oriente\",\"url\":\"https:\\\/\\\/cnewa.org\\\/es\\\/\",\"logo\":{\"@type\":\"ImageObject\",\"inLanguage\":\"es\",\"@id\":\"https:\\\/\\\/cnewa.org\\\/es\\\/#\\\/schema\\\/logo\\\/image\\\/\",\"url\":\"https:\\\/\\\/cnewa.org\\\/es\\\/wp-content\\\/uploads\\\/sites\\\/5\\\/2021\\\/07\\\/CNEWA-brand-logo.png\",\"contentUrl\":\"https:\\\/\\\/cnewa.org\\\/es\\\/wp-content\\\/uploads\\\/sites\\\/5\\\/2021\\\/07\\\/CNEWA-brand-logo.png\",\"width\":1000,\"height\":1000,\"caption\":\"CNEWA Espa\u00f1ol\"},\"image\":{\"@id\":\"https:\\\/\\\/cnewa.org\\\/es\\\/#\\\/schema\\\/logo\\\/image\\\/\"},\"sameAs\":[\"https:\\\/\\\/www.facebook.com\\\/CNEWAenespanol\\\/\",\"https:\\\/\\\/www.instagram.com\\\/cnewa1926\\\/\",\"https:\\\/\\\/www.youtube.com\\\/user\\\/TheCNEWA\"]},{\"@type\":\"Person\",\"name\":\"Laura Ieraci\"}]}<\/script>\n<!-- \/ Yoast SEO Premium plugin. -->","yoast_head_json":{"title":"ONE en espa\u00f1ol: En esto, juntos, pero no solo eso | CNEWA Espa\u00f1ol","robots":{"index":"index","follow":"follow","max-snippet":"max-snippet:-1","max-image-preview":"max-image-preview:large","max-video-preview":"max-video-preview:-1"},"canonical":"https:\/\/cnewa.org\/es\/one-en-espanol-en-esto-juntos-pero-no-solo-eso\/","og_locale":"es_ES","og_type":"article","og_title":"ONE en espa\u00f1ol: En esto, juntos, pero no solo eso","og_description":"En per\u00edodos de crisis, a veces todo lo que podemos hacer es aferrarnos, aferrarnos a la fe, hasta que otros, envalentonados por el amor y el sentido de misi\u00f3n, se acercan, como buenos samaritanos, a brindarnos la ayuda y la esperanza que necesitamos. En la edici\u00f3n de junio 2024 de ONE en espa\u00f1ol, nos complace &hellip; Continued","og_url":"https:\/\/cnewa.org\/es\/one-en-espanol-en-esto-juntos-pero-no-solo-eso\/","og_site_name":"CNEWA Espa\u00f1ol","article_publisher":"https:\/\/www.facebook.com\/CNEWAenespanol\/","article_published_time":"2024-06-04T15:28:33+00:00","article_modified_time":"2024-06-04T15:28:58+00:00","og_image":[{"width":1800,"height":1200,"url":"https:\/\/cnewa.org\/es\/wp-content\/uploads\/sites\/5\/2024\/06\/saadeh202404_119H.jpg","type":"image\/jpeg"}],"author":"Laura Ieraci","twitter_card":"summary_large_image","twitter_misc":{"Escrito por":"David R. Aquije","Tiempo de lectura":"2 minutos"},"schema":{"@context":"https:\/\/schema.org","@graph":[{"@type":"Article","@id":"https:\/\/cnewa.org\/es\/one-en-espanol-en-esto-juntos-pero-no-solo-eso\/#article","isPartOf":{"@id":"https:\/\/cnewa.org\/es\/one-en-espanol-en-esto-juntos-pero-no-solo-eso\/"},"author":{"name":"Laura Ieraci","@id":"https:\/\/cnewa.org\/es\/#\/schema\/person\/d2935c46e239b59210c38997d4aedf00"},"headline":"ONE en espa\u00f1ol: En esto, juntos, pero no solo eso","datePublished":"2024-06-04T15:28:33+00:00","dateModified":"2024-06-04T15:28:58+00:00","mainEntityOfPage":{"@id":"https:\/\/cnewa.org\/es\/one-en-espanol-en-esto-juntos-pero-no-solo-eso\/"},"wordCount":401,"publisher":{"@id":"https:\/\/cnewa.org\/es\/#organization"},"image":{"@id":"https:\/\/cnewa.org\/es\/one-en-espanol-en-esto-juntos-pero-no-solo-eso\/#primaryimage"},"thumbnailUrl":"https:\/\/cnewa.org\/es\/wp-content\/uploads\/sites\/5\/2024\/06\/saadeh202404_119H.jpg","articleSection":["Multimedia","Noticias"],"inLanguage":"es"},{"@type":"WebPage","@id":"https:\/\/cnewa.org\/es\/one-en-espanol-en-esto-juntos-pero-no-solo-eso\/","url":"https:\/\/cnewa.org\/es\/one-en-espanol-en-esto-juntos-pero-no-solo-eso\/","name":"ONE en espa\u00f1ol: En esto, juntos, pero no solo eso | CNEWA Espa\u00f1ol","isPartOf":{"@id":"https:\/\/cnewa.org\/es\/#website"},"primaryImageOfPage":{"@id":"https:\/\/cnewa.org\/es\/one-en-espanol-en-esto-juntos-pero-no-solo-eso\/#primaryimage"},"image":{"@id":"https:\/\/cnewa.org\/es\/one-en-espanol-en-esto-juntos-pero-no-solo-eso\/#primaryimage"},"thumbnailUrl":"https:\/\/cnewa.org\/es\/wp-content\/uploads\/sites\/5\/2024\/06\/saadeh202404_119H.jpg","datePublished":"2024-06-04T15:28:33+00:00","dateModified":"2024-06-04T15:28:58+00:00","breadcrumb":{"@id":"https:\/\/cnewa.org\/es\/one-en-espanol-en-esto-juntos-pero-no-solo-eso\/#breadcrumb"},"inLanguage":"es","potentialAction":[{"@type":"ReadAction","target":["https:\/\/cnewa.org\/es\/one-en-espanol-en-esto-juntos-pero-no-solo-eso\/"]}]},{"@type":"ImageObject","inLanguage":"es","@id":"https:\/\/cnewa.org\/es\/one-en-espanol-en-esto-juntos-pero-no-solo-eso\/#primaryimage","url":"https:\/\/cnewa.org\/es\/wp-content\/uploads\/sites\/5\/2024\/06\/saadeh202404_119H.jpg","contentUrl":"https:\/\/cnewa.org\/es\/wp-content\/uploads\/sites\/5\/2024\/06\/saadeh202404_119H.jpg","width":1800,"height":1200,"caption":"El cardenal Timothy M. Dolan visita el Hogar de Ni\u00f1os de la Sagrada Familia en Bel\u00e9n, el 13 de abril. (foto: Joseph Saadah)"},{"@type":"BreadcrumbList","@id":"https:\/\/cnewa.org\/es\/one-en-espanol-en-esto-juntos-pero-no-solo-eso\/#breadcrumb","itemListElement":[{"@type":"ListItem","position":1,"name":"Inicio","item":"https:\/\/cnewa.org\/es\/"},{"@type":"ListItem","position":2,"name":"Noticias","item":"https:\/\/cnewa.org\/es\/categoria\/noticias\/"},{"@type":"ListItem","position":3,"name":"ONE en espa\u00f1ol: En esto, juntos, pero no solo eso"}]},{"@type":"WebSite","@id":"https:\/\/cnewa.org\/es\/#website","url":"https:\/\/cnewa.org\/es\/","name":"CNEWA Espa\u00f1ol","description":"Asociaci\u00f3n Cat\u00f3lica para el Bienestar del Cercano Oriente","publisher":{"@id":"https:\/\/cnewa.org\/es\/#organization"},"potentialAction":[{"@type":"SearchAction","target":{"@type":"EntryPoint","urlTemplate":"https:\/\/cnewa.org\/es\/?s={search_term_string}"},"query-input":{"@type":"PropertyValueSpecification","valueRequired":true,"valueName":"search_term_string"}}],"inLanguage":"es"},{"@type":"Organization","@id":"https:\/\/cnewa.org\/es\/#organization","name":"CNEWA Espa\u00f1ol","alternateName":"Asociaci\u00f3n Cat\u00f3lica para el Bienestar del Cercano Oriente","url":"https:\/\/cnewa.org\/es\/","logo":{"@type":"ImageObject","inLanguage":"es","@id":"https:\/\/cnewa.org\/es\/#\/schema\/logo\/image\/","url":"https:\/\/cnewa.org\/es\/wp-content\/uploads\/sites\/5\/2021\/07\/CNEWA-brand-logo.png","contentUrl":"https:\/\/cnewa.org\/es\/wp-content\/uploads\/sites\/5\/2021\/07\/CNEWA-brand-logo.png","width":1000,"height":1000,"caption":"CNEWA Espa\u00f1ol"},"image":{"@id":"https:\/\/cnewa.org\/es\/#\/schema\/logo\/image\/"},"sameAs":["https:\/\/www.facebook.com\/CNEWAenespanol\/","https:\/\/www.instagram.com\/cnewa1926\/","https:\/\/www.youtube.com\/user\/TheCNEWA"]},{"@type":"Person","name":"Laura Ieraci"}]}},"_links":{"self":[{"href":"https:\/\/cnewa.org\/es\/wp-json\/wp\/v2\/posts\/5184","targetHints":{"allow":["GET"]}}],"collection":[{"href":"https:\/\/cnewa.org\/es\/wp-json\/wp\/v2\/posts"}],"about":[{"href":"https:\/\/cnewa.org\/es\/wp-json\/wp\/v2\/types\/post"}],"author":[{"embeddable":true,"href":"https:\/\/cnewa.org\/es\/wp-json\/wp\/v2\/users\/70019"}],"replies":[{"embeddable":true,"href":"https:\/\/cnewa.org\/es\/wp-json\/wp\/v2\/comments?post=5184"}],"version-history":[{"count":2,"href":"https:\/\/cnewa.org\/es\/wp-json\/wp\/v2\/posts\/5184\/revisions"}],"predecessor-version":[{"id":5187,"href":"https:\/\/cnewa.org\/es\/wp-json\/wp\/v2\/posts\/5184\/revisions\/5187"}],"wp:featuredmedia":[{"embeddable":true,"href":"https:\/\/cnewa.org\/es\/wp-json\/wp\/v2\/media\/5185"}],"wp:attachment":[{"href":"https:\/\/cnewa.org\/es\/wp-json\/wp\/v2\/media?parent=5184"}],"wp:term":[{"taxonomy":"category","embeddable":true,"href":"https:\/\/cnewa.org\/es\/wp-json\/wp\/v2\/categories?post=5184"}],"curies":[{"name":"wp","href":"https:\/\/api.w.org\/{rel}","templated":true}]}}