{"id":5339,"date":"2024-06-26T13:57:58","date_gmt":"2024-06-26T17:57:58","guid":{"rendered":"https:\/\/cnewa.org\/es\/?p=5339"},"modified":"2024-06-26T13:57:59","modified_gmt":"2024-06-26T17:57:59","slug":"cnewa-gana-58-premios-en-conferencia-de-medios-de-comunicacion-catolicos","status":"publish","type":"post","link":"https:\/\/cnewa.org\/es\/cnewa-gana-58-premios-en-conferencia-de-medios-de-comunicacion-catolicos\/","title":{"rendered":"CNEWA Gana 58 Premios en Conferencia de Medios de Comunicaci\u00f3n Cat\u00f3licos"},"content":{"rendered":"\n<p>CNEWA gan\u00f3 un total de 58 premios de medios de comunicaci\u00f3n para la revista ONE, la p\u00e1gina web y el blog de la agencia en la Conferencia Anual de Medios Cat\u00f3licos, celebrada este a\u00f1o en Atlanta del 18 al 21 de junio. Desde abril 2023, todo el contenido de la revista ONE es traducido al espa\u00f1ol y publicado como la revista en l\u00ednea ONE en espa\u00f1ol. Este a\u00f1o r\u00e9cord para CNEWA se produce cuando la revista ONE, la insignia de la agencia, celebra su 50 aniversario.<\/p>\n\n\n\n<p>A continuaci\u00f3n se muestra una lista completa de los premios de CNEWA, as\u00ed como varias fotograf\u00edas premiadas y comentarios selectos del panel de jueces que evaluaron las nominaciones de este a\u00f1o. Enhorabuena a todos nuestros colaboradores.<\/p>\n\n\n\n<figure class=\"wp-block-pullquote\"><blockquote><p>\u201cMe impresion\u00f3 el alcance global de la cobertura de estos temas. Una cobertura importante, actual y v\u00edvida de algunos de los rincones m\u00e1s conflictivos del mundo, combinada con fuertes mensajes de fe y resiliencia\u201d.<\/p><\/blockquote><\/figure>\n\n\n\n<figure class=\"wp-block-image size-large\"><img loading=\"lazy\" decoding=\"async\" width=\"1024\" height=\"683\" src=\"https:\/\/cnewa.org\/es\/wp-content\/uploads\/sites\/5\/2024\/06\/armenakyan202108_067H-1-1024x683.jpg\" alt=\"\" class=\"wp-image-5335\" srcset=\"https:\/\/cnewa.org\/es\/wp-content\/uploads\/sites\/5\/2024\/06\/armenakyan202108_067H-1-1024x683.jpg 1024w, https:\/\/cnewa.org\/es\/wp-content\/uploads\/sites\/5\/2024\/06\/armenakyan202108_067H-1-300x200.jpg 300w, https:\/\/cnewa.org\/es\/wp-content\/uploads\/sites\/5\/2024\/06\/armenakyan202108_067H-1-768x512.jpg 768w, https:\/\/cnewa.org\/es\/wp-content\/uploads\/sites\/5\/2024\/06\/armenakyan202108_067H-1-1536x1024.jpg 1536w, https:\/\/cnewa.org\/es\/wp-content\/uploads\/sites\/5\/2024\/06\/armenakyan202108_067H-1-1600x1067.jpg 1600w, https:\/\/cnewa.org\/es\/wp-content\/uploads\/sites\/5\/2024\/06\/armenakyan202108_067H-1.jpg 1800w\" sizes=\"auto, (max-width: 1024px) 100vw, 1024px\" \/><figcaption class=\"wp-element-caption\">\u201cReflejo de una madre soltera\u201d gana el primer lugar a la Mejor Fotograf\u00eda: Retrato en la Conferencia de Medios Cat\u00f3licos. (foto: Nazik Armenakyan)<\/figcaption><\/figure>\n\n\n\n<h2 class=\"wp-block-heading has-text-align-center\" id=\"h-nuestros-mayores-premios\">Nuestros Mayores Premios<\/h2>\n\n\n\n<h2 class=\"wp-block-heading\" id=\"h-sin-vuelta-atras\"><a href=\"https:\/\/cnewa.org\/es\/revista\/sin-vuelta-atras\/\">Sin Vuelta Atr\u00e1s<\/a><\/h2>\n\n\n\n<p>art\u00edculo de Gohar Abrahamyan, fotograf\u00edas de Nazik Armenakyan, diagramaci\u00f3n de Paul Grillo<\/p>\n\n\n\n<figure class=\"wp-block-pullquote\"><blockquote><p>\u201cEste art\u00edculo es informativo, tiene excelentes fotos llamativas y env\u00eda un mensaje emotivo directamente al coraz\u00f3n de los lectores. El dise\u00f1o de esta pieza se suma a su efectividad. La escritura es sobresaliente y minuciosamente descriptiva. Es un art\u00edculo totalmente magistral\u201d.<\/p><\/blockquote><\/figure>\n\n\n\n<p>Primer Lugar: <strong>Mejor Reportaje Sobre Temas de Justicia Social<\/strong>, Solidaridad<\/p>\n\n\n\n<p>Primer Lugar: <strong>Mejor Fotograf\u00eda,<\/strong> Inmigraci\u00f3n\/Migraci\u00f3n: \u201cForced From Home\u201d<\/p>\n\n\n\n<p>Segundo Lugar: <strong>Mejor Dise\u00f1o de Columna o Art\u00edculo, <\/strong>Revista de Misi\u00f3n, Extranjero y Nacional<\/p>\n\n\n\n<p>Segundo Lugar: <strong>Mejor Art\u00edculo de Fondo<\/strong>, Revistas de Misi\u00f3n<\/p>\n\n\n\n<p>Segundo Lugar: <strong>Mejor Fotograf\u00eda<\/strong>, Art\u00edculo Principal: \u201cSin Vuelta Atr\u00e1s\u201d<\/p>\n\n\n\n<p>Segundo Lugar: <strong>Mejor Fotograf\u00eda,<\/strong> Noticias Generales: \u201cForzados a Abandonar el Hogar\u201d\u00a0<\/p>\n\n\n\n<p>Segundo Lugar: <strong>Mejor Fotograf\u00eda<\/strong>, Inmigraci\u00f3n\/Migraci\u00f3n: \u201cSin Vuelta Atr\u00e1s\u201d<\/p>\n\n\n\n<p>Tercer Lugar: <strong>Mejor Paquete de Im\u00e1genes M\u00faltiples<\/strong>, Art\u00edculo Principal<\/p>\n\n\n\n<p>Tercer Lugar: <strong>Mejor Paquete de Art\u00edculos y Fotos<\/strong>, Por Dos Personas o M\u00e1s<\/p>\n\n\n\n<p>Menci\u00f3n Honor\u00edfica: <strong>Mejor Fotograf\u00eda<\/strong>, Noticias Generales: \u201cSin Vuelta Atr\u00e1s\u201d<\/p>\n\n\n\n<p>Menci\u00f3n Honor\u00edfica: <strong>Mejor Fotograf\u00eda<\/strong>, Inmigraci\u00f3n\/Migraci\u00f3n: \u201cSolicitando Entrada\u201d<\/p>\n\n\n\n<figure class=\"wp-block-image size-large\"><img loading=\"lazy\" decoding=\"async\" width=\"1024\" height=\"683\" src=\"https:\/\/cnewa.org\/es\/wp-content\/uploads\/sites\/5\/2024\/01\/armenakyan202310_045H-1024x683.jpg\" alt=\"\" class=\"wp-image-4415\" srcset=\"https:\/\/cnewa.org\/es\/wp-content\/uploads\/sites\/5\/2024\/01\/armenakyan202310_045H-1024x683.jpg 1024w, https:\/\/cnewa.org\/es\/wp-content\/uploads\/sites\/5\/2024\/01\/armenakyan202310_045H-300x200.jpg 300w, https:\/\/cnewa.org\/es\/wp-content\/uploads\/sites\/5\/2024\/01\/armenakyan202310_045H-768x512.jpg 768w, https:\/\/cnewa.org\/es\/wp-content\/uploads\/sites\/5\/2024\/01\/armenakyan202310_045H-1600x1067.jpg 1600w, https:\/\/cnewa.org\/es\/wp-content\/uploads\/sites\/5\/2024\/01\/armenakyan202310_045H-1536x1024.jpg 1536w, https:\/\/cnewa.org\/es\/wp-content\/uploads\/sites\/5\/2024\/01\/armenakyan202310_045H.jpg 1800w\" sizes=\"auto, (max-width: 1024px) 100vw, 1024px\" \/><figcaption class=\"wp-element-caption\">\u201cSin Vuelta Atr\u00e1s\u201d gana el segundo lugar en las categor\u00edas de Mejor Fotograf\u00eda: Fotograf\u00eda de Reportaje y Mejor Fotograf\u00eda: Inmigraci\u00f3n\/Migraci\u00f3n en la Conferencia de Medios Cat\u00f3licos. (foto: Nazik Armenakyan)<\/figcaption><\/figure>\n\n\n\n<h2 class=\"wp-block-heading\" id=\"h-encontrando-a-dios-en-tiempos-de-guerra\"><a href=\"https:\/\/cnewa.org\/es\/revista\/encontrando-a-dios-en-tiempos-de-guerra\/\">Encontrando a Dios en Tiempos de Guerra<\/a><\/h2>\n\n\n\n<p>art\u00edculo de Barb Fraze, fotograf\u00edas y v\u00eddeo de Konstantin Chernichkin<\/p>\n\n\n\n<figure class=\"wp-block-pullquote\"><blockquote><p>\u201cEste art\u00edculo encapsula el tema con notable precisi\u00f3n, asemej\u00e1ndose a un reflejo en el agua de los acontecimientos en curso. Su poder es innegable y resuena profundamente en los lectores\u201d.<\/p><\/blockquote><\/figure>\n\n\n\n<p>Primer Lugar: <strong>Mejor Paquete de Art\u00edculos y Fotos<\/strong>, Por Dos Personas o M\u00e1s<\/p>\n\n\n\n<p>Primer Lugar: <strong>Mejor Paquete de Im\u00e1genes M\u00faltiples<\/strong>, Art\u00edculo Principal<\/p>\n\n\n\n<p>Tercero: <strong>Mejor Fotograf\u00eda<\/strong>, Retrato: \u201cRetrato de un soldado herido\u201d<\/p>\n\n\n\n<p>Menci\u00f3n Honor\u00edfica: <strong>Mejor Paquete Web e Impreso<\/strong><\/p>\n\n\n\n<p>Menci\u00f3n Honor\u00edfica: <strong>Mejor Fotograf\u00eda<\/strong>, Inmigraci\u00f3n\/Migraci\u00f3n: \u201cUn triste adi\u00f3s\u201d<\/p>\n\n\n\n<figure class=\"wp-block-image size-large\"><img loading=\"lazy\" decoding=\"async\" width=\"1024\" height=\"683\" src=\"https:\/\/cnewa.org\/es\/wp-content\/uploads\/sites\/5\/2023\/03\/KCHE_Kyiv_Ukraine-029-1024x683.jpg\" alt=\"Roman Dudko, de 34 a\u00f1os, herido en la l\u00ednea del frente en Bakhmut, Ucrania, se recupera en un hospital de Kiev en febrero.\" class=\"wp-image-2667\" srcset=\"https:\/\/cnewa.org\/es\/wp-content\/uploads\/sites\/5\/2023\/03\/KCHE_Kyiv_Ukraine-029-1024x683.jpg 1024w, https:\/\/cnewa.org\/es\/wp-content\/uploads\/sites\/5\/2023\/03\/KCHE_Kyiv_Ukraine-029-300x200.jpg 300w, https:\/\/cnewa.org\/es\/wp-content\/uploads\/sites\/5\/2023\/03\/KCHE_Kyiv_Ukraine-029-768x512.jpg 768w, https:\/\/cnewa.org\/es\/wp-content\/uploads\/sites\/5\/2023\/03\/KCHE_Kyiv_Ukraine-029-1600x1067.jpg 1600w, https:\/\/cnewa.org\/es\/wp-content\/uploads\/sites\/5\/2023\/03\/KCHE_Kyiv_Ukraine-029-1536x1024.jpg 1536w, https:\/\/cnewa.org\/es\/wp-content\/uploads\/sites\/5\/2023\/03\/KCHE_Kyiv_Ukraine-029.jpg 1800w\" sizes=\"auto, (max-width: 1024px) 100vw, 1024px\" \/><figcaption class=\"wp-element-caption\">\u201cRetrato de un soldado herido\u201d gana el tercer lugar a la Mejor Fotograf\u00eda: Retrato en la Conferencia de Medios Cat\u00f3licos. (foto: Konstantin Chernichkin)<\/figcaption><\/figure>\n\n\n\n<h2 class=\"wp-block-heading\" id=\"h-dos-veces-blanco-de-tiro\"><a href=\"https:\/\/cnewa.org\/es\/revista\/dos-veces-blanco-de-tiro\/\">Dos Veces Blanco de Tiro<\/a><\/h2>\n\n\n\n<p>art\u00edculo de Gohar Abrahamyan, fotograf\u00edas y video de Nazik Armenakyan, diagramaci\u00f3n de Paul Grillo, v\u00eddeo producido por Laura Ieraci y Olivia Poust y editado por David Bratnick y Olivia Poust<\/p>\n\n\n\n<figure class=\"wp-block-pullquote\"><blockquote><p>\u00abHermoso reportaje. Hermosa fotograf\u00eda. El tema es actual y este art\u00edculo est\u00e1 lleno de un poderoso impacto\u00bb.<\/p><\/blockquote><\/figure>\n\n\n\n<p>Primer Lugar: <strong>Mejor Uso de Tipograf\u00eda<\/strong><\/p>\n\n\n\n<p>Segundo Lugar: <strong>Mejor Paquete de Art\u00edculos y Fotos<\/strong>, Por Dos Personas o M\u00e1s<\/p>\n\n\n\n<p>Segundo Lugar: <strong>Mejor Paquete de Im\u00e1genes M\u00faltiples<\/strong>, Art\u00edculo Principal<\/p>\n\n\n\n<p>Tercer Lugar:<strong> Mejor Paquete Multimedia<\/strong>, Temas de Justicia Social<\/p>\n\n\n\n<p>Menci\u00f3n Honor\u00edfica: <strong>Mejor Reportaje de Temas de Justicia Social<\/strong>, Opci\u00f3n por los Pobres y Vulnerables<\/p>\n\n\n\n<figure class=\"wp-block-image size-large\"><img loading=\"lazy\" decoding=\"async\" width=\"1024\" height=\"683\" src=\"https:\/\/cnewa.org\/es\/wp-content\/uploads\/sites\/5\/2023\/10\/armenakyan202308_002H-1024x683.jpg\" alt=\"Ni\u00f1os son bautizados en la Iglesia San Gregorio Lusavorich en Tsakhadzor, Armenia.\" class=\"wp-image-3921\" srcset=\"https:\/\/cnewa.org\/es\/wp-content\/uploads\/sites\/5\/2023\/10\/armenakyan202308_002H-1024x683.jpg 1024w, https:\/\/cnewa.org\/es\/wp-content\/uploads\/sites\/5\/2023\/10\/armenakyan202308_002H-300x200.jpg 300w, https:\/\/cnewa.org\/es\/wp-content\/uploads\/sites\/5\/2023\/10\/armenakyan202308_002H-768x512.jpg 768w, https:\/\/cnewa.org\/es\/wp-content\/uploads\/sites\/5\/2023\/10\/armenakyan202308_002H-1600x1067.jpg 1600w, https:\/\/cnewa.org\/es\/wp-content\/uploads\/sites\/5\/2023\/10\/armenakyan202308_002H-1536x1024.jpg 1536w, https:\/\/cnewa.org\/es\/wp-content\/uploads\/sites\/5\/2023\/10\/armenakyan202308_002H.jpg 1800w\" sizes=\"auto, (max-width: 1024px) 100vw, 1024px\" \/><figcaption class=\"wp-element-caption\">Alrededor de 30 ni\u00f1os del campamento de Nuestra Se\u00f1ora de Armenia en Gyumri, Armenia, son bautizados en la iglesia de San Grigor Lusavorich en Tsakhadzor, Armenia. (foto: Nazik Armenakyan)<\/figcaption><\/figure>\n\n\n\n<h2 class=\"wp-block-heading\" id=\"h-borrando-una-identidad\"><a href=\"https:\/\/cnewa.org\/es\/revista\/borrando-una-identidad\/?highlight=Borrando\">Borrando una Identidad<\/a><\/h2>\n\n\n\n<p>art\u00edculo de Olivia Poust, fotograf\u00edas y v\u00eddeo de Konstantin Chernichkin, v\u00eddeo producido por Laura Ieraci y Olivia Poust y editado por Raghida Skaff<\/p>\n\n\n\n<figure class=\"wp-block-pullquote\"><blockquote><p>\u201cLa escritora arroja luz de manera experta sobre lo que, desafortunadamente, se ha convertido en una t\u00e1ctica com\u00fan en las guerras: la destrucci\u00f3n de artefactos culturales y edificios hist\u00f3ricos que son importantes para la cultura\u201d.<\/p><\/blockquote><\/figure>\n\n\n\n<p>Primer Lugar: <strong>Mejor Fotograf\u00eda<\/strong>, Paisaje, Bodeg\u00f3n o Clima: \u00abC\u00fapulas derribadas\u00bb<\/p>\n\n\n\n<p>Tercer Lugar: <strong>Mejor T\u00edtulo y Entrada<\/strong><\/p>\n\n\n\n<p>Menci\u00f3n Honor\u00edfica: <strong>Mejor Art\u00edculo de Fondo<\/strong>, Revistas Misioneras<\/p>\n\n\n\n<p>Menci\u00f3n Honor\u00edfica: <strong>Mejor Paquete Multimedia<\/strong>, Largometraje<\/p>\n\n\n\n<figure class=\"wp-block-image size-large\"><img loading=\"lazy\" decoding=\"async\" width=\"1024\" height=\"683\" src=\"https:\/\/cnewa.org\/es\/wp-content\/uploads\/sites\/5\/2023\/07\/chernichkink202304_031H-1024x683.jpg\" alt=\"\" class=\"wp-image-3520\" srcset=\"https:\/\/cnewa.org\/es\/wp-content\/uploads\/sites\/5\/2023\/07\/chernichkink202304_031H-1024x683.jpg 1024w, https:\/\/cnewa.org\/es\/wp-content\/uploads\/sites\/5\/2023\/07\/chernichkink202304_031H-300x200.jpg 300w, https:\/\/cnewa.org\/es\/wp-content\/uploads\/sites\/5\/2023\/07\/chernichkink202304_031H-768x512.jpg 768w, https:\/\/cnewa.org\/es\/wp-content\/uploads\/sites\/5\/2023\/07\/chernichkink202304_031H-1600x1067.jpg 1600w, https:\/\/cnewa.org\/es\/wp-content\/uploads\/sites\/5\/2023\/07\/chernichkink202304_031H-1536x1024.jpg 1536w, https:\/\/cnewa.org\/es\/wp-content\/uploads\/sites\/5\/2023\/07\/chernichkink202304_031H.jpg 1800w\" sizes=\"auto, (max-width: 1024px) 100vw, 1024px\" \/><figcaption class=\"wp-element-caption\">\u201cC\u00fapulas derribadas\u201d gana el primer lugar a la Mejor Fotograf\u00eda: Fotograf\u00eda Esc\u00e9nica, de Naturaleza Muerta o Meteorol\u00f3gica en la Conferencia de Medios Cat\u00f3licos. (foto: Konstantin Chernichkin)<\/figcaption><\/figure>\n\n\n\n<h2 class=\"wp-block-heading\" id=\"h-carta-de-un-fotografo-de-guerra\"><a href=\"https:\/\/cnewa.org\/es\/revista\/carta-de-un-fotografo-de-guerra\/\">Carta de un Fot\u00f3grafo de Guerra<\/a><\/h2>\n\n\n\n<p>art\u00edculo y fotograf\u00edas de Konstantin Chernichkin<\/p>\n\n\n\n<figure class=\"wp-block-pullquote\"><blockquote><p>\u201cEsta sorprendente presentaci\u00f3n es representativa de varias excelentes presentaciones que muestran a los sobrevivientes de la guerra en medio de las ruinas de sus hogares. El encuadre del sujeto la presenta como disminuida pero desafiante frente a la escala de la destrucci\u00f3n, mientras que los reflejos turbios que dominan la mitad inferior sugieren un futuro empantanado e incierto\u201d.<\/p><\/blockquote><\/figure>\n\n\n\n<p>Primer Lugar: <strong>Mejor Fotograf\u00eda<\/strong>, Foto de Art\u00edculo Principal: \u201cHerencia Perdida\u201d<\/p>\n\n\n\n<p>Tercer Lugar: <strong>Mejor Fotograf\u00eda<\/strong>, Paisaje, Naturaleza Muerta o Foto del Clima: \u201cHerencia Perdida\u201d<\/p>\n\n\n\n<p>Menci\u00f3n Honor\u00edfica: <strong>Mejor Paquete de Art\u00edculos y Fotos<\/strong>, Por Un Individuo<\/p>\n\n\n\n<figure class=\"wp-block-image size-large\"><img loading=\"lazy\" decoding=\"async\" width=\"1024\" height=\"683\" src=\"https:\/\/cnewa.org\/es\/wp-content\/uploads\/sites\/5\/2023\/08\/KCH_9400-1024x683.jpg\" alt=\"Una mujer se encuentra en medio de una habitaci\u00f3n que ha sido bombardeada. No hay techo, todo lo que queda son las paredes.\" class=\"wp-image-3646\" srcset=\"https:\/\/cnewa.org\/es\/wp-content\/uploads\/sites\/5\/2023\/08\/KCH_9400-1024x683.jpg 1024w, https:\/\/cnewa.org\/es\/wp-content\/uploads\/sites\/5\/2023\/08\/KCH_9400-300x200.jpg 300w, https:\/\/cnewa.org\/es\/wp-content\/uploads\/sites\/5\/2023\/08\/KCH_9400-768x512.jpg 768w, https:\/\/cnewa.org\/es\/wp-content\/uploads\/sites\/5\/2023\/08\/KCH_9400-1600x1067.jpg 1600w, https:\/\/cnewa.org\/es\/wp-content\/uploads\/sites\/5\/2023\/08\/KCH_9400-1536x1024.jpg 1536w, https:\/\/cnewa.org\/es\/wp-content\/uploads\/sites\/5\/2023\/08\/KCH_9400.jpg 1800w\" sizes=\"auto, (max-width: 1024px) 100vw, 1024px\" \/><figcaption class=\"wp-element-caption\">\u201cHerencia Perdida\u201d gana el primer lugar en la categor\u00eda de Mejor Fotograf\u00eda: Fotograf\u00eda de Reportaje y el tercer lugar en la categor\u00eda de Mejor Fotograf\u00eda: Fotograf\u00eda Esc\u00e9nica, de Naturaleza Muerta o Meteorol\u00f3gica en la Conferencia de Medios Cat\u00f3licos. (foto: Konstantin Chernichkin)<\/figcaption><\/figure>\n\n\n\n<h2 class=\"wp-block-heading\" id=\"h-nina-levantate\"><a href=\"https:\/\/cnewa.org\/es\/revista\/nina-levantate\/\">\u2018Ni\u00f1a, lev\u00e1ntate\u2019<\/a><\/h2>\n\n\n\n<p>art\u00edculo de Arz\u00e9 Khodr, fotograf\u00edas y v\u00eddeo de Raghida Skaff<\/p>\n\n\n\n<figure class=\"wp-block-pullquote\"><blockquote><p>\u201c\u00a1Qu\u00e9 mensaje tan conmovedor y empoderador! Este art\u00edculo combina a la perfecci\u00f3n una narrativa clara con un reportaje exhaustivo. Hace que los lectores realmente se preocupen por la crisis de la trata de personas en el L\u00edbano y en todo el mundo\u201d.<\/p><\/blockquote><\/figure>\n\n\n\n<p>Segundo Lugar: <strong>Mejor Cobertura de Temas de Justicia Social<\/strong>, Opci\u00f3n para los Pobres y Vulnerables<\/p>\n\n\n\n<p>Segundo Lugar: <strong>Mejor Paquete Multimedia<\/strong>, Temas de Justicia Social<\/p>\n\n\n\n<p>Tercer Lugar: <strong>Mejor Fotograf\u00eda<\/strong>, Vocaciones al Sacerdocio, Vida Religiosa o Diaconado: \u201cUn Faro de Esperanza\u201d<\/p>\n\n\n\n<figure class=\"wp-block-image size-large\"><img loading=\"lazy\" decoding=\"async\" width=\"1024\" height=\"629\" src=\"https:\/\/cnewa.org\/es\/wp-content\/uploads\/sites\/5\/2023\/10\/skaff202307_077H-1024x629.jpg\" alt=\"La Hermana Marie Claude Naddaf, R.G.S., consuela a una sobreviviente de trata en Beirut.\" class=\"wp-image-3931\" srcset=\"https:\/\/cnewa.org\/es\/wp-content\/uploads\/sites\/5\/2023\/10\/skaff202307_077H-1024x629.jpg 1024w, https:\/\/cnewa.org\/es\/wp-content\/uploads\/sites\/5\/2023\/10\/skaff202307_077H-300x184.jpg 300w, https:\/\/cnewa.org\/es\/wp-content\/uploads\/sites\/5\/2023\/10\/skaff202307_077H-768x472.jpg 768w, https:\/\/cnewa.org\/es\/wp-content\/uploads\/sites\/5\/2023\/10\/skaff202307_077H-1600x983.jpg 1600w, https:\/\/cnewa.org\/es\/wp-content\/uploads\/sites\/5\/2023\/10\/skaff202307_077H-1536x944.jpg 1536w, https:\/\/cnewa.org\/es\/wp-content\/uploads\/sites\/5\/2023\/10\/skaff202307_077H.jpg 1800w\" sizes=\"auto, (max-width: 1024px) 100vw, 1024px\" \/><figcaption class=\"wp-element-caption\">\u201cUn Faro de Esperanza\u201d gana el tercer lugar a la Mejor Fotograf\u00eda: Vocaciones al Sacerdocio, la Vida Religiosa o el Diaconado en la Conferencia de Medios Cat\u00f3licos. (foto: Raghida Skaff)<\/figcaption><\/figure>\n\n\n\n<h2 class=\"wp-block-heading\" id=\"h-en-caida-libre\"><a href=\"https:\/\/cnewa.org\/es\/revista\/en-caida-libre\/\">En Ca\u00edda Libre<\/a><\/h2>\n\n\n\n<p>art\u00edculo de Alicia Medina, fotograf\u00edas de Raghida Skaff<\/p>\n\n\n\n<figure class=\"wp-block-pullquote\"><blockquote><p>\u201cEn \u2018En Ca\u00edda Libre\u2019 Alicia Medina sigue la tradici\u00f3n de la exhortaci\u00f3n de Pablo a los corintios, instando a los cristianos a apoyar a sus hermanos y hermanas necesitados. Destaca la dif\u00edcil situaci\u00f3n de las iniciativas de servicio social de la Iglesia Cat\u00f3lica Romana en el L\u00edbano, que est\u00e1n luchando en medio del colapso del pa\u00eds. La descripci\u00f3n detallada de Medina de la situaci\u00f3n y sus or\u00edgenes ofrece una lectura conmovedora y fascinante, que ejemplifica el excelente reportaje cat\u00f3lico\u201d.<\/p><\/blockquote><\/figure>\n\n\n\n<p>Primer Lugar: <strong>Mejor Art\u00edculo en Profundidad<\/strong>, Revistas de Misi\u00f3n<\/p>\n\n\n\n<p>Primer Lugar: <strong>Mejor Cobertura de Temas de Justicia Social,<\/strong> Opci\u00f3n para los Pobres y Vulnerables<\/p>\n\n\n\n<p>Tercer Lugar: <strong>Mejor Redacci\u00f3n<\/strong>, en Profundidad<\/p>\n\n\n\n<figure class=\"wp-block-image size-large\"><img loading=\"lazy\" decoding=\"async\" width=\"981\" height=\"1024\" src=\"https:\/\/cnewa.org\/es\/wp-content\/uploads\/sites\/5\/2023\/03\/skaff202212_018H-981x1024.jpg\" alt=\"La Hermana Therese Abou Nassif, directora del Hospital Psiqui\u00e1trico de la Cruz, habla con un paciente en el patio del hospital.\" class=\"wp-image-2653\" srcset=\"https:\/\/cnewa.org\/es\/wp-content\/uploads\/sites\/5\/2023\/03\/skaff202212_018H-981x1024.jpg 981w, https:\/\/cnewa.org\/es\/wp-content\/uploads\/sites\/5\/2023\/03\/skaff202212_018H-287x300.jpg 287w, https:\/\/cnewa.org\/es\/wp-content\/uploads\/sites\/5\/2023\/03\/skaff202212_018H-768x802.jpg 768w, https:\/\/cnewa.org\/es\/wp-content\/uploads\/sites\/5\/2023\/03\/skaff202212_018H-1600x1670.jpg 1600w, https:\/\/cnewa.org\/es\/wp-content\/uploads\/sites\/5\/2023\/03\/skaff202212_018H-1471x1536.jpg 1471w, https:\/\/cnewa.org\/es\/wp-content\/uploads\/sites\/5\/2023\/03\/skaff202212_018H.jpg 1800w\" sizes=\"auto, (max-width: 981px) 100vw, 981px\" \/><figcaption class=\"wp-element-caption\">La Hermana Therese Abou Nassif, directora del Hospital Psiqui\u00e1trico de la Cruz, habla con un paciente en el patio del hospital. (foto: Raghida Skaff)<\/figcaption><\/figure>\n\n\n\n<h2 class=\"wp-block-heading\" id=\"h-vulnerables-por-la-guerra\"><a href=\"https:\/\/cnewa.org\/es\/revista\/vulnerables-por-la-guerra\/\">Vulnerables por la Guerra<\/a><\/h2>\n\n\n\n<p>art\u00edculo de Claudia Ciobanu<\/p>\n\n\n\n<figure class=\"wp-block-pullquote\"><blockquote><p>\u201cEste art\u00edculo describe c\u00f3mo los voluntarios cat\u00f3licos en Polonia est\u00e1n siendo entrenados para proteger a los refugiados ucranianos de la trata y la explotaci\u00f3n. El art\u00edculo explica claramente por qu\u00e9 los refugiados son vulnerables y proporciona un contexto \u00fatil a trav\u00e9s de entrevistas con refugiados, trabajadores humanitarios y fuerzas del orden\u201d.<\/p><\/blockquote><\/figure>\n\n\n\n<p>Tercer Lugar:<strong> Mejor Cobertura de Temas de Justicia Social<\/strong>, Llamado a la Familia, la Comunidad y la Participaci\u00f3n<\/p>\n\n\n\n<p>Menci\u00f3n Honor\u00edfica: <strong>Mejor Reportaje de Temas de Justicia Social<\/strong>, Solidaridad<\/p>\n\n\n\n<figure class=\"wp-block-image size-large\"><img loading=\"lazy\" decoding=\"async\" width=\"1024\" height=\"683\" src=\"https:\/\/cnewa.org\/es\/wp-content\/uploads\/sites\/5\/2023\/10\/chernichkink202307_014H-1024x683.jpg\" alt=\"\" class=\"wp-image-3910\" srcset=\"https:\/\/cnewa.org\/es\/wp-content\/uploads\/sites\/5\/2023\/10\/chernichkink202307_014H-1024x683.jpg 1024w, https:\/\/cnewa.org\/es\/wp-content\/uploads\/sites\/5\/2023\/10\/chernichkink202307_014H-300x200.jpg 300w, https:\/\/cnewa.org\/es\/wp-content\/uploads\/sites\/5\/2023\/10\/chernichkink202307_014H-768x512.jpg 768w, https:\/\/cnewa.org\/es\/wp-content\/uploads\/sites\/5\/2023\/10\/chernichkink202307_014H-1600x1067.jpg 1600w, https:\/\/cnewa.org\/es\/wp-content\/uploads\/sites\/5\/2023\/10\/chernichkink202307_014H-1536x1024.jpg 1536w, https:\/\/cnewa.org\/es\/wp-content\/uploads\/sites\/5\/2023\/10\/chernichkink202307_014H.jpg 1800w\" sizes=\"auto, (max-width: 1024px) 100vw, 1024px\" \/><figcaption class=\"wp-element-caption\">Natalia Hulak, a la izquierda, su madre y su hija se han refugiado en una residencia universitaria en Lublin, Polonia, desde que huyeron de Ucrania en marzo de 2022. (foto: Konstantin Chernichkin)<\/figcaption><\/figure>\n\n\n\n<h3 class=\"wp-block-heading has-text-align-center\" id=\"h-a-continuacion-encontrara-una-lista-de-premios-adicionales-que-no-aparecen-anteriormente\"><em>A continuaci\u00f3n, encontrar\u00e1 una lista de premios adicionales que no aparecen anteriormente.<\/em><\/h3>\n\n\n\n<h2 class=\"wp-block-heading has-text-align-center\" id=\"h-primer-lugar\">Primer Lugar<\/h2>\n\n\n\n<figure class=\"wp-block-pullquote\"><blockquote><p>Estas desgarradoras historias de refugiados y trabajadores migrantes se centran en las personas directamente afectadas, d\u00e1ndoles la oportunidad de explicar con sus propias palabras c\u00f3mo han cambiado sus vidas, lo que echan de menos de sus hogares y lo que esperan para el futuro. Las piezas est\u00e1n poderosamente escritas, son informativas y emotivas.<\/p><\/blockquote><\/figure>\n\n\n\n<p><strong>Mejor Blog<\/strong>, Noticias de Actualidad: The CNEWA Blog, art\u00edculos de Gohar Abrahamyan, Barb Fraze, Laura Ieraci y Olivia Poust<\/p>\n\n\n\n<p><strong>Mejor Cobertura<\/strong>, Inmigraci\u00f3n: Seducidos por una Ilusi\u00f3n, de Hikma A. Abdulmejid y Abenezer Israel; Lejos de Casa, de Rosabel Crean y Raghida Skaff; Sin Vuelta Atr\u00e1s, de Gohar Abrahamyan y Nazik Armenakyan; y Vulnerables por la Guerra, de Claudia Ciobanu y Konstantin Chernichkin<\/p>\n\n\n\n<p><strong>Mejor Cobertura<\/strong>, Desastre o Crisis: Cobertura de Armenia, art\u00edculos de Gohar Abrahamyan, Nazik Armenakyan y Olivia Poust<\/p>\n\n\n\n<p><strong>Mejor Ensayo<\/strong>, Revistas de Misi\u00f3n: \u00bfS\u00edmbolo o Santa? Mar\u00eda, Madre de Dios, en la Tradici\u00f3n Bizantina, por Mary B. Cunningham<\/p>\n\n\n\n<p><strong>Mejor Reportaje Sobre Temas de Justicia Social<\/strong>, Llamado a la Familia, la Comunidad y la Participaci\u00f3n: Viviendo una Vida Cristiana en la Tierra de Jes\u00fas, por Michele Chabin<\/p>\n\n\n\n<p><strong>Mejor Reportaje Sobre Temas de Justicia Social,<\/strong> Dignidad y Derechos de los Trabajadores: Lejos de Casa, por Rosabel Crean<\/p>\n\n\n\n<p><strong>Mejor Reportaje Sobre Temas, Derechos y Responsabilidades de Justicia Social<\/strong>: Carta desde Georgia, por Luka Kimeridze<\/p>\n\n\n\n<p><strong>Mejor Fotograf\u00eda<\/strong>, Retrato: Reflejo de una madre soltera, de Nazik Armenakyan<\/p>\n\n\n\n<h2 class=\"wp-block-heading has-text-align-center\" id=\"h-segundo-lugar\">Segundo Lugar<\/h2>\n\n\n\n<figure class=\"wp-block-pullquote\"><blockquote><p>\u201cEste sitio web act\u00faa como una extensi\u00f3n del brazo de la rama impresa, pero la interactividad de este sitio y el sistema de navegaci\u00f3n por men\u00fa desplegable lo hacen muy efectivo como herramienta de mensajer\u00eda. Bien hecho\u201d.<\/p><\/blockquote><\/figure>\n\n\n\n<p><strong>Revista del A\u00f1o<\/strong>, Revistas de Misi\u00f3n<\/p>\n\n\n\n<p><strong>Directora del A\u00f1o<\/strong>, Ingl\u00e9s: Laura Ieraci<\/p>\n\n\n\n<p><strong>Mejor Sitio Web<\/strong>, Editor General: CNEWA.org<\/p>\n\n\n\n<p><strong>Mejor Portada a Color<\/strong>, Formato Grande: ONE Magazine, Junio 2023<\/p>\n\n\n\n<p><strong>Mejor Uso de Tipograf\u00eda<\/strong>: Rompiendo el Silencio, Paul Grillo<\/p>\n\n\n\n<p><strong>Mejor Cobertura<\/strong>, Desastre o Crisis: Guerra en Ucrania, art\u00edculos de Claudia Ciobanu, Konstantin Chernichkin y Barb Fraze<\/p>\n\n\n\n<h2 class=\"wp-block-heading has-text-align-center\" id=\"h-tercer-lugar\">Tercer Lugar<\/h2>\n\n\n\n<figure class=\"wp-block-pullquote\"><blockquote><p>\u201cLos temas de los art\u00edculos no tienen paralelo, ya que ofrecen informaci\u00f3n privilegiada desde Gaza, informaci\u00f3n sobre los refugiados armenios y mucho m\u00e1s. Contin\u00faen con el gran trabajo, el mundo necesita su periodismo impactante\u201d.<\/p><\/blockquote><\/figure>\n\n\n\n<p><strong>Escritora del A\u00f1o<\/strong>, Ingl\u00e9s: Olivia Poust<\/p>\n\n\n\n<p><strong>Serie al Mejor Paquete Multimedia<\/strong>: El impacto de la guerra en Ucrania, art\u00edculos de Barb Fraze, Laura Ieraci y Olivia Poust, fotos y v\u00eddeo de Konstantin Chernichkin, edici\u00f3n de v\u00eddeo de Raghida Skaff, traducci\u00f3n de Mariana Karapinka y Mariya Kokor<\/p>\n\n\n\n<p><strong>Mejor Blog,<\/strong> Temas de Justicia Social: El Blog de CNEWA, art\u00edculos de Laura Ieraci, Elias D. Mallon, S.A., Ph.D., Alicia Medina y Olivia Poust<\/p>\n\n\n\n<p><strong>Mejor Contenido En L\u00ednea No Publicado de Manera Impresa,<\/strong> Foto: La Guerra Contra Ucrania en fotos, por Konstantin Chernichkin<\/p>\n\n\n\n<p><strong>Mejor Contenido En L\u00ednea No Publicado de Manera Impresa<\/strong>, Noticias: CNEWA Online News, art\u00edculos de Gohar Abrahamyan, Joseph Hazboun, Laura Ieraci y Olivia Poust<\/p>\n\n\n\n<p><strong>Mejor Reportaje Sobre Temas de Justicia Social<\/strong>, Solidaridad: En Terreno Inestable, por Arz\u00e9 Khodr<\/p>\n\n\n\n<h2 class=\"wp-block-heading has-text-align-center\" id=\"h-menciones-honrosas\">Menciones Honrosas<\/h2>\n\n\n\n<p><strong>Mejor Paquete Multimedia<\/strong>, Temas de Justicia Social: Seducidos por una Ilusi\u00f3n, art\u00edculo de Hikma A. Abdulmejid, fotos y video de Abenezer Israel, video producido por Laura Ieraci y Olivia Poust y editado por Raghida Skaff<\/p>\n\n\n\n<p><strong>Mejor N\u00famero Especial<\/strong>: Luchando Contra un Crimen en Contra de la Humanidad, septiembre 2023<\/p>\n\n\n\n<figure class=\"wp-block-image size-large\"><img loading=\"lazy\" decoding=\"async\" width=\"1024\" height=\"683\" src=\"https:\/\/cnewa.org\/es\/wp-content\/uploads\/sites\/5\/2024\/01\/armenakyan202310_036H-1024x683.jpg\" alt=\"Polic\u00eda observa cami\u00f3n que transporta familia armenia que huye de la violencia.\" class=\"wp-image-4416\" srcset=\"https:\/\/cnewa.org\/es\/wp-content\/uploads\/sites\/5\/2024\/01\/armenakyan202310_036H-1024x683.jpg 1024w, https:\/\/cnewa.org\/es\/wp-content\/uploads\/sites\/5\/2024\/01\/armenakyan202310_036H-300x200.jpg 300w, https:\/\/cnewa.org\/es\/wp-content\/uploads\/sites\/5\/2024\/01\/armenakyan202310_036H-768x512.jpg 768w, https:\/\/cnewa.org\/es\/wp-content\/uploads\/sites\/5\/2024\/01\/armenakyan202310_036H-1600x1067.jpg 1600w, https:\/\/cnewa.org\/es\/wp-content\/uploads\/sites\/5\/2024\/01\/armenakyan202310_036H-1536x1024.jpg 1536w, https:\/\/cnewa.org\/es\/wp-content\/uploads\/sites\/5\/2024\/01\/armenakyan202310_036H.jpg 1800w\" sizes=\"auto, (max-width: 1024px) 100vw, 1024px\" \/><figcaption class=\"wp-element-caption\">\u201cForzados a Abandonar el Hogar\u201d gana el primer lugar a la Mejor Fotograf\u00eda: Inmigraci\u00f3n\/Migraci\u00f3n y el segundo lugar a la Mejor Fotograf\u00eda: Noticias Generales en la Conferencia de Medios Cat\u00f3licos. (foto: Nazik Armenakyan)<\/figcaption><\/figure>\n\n\n\n<p><\/p>\n","protected":false},"excerpt":{"rendered":"<p>CNEWA gana 58 premios de medios de comunicaci\u00f3n en la Conferencia de Medios Cat\u00f3licos en Atlanta, rompiendo el r\u00e9cord de la agencia en el a\u00f1o que la revista ONE celebra su 50 aniversario. <\/p>\n","protected":false},"author":70019,"featured_media":5336,"comment_status":"closed","ping_status":"closed","sticky":false,"template":"","format":"standard","meta":{"_acf_changed":false,"footnotes":""},"categories":[3],"class_list":["post-5339","post","type-post","status-publish","format-standard","has-post-thumbnail","hentry","category-noticias"],"acf":[],"yoast_head":"<!-- This site is optimized with the Yoast SEO Premium plugin v27.3 (Yoast SEO v27.3) - https:\/\/yoast.com\/product\/yoast-seo-premium-wordpress\/ -->\n<title>CNEWA Gana 58 Premios en Conferencia de Medios de Comunicaci\u00f3n Cat\u00f3licos | CNEWA Espa\u00f1ol<\/title>\n<meta name=\"description\" content=\"CNEWA gana 58 premios de medios en la Conferencia de Medios Cat\u00f3licos, rompiendo el r\u00e9cord de la agencia en el 50 aniversario de ONE.\" \/>\n<meta name=\"robots\" content=\"index, follow, max-snippet:-1, max-image-preview:large, max-video-preview:-1\" \/>\n<link rel=\"canonical\" href=\"https:\/\/cnewa.org\/es\/cnewa-gana-58-premios-en-conferencia-de-medios-de-comunicacion-catolicos\/\" \/>\n<meta property=\"og:locale\" content=\"es_ES\" \/>\n<meta property=\"og:type\" content=\"article\" \/>\n<meta property=\"og:title\" content=\"CNEWA Gana 58 Premios en Conferencia de Medios de Comunicaci\u00f3n Cat\u00f3licos\" \/>\n<meta property=\"og:description\" content=\"CNEWA gana 58 premios de medios en la Conferencia de Medios Cat\u00f3licos, rompiendo el r\u00e9cord de la agencia en el 50 aniversario de ONE.\" \/>\n<meta property=\"og:url\" content=\"https:\/\/cnewa.org\/es\/cnewa-gana-58-premios-en-conferencia-de-medios-de-comunicacion-catolicos\/\" \/>\n<meta property=\"og:site_name\" content=\"CNEWA Espa\u00f1ol\" \/>\n<meta property=\"article:publisher\" content=\"https:\/\/www.facebook.com\/CNEWAenespanol\/\" \/>\n<meta property=\"article:published_time\" content=\"2024-06-26T17:57:58+00:00\" \/>\n<meta property=\"article:modified_time\" content=\"2024-06-26T17:57:59+00:00\" \/>\n<meta property=\"og:image\" content=\"https:\/\/cnewa.org\/es\/wp-content\/uploads\/sites\/5\/2024\/06\/Screenshot-2024-06-25-at-4.00.20\u202fPM.jpg\" \/>\n\t<meta property=\"og:image:width\" content=\"1800\" \/>\n\t<meta property=\"og:image:height\" content=\"1257\" \/>\n\t<meta property=\"og:image:type\" content=\"image\/jpeg\" \/>\n<meta name=\"author\" content=\"David R. Aquije\" \/>\n<meta name=\"twitter:card\" content=\"summary_large_image\" \/>\n<meta name=\"twitter:label1\" content=\"Escrito por\" \/>\n\t<meta name=\"twitter:data1\" content=\"David R. Aquije\" \/>\n\t<meta name=\"twitter:label2\" content=\"Tiempo de lectura\" \/>\n\t<meta name=\"twitter:data2\" content=\"9 minutos\" \/>\n<script type=\"application\/ld+json\" class=\"yoast-schema-graph\">{\"@context\":\"https:\\\/\\\/schema.org\",\"@graph\":[{\"@type\":\"Article\",\"@id\":\"https:\\\/\\\/cnewa.org\\\/es\\\/cnewa-gana-58-premios-en-conferencia-de-medios-de-comunicacion-catolicos\\\/#article\",\"isPartOf\":{\"@id\":\"https:\\\/\\\/cnewa.org\\\/es\\\/cnewa-gana-58-premios-en-conferencia-de-medios-de-comunicacion-catolicos\\\/\"},\"author\":{\"name\":\"David R. Aquije\",\"@id\":\"https:\\\/\\\/cnewa.org\\\/es\\\/#\\\/schema\\\/person\\\/d2935c46e239b59210c38997d4aedf00\"},\"headline\":\"CNEWA Gana 58 Premios en Conferencia de Medios de Comunicaci\u00f3n Cat\u00f3licos\",\"datePublished\":\"2024-06-26T17:57:58+00:00\",\"dateModified\":\"2024-06-26T17:57:59+00:00\",\"mainEntityOfPage\":{\"@id\":\"https:\\\/\\\/cnewa.org\\\/es\\\/cnewa-gana-58-premios-en-conferencia-de-medios-de-comunicacion-catolicos\\\/\"},\"wordCount\":2102,\"publisher\":{\"@id\":\"https:\\\/\\\/cnewa.org\\\/es\\\/#organization\"},\"image\":{\"@id\":\"https:\\\/\\\/cnewa.org\\\/es\\\/cnewa-gana-58-premios-en-conferencia-de-medios-de-comunicacion-catolicos\\\/#primaryimage\"},\"thumbnailUrl\":\"https:\\\/\\\/cnewa.org\\\/es\\\/wp-content\\\/uploads\\\/sites\\\/5\\\/2024\\\/06\\\/Screenshot-2024-06-25-at-4.00.20\u202fPM.jpg\",\"articleSection\":[\"Noticias\"],\"inLanguage\":\"es\"},{\"@type\":\"WebPage\",\"@id\":\"https:\\\/\\\/cnewa.org\\\/es\\\/cnewa-gana-58-premios-en-conferencia-de-medios-de-comunicacion-catolicos\\\/\",\"url\":\"https:\\\/\\\/cnewa.org\\\/es\\\/cnewa-gana-58-premios-en-conferencia-de-medios-de-comunicacion-catolicos\\\/\",\"name\":\"CNEWA Gana 58 Premios en Conferencia de Medios de Comunicaci\u00f3n Cat\u00f3licos | CNEWA Espa\u00f1ol\",\"isPartOf\":{\"@id\":\"https:\\\/\\\/cnewa.org\\\/es\\\/#website\"},\"primaryImageOfPage\":{\"@id\":\"https:\\\/\\\/cnewa.org\\\/es\\\/cnewa-gana-58-premios-en-conferencia-de-medios-de-comunicacion-catolicos\\\/#primaryimage\"},\"image\":{\"@id\":\"https:\\\/\\\/cnewa.org\\\/es\\\/cnewa-gana-58-premios-en-conferencia-de-medios-de-comunicacion-catolicos\\\/#primaryimage\"},\"thumbnailUrl\":\"https:\\\/\\\/cnewa.org\\\/es\\\/wp-content\\\/uploads\\\/sites\\\/5\\\/2024\\\/06\\\/Screenshot-2024-06-25-at-4.00.20\u202fPM.jpg\",\"datePublished\":\"2024-06-26T17:57:58+00:00\",\"dateModified\":\"2024-06-26T17:57:59+00:00\",\"description\":\"CNEWA gana 58 premios de medios en la Conferencia de Medios Cat\u00f3licos, rompiendo el r\u00e9cord de la agencia en el 50 aniversario de ONE.\",\"breadcrumb\":{\"@id\":\"https:\\\/\\\/cnewa.org\\\/es\\\/cnewa-gana-58-premios-en-conferencia-de-medios-de-comunicacion-catolicos\\\/#breadcrumb\"},\"inLanguage\":\"es\",\"potentialAction\":[{\"@type\":\"ReadAction\",\"target\":[\"https:\\\/\\\/cnewa.org\\\/es\\\/cnewa-gana-58-premios-en-conferencia-de-medios-de-comunicacion-catolicos\\\/\"]}]},{\"@type\":\"ImageObject\",\"inLanguage\":\"es\",\"@id\":\"https:\\\/\\\/cnewa.org\\\/es\\\/cnewa-gana-58-premios-en-conferencia-de-medios-de-comunicacion-catolicos\\\/#primaryimage\",\"url\":\"https:\\\/\\\/cnewa.org\\\/es\\\/wp-content\\\/uploads\\\/sites\\\/5\\\/2024\\\/06\\\/Screenshot-2024-06-25-at-4.00.20\u202fPM.jpg\",\"contentUrl\":\"https:\\\/\\\/cnewa.org\\\/es\\\/wp-content\\\/uploads\\\/sites\\\/5\\\/2024\\\/06\\\/Screenshot-2024-06-25-at-4.00.20\u202fPM.jpg\",\"width\":1800,\"height\":1257,\"caption\":\"Portadas de la revista ONE.\"},{\"@type\":\"BreadcrumbList\",\"@id\":\"https:\\\/\\\/cnewa.org\\\/es\\\/cnewa-gana-58-premios-en-conferencia-de-medios-de-comunicacion-catolicos\\\/#breadcrumb\",\"itemListElement\":[{\"@type\":\"ListItem\",\"position\":1,\"name\":\"Inicio\",\"item\":\"https:\\\/\\\/cnewa.org\\\/es\\\/\"},{\"@type\":\"ListItem\",\"position\":2,\"name\":\"Noticias\",\"item\":\"https:\\\/\\\/cnewa.org\\\/es\\\/categoria\\\/noticias\\\/\"},{\"@type\":\"ListItem\",\"position\":3,\"name\":\"CNEWA Gana 58 Premios en Conferencia de Medios de Comunicaci\u00f3n Cat\u00f3licos\"}]},{\"@type\":\"WebSite\",\"@id\":\"https:\\\/\\\/cnewa.org\\\/es\\\/#website\",\"url\":\"https:\\\/\\\/cnewa.org\\\/es\\\/\",\"name\":\"CNEWA Espa\u00f1ol\",\"description\":\"Asociaci\u00f3n Cat\u00f3lica para el Bienestar del Cercano Oriente\",\"publisher\":{\"@id\":\"https:\\\/\\\/cnewa.org\\\/es\\\/#organization\"},\"potentialAction\":[{\"@type\":\"SearchAction\",\"target\":{\"@type\":\"EntryPoint\",\"urlTemplate\":\"https:\\\/\\\/cnewa.org\\\/es\\\/?s={search_term_string}\"},\"query-input\":{\"@type\":\"PropertyValueSpecification\",\"valueRequired\":true,\"valueName\":\"search_term_string\"}}],\"inLanguage\":\"es\"},{\"@type\":\"Organization\",\"@id\":\"https:\\\/\\\/cnewa.org\\\/es\\\/#organization\",\"name\":\"CNEWA Espa\u00f1ol\",\"alternateName\":\"Asociaci\u00f3n Cat\u00f3lica para el Bienestar del Cercano Oriente\",\"url\":\"https:\\\/\\\/cnewa.org\\\/es\\\/\",\"logo\":{\"@type\":\"ImageObject\",\"inLanguage\":\"es\",\"@id\":\"https:\\\/\\\/cnewa.org\\\/es\\\/#\\\/schema\\\/logo\\\/image\\\/\",\"url\":\"https:\\\/\\\/cnewa.org\\\/es\\\/wp-content\\\/uploads\\\/sites\\\/5\\\/2021\\\/07\\\/CNEWA-brand-logo.png\",\"contentUrl\":\"https:\\\/\\\/cnewa.org\\\/es\\\/wp-content\\\/uploads\\\/sites\\\/5\\\/2021\\\/07\\\/CNEWA-brand-logo.png\",\"width\":1000,\"height\":1000,\"caption\":\"CNEWA Espa\u00f1ol\"},\"image\":{\"@id\":\"https:\\\/\\\/cnewa.org\\\/es\\\/#\\\/schema\\\/logo\\\/image\\\/\"},\"sameAs\":[\"https:\\\/\\\/www.facebook.com\\\/CNEWAenespanol\\\/\",\"https:\\\/\\\/www.instagram.com\\\/cnewa1926\\\/\",\"https:\\\/\\\/www.youtube.com\\\/user\\\/TheCNEWA\"]},{\"@type\":\"Person\",\"name\":\"David R. Aquije\"}]}<\/script>\n<!-- \/ Yoast SEO Premium plugin. -->","yoast_head_json":{"title":"CNEWA Gana 58 Premios en Conferencia de Medios de Comunicaci\u00f3n Cat\u00f3licos | CNEWA Espa\u00f1ol","description":"CNEWA gana 58 premios de medios en la Conferencia de Medios Cat\u00f3licos, rompiendo el r\u00e9cord de la agencia en el 50 aniversario de ONE.","robots":{"index":"index","follow":"follow","max-snippet":"max-snippet:-1","max-image-preview":"max-image-preview:large","max-video-preview":"max-video-preview:-1"},"canonical":"https:\/\/cnewa.org\/es\/cnewa-gana-58-premios-en-conferencia-de-medios-de-comunicacion-catolicos\/","og_locale":"es_ES","og_type":"article","og_title":"CNEWA Gana 58 Premios en Conferencia de Medios de Comunicaci\u00f3n Cat\u00f3licos","og_description":"CNEWA gana 58 premios de medios en la Conferencia de Medios Cat\u00f3licos, rompiendo el r\u00e9cord de la agencia en el 50 aniversario de ONE.","og_url":"https:\/\/cnewa.org\/es\/cnewa-gana-58-premios-en-conferencia-de-medios-de-comunicacion-catolicos\/","og_site_name":"CNEWA Espa\u00f1ol","article_publisher":"https:\/\/www.facebook.com\/CNEWAenespanol\/","article_published_time":"2024-06-26T17:57:58+00:00","article_modified_time":"2024-06-26T17:57:59+00:00","og_image":[{"width":1800,"height":1257,"url":"https:\/\/cnewa.org\/es\/wp-content\/uploads\/sites\/5\/2024\/06\/Screenshot-2024-06-25-at-4.00.20\u202fPM.jpg","type":"image\/jpeg"}],"author":"David R. Aquije","twitter_card":"summary_large_image","twitter_misc":{"Escrito por":"David R. Aquije","Tiempo de lectura":"9 minutos"},"schema":{"@context":"https:\/\/schema.org","@graph":[{"@type":"Article","@id":"https:\/\/cnewa.org\/es\/cnewa-gana-58-premios-en-conferencia-de-medios-de-comunicacion-catolicos\/#article","isPartOf":{"@id":"https:\/\/cnewa.org\/es\/cnewa-gana-58-premios-en-conferencia-de-medios-de-comunicacion-catolicos\/"},"author":{"name":"David R. Aquije","@id":"https:\/\/cnewa.org\/es\/#\/schema\/person\/d2935c46e239b59210c38997d4aedf00"},"headline":"CNEWA Gana 58 Premios en Conferencia de Medios de Comunicaci\u00f3n Cat\u00f3licos","datePublished":"2024-06-26T17:57:58+00:00","dateModified":"2024-06-26T17:57:59+00:00","mainEntityOfPage":{"@id":"https:\/\/cnewa.org\/es\/cnewa-gana-58-premios-en-conferencia-de-medios-de-comunicacion-catolicos\/"},"wordCount":2102,"publisher":{"@id":"https:\/\/cnewa.org\/es\/#organization"},"image":{"@id":"https:\/\/cnewa.org\/es\/cnewa-gana-58-premios-en-conferencia-de-medios-de-comunicacion-catolicos\/#primaryimage"},"thumbnailUrl":"https:\/\/cnewa.org\/es\/wp-content\/uploads\/sites\/5\/2024\/06\/Screenshot-2024-06-25-at-4.00.20\u202fPM.jpg","articleSection":["Noticias"],"inLanguage":"es"},{"@type":"WebPage","@id":"https:\/\/cnewa.org\/es\/cnewa-gana-58-premios-en-conferencia-de-medios-de-comunicacion-catolicos\/","url":"https:\/\/cnewa.org\/es\/cnewa-gana-58-premios-en-conferencia-de-medios-de-comunicacion-catolicos\/","name":"CNEWA Gana 58 Premios en Conferencia de Medios de Comunicaci\u00f3n Cat\u00f3licos | CNEWA Espa\u00f1ol","isPartOf":{"@id":"https:\/\/cnewa.org\/es\/#website"},"primaryImageOfPage":{"@id":"https:\/\/cnewa.org\/es\/cnewa-gana-58-premios-en-conferencia-de-medios-de-comunicacion-catolicos\/#primaryimage"},"image":{"@id":"https:\/\/cnewa.org\/es\/cnewa-gana-58-premios-en-conferencia-de-medios-de-comunicacion-catolicos\/#primaryimage"},"thumbnailUrl":"https:\/\/cnewa.org\/es\/wp-content\/uploads\/sites\/5\/2024\/06\/Screenshot-2024-06-25-at-4.00.20\u202fPM.jpg","datePublished":"2024-06-26T17:57:58+00:00","dateModified":"2024-06-26T17:57:59+00:00","description":"CNEWA gana 58 premios de medios en la Conferencia de Medios Cat\u00f3licos, rompiendo el r\u00e9cord de la agencia en el 50 aniversario de ONE.","breadcrumb":{"@id":"https:\/\/cnewa.org\/es\/cnewa-gana-58-premios-en-conferencia-de-medios-de-comunicacion-catolicos\/#breadcrumb"},"inLanguage":"es","potentialAction":[{"@type":"ReadAction","target":["https:\/\/cnewa.org\/es\/cnewa-gana-58-premios-en-conferencia-de-medios-de-comunicacion-catolicos\/"]}]},{"@type":"ImageObject","inLanguage":"es","@id":"https:\/\/cnewa.org\/es\/cnewa-gana-58-premios-en-conferencia-de-medios-de-comunicacion-catolicos\/#primaryimage","url":"https:\/\/cnewa.org\/es\/wp-content\/uploads\/sites\/5\/2024\/06\/Screenshot-2024-06-25-at-4.00.20\u202fPM.jpg","contentUrl":"https:\/\/cnewa.org\/es\/wp-content\/uploads\/sites\/5\/2024\/06\/Screenshot-2024-06-25-at-4.00.20\u202fPM.jpg","width":1800,"height":1257,"caption":"Portadas de la revista ONE."},{"@type":"BreadcrumbList","@id":"https:\/\/cnewa.org\/es\/cnewa-gana-58-premios-en-conferencia-de-medios-de-comunicacion-catolicos\/#breadcrumb","itemListElement":[{"@type":"ListItem","position":1,"name":"Inicio","item":"https:\/\/cnewa.org\/es\/"},{"@type":"ListItem","position":2,"name":"Noticias","item":"https:\/\/cnewa.org\/es\/categoria\/noticias\/"},{"@type":"ListItem","position":3,"name":"CNEWA Gana 58 Premios en Conferencia de Medios de Comunicaci\u00f3n Cat\u00f3licos"}]},{"@type":"WebSite","@id":"https:\/\/cnewa.org\/es\/#website","url":"https:\/\/cnewa.org\/es\/","name":"CNEWA Espa\u00f1ol","description":"Asociaci\u00f3n Cat\u00f3lica para el Bienestar del Cercano Oriente","publisher":{"@id":"https:\/\/cnewa.org\/es\/#organization"},"potentialAction":[{"@type":"SearchAction","target":{"@type":"EntryPoint","urlTemplate":"https:\/\/cnewa.org\/es\/?s={search_term_string}"},"query-input":{"@type":"PropertyValueSpecification","valueRequired":true,"valueName":"search_term_string"}}],"inLanguage":"es"},{"@type":"Organization","@id":"https:\/\/cnewa.org\/es\/#organization","name":"CNEWA Espa\u00f1ol","alternateName":"Asociaci\u00f3n Cat\u00f3lica para el Bienestar del Cercano Oriente","url":"https:\/\/cnewa.org\/es\/","logo":{"@type":"ImageObject","inLanguage":"es","@id":"https:\/\/cnewa.org\/es\/#\/schema\/logo\/image\/","url":"https:\/\/cnewa.org\/es\/wp-content\/uploads\/sites\/5\/2021\/07\/CNEWA-brand-logo.png","contentUrl":"https:\/\/cnewa.org\/es\/wp-content\/uploads\/sites\/5\/2021\/07\/CNEWA-brand-logo.png","width":1000,"height":1000,"caption":"CNEWA Espa\u00f1ol"},"image":{"@id":"https:\/\/cnewa.org\/es\/#\/schema\/logo\/image\/"},"sameAs":["https:\/\/www.facebook.com\/CNEWAenespanol\/","https:\/\/www.instagram.com\/cnewa1926\/","https:\/\/www.youtube.com\/user\/TheCNEWA"]},{"@type":"Person","name":"David R. Aquije"}]}},"_links":{"self":[{"href":"https:\/\/cnewa.org\/es\/wp-json\/wp\/v2\/posts\/5339","targetHints":{"allow":["GET"]}}],"collection":[{"href":"https:\/\/cnewa.org\/es\/wp-json\/wp\/v2\/posts"}],"about":[{"href":"https:\/\/cnewa.org\/es\/wp-json\/wp\/v2\/types\/post"}],"author":[{"embeddable":true,"href":"https:\/\/cnewa.org\/es\/wp-json\/wp\/v2\/users\/70019"}],"replies":[{"embeddable":true,"href":"https:\/\/cnewa.org\/es\/wp-json\/wp\/v2\/comments?post=5339"}],"version-history":[{"count":2,"href":"https:\/\/cnewa.org\/es\/wp-json\/wp\/v2\/posts\/5339\/revisions"}],"predecessor-version":[{"id":5341,"href":"https:\/\/cnewa.org\/es\/wp-json\/wp\/v2\/posts\/5339\/revisions\/5341"}],"wp:featuredmedia":[{"embeddable":true,"href":"https:\/\/cnewa.org\/es\/wp-json\/wp\/v2\/media\/5336"}],"wp:attachment":[{"href":"https:\/\/cnewa.org\/es\/wp-json\/wp\/v2\/media?parent=5339"}],"wp:term":[{"taxonomy":"category","embeddable":true,"href":"https:\/\/cnewa.org\/es\/wp-json\/wp\/v2\/categories?post=5339"}],"curies":[{"name":"wp","href":"https:\/\/api.w.org\/{rel}","templated":true}]}}