{"id":5352,"date":"2024-06-28T09:19:49","date_gmt":"2024-06-28T13:19:49","guid":{"rendered":"https:\/\/cnewa.org\/es\/?p=5352"},"modified":"2024-06-28T09:19:50","modified_gmt":"2024-06-28T13:19:50","slug":"nuevos-miembros-elegidos-para-servir-en-la-junta-directiva-de-cnewa","status":"publish","type":"post","link":"https:\/\/cnewa.org\/es\/nuevos-miembros-elegidos-para-servir-en-la-junta-directiva-de-cnewa\/","title":{"rendered":"Nuevos Miembros Elegidos para Servir en la Junta Directiva de CNEWA"},"content":{"rendered":"\n<h2 class=\"wp-block-heading\" id=\"h-la-junta-directiva-de-la-asociacion-catolica-para-el-bienestar-del-cercano-oriente-presidida-por-el-cardenal-timothy-michael-dolan-arzobispo-de-nueva-york-eligio-a-dos-nuevos-miembros-en-su-reunion-bianual-del-6-de-junio\">La junta directiva de la Asociaci\u00f3n Cat\u00f3lica para el Bienestar del Cercano Oriente, presidida por el cardenal Timothy Michael Dolan, arzobispo de Nueva York, eligi\u00f3 a dos nuevos miembros en su reuni\u00f3n bianual del 6 de junio.<\/h2>\n\n\n\n<p>Richard W. Smith, arzobispo de Edmonton (Canad\u00e1), y Amanda Bowman, fil\u00e1ntropa internacional, comenzar\u00e1n sus mandatos el 7 de noviembre. Cada per\u00edodo de servicio es de cuatro a\u00f1os con opci\u00f3n de renovaci\u00f3n.<\/p>\n\n\n\n<p>Oriundo de Halifax, Novia Scotia, el arzobispo Smith fue nombrado arzobispo de Edmonton en marzo de 2007 despu\u00e9s de servir como obispo de Pembroke, Ontario, durante casi cinco a\u00f1os. El arzobispo es licenciado y doctor en teolog\u00eda por la Pontificia Universidad Gregoriana de Roma. Ha servido a la Iglesia en Canad\u00e1 en muchas capacidades, pastorales y administrativas, incluyendo como asesor espiritual de la Liga de Mujeres Cat\u00f3licas de Canad\u00e1 de 2003 a 2008, y como presidente de la Conferencia Canadiense de Obispos Cat\u00f3licos de 2011 a 2013. En 2022, el arzobispo Smith fue el coordinador general de la visita pastoral del Papa Francisco a Canad\u00e1.<\/p>\n\n\n\n<p>Despu\u00e9s de estudiar en la Universidad de Cambridge en su Inglaterra natal, Amanda Bowman ayud\u00f3 a lanzar operaciones en Nueva York para The Economist. M\u00e1s tarde se desempe\u00f1\u00f3 como vicepresidenta de marketing en Christie&#8217;s y como vicepresidenta s\u00e9nior de United Way de la ciudad de Nueva York. Preocupada desde hace mucho tiempo por el estado de derecho, los derechos de los vulnerables y los problemas de la libertad religiosa a nivel mundial, se ha asociado con muchas organizaciones no gubernamentales y afiliadas a la iglesia, incluidos los Caballeros de Col\u00f3n, el Instituto Hudson y CNEWA, en el desarrollo de programas p\u00fablicos para elevar el perfil de estos temas. Durante los \u00faltimos dos a\u00f1os, ha presidido la Gala Anual Sanaci\u00f3n y Esperanza de CNEWA.<\/p>\n\n\n\n<p>\u201cEstoy agradecido de que el arzobispo Smith y la Sra. Bowman hayan aceptado nuestra invitaci\u00f3n para servir en la junta de fideicomisarios de CNEWA\u201d, dijo su presidente, Mons. Peter I. Vaccari. \u201cNuestra misi\u00f3n es crucial en apoyo del Evangelio en todo el Medio Oriente, el noreste de \u00c1frica, la India y Europa del Este, todos puntos cr\u00edticos en nuestro mundo actual\u201d, agreg\u00f3. \u201cEspero trabajar con ellos para avanzar en el buen trabajo de CNEWA\u201d.<\/p>\n","protected":false},"excerpt":{"rendered":"<p>Richard W. Smith, arzobispo de Edmonton, Canad\u00e1, y Amanda Bowman, fil\u00e1ntropa internacional, fueron elegidos miembros de la Junta Directiva de CNEWA y comenzar\u00e1n sus mandatos el 7 de noviembre.<\/p>\n","protected":false},"author":70019,"featured_media":5351,"comment_status":"closed","ping_status":"closed","sticky":false,"template":"","format":"standard","meta":{"_acf_changed":false,"footnotes":""},"categories":[3],"class_list":["post-5352","post","type-post","status-publish","format-standard","has-post-thumbnail","hentry","category-noticias"],"acf":[],"yoast_head":"<!-- This site is optimized with the Yoast SEO Premium plugin v27.3 (Yoast SEO v27.3) - https:\/\/yoast.com\/product\/yoast-seo-premium-wordpress\/ -->\n<title>Nuevos Miembros Elegidos para Servir en la Junta Directiva de CNEWA | CNEWA Espa\u00f1ol<\/title>\n<meta name=\"description\" content=\"Richard W. Smith, arzobispo de Edmonton, Canad\u00e1, y Amanda Bowman, fil\u00e1ntropa internacional, elegidos miembros de la Junta Directiva de CNEWA.\" \/>\n<meta name=\"robots\" content=\"index, follow, max-snippet:-1, max-image-preview:large, max-video-preview:-1\" \/>\n<link rel=\"canonical\" href=\"https:\/\/cnewa.org\/es\/nuevos-miembros-elegidos-para-servir-en-la-junta-directiva-de-cnewa\/\" \/>\n<meta property=\"og:locale\" content=\"es_ES\" \/>\n<meta property=\"og:type\" content=\"article\" \/>\n<meta property=\"og:title\" content=\"Nuevos Miembros Elegidos para Servir en la Junta Directiva de CNEWA\" \/>\n<meta property=\"og:description\" content=\"Richard W. Smith, arzobispo de Edmonton, Canad\u00e1, y Amanda Bowman, fil\u00e1ntropa internacional, elegidos miembros de la Junta Directiva de CNEWA.\" \/>\n<meta property=\"og:url\" content=\"https:\/\/cnewa.org\/es\/nuevos-miembros-elegidos-para-servir-en-la-junta-directiva-de-cnewa\/\" \/>\n<meta property=\"og:site_name\" content=\"CNEWA Espa\u00f1ol\" \/>\n<meta property=\"article:publisher\" content=\"https:\/\/www.facebook.com\/CNEWAenespanol\/\" \/>\n<meta property=\"article:published_time\" content=\"2024-06-28T13:19:49+00:00\" \/>\n<meta property=\"article:modified_time\" content=\"2024-06-28T13:19:50+00:00\" \/>\n<meta property=\"og:image\" content=\"https:\/\/cnewa.org\/es\/wp-content\/uploads\/sites\/5\/2024\/06\/saadeh202404_220H.jpg\" \/>\n\t<meta property=\"og:image:width\" content=\"1800\" \/>\n\t<meta property=\"og:image:height\" content=\"1200\" \/>\n\t<meta property=\"og:image:type\" content=\"image\/jpeg\" \/>\n<meta name=\"author\" content=\"Michael J. La Civita\" \/>\n<meta name=\"twitter:card\" content=\"summary_large_image\" \/>\n<meta name=\"twitter:label1\" content=\"Escrito por\" \/>\n\t<meta name=\"twitter:data1\" content=\"David R. Aquije\" \/>\n\t<meta name=\"twitter:label2\" content=\"Tiempo de lectura\" \/>\n\t<meta name=\"twitter:data2\" content=\"2 minutos\" \/>\n<script type=\"application\/ld+json\" class=\"yoast-schema-graph\">{\"@context\":\"https:\\\/\\\/schema.org\",\"@graph\":[{\"@type\":\"Article\",\"@id\":\"https:\\\/\\\/cnewa.org\\\/es\\\/nuevos-miembros-elegidos-para-servir-en-la-junta-directiva-de-cnewa\\\/#article\",\"isPartOf\":{\"@id\":\"https:\\\/\\\/cnewa.org\\\/es\\\/nuevos-miembros-elegidos-para-servir-en-la-junta-directiva-de-cnewa\\\/\"},\"author\":{\"name\":\"Michael J. La Civita\",\"@id\":\"https:\\\/\\\/cnewa.org\\\/es\\\/#\\\/schema\\\/person\\\/d2935c46e239b59210c38997d4aedf00\"},\"headline\":\"Nuevos Miembros Elegidos para Servir en la Junta Directiva de CNEWA\",\"datePublished\":\"2024-06-28T13:19:49+00:00\",\"dateModified\":\"2024-06-28T13:19:50+00:00\",\"mainEntityOfPage\":{\"@id\":\"https:\\\/\\\/cnewa.org\\\/es\\\/nuevos-miembros-elegidos-para-servir-en-la-junta-directiva-de-cnewa\\\/\"},\"wordCount\":398,\"publisher\":{\"@id\":\"https:\\\/\\\/cnewa.org\\\/es\\\/#organization\"},\"image\":{\"@id\":\"https:\\\/\\\/cnewa.org\\\/es\\\/nuevos-miembros-elegidos-para-servir-en-la-junta-directiva-de-cnewa\\\/#primaryimage\"},\"thumbnailUrl\":\"https:\\\/\\\/cnewa.org\\\/es\\\/wp-content\\\/uploads\\\/sites\\\/5\\\/2024\\\/06\\\/saadeh202404_220H.jpg\",\"articleSection\":[\"Noticias\"],\"inLanguage\":\"es\"},{\"@type\":\"WebPage\",\"@id\":\"https:\\\/\\\/cnewa.org\\\/es\\\/nuevos-miembros-elegidos-para-servir-en-la-junta-directiva-de-cnewa\\\/\",\"url\":\"https:\\\/\\\/cnewa.org\\\/es\\\/nuevos-miembros-elegidos-para-servir-en-la-junta-directiva-de-cnewa\\\/\",\"name\":\"Nuevos Miembros Elegidos para Servir en la Junta Directiva de CNEWA | CNEWA Espa\u00f1ol\",\"isPartOf\":{\"@id\":\"https:\\\/\\\/cnewa.org\\\/es\\\/#website\"},\"primaryImageOfPage\":{\"@id\":\"https:\\\/\\\/cnewa.org\\\/es\\\/nuevos-miembros-elegidos-para-servir-en-la-junta-directiva-de-cnewa\\\/#primaryimage\"},\"image\":{\"@id\":\"https:\\\/\\\/cnewa.org\\\/es\\\/nuevos-miembros-elegidos-para-servir-en-la-junta-directiva-de-cnewa\\\/#primaryimage\"},\"thumbnailUrl\":\"https:\\\/\\\/cnewa.org\\\/es\\\/wp-content\\\/uploads\\\/sites\\\/5\\\/2024\\\/06\\\/saadeh202404_220H.jpg\",\"datePublished\":\"2024-06-28T13:19:49+00:00\",\"dateModified\":\"2024-06-28T13:19:50+00:00\",\"description\":\"Richard W. Smith, arzobispo de Edmonton, Canad\u00e1, y Amanda Bowman, fil\u00e1ntropa internacional, elegidos miembros de la Junta Directiva de CNEWA.\",\"breadcrumb\":{\"@id\":\"https:\\\/\\\/cnewa.org\\\/es\\\/nuevos-miembros-elegidos-para-servir-en-la-junta-directiva-de-cnewa\\\/#breadcrumb\"},\"inLanguage\":\"es\",\"potentialAction\":[{\"@type\":\"ReadAction\",\"target\":[\"https:\\\/\\\/cnewa.org\\\/es\\\/nuevos-miembros-elegidos-para-servir-en-la-junta-directiva-de-cnewa\\\/\"]}]},{\"@type\":\"ImageObject\",\"inLanguage\":\"es\",\"@id\":\"https:\\\/\\\/cnewa.org\\\/es\\\/nuevos-miembros-elegidos-para-servir-en-la-junta-directiva-de-cnewa\\\/#primaryimage\",\"url\":\"https:\\\/\\\/cnewa.org\\\/es\\\/wp-content\\\/uploads\\\/sites\\\/5\\\/2024\\\/06\\\/saadeh202404_220H.jpg\",\"contentUrl\":\"https:\\\/\\\/cnewa.org\\\/es\\\/wp-content\\\/uploads\\\/sites\\\/5\\\/2024\\\/06\\\/saadeh202404_220H.jpg\",\"width\":1800,\"height\":1200,\"caption\":\"El cardenal Timothy M. Dolan, director de la junta directiva de CNEWA y arzobispo de Nueva York, habla en una reuni\u00f3n interreligiosa en la Maison d'Abraham en Jerusal\u00e9n, el 15 de abril, durante una visita de solidaridad con CNEWA. (foto: Joseph Saadah)\"},{\"@type\":\"BreadcrumbList\",\"@id\":\"https:\\\/\\\/cnewa.org\\\/es\\\/nuevos-miembros-elegidos-para-servir-en-la-junta-directiva-de-cnewa\\\/#breadcrumb\",\"itemListElement\":[{\"@type\":\"ListItem\",\"position\":1,\"name\":\"Inicio\",\"item\":\"https:\\\/\\\/cnewa.org\\\/es\\\/\"},{\"@type\":\"ListItem\",\"position\":2,\"name\":\"Noticias\",\"item\":\"https:\\\/\\\/cnewa.org\\\/es\\\/categoria\\\/noticias\\\/\"},{\"@type\":\"ListItem\",\"position\":3,\"name\":\"Nuevos Miembros Elegidos para Servir en la Junta Directiva de CNEWA\"}]},{\"@type\":\"WebSite\",\"@id\":\"https:\\\/\\\/cnewa.org\\\/es\\\/#website\",\"url\":\"https:\\\/\\\/cnewa.org\\\/es\\\/\",\"name\":\"CNEWA Espa\u00f1ol\",\"description\":\"Asociaci\u00f3n Cat\u00f3lica para el Bienestar del Cercano Oriente\",\"publisher\":{\"@id\":\"https:\\\/\\\/cnewa.org\\\/es\\\/#organization\"},\"potentialAction\":[{\"@type\":\"SearchAction\",\"target\":{\"@type\":\"EntryPoint\",\"urlTemplate\":\"https:\\\/\\\/cnewa.org\\\/es\\\/?s={search_term_string}\"},\"query-input\":{\"@type\":\"PropertyValueSpecification\",\"valueRequired\":true,\"valueName\":\"search_term_string\"}}],\"inLanguage\":\"es\"},{\"@type\":\"Organization\",\"@id\":\"https:\\\/\\\/cnewa.org\\\/es\\\/#organization\",\"name\":\"CNEWA Espa\u00f1ol\",\"alternateName\":\"Asociaci\u00f3n Cat\u00f3lica para el Bienestar del Cercano Oriente\",\"url\":\"https:\\\/\\\/cnewa.org\\\/es\\\/\",\"logo\":{\"@type\":\"ImageObject\",\"inLanguage\":\"es\",\"@id\":\"https:\\\/\\\/cnewa.org\\\/es\\\/#\\\/schema\\\/logo\\\/image\\\/\",\"url\":\"https:\\\/\\\/cnewa.org\\\/es\\\/wp-content\\\/uploads\\\/sites\\\/5\\\/2021\\\/07\\\/CNEWA-brand-logo.png\",\"contentUrl\":\"https:\\\/\\\/cnewa.org\\\/es\\\/wp-content\\\/uploads\\\/sites\\\/5\\\/2021\\\/07\\\/CNEWA-brand-logo.png\",\"width\":1000,\"height\":1000,\"caption\":\"CNEWA Espa\u00f1ol\"},\"image\":{\"@id\":\"https:\\\/\\\/cnewa.org\\\/es\\\/#\\\/schema\\\/logo\\\/image\\\/\"},\"sameAs\":[\"https:\\\/\\\/www.facebook.com\\\/CNEWAenespanol\\\/\",\"https:\\\/\\\/www.instagram.com\\\/cnewa1926\\\/\",\"https:\\\/\\\/www.youtube.com\\\/user\\\/TheCNEWA\"]},{\"@type\":\"Person\",\"name\":\"Michael J. La Civita\"}]}<\/script>\n<!-- \/ Yoast SEO Premium plugin. -->","yoast_head_json":{"title":"Nuevos Miembros Elegidos para Servir en la Junta Directiva de CNEWA | CNEWA Espa\u00f1ol","description":"Richard W. Smith, arzobispo de Edmonton, Canad\u00e1, y Amanda Bowman, fil\u00e1ntropa internacional, elegidos miembros de la Junta Directiva de CNEWA.","robots":{"index":"index","follow":"follow","max-snippet":"max-snippet:-1","max-image-preview":"max-image-preview:large","max-video-preview":"max-video-preview:-1"},"canonical":"https:\/\/cnewa.org\/es\/nuevos-miembros-elegidos-para-servir-en-la-junta-directiva-de-cnewa\/","og_locale":"es_ES","og_type":"article","og_title":"Nuevos Miembros Elegidos para Servir en la Junta Directiva de CNEWA","og_description":"Richard W. Smith, arzobispo de Edmonton, Canad\u00e1, y Amanda Bowman, fil\u00e1ntropa internacional, elegidos miembros de la Junta Directiva de CNEWA.","og_url":"https:\/\/cnewa.org\/es\/nuevos-miembros-elegidos-para-servir-en-la-junta-directiva-de-cnewa\/","og_site_name":"CNEWA Espa\u00f1ol","article_publisher":"https:\/\/www.facebook.com\/CNEWAenespanol\/","article_published_time":"2024-06-28T13:19:49+00:00","article_modified_time":"2024-06-28T13:19:50+00:00","og_image":[{"width":1800,"height":1200,"url":"https:\/\/cnewa.org\/es\/wp-content\/uploads\/sites\/5\/2024\/06\/saadeh202404_220H.jpg","type":"image\/jpeg"}],"author":"Michael J. La Civita","twitter_card":"summary_large_image","twitter_misc":{"Escrito por":"David R. Aquije","Tiempo de lectura":"2 minutos"},"schema":{"@context":"https:\/\/schema.org","@graph":[{"@type":"Article","@id":"https:\/\/cnewa.org\/es\/nuevos-miembros-elegidos-para-servir-en-la-junta-directiva-de-cnewa\/#article","isPartOf":{"@id":"https:\/\/cnewa.org\/es\/nuevos-miembros-elegidos-para-servir-en-la-junta-directiva-de-cnewa\/"},"author":{"name":"Michael J. La Civita","@id":"https:\/\/cnewa.org\/es\/#\/schema\/person\/d2935c46e239b59210c38997d4aedf00"},"headline":"Nuevos Miembros Elegidos para Servir en la Junta Directiva de CNEWA","datePublished":"2024-06-28T13:19:49+00:00","dateModified":"2024-06-28T13:19:50+00:00","mainEntityOfPage":{"@id":"https:\/\/cnewa.org\/es\/nuevos-miembros-elegidos-para-servir-en-la-junta-directiva-de-cnewa\/"},"wordCount":398,"publisher":{"@id":"https:\/\/cnewa.org\/es\/#organization"},"image":{"@id":"https:\/\/cnewa.org\/es\/nuevos-miembros-elegidos-para-servir-en-la-junta-directiva-de-cnewa\/#primaryimage"},"thumbnailUrl":"https:\/\/cnewa.org\/es\/wp-content\/uploads\/sites\/5\/2024\/06\/saadeh202404_220H.jpg","articleSection":["Noticias"],"inLanguage":"es"},{"@type":"WebPage","@id":"https:\/\/cnewa.org\/es\/nuevos-miembros-elegidos-para-servir-en-la-junta-directiva-de-cnewa\/","url":"https:\/\/cnewa.org\/es\/nuevos-miembros-elegidos-para-servir-en-la-junta-directiva-de-cnewa\/","name":"Nuevos Miembros Elegidos para Servir en la Junta Directiva de CNEWA | CNEWA Espa\u00f1ol","isPartOf":{"@id":"https:\/\/cnewa.org\/es\/#website"},"primaryImageOfPage":{"@id":"https:\/\/cnewa.org\/es\/nuevos-miembros-elegidos-para-servir-en-la-junta-directiva-de-cnewa\/#primaryimage"},"image":{"@id":"https:\/\/cnewa.org\/es\/nuevos-miembros-elegidos-para-servir-en-la-junta-directiva-de-cnewa\/#primaryimage"},"thumbnailUrl":"https:\/\/cnewa.org\/es\/wp-content\/uploads\/sites\/5\/2024\/06\/saadeh202404_220H.jpg","datePublished":"2024-06-28T13:19:49+00:00","dateModified":"2024-06-28T13:19:50+00:00","description":"Richard W. Smith, arzobispo de Edmonton, Canad\u00e1, y Amanda Bowman, fil\u00e1ntropa internacional, elegidos miembros de la Junta Directiva de CNEWA.","breadcrumb":{"@id":"https:\/\/cnewa.org\/es\/nuevos-miembros-elegidos-para-servir-en-la-junta-directiva-de-cnewa\/#breadcrumb"},"inLanguage":"es","potentialAction":[{"@type":"ReadAction","target":["https:\/\/cnewa.org\/es\/nuevos-miembros-elegidos-para-servir-en-la-junta-directiva-de-cnewa\/"]}]},{"@type":"ImageObject","inLanguage":"es","@id":"https:\/\/cnewa.org\/es\/nuevos-miembros-elegidos-para-servir-en-la-junta-directiva-de-cnewa\/#primaryimage","url":"https:\/\/cnewa.org\/es\/wp-content\/uploads\/sites\/5\/2024\/06\/saadeh202404_220H.jpg","contentUrl":"https:\/\/cnewa.org\/es\/wp-content\/uploads\/sites\/5\/2024\/06\/saadeh202404_220H.jpg","width":1800,"height":1200,"caption":"El cardenal Timothy M. Dolan, director de la junta directiva de CNEWA y arzobispo de Nueva York, habla en una reuni\u00f3n interreligiosa en la Maison d'Abraham en Jerusal\u00e9n, el 15 de abril, durante una visita de solidaridad con CNEWA. (foto: Joseph Saadah)"},{"@type":"BreadcrumbList","@id":"https:\/\/cnewa.org\/es\/nuevos-miembros-elegidos-para-servir-en-la-junta-directiva-de-cnewa\/#breadcrumb","itemListElement":[{"@type":"ListItem","position":1,"name":"Inicio","item":"https:\/\/cnewa.org\/es\/"},{"@type":"ListItem","position":2,"name":"Noticias","item":"https:\/\/cnewa.org\/es\/categoria\/noticias\/"},{"@type":"ListItem","position":3,"name":"Nuevos Miembros Elegidos para Servir en la Junta Directiva de CNEWA"}]},{"@type":"WebSite","@id":"https:\/\/cnewa.org\/es\/#website","url":"https:\/\/cnewa.org\/es\/","name":"CNEWA Espa\u00f1ol","description":"Asociaci\u00f3n Cat\u00f3lica para el Bienestar del Cercano Oriente","publisher":{"@id":"https:\/\/cnewa.org\/es\/#organization"},"potentialAction":[{"@type":"SearchAction","target":{"@type":"EntryPoint","urlTemplate":"https:\/\/cnewa.org\/es\/?s={search_term_string}"},"query-input":{"@type":"PropertyValueSpecification","valueRequired":true,"valueName":"search_term_string"}}],"inLanguage":"es"},{"@type":"Organization","@id":"https:\/\/cnewa.org\/es\/#organization","name":"CNEWA Espa\u00f1ol","alternateName":"Asociaci\u00f3n Cat\u00f3lica para el Bienestar del Cercano Oriente","url":"https:\/\/cnewa.org\/es\/","logo":{"@type":"ImageObject","inLanguage":"es","@id":"https:\/\/cnewa.org\/es\/#\/schema\/logo\/image\/","url":"https:\/\/cnewa.org\/es\/wp-content\/uploads\/sites\/5\/2021\/07\/CNEWA-brand-logo.png","contentUrl":"https:\/\/cnewa.org\/es\/wp-content\/uploads\/sites\/5\/2021\/07\/CNEWA-brand-logo.png","width":1000,"height":1000,"caption":"CNEWA Espa\u00f1ol"},"image":{"@id":"https:\/\/cnewa.org\/es\/#\/schema\/logo\/image\/"},"sameAs":["https:\/\/www.facebook.com\/CNEWAenespanol\/","https:\/\/www.instagram.com\/cnewa1926\/","https:\/\/www.youtube.com\/user\/TheCNEWA"]},{"@type":"Person","name":"Michael J. La Civita"}]}},"_links":{"self":[{"href":"https:\/\/cnewa.org\/es\/wp-json\/wp\/v2\/posts\/5352","targetHints":{"allow":["GET"]}}],"collection":[{"href":"https:\/\/cnewa.org\/es\/wp-json\/wp\/v2\/posts"}],"about":[{"href":"https:\/\/cnewa.org\/es\/wp-json\/wp\/v2\/types\/post"}],"author":[{"embeddable":true,"href":"https:\/\/cnewa.org\/es\/wp-json\/wp\/v2\/users\/70019"}],"replies":[{"embeddable":true,"href":"https:\/\/cnewa.org\/es\/wp-json\/wp\/v2\/comments?post=5352"}],"version-history":[{"count":1,"href":"https:\/\/cnewa.org\/es\/wp-json\/wp\/v2\/posts\/5352\/revisions"}],"predecessor-version":[{"id":5353,"href":"https:\/\/cnewa.org\/es\/wp-json\/wp\/v2\/posts\/5352\/revisions\/5353"}],"wp:featuredmedia":[{"embeddable":true,"href":"https:\/\/cnewa.org\/es\/wp-json\/wp\/v2\/media\/5351"}],"wp:attachment":[{"href":"https:\/\/cnewa.org\/es\/wp-json\/wp\/v2\/media?parent=5352"}],"wp:term":[{"taxonomy":"category","embeddable":true,"href":"https:\/\/cnewa.org\/es\/wp-json\/wp\/v2\/categories?post=5352"}],"curies":[{"name":"wp","href":"https:\/\/api.w.org\/{rel}","templated":true}]}}