{"id":5493,"date":"2024-07-25T13:53:44","date_gmt":"2024-07-25T17:53:44","guid":{"rendered":"https:\/\/cnewa.org\/es\/?p=5493"},"modified":"2024-07-31T13:54:06","modified_gmt":"2024-07-31T17:54:06","slug":"continua-visita-de-cnewa-mision-pontificia-a-beirut","status":"publish","type":"post","link":"https:\/\/cnewa.org\/es\/continua-visita-de-cnewa-mision-pontificia-a-beirut\/","title":{"rendered":"Contin\u00faa Visita de CNEWA- Misi\u00f3n Pontificia a Beirut"},"content":{"rendered":"\n<h2 class=\"wp-block-heading\" id=\"h-este-ano-la-mision-pontificia-fundada-como-mision-pontificia-para-palestina-en-1949-y-confiada-a-cnewa-celebra-su-75\u00ba-aniversario-las-conmemoraciones-de-esta-iniciativa-papal-para-el-medio-oriente-comenzaron-con-la-visita-del-cardenal-timothy-m-dolan-a-israel-y-palestina-en-abril\">Este a\u00f1o, la Misi\u00f3n Pontificia, fundada como Misi\u00f3n Pontificia para Palestina en 1949 y confiada a CNEWA, celebra su 75\u00ba aniversario. Las conmemoraciones de esta iniciativa papal para el Medio Oriente comenzaron con la visita del cardenal Timothy M. Dolan a Israel y Palestina en abril.<\/h2>\n\n\n\n<p>Los siguientes apuntes de viaje, escritos por la delegaci\u00f3n de CNEWA \u2014Mons. Peter I. Vaccari, presidente, Tresool Singh-Conway, director financiero, y Thomas Varghese, director de programas\u2014 destaca el trabajo de la Misi\u00f3n Pontificia en el L\u00edbano y el Reino Hachemita de Jordania.<\/p>\n\n\n\n<p>Siga el resto de su visita en nuestro blog.<\/p>\n\n\n\n<p class=\"has-medium-font-size\"><strong>Jueves, 18 de julio<\/strong><\/p>\n\n\n\n<p>Llegamos a Beirut, a las 6:30 a.m., despu\u00e9s de un vuelo temprano desde Amm\u00e1n. Michel Constantin, director regional de nuestra oficina en Beirut, nos recibi\u00f3 en el aeropuerto. A las 10 de la ma\u00f1ana, fuimos recibidos para una conferencia de prensa en el Centro Cat\u00f3lico de Informaci\u00f3n, donde se encuentra el centro de prensa de la Conferencia Episcopal Libanesa. Los representantes de los medios de comunicaci\u00f3n mostraron un gran inter\u00e9s por el motivo de nuestra visita, la conmemoraci\u00f3n del 75\u00b0 aniversario de la Misi\u00f3n Pontificia, particularmente debido a las condiciones actuales en la regi\u00f3n. Respondimos a sus preguntas con una descripci\u00f3n general de nuestra misi\u00f3n y trabajo, y expresamos gratitud por la oportunidad de colaborar con la prensa para contar la historia.<\/p>\n\n\n\n<p>Nuestro d\u00eda incluy\u00f3 visitas a dos hospitales, incluyendo al Hospital Geitawi, donde nuestro equipo de Misi\u00f3n Pontificia ha estado en el terreno ofreciendo asistencia antes, durante y despu\u00e9s de la explosi\u00f3n del 4 de agosto de 2020 en el puerto de Beirut.<\/p>\n\n\n\n<p>Fuimos recibidos por el Patriarca Raphael Bedros XXI Minassian, I.C.P.B., de la iglesia cat\u00f3lica armenia. CNEWA y la Misi\u00f3n Pontificia han colaborado con los proyectos del Patriarca Minassian durante muchos a\u00f1os.<\/p>\n\n\n\n<p>La noche estaba reservada para una sencilla cena con el personal de Beirut. Para m\u00ed, una alta prioridad en todas mis visitas es la expresi\u00f3n de solidaridad con nuestros miembros del personal, muy dedicados y generosos. Nos brinda un tiempo para escucharnos unos a otros, crecer en el aprecio por los desaf\u00edos locales y hacerles saber que est\u00e1n en mi oraci\u00f3n diaria.<\/p>\n","protected":false},"excerpt":{"rendered":"<p>Apuntes de viaje de la delegaci\u00f3n de CNEWA que se encuentra actualmente en L\u00edbano y el Reino Hachemita de Jordania ponen de relieve el trabajo de la Misi\u00f3n Pontificia, que celebra su 75\u00ba aniversario.<\/p>\n","protected":false},"author":70019,"featured_media":5492,"comment_status":"closed","ping_status":"closed","sticky":false,"template":"","format":"standard","meta":{"_acf_changed":false,"footnotes":""},"categories":[104,512],"class_list":["post-5493","post","type-post","status-publish","format-standard","has-post-thumbnail","hentry","category-medio-oriente","category-libano"],"acf":[],"yoast_head":"<!-- This site is optimized with the Yoast SEO Premium plugin v27.3 (Yoast SEO v27.3) - https:\/\/yoast.com\/product\/yoast-seo-premium-wordpress\/ -->\n<title>Contin\u00faa Visita de CNEWA- Misi\u00f3n Pontificia a Beirut | CNEWA Espa\u00f1ol<\/title>\n<meta name=\"description\" content=\"Delegaci\u00f3n de CNEWA que se encuentra en L\u00edbano pone de relieve el trabajo de la Misi\u00f3n Pontificia, que celebra su 75\u00ba aniversario.\" \/>\n<meta name=\"robots\" content=\"index, follow, max-snippet:-1, max-image-preview:large, max-video-preview:-1\" \/>\n<link rel=\"canonical\" href=\"https:\/\/cnewa.org\/es\/continua-visita-de-cnewa-mision-pontificia-a-beirut\/\" \/>\n<meta property=\"og:locale\" content=\"es_ES\" \/>\n<meta property=\"og:type\" content=\"article\" \/>\n<meta property=\"og:title\" content=\"Contin\u00faa Visita de CNEWA- Misi\u00f3n Pontificia a Beirut\" \/>\n<meta property=\"og:description\" content=\"Delegaci\u00f3n de CNEWA que se encuentra en L\u00edbano pone de relieve el trabajo de la Misi\u00f3n Pontificia, que celebra su 75\u00ba aniversario.\" \/>\n<meta property=\"og:url\" content=\"https:\/\/cnewa.org\/es\/continua-visita-de-cnewa-mision-pontificia-a-beirut\/\" \/>\n<meta property=\"og:site_name\" content=\"CNEWA Espa\u00f1ol\" \/>\n<meta property=\"article:publisher\" content=\"https:\/\/www.facebook.com\/CNEWAenespanol\/\" \/>\n<meta property=\"article:published_time\" content=\"2024-07-25T17:53:44+00:00\" \/>\n<meta property=\"article:modified_time\" content=\"2024-07-31T17:54:06+00:00\" \/>\n<meta property=\"og:image\" content=\"https:\/\/cnewa.org\/es\/wp-content\/uploads\/sites\/5\/2024\/07\/DSC07211-e1721845995655.jpg\" \/>\n\t<meta property=\"og:image:width\" content=\"1716\" \/>\n\t<meta property=\"og:image:height\" content=\"1013\" \/>\n\t<meta property=\"og:image:type\" content=\"image\/jpeg\" \/>\n<meta name=\"author\" content=\"Msgr. Peter I. Vaccari\" \/>\n<meta name=\"twitter:card\" content=\"summary_large_image\" \/>\n<meta name=\"twitter:label1\" content=\"Escrito por\" \/>\n\t<meta name=\"twitter:data1\" content=\"David R. Aquije\" \/>\n\t<meta name=\"twitter:label2\" content=\"Tiempo de lectura\" \/>\n\t<meta name=\"twitter:data2\" content=\"2 minutos\" \/>\n<script type=\"application\/ld+json\" class=\"yoast-schema-graph\">{\"@context\":\"https:\\\/\\\/schema.org\",\"@graph\":[{\"@type\":\"Article\",\"@id\":\"https:\\\/\\\/cnewa.org\\\/es\\\/continua-visita-de-cnewa-mision-pontificia-a-beirut\\\/#article\",\"isPartOf\":{\"@id\":\"https:\\\/\\\/cnewa.org\\\/es\\\/continua-visita-de-cnewa-mision-pontificia-a-beirut\\\/\"},\"author\":{\"name\":\"Msgr. Peter I. Vaccari\",\"@id\":\"https:\\\/\\\/cnewa.org\\\/es\\\/#\\\/schema\\\/person\\\/d2935c46e239b59210c38997d4aedf00\"},\"headline\":\"Contin\u00faa Visita de CNEWA- Misi\u00f3n Pontificia a Beirut\",\"datePublished\":\"2024-07-25T17:53:44+00:00\",\"dateModified\":\"2024-07-31T17:54:06+00:00\",\"mainEntityOfPage\":{\"@id\":\"https:\\\/\\\/cnewa.org\\\/es\\\/continua-visita-de-cnewa-mision-pontificia-a-beirut\\\/\"},\"wordCount\":393,\"publisher\":{\"@id\":\"https:\\\/\\\/cnewa.org\\\/es\\\/#organization\"},\"image\":{\"@id\":\"https:\\\/\\\/cnewa.org\\\/es\\\/continua-visita-de-cnewa-mision-pontificia-a-beirut\\\/#primaryimage\"},\"thumbnailUrl\":\"https:\\\/\\\/cnewa.org\\\/es\\\/wp-content\\\/uploads\\\/sites\\\/5\\\/2024\\\/07\\\/DSC07211-e1721845995655.jpg\",\"articleSection\":[\"Medio Oriente\",\"Libano\"],\"inLanguage\":\"es\"},{\"@type\":\"WebPage\",\"@id\":\"https:\\\/\\\/cnewa.org\\\/es\\\/continua-visita-de-cnewa-mision-pontificia-a-beirut\\\/\",\"url\":\"https:\\\/\\\/cnewa.org\\\/es\\\/continua-visita-de-cnewa-mision-pontificia-a-beirut\\\/\",\"name\":\"Contin\u00faa Visita de CNEWA- Misi\u00f3n Pontificia a Beirut | CNEWA Espa\u00f1ol\",\"isPartOf\":{\"@id\":\"https:\\\/\\\/cnewa.org\\\/es\\\/#website\"},\"primaryImageOfPage\":{\"@id\":\"https:\\\/\\\/cnewa.org\\\/es\\\/continua-visita-de-cnewa-mision-pontificia-a-beirut\\\/#primaryimage\"},\"image\":{\"@id\":\"https:\\\/\\\/cnewa.org\\\/es\\\/continua-visita-de-cnewa-mision-pontificia-a-beirut\\\/#primaryimage\"},\"thumbnailUrl\":\"https:\\\/\\\/cnewa.org\\\/es\\\/wp-content\\\/uploads\\\/sites\\\/5\\\/2024\\\/07\\\/DSC07211-e1721845995655.jpg\",\"datePublished\":\"2024-07-25T17:53:44+00:00\",\"dateModified\":\"2024-07-31T17:54:06+00:00\",\"description\":\"Delegaci\u00f3n de CNEWA que se encuentra en L\u00edbano pone de relieve el trabajo de la Misi\u00f3n Pontificia, que celebra su 75\u00ba aniversario.\",\"breadcrumb\":{\"@id\":\"https:\\\/\\\/cnewa.org\\\/es\\\/continua-visita-de-cnewa-mision-pontificia-a-beirut\\\/#breadcrumb\"},\"inLanguage\":\"es\",\"potentialAction\":[{\"@type\":\"ReadAction\",\"target\":[\"https:\\\/\\\/cnewa.org\\\/es\\\/continua-visita-de-cnewa-mision-pontificia-a-beirut\\\/\"]}]},{\"@type\":\"ImageObject\",\"inLanguage\":\"es\",\"@id\":\"https:\\\/\\\/cnewa.org\\\/es\\\/continua-visita-de-cnewa-mision-pontificia-a-beirut\\\/#primaryimage\",\"url\":\"https:\\\/\\\/cnewa.org\\\/es\\\/wp-content\\\/uploads\\\/sites\\\/5\\\/2024\\\/07\\\/DSC07211-e1721845995655.jpg\",\"contentUrl\":\"https:\\\/\\\/cnewa.org\\\/es\\\/wp-content\\\/uploads\\\/sites\\\/5\\\/2024\\\/07\\\/DSC07211-e1721845995655.jpg\",\"width\":1716,\"height\":1013,\"caption\":\"Monse\u00f1or Peter I. Vaccari, centro derecha, y los miembros del equipo de CNEWA Tresool Singh-Conway, derecha, Thomas Varghese, izquierda, y Michel Constantin, segundo desde la derecha, asisten a una conferencia de prensa en el Centro Cat\u00f3lico de Informaci\u00f3n en Beirut, L\u00edbano, el 18 de julio. (foto: Riad El Hajj)\"},{\"@type\":\"BreadcrumbList\",\"@id\":\"https:\\\/\\\/cnewa.org\\\/es\\\/continua-visita-de-cnewa-mision-pontificia-a-beirut\\\/#breadcrumb\",\"itemListElement\":[{\"@type\":\"ListItem\",\"position\":1,\"name\":\"Inicio\",\"item\":\"https:\\\/\\\/cnewa.org\\\/es\\\/\"},{\"@type\":\"ListItem\",\"position\":2,\"name\":\"Libano\",\"item\":\"https:\\\/\\\/cnewa.org\\\/es\\\/categoria\\\/libano\\\/\"},{\"@type\":\"ListItem\",\"position\":3,\"name\":\"Contin\u00faa Visita de CNEWA- Misi\u00f3n Pontificia a Beirut\"}]},{\"@type\":\"WebSite\",\"@id\":\"https:\\\/\\\/cnewa.org\\\/es\\\/#website\",\"url\":\"https:\\\/\\\/cnewa.org\\\/es\\\/\",\"name\":\"CNEWA Espa\u00f1ol\",\"description\":\"Asociaci\u00f3n Cat\u00f3lica para el Bienestar del Cercano Oriente\",\"publisher\":{\"@id\":\"https:\\\/\\\/cnewa.org\\\/es\\\/#organization\"},\"potentialAction\":[{\"@type\":\"SearchAction\",\"target\":{\"@type\":\"EntryPoint\",\"urlTemplate\":\"https:\\\/\\\/cnewa.org\\\/es\\\/?s={search_term_string}\"},\"query-input\":{\"@type\":\"PropertyValueSpecification\",\"valueRequired\":true,\"valueName\":\"search_term_string\"}}],\"inLanguage\":\"es\"},{\"@type\":\"Organization\",\"@id\":\"https:\\\/\\\/cnewa.org\\\/es\\\/#organization\",\"name\":\"CNEWA Espa\u00f1ol\",\"alternateName\":\"Asociaci\u00f3n Cat\u00f3lica para el Bienestar del Cercano Oriente\",\"url\":\"https:\\\/\\\/cnewa.org\\\/es\\\/\",\"logo\":{\"@type\":\"ImageObject\",\"inLanguage\":\"es\",\"@id\":\"https:\\\/\\\/cnewa.org\\\/es\\\/#\\\/schema\\\/logo\\\/image\\\/\",\"url\":\"https:\\\/\\\/cnewa.org\\\/es\\\/wp-content\\\/uploads\\\/sites\\\/5\\\/2021\\\/07\\\/CNEWA-brand-logo.png\",\"contentUrl\":\"https:\\\/\\\/cnewa.org\\\/es\\\/wp-content\\\/uploads\\\/sites\\\/5\\\/2021\\\/07\\\/CNEWA-brand-logo.png\",\"width\":1000,\"height\":1000,\"caption\":\"CNEWA Espa\u00f1ol\"},\"image\":{\"@id\":\"https:\\\/\\\/cnewa.org\\\/es\\\/#\\\/schema\\\/logo\\\/image\\\/\"},\"sameAs\":[\"https:\\\/\\\/www.facebook.com\\\/CNEWAenespanol\\\/\",\"https:\\\/\\\/www.instagram.com\\\/cnewa1926\\\/\",\"https:\\\/\\\/www.youtube.com\\\/user\\\/TheCNEWA\"]},{\"@type\":\"Person\",\"name\":\"Msgr. Peter I. Vaccari\"}]}<\/script>\n<!-- \/ Yoast SEO Premium plugin. -->","yoast_head_json":{"title":"Contin\u00faa Visita de CNEWA- Misi\u00f3n Pontificia a Beirut | CNEWA Espa\u00f1ol","description":"Delegaci\u00f3n de CNEWA que se encuentra en L\u00edbano pone de relieve el trabajo de la Misi\u00f3n Pontificia, que celebra su 75\u00ba aniversario.","robots":{"index":"index","follow":"follow","max-snippet":"max-snippet:-1","max-image-preview":"max-image-preview:large","max-video-preview":"max-video-preview:-1"},"canonical":"https:\/\/cnewa.org\/es\/continua-visita-de-cnewa-mision-pontificia-a-beirut\/","og_locale":"es_ES","og_type":"article","og_title":"Contin\u00faa Visita de CNEWA- Misi\u00f3n Pontificia a Beirut","og_description":"Delegaci\u00f3n de CNEWA que se encuentra en L\u00edbano pone de relieve el trabajo de la Misi\u00f3n Pontificia, que celebra su 75\u00ba aniversario.","og_url":"https:\/\/cnewa.org\/es\/continua-visita-de-cnewa-mision-pontificia-a-beirut\/","og_site_name":"CNEWA Espa\u00f1ol","article_publisher":"https:\/\/www.facebook.com\/CNEWAenespanol\/","article_published_time":"2024-07-25T17:53:44+00:00","article_modified_time":"2024-07-31T17:54:06+00:00","og_image":[{"width":1716,"height":1013,"url":"https:\/\/cnewa.org\/es\/wp-content\/uploads\/sites\/5\/2024\/07\/DSC07211-e1721845995655.jpg","type":"image\/jpeg"}],"author":"Msgr. Peter I. Vaccari","twitter_card":"summary_large_image","twitter_misc":{"Escrito por":"David R. Aquije","Tiempo de lectura":"2 minutos"},"schema":{"@context":"https:\/\/schema.org","@graph":[{"@type":"Article","@id":"https:\/\/cnewa.org\/es\/continua-visita-de-cnewa-mision-pontificia-a-beirut\/#article","isPartOf":{"@id":"https:\/\/cnewa.org\/es\/continua-visita-de-cnewa-mision-pontificia-a-beirut\/"},"author":{"name":"Msgr. Peter I. Vaccari","@id":"https:\/\/cnewa.org\/es\/#\/schema\/person\/d2935c46e239b59210c38997d4aedf00"},"headline":"Contin\u00faa Visita de CNEWA- Misi\u00f3n Pontificia a Beirut","datePublished":"2024-07-25T17:53:44+00:00","dateModified":"2024-07-31T17:54:06+00:00","mainEntityOfPage":{"@id":"https:\/\/cnewa.org\/es\/continua-visita-de-cnewa-mision-pontificia-a-beirut\/"},"wordCount":393,"publisher":{"@id":"https:\/\/cnewa.org\/es\/#organization"},"image":{"@id":"https:\/\/cnewa.org\/es\/continua-visita-de-cnewa-mision-pontificia-a-beirut\/#primaryimage"},"thumbnailUrl":"https:\/\/cnewa.org\/es\/wp-content\/uploads\/sites\/5\/2024\/07\/DSC07211-e1721845995655.jpg","articleSection":["Medio Oriente","Libano"],"inLanguage":"es"},{"@type":"WebPage","@id":"https:\/\/cnewa.org\/es\/continua-visita-de-cnewa-mision-pontificia-a-beirut\/","url":"https:\/\/cnewa.org\/es\/continua-visita-de-cnewa-mision-pontificia-a-beirut\/","name":"Contin\u00faa Visita de CNEWA- Misi\u00f3n Pontificia a Beirut | CNEWA Espa\u00f1ol","isPartOf":{"@id":"https:\/\/cnewa.org\/es\/#website"},"primaryImageOfPage":{"@id":"https:\/\/cnewa.org\/es\/continua-visita-de-cnewa-mision-pontificia-a-beirut\/#primaryimage"},"image":{"@id":"https:\/\/cnewa.org\/es\/continua-visita-de-cnewa-mision-pontificia-a-beirut\/#primaryimage"},"thumbnailUrl":"https:\/\/cnewa.org\/es\/wp-content\/uploads\/sites\/5\/2024\/07\/DSC07211-e1721845995655.jpg","datePublished":"2024-07-25T17:53:44+00:00","dateModified":"2024-07-31T17:54:06+00:00","description":"Delegaci\u00f3n de CNEWA que se encuentra en L\u00edbano pone de relieve el trabajo de la Misi\u00f3n Pontificia, que celebra su 75\u00ba aniversario.","breadcrumb":{"@id":"https:\/\/cnewa.org\/es\/continua-visita-de-cnewa-mision-pontificia-a-beirut\/#breadcrumb"},"inLanguage":"es","potentialAction":[{"@type":"ReadAction","target":["https:\/\/cnewa.org\/es\/continua-visita-de-cnewa-mision-pontificia-a-beirut\/"]}]},{"@type":"ImageObject","inLanguage":"es","@id":"https:\/\/cnewa.org\/es\/continua-visita-de-cnewa-mision-pontificia-a-beirut\/#primaryimage","url":"https:\/\/cnewa.org\/es\/wp-content\/uploads\/sites\/5\/2024\/07\/DSC07211-e1721845995655.jpg","contentUrl":"https:\/\/cnewa.org\/es\/wp-content\/uploads\/sites\/5\/2024\/07\/DSC07211-e1721845995655.jpg","width":1716,"height":1013,"caption":"Monse\u00f1or Peter I. Vaccari, centro derecha, y los miembros del equipo de CNEWA Tresool Singh-Conway, derecha, Thomas Varghese, izquierda, y Michel Constantin, segundo desde la derecha, asisten a una conferencia de prensa en el Centro Cat\u00f3lico de Informaci\u00f3n en Beirut, L\u00edbano, el 18 de julio. (foto: Riad El Hajj)"},{"@type":"BreadcrumbList","@id":"https:\/\/cnewa.org\/es\/continua-visita-de-cnewa-mision-pontificia-a-beirut\/#breadcrumb","itemListElement":[{"@type":"ListItem","position":1,"name":"Inicio","item":"https:\/\/cnewa.org\/es\/"},{"@type":"ListItem","position":2,"name":"Libano","item":"https:\/\/cnewa.org\/es\/categoria\/libano\/"},{"@type":"ListItem","position":3,"name":"Contin\u00faa Visita de CNEWA- Misi\u00f3n Pontificia a Beirut"}]},{"@type":"WebSite","@id":"https:\/\/cnewa.org\/es\/#website","url":"https:\/\/cnewa.org\/es\/","name":"CNEWA Espa\u00f1ol","description":"Asociaci\u00f3n Cat\u00f3lica para el Bienestar del Cercano Oriente","publisher":{"@id":"https:\/\/cnewa.org\/es\/#organization"},"potentialAction":[{"@type":"SearchAction","target":{"@type":"EntryPoint","urlTemplate":"https:\/\/cnewa.org\/es\/?s={search_term_string}"},"query-input":{"@type":"PropertyValueSpecification","valueRequired":true,"valueName":"search_term_string"}}],"inLanguage":"es"},{"@type":"Organization","@id":"https:\/\/cnewa.org\/es\/#organization","name":"CNEWA Espa\u00f1ol","alternateName":"Asociaci\u00f3n Cat\u00f3lica para el Bienestar del Cercano Oriente","url":"https:\/\/cnewa.org\/es\/","logo":{"@type":"ImageObject","inLanguage":"es","@id":"https:\/\/cnewa.org\/es\/#\/schema\/logo\/image\/","url":"https:\/\/cnewa.org\/es\/wp-content\/uploads\/sites\/5\/2021\/07\/CNEWA-brand-logo.png","contentUrl":"https:\/\/cnewa.org\/es\/wp-content\/uploads\/sites\/5\/2021\/07\/CNEWA-brand-logo.png","width":1000,"height":1000,"caption":"CNEWA Espa\u00f1ol"},"image":{"@id":"https:\/\/cnewa.org\/es\/#\/schema\/logo\/image\/"},"sameAs":["https:\/\/www.facebook.com\/CNEWAenespanol\/","https:\/\/www.instagram.com\/cnewa1926\/","https:\/\/www.youtube.com\/user\/TheCNEWA"]},{"@type":"Person","name":"Msgr. Peter I. Vaccari"}]}},"_links":{"self":[{"href":"https:\/\/cnewa.org\/es\/wp-json\/wp\/v2\/posts\/5493","targetHints":{"allow":["GET"]}}],"collection":[{"href":"https:\/\/cnewa.org\/es\/wp-json\/wp\/v2\/posts"}],"about":[{"href":"https:\/\/cnewa.org\/es\/wp-json\/wp\/v2\/types\/post"}],"author":[{"embeddable":true,"href":"https:\/\/cnewa.org\/es\/wp-json\/wp\/v2\/users\/70019"}],"replies":[{"embeddable":true,"href":"https:\/\/cnewa.org\/es\/wp-json\/wp\/v2\/comments?post=5493"}],"version-history":[{"count":3,"href":"https:\/\/cnewa.org\/es\/wp-json\/wp\/v2\/posts\/5493\/revisions"}],"predecessor-version":[{"id":5506,"href":"https:\/\/cnewa.org\/es\/wp-json\/wp\/v2\/posts\/5493\/revisions\/5506"}],"wp:featuredmedia":[{"embeddable":true,"href":"https:\/\/cnewa.org\/es\/wp-json\/wp\/v2\/media\/5492"}],"wp:attachment":[{"href":"https:\/\/cnewa.org\/es\/wp-json\/wp\/v2\/media?parent=5493"}],"wp:term":[{"taxonomy":"category","embeddable":true,"href":"https:\/\/cnewa.org\/es\/wp-json\/wp\/v2\/categories?post=5493"}],"curies":[{"name":"wp","href":"https:\/\/api.w.org\/{rel}","templated":true}]}}