{"id":5505,"date":"2024-07-31T14:02:48","date_gmt":"2024-07-31T18:02:48","guid":{"rendered":"https:\/\/cnewa.org\/es\/?p=5505"},"modified":"2024-07-31T14:02:49","modified_gmt":"2024-07-31T18:02:49","slug":"delegacion-de-cnewa-concluye-visita-de-aniversario","status":"publish","type":"post","link":"https:\/\/cnewa.org\/es\/delegacion-de-cnewa-concluye-visita-de-aniversario\/","title":{"rendered":"Delegaci\u00f3n de CNEWA Concluye Visita de Aniversario"},"content":{"rendered":"\n<h2 class=\"wp-block-heading\" id=\"h-este-ano-la-mision-pontificia-fundada-como-mision-pontificia-para-palestina-en-1949-y-confiada-a-cnewa-celebra-su-75\u00ba-aniversario-las-conmemoraciones-de-esta-iniciativa-papal-para-el-medio-oriente-comenzaron-con-la-visita-del-cardenal-timothy-m-dolan-a-israel-y-palestina-en-abril\">Este a\u00f1o, la Misi\u00f3n Pontificia, fundada como Misi\u00f3n Pontificia para Palestina en 1949 y confiada a CNEWA, celebra su 75\u00ba aniversario. Las conmemoraciones de esta iniciativa papal para el Medio Oriente comenzaron con la visita del cardenal Timothy M. Dolan a Israel y Palestina en abril.<br>\u00a0<\/h2>\n\n\n\n<p>Las siguientes notas de viaje escritas por la delegaci\u00f3n de CNEWA \u2014Mons. Peter I. Vaccari, presidente, Tresool Singh-Conway, directora financiera, y Thomas Varghese, director de programas\u2014 destaca el trabajo de la Misi\u00f3n Pontificia en Siria, L\u00edbano y el Reino Hachemita de Jordania.<br>\u00a0<br>Encuentra m\u00e1s contenido de la visita en nuestro blog.<br>\u00a0<br><strong>Viernes, 19 de julio 2024<br><\/strong>\u00a0<br>Comenzamos el d\u00eda en el L\u00edbano con una visita a Al Younbouh, un centro para la educaci\u00f3n y rehabilitaci\u00f3n de ni\u00f1os y j\u00f3venes con discapacidades intelectuales y del neurodesarrollo. El objetivo del centro es mejorar la calidad de vida de estos beneficiarios, prepar\u00e1ndolos para su integraci\u00f3n en la sociedad a trav\u00e9s de una amplia gama de programas y talleres. CNEWA-Misi\u00f3n Pontificia, a trav\u00e9s de sus donaciones, ha ayudado a este programa en los momentos m\u00e1s dif\u00edciles.<br>\u00a0<br>Al mediod\u00eda, hicimos nuestra primera visita al campamento de refugiados de Dbayeh, ubicado a las afueras de Beirut. La poblaci\u00f3n de este campamento, establecido en la d\u00e9cada de 1950 para recibir a los refugiados palestinos expulsados durante la guerra \u00e1rabe-israel\u00ed de 1948, hoy en d\u00eda se divide principalmente entre familias palestinas y libanesas, con un peque\u00f1o porcentaje de familias sirias. Los proyectos cuentan con el apoyo de la Misi\u00f3n Pontificia, en colaboraci\u00f3n con la agencia de ayuda Misereor. Los programas educativos, el asesoramiento psicosocial y los programas de concienciaci\u00f3n se llevan a cabo bajo un Comit\u00e9 Cristiano Conjunto. CNEWA-Misi\u00f3n Pontificia tambi\u00e9n apoya la presencia de las Hermanitas de Nazaret y la asistencia en cuidado de salud que proporcionan.<br>\u00a0<br>Por la noche, el patriarca maronita Bechara Boutros Rai presidi\u00f3 y predic\u00f3 en una misa conmemorativa en presencia de casi 300 invitados para conmemorar el 75\u00ba aniversario de la Misi\u00f3n Pontificia. Entre los participantes se encontraban el Patriarca cat\u00f3lico armenio Raphael Bedros XXI Minassian, I.C.P.B., m\u00e1s de una docena de obispos, sacerdotes y monjes, mujeres consagradas, representantes gubernamentales, representantes de las iglesias ortodoxas, l\u00edderes laicos involucrados en los muchos proyectos de la Misi\u00f3n Pontificia, y muchos otros que viajaron grandes distancias para expresar su gratitud y celebrar la presencia de CNEWA-Misi\u00f3n Pontificia en sus vidas.<br>\u00a0<br>Despu\u00e9s de la misa, una recepci\u00f3n organizada por nuestra oficina de Beirut reconoci\u00f3 la misi\u00f3n de CNEWA en la regi\u00f3n.<br>\u00a0<br><strong>S\u00e1bado, 20 de julio 2024<br><\/strong>\u00a0<br>Esta ma\u00f1ana hemos regresado al campamento de refugiados de Dbayeh.<br>\u00a0<br>Primero, grabamos la edici\u00f3n de julio de \u201cConexiones con Mons. Peter\u201d. Tuvimos la oportunidad de reunir a un panel, entre los que se encontraban Michel Constantin, director regional de la oficina de CNEWA-Misi\u00f3n Pontificia en Beirut; Darine Tawk, coordinadora de proyectos; la hermana Marie Claude Naddaf y Nayri Arslanian de \u201cFuentes de Esperanza\u201d, el programa de Talith\u00e1 Kum en Oriente Medio; Tresool Singh-Conway, directora financiera de CNEWA; Thomas Varghese, director de programas de CNEWA; y yo. Hablamos sobre el 75 aniversario, el campamento de refugiados, la gama de nuestros programas y el aumento de la actividad de CNEWA en la lucha para poner fin al flagelo de la trata de personas y ofrecer protecci\u00f3n y asistencia a los sobrevivientes de la trata en cualquiera de sus formas maliciosas.<br>\u00a0<br>Despu\u00e9s de la grabaci\u00f3n de \u201cConexiones\u201d, participamos en el \u201cD\u00eda del Marat\u00f3n\u201d organizado por Talith\u00e1 Kum. \u00abTalith\u00e1 Kum\u00bb, la frase aramea utilizada por Jes\u00fas en el Evangelio de Marcos, \u201cNi\u00f1a, yo te lo ordeno, lev\u00e1ntate\u201d (5,41), es el nombre de una organizaci\u00f3n internacional fundada en 2009, que busca erradicar la trata de personas en sus diversas formas. Acompa\u00f1ados por traductores, asistimos a varias sesiones de sensibilizaci\u00f3n para ni\u00f1os, adolescentes y adultos.<br>\u00a0<br>Nuestro d\u00eda en el campamento concluy\u00f3 con visitas a varias familias residentes. En esos encuentros, fuimos testigos de la resiliencia y la fortaleza de las familias que viven en condiciones muy duras.<br>\u00a0<br><strong>Domingo, 21 de julio 2024<br><\/strong>\u00a0<br>Nuestro d\u00eda estuvo marcado por nuestro viaje al sur del L\u00edbano, espec\u00edficamente a Tiro en la costa suroeste, que fue una ciudad muy prominente en el desarrollo de la cultura fenicia. Los evangelios identifican esta ciudad como la ciudad m\u00e1s septentrional a la que viaj\u00f3 Jes\u00fas.<br>\u00a0<br>Ahora bien, es aqu\u00ed donde el conflicto militar entre Hezbol\u00e1 e Israel afecta a la poblaci\u00f3n local. Muchas familias israel\u00edes en el norte de Israel y familias libanesas en el sur del L\u00edbano han sido desplazadas debido a la violencia a lo largo de la frontera.<br>\u00a0<br>Los esfuerzos conjuntos de los obispos de Tiro y CNEWA-Misi\u00f3n Pontificia nos han permitido proporcionar paquetes de alimentos a casi 3.000 familias. A petici\u00f3n de los obispos locales, la CNEWA-Misi\u00f3n Pontificia, debido a nuestra presencia \u201csobre el terreno\u201d, tambi\u00e9n ha podido ofrecer consejos sobre paneles solares de calidad para las instalaciones de la iglesia local.<br>\u00a0<br><strong>Lunes a viernes, del 22 al 26 de julio 2024<br><\/strong>\u00a0<br>Temprano esta ma\u00f1ana, Tresool y Thomas comenzaron su viaje de regreso a la ciudad de Nueva York.<br>\u00a0<br>Mientras tanto, me acompa\u00f1aron Michel e Imad Abou Jaoude, director del programa de CNEWA para Siria e Irak, en una visita a Siria. Nos hemos reunido con obispos, religiosos y religiosas consagrados, l\u00edderes laicos y personas a las que ustedes apoyan. Regresamos a Beirut el mi\u00e9rcoles 24 de julio. El jueves 25 de julio, Michel y yo visitamos al arzobispo Paolo Borgia, nuncio apost\u00f3lico en el L\u00edbano. Tambi\u00e9n visitamos los proyectos de la Misi\u00f3n Pontificia en la regi\u00f3n de Zahleh en el L\u00edbano. El viernes 26 de julio regres\u00e9 a la ciudad de Nueva York.<\/p>\n","protected":false},"excerpt":{"rendered":"<p>Apuntes de viaje de Mons. Peter I. Vaccari, que ha regresado recientemente de visitar Siria, L\u00edbano y el Reino Hachemita de Jordania, pone de relieve el trabajo de la Misi\u00f3n Pontificia en la celebraci\u00f3n de su 75\u00ba aniversario.<\/p>\n","protected":false},"author":70019,"featured_media":5504,"comment_status":"closed","ping_status":"closed","sticky":false,"template":"","format":"standard","meta":{"_acf_changed":false,"footnotes":""},"categories":[104,3],"class_list":["post-5505","post","type-post","status-publish","format-standard","has-post-thumbnail","hentry","category-medio-oriente","category-noticias"],"acf":[],"yoast_head":"<!-- This site is optimized with the Yoast SEO Premium plugin v27.4 (Yoast SEO v27.4) - https:\/\/yoast.com\/product\/yoast-seo-premium-wordpress\/ -->\n<title>Delegaci\u00f3n de CNEWA Concluye Visita de Aniversario | CNEWA Espa\u00f1ol<\/title>\n<meta name=\"description\" content=\"La Misi\u00f3n Pontificia, fundada como Misi\u00f3n Pontificia para Palestina en 1949 y confiada a CNEWA, celebra su 75\u00ba aniversario.\" \/>\n<meta name=\"robots\" content=\"index, follow, max-snippet:-1, max-image-preview:large, max-video-preview:-1\" \/>\n<link rel=\"canonical\" href=\"https:\/\/cnewa.org\/es\/delegacion-de-cnewa-concluye-visita-de-aniversario\/\" \/>\n<meta property=\"og:locale\" content=\"es_ES\" \/>\n<meta property=\"og:type\" content=\"article\" \/>\n<meta property=\"og:title\" content=\"Delegaci\u00f3n de CNEWA Concluye Visita de Aniversario\" \/>\n<meta property=\"og:description\" content=\"La Misi\u00f3n Pontificia, fundada como Misi\u00f3n Pontificia para Palestina en 1949 y confiada a CNEWA, celebra su 75\u00ba aniversario.\" \/>\n<meta property=\"og:url\" content=\"https:\/\/cnewa.org\/es\/delegacion-de-cnewa-concluye-visita-de-aniversario\/\" \/>\n<meta property=\"og:site_name\" content=\"CNEWA Espa\u00f1ol\" \/>\n<meta property=\"article:publisher\" content=\"https:\/\/www.facebook.com\/CNEWAenespanol\/\" \/>\n<meta property=\"article:published_time\" content=\"2024-07-31T18:02:48+00:00\" \/>\n<meta property=\"article:modified_time\" content=\"2024-07-31T18:02:49+00:00\" \/>\n<meta property=\"og:image\" content=\"https:\/\/cnewa.org\/es\/wp-content\/uploads\/sites\/5\/2024\/07\/cnewaBeirut202407_018H.jpg\" \/>\n\t<meta property=\"og:image:width\" content=\"1800\" \/>\n\t<meta property=\"og:image:height\" content=\"1350\" \/>\n\t<meta property=\"og:image:type\" content=\"image\/jpeg\" \/>\n<meta name=\"author\" content=\"Msgr. Peter I. Vaccari\" \/>\n<meta name=\"twitter:card\" content=\"summary_large_image\" \/>\n<meta name=\"twitter:label1\" content=\"Escrito por\" \/>\n\t<meta name=\"twitter:data1\" content=\"David R. Aquije\" \/>\n\t<meta name=\"twitter:label2\" content=\"Tiempo de lectura\" \/>\n\t<meta name=\"twitter:data2\" content=\"5 minutos\" \/>\n<script type=\"application\/ld+json\" class=\"yoast-schema-graph\">{\"@context\":\"https:\\\/\\\/schema.org\",\"@graph\":[{\"@type\":\"Article\",\"@id\":\"https:\\\/\\\/cnewa.org\\\/es\\\/delegacion-de-cnewa-concluye-visita-de-aniversario\\\/#article\",\"isPartOf\":{\"@id\":\"https:\\\/\\\/cnewa.org\\\/es\\\/delegacion-de-cnewa-concluye-visita-de-aniversario\\\/\"},\"author\":{\"name\":\"Msgr. Peter I. Vaccari\",\"@id\":\"https:\\\/\\\/cnewa.org\\\/es\\\/#\\\/schema\\\/person\\\/d2935c46e239b59210c38997d4aedf00\"},\"headline\":\"Delegaci\u00f3n de CNEWA Concluye Visita de Aniversario\",\"datePublished\":\"2024-07-31T18:02:48+00:00\",\"dateModified\":\"2024-07-31T18:02:49+00:00\",\"mainEntityOfPage\":{\"@id\":\"https:\\\/\\\/cnewa.org\\\/es\\\/delegacion-de-cnewa-concluye-visita-de-aniversario\\\/\"},\"wordCount\":999,\"publisher\":{\"@id\":\"https:\\\/\\\/cnewa.org\\\/es\\\/#organization\"},\"image\":{\"@id\":\"https:\\\/\\\/cnewa.org\\\/es\\\/delegacion-de-cnewa-concluye-visita-de-aniversario\\\/#primaryimage\"},\"thumbnailUrl\":\"https:\\\/\\\/cnewa.org\\\/es\\\/wp-content\\\/uploads\\\/sites\\\/5\\\/2024\\\/07\\\/cnewaBeirut202407_018H.jpg\",\"articleSection\":[\"Medio Oriente\",\"Noticias\"],\"inLanguage\":\"es\"},{\"@type\":\"WebPage\",\"@id\":\"https:\\\/\\\/cnewa.org\\\/es\\\/delegacion-de-cnewa-concluye-visita-de-aniversario\\\/\",\"url\":\"https:\\\/\\\/cnewa.org\\\/es\\\/delegacion-de-cnewa-concluye-visita-de-aniversario\\\/\",\"name\":\"Delegaci\u00f3n de CNEWA Concluye Visita de Aniversario | CNEWA Espa\u00f1ol\",\"isPartOf\":{\"@id\":\"https:\\\/\\\/cnewa.org\\\/es\\\/#website\"},\"primaryImageOfPage\":{\"@id\":\"https:\\\/\\\/cnewa.org\\\/es\\\/delegacion-de-cnewa-concluye-visita-de-aniversario\\\/#primaryimage\"},\"image\":{\"@id\":\"https:\\\/\\\/cnewa.org\\\/es\\\/delegacion-de-cnewa-concluye-visita-de-aniversario\\\/#primaryimage\"},\"thumbnailUrl\":\"https:\\\/\\\/cnewa.org\\\/es\\\/wp-content\\\/uploads\\\/sites\\\/5\\\/2024\\\/07\\\/cnewaBeirut202407_018H.jpg\",\"datePublished\":\"2024-07-31T18:02:48+00:00\",\"dateModified\":\"2024-07-31T18:02:49+00:00\",\"description\":\"La Misi\u00f3n Pontificia, fundada como Misi\u00f3n Pontificia para Palestina en 1949 y confiada a CNEWA, celebra su 75\u00ba aniversario.\",\"breadcrumb\":{\"@id\":\"https:\\\/\\\/cnewa.org\\\/es\\\/delegacion-de-cnewa-concluye-visita-de-aniversario\\\/#breadcrumb\"},\"inLanguage\":\"es\",\"potentialAction\":[{\"@type\":\"ReadAction\",\"target\":[\"https:\\\/\\\/cnewa.org\\\/es\\\/delegacion-de-cnewa-concluye-visita-de-aniversario\\\/\"]}]},{\"@type\":\"ImageObject\",\"inLanguage\":\"es\",\"@id\":\"https:\\\/\\\/cnewa.org\\\/es\\\/delegacion-de-cnewa-concluye-visita-de-aniversario\\\/#primaryimage\",\"url\":\"https:\\\/\\\/cnewa.org\\\/es\\\/wp-content\\\/uploads\\\/sites\\\/5\\\/2024\\\/07\\\/cnewaBeirut202407_018H.jpg\",\"contentUrl\":\"https:\\\/\\\/cnewa.org\\\/es\\\/wp-content\\\/uploads\\\/sites\\\/5\\\/2024\\\/07\\\/cnewaBeirut202407_018H.jpg\",\"width\":1800,\"height\":1350,\"caption\":\"Mons. Peter I. Vaccari visita a los Maristas Azules en Alepo, cuyos programas organizan distribuci\u00f3n de alimentos, cuidado de los ni\u00f1os, ayuda de emergencia y desarrollo de capacidades. (foto: CNEWA-Misi\u00f3n Pontificia, Beirut)\"},{\"@type\":\"BreadcrumbList\",\"@id\":\"https:\\\/\\\/cnewa.org\\\/es\\\/delegacion-de-cnewa-concluye-visita-de-aniversario\\\/#breadcrumb\",\"itemListElement\":[{\"@type\":\"ListItem\",\"position\":1,\"name\":\"Inicio\",\"item\":\"https:\\\/\\\/cnewa.org\\\/es\\\/\"},{\"@type\":\"ListItem\",\"position\":2,\"name\":\"Noticias\",\"item\":\"https:\\\/\\\/cnewa.org\\\/es\\\/categoria\\\/noticias\\\/\"},{\"@type\":\"ListItem\",\"position\":3,\"name\":\"Delegaci\u00f3n de CNEWA Concluye Visita de Aniversario\"}]},{\"@type\":\"WebSite\",\"@id\":\"https:\\\/\\\/cnewa.org\\\/es\\\/#website\",\"url\":\"https:\\\/\\\/cnewa.org\\\/es\\\/\",\"name\":\"CNEWA Espa\u00f1ol\",\"description\":\"Asociaci\u00f3n Cat\u00f3lica para el Bienestar del Cercano Oriente\",\"publisher\":{\"@id\":\"https:\\\/\\\/cnewa.org\\\/es\\\/#organization\"},\"potentialAction\":[{\"@type\":\"SearchAction\",\"target\":{\"@type\":\"EntryPoint\",\"urlTemplate\":\"https:\\\/\\\/cnewa.org\\\/es\\\/?s={search_term_string}\"},\"query-input\":{\"@type\":\"PropertyValueSpecification\",\"valueRequired\":true,\"valueName\":\"search_term_string\"}}],\"inLanguage\":\"es\"},{\"@type\":\"Organization\",\"@id\":\"https:\\\/\\\/cnewa.org\\\/es\\\/#organization\",\"name\":\"CNEWA Espa\u00f1ol\",\"alternateName\":\"Asociaci\u00f3n Cat\u00f3lica para el Bienestar del Cercano Oriente\",\"url\":\"https:\\\/\\\/cnewa.org\\\/es\\\/\",\"logo\":{\"@type\":\"ImageObject\",\"inLanguage\":\"es\",\"@id\":\"https:\\\/\\\/cnewa.org\\\/es\\\/#\\\/schema\\\/logo\\\/image\\\/\",\"url\":\"https:\\\/\\\/cnewa.org\\\/es\\\/wp-content\\\/uploads\\\/sites\\\/5\\\/2021\\\/07\\\/CNEWA-brand-logo.png\",\"contentUrl\":\"https:\\\/\\\/cnewa.org\\\/es\\\/wp-content\\\/uploads\\\/sites\\\/5\\\/2021\\\/07\\\/CNEWA-brand-logo.png\",\"width\":1000,\"height\":1000,\"caption\":\"CNEWA Espa\u00f1ol\"},\"image\":{\"@id\":\"https:\\\/\\\/cnewa.org\\\/es\\\/#\\\/schema\\\/logo\\\/image\\\/\"},\"sameAs\":[\"https:\\\/\\\/www.facebook.com\\\/CNEWAenespanol\\\/\",\"https:\\\/\\\/www.instagram.com\\\/cnewa1926\\\/\",\"https:\\\/\\\/www.youtube.com\\\/user\\\/TheCNEWA\"]},{\"@type\":\"Person\",\"name\":\"Msgr. Peter I. Vaccari\"}]}<\/script>\n<!-- \/ Yoast SEO Premium plugin. -->","yoast_head_json":{"title":"Delegaci\u00f3n de CNEWA Concluye Visita de Aniversario | CNEWA Espa\u00f1ol","description":"La Misi\u00f3n Pontificia, fundada como Misi\u00f3n Pontificia para Palestina en 1949 y confiada a CNEWA, celebra su 75\u00ba aniversario.","robots":{"index":"index","follow":"follow","max-snippet":"max-snippet:-1","max-image-preview":"max-image-preview:large","max-video-preview":"max-video-preview:-1"},"canonical":"https:\/\/cnewa.org\/es\/delegacion-de-cnewa-concluye-visita-de-aniversario\/","og_locale":"es_ES","og_type":"article","og_title":"Delegaci\u00f3n de CNEWA Concluye Visita de Aniversario","og_description":"La Misi\u00f3n Pontificia, fundada como Misi\u00f3n Pontificia para Palestina en 1949 y confiada a CNEWA, celebra su 75\u00ba aniversario.","og_url":"https:\/\/cnewa.org\/es\/delegacion-de-cnewa-concluye-visita-de-aniversario\/","og_site_name":"CNEWA Espa\u00f1ol","article_publisher":"https:\/\/www.facebook.com\/CNEWAenespanol\/","article_published_time":"2024-07-31T18:02:48+00:00","article_modified_time":"2024-07-31T18:02:49+00:00","og_image":[{"width":1800,"height":1350,"url":"https:\/\/cnewa.org\/es\/wp-content\/uploads\/sites\/5\/2024\/07\/cnewaBeirut202407_018H.jpg","type":"image\/jpeg"}],"author":"Msgr. Peter I. Vaccari","twitter_card":"summary_large_image","twitter_misc":{"Escrito por":"David R. Aquije","Tiempo de lectura":"5 minutos"},"schema":{"@context":"https:\/\/schema.org","@graph":[{"@type":"Article","@id":"https:\/\/cnewa.org\/es\/delegacion-de-cnewa-concluye-visita-de-aniversario\/#article","isPartOf":{"@id":"https:\/\/cnewa.org\/es\/delegacion-de-cnewa-concluye-visita-de-aniversario\/"},"author":{"name":"Msgr. Peter I. Vaccari","@id":"https:\/\/cnewa.org\/es\/#\/schema\/person\/d2935c46e239b59210c38997d4aedf00"},"headline":"Delegaci\u00f3n de CNEWA Concluye Visita de Aniversario","datePublished":"2024-07-31T18:02:48+00:00","dateModified":"2024-07-31T18:02:49+00:00","mainEntityOfPage":{"@id":"https:\/\/cnewa.org\/es\/delegacion-de-cnewa-concluye-visita-de-aniversario\/"},"wordCount":999,"publisher":{"@id":"https:\/\/cnewa.org\/es\/#organization"},"image":{"@id":"https:\/\/cnewa.org\/es\/delegacion-de-cnewa-concluye-visita-de-aniversario\/#primaryimage"},"thumbnailUrl":"https:\/\/cnewa.org\/es\/wp-content\/uploads\/sites\/5\/2024\/07\/cnewaBeirut202407_018H.jpg","articleSection":["Medio Oriente","Noticias"],"inLanguage":"es"},{"@type":"WebPage","@id":"https:\/\/cnewa.org\/es\/delegacion-de-cnewa-concluye-visita-de-aniversario\/","url":"https:\/\/cnewa.org\/es\/delegacion-de-cnewa-concluye-visita-de-aniversario\/","name":"Delegaci\u00f3n de CNEWA Concluye Visita de Aniversario | CNEWA Espa\u00f1ol","isPartOf":{"@id":"https:\/\/cnewa.org\/es\/#website"},"primaryImageOfPage":{"@id":"https:\/\/cnewa.org\/es\/delegacion-de-cnewa-concluye-visita-de-aniversario\/#primaryimage"},"image":{"@id":"https:\/\/cnewa.org\/es\/delegacion-de-cnewa-concluye-visita-de-aniversario\/#primaryimage"},"thumbnailUrl":"https:\/\/cnewa.org\/es\/wp-content\/uploads\/sites\/5\/2024\/07\/cnewaBeirut202407_018H.jpg","datePublished":"2024-07-31T18:02:48+00:00","dateModified":"2024-07-31T18:02:49+00:00","description":"La Misi\u00f3n Pontificia, fundada como Misi\u00f3n Pontificia para Palestina en 1949 y confiada a CNEWA, celebra su 75\u00ba aniversario.","breadcrumb":{"@id":"https:\/\/cnewa.org\/es\/delegacion-de-cnewa-concluye-visita-de-aniversario\/#breadcrumb"},"inLanguage":"es","potentialAction":[{"@type":"ReadAction","target":["https:\/\/cnewa.org\/es\/delegacion-de-cnewa-concluye-visita-de-aniversario\/"]}]},{"@type":"ImageObject","inLanguage":"es","@id":"https:\/\/cnewa.org\/es\/delegacion-de-cnewa-concluye-visita-de-aniversario\/#primaryimage","url":"https:\/\/cnewa.org\/es\/wp-content\/uploads\/sites\/5\/2024\/07\/cnewaBeirut202407_018H.jpg","contentUrl":"https:\/\/cnewa.org\/es\/wp-content\/uploads\/sites\/5\/2024\/07\/cnewaBeirut202407_018H.jpg","width":1800,"height":1350,"caption":"Mons. Peter I. Vaccari visita a los Maristas Azules en Alepo, cuyos programas organizan distribuci\u00f3n de alimentos, cuidado de los ni\u00f1os, ayuda de emergencia y desarrollo de capacidades. (foto: CNEWA-Misi\u00f3n Pontificia, Beirut)"},{"@type":"BreadcrumbList","@id":"https:\/\/cnewa.org\/es\/delegacion-de-cnewa-concluye-visita-de-aniversario\/#breadcrumb","itemListElement":[{"@type":"ListItem","position":1,"name":"Inicio","item":"https:\/\/cnewa.org\/es\/"},{"@type":"ListItem","position":2,"name":"Noticias","item":"https:\/\/cnewa.org\/es\/categoria\/noticias\/"},{"@type":"ListItem","position":3,"name":"Delegaci\u00f3n de CNEWA Concluye Visita de Aniversario"}]},{"@type":"WebSite","@id":"https:\/\/cnewa.org\/es\/#website","url":"https:\/\/cnewa.org\/es\/","name":"CNEWA Espa\u00f1ol","description":"Asociaci\u00f3n Cat\u00f3lica para el Bienestar del Cercano Oriente","publisher":{"@id":"https:\/\/cnewa.org\/es\/#organization"},"potentialAction":[{"@type":"SearchAction","target":{"@type":"EntryPoint","urlTemplate":"https:\/\/cnewa.org\/es\/?s={search_term_string}"},"query-input":{"@type":"PropertyValueSpecification","valueRequired":true,"valueName":"search_term_string"}}],"inLanguage":"es"},{"@type":"Organization","@id":"https:\/\/cnewa.org\/es\/#organization","name":"CNEWA Espa\u00f1ol","alternateName":"Asociaci\u00f3n Cat\u00f3lica para el Bienestar del Cercano Oriente","url":"https:\/\/cnewa.org\/es\/","logo":{"@type":"ImageObject","inLanguage":"es","@id":"https:\/\/cnewa.org\/es\/#\/schema\/logo\/image\/","url":"https:\/\/cnewa.org\/es\/wp-content\/uploads\/sites\/5\/2021\/07\/CNEWA-brand-logo.png","contentUrl":"https:\/\/cnewa.org\/es\/wp-content\/uploads\/sites\/5\/2021\/07\/CNEWA-brand-logo.png","width":1000,"height":1000,"caption":"CNEWA Espa\u00f1ol"},"image":{"@id":"https:\/\/cnewa.org\/es\/#\/schema\/logo\/image\/"},"sameAs":["https:\/\/www.facebook.com\/CNEWAenespanol\/","https:\/\/www.instagram.com\/cnewa1926\/","https:\/\/www.youtube.com\/user\/TheCNEWA"]},{"@type":"Person","name":"Msgr. Peter I. Vaccari"}]}},"_links":{"self":[{"href":"https:\/\/cnewa.org\/es\/wp-json\/wp\/v2\/posts\/5505","targetHints":{"allow":["GET"]}}],"collection":[{"href":"https:\/\/cnewa.org\/es\/wp-json\/wp\/v2\/posts"}],"about":[{"href":"https:\/\/cnewa.org\/es\/wp-json\/wp\/v2\/types\/post"}],"author":[{"embeddable":true,"href":"https:\/\/cnewa.org\/es\/wp-json\/wp\/v2\/users\/70019"}],"replies":[{"embeddable":true,"href":"https:\/\/cnewa.org\/es\/wp-json\/wp\/v2\/comments?post=5505"}],"version-history":[{"count":1,"href":"https:\/\/cnewa.org\/es\/wp-json\/wp\/v2\/posts\/5505\/revisions"}],"predecessor-version":[{"id":5507,"href":"https:\/\/cnewa.org\/es\/wp-json\/wp\/v2\/posts\/5505\/revisions\/5507"}],"wp:featuredmedia":[{"embeddable":true,"href":"https:\/\/cnewa.org\/es\/wp-json\/wp\/v2\/media\/5504"}],"wp:attachment":[{"href":"https:\/\/cnewa.org\/es\/wp-json\/wp\/v2\/media?parent=5505"}],"wp:term":[{"taxonomy":"category","embeddable":true,"href":"https:\/\/cnewa.org\/es\/wp-json\/wp\/v2\/categories?post=5505"}],"curies":[{"name":"wp","href":"https:\/\/api.w.org\/{rel}","templated":true}]}}