{"id":6059,"date":"2024-12-13T14:28:03","date_gmt":"2024-12-13T19:28:03","guid":{"rendered":"https:\/\/cnewa.org\/es\/?p=6059"},"modified":"2024-12-13T14:28:03","modified_gmt":"2024-12-13T19:28:03","slug":"es-terrorifico-ninos-del-libano-sienten-el-dolor-de-la-guerra","status":"publish","type":"post","link":"https:\/\/cnewa.org\/es\/es-terrorifico-ninos-del-libano-sienten-el-dolor-de-la-guerra\/","title":{"rendered":"\u201cEs Terror\u00edfico\u201d: Ni\u00f1os del L\u00edbano Sienten el Dolor de la Guerra"},"content":{"rendered":"\n<p>\u201cCuando comenzaron los bombardeos, est\u00e1bamos rezando el rosario\u201d, dijo Jack Farah, un ni\u00f1o desplazado a Deir El Ahmar, L\u00edbano, debido a la guerra.<\/p>\n\n\n\n<p>\u201cEs terror\u00edfico\u201d, dijo.<\/p>\n\n\n\n<p>Mientras Israel y Hezbol\u00e1 parecen estar en la c\u00faspide de un acuerdo de alto el fuego, la realidad para muchas familias en el terreno sigue siendo incierta. M\u00e1s de 1,3 millones de libaneses han sido desplazados desde que el conflicto se intensific\u00f3 en septiembre, y muchos no tienen donde regresar debido a la destrucci\u00f3n.<\/p>\n\n\n\n<p>Escuche en este video, con subt\u00edtulos en espa\u00f1ol, a Jack y Nada Akiki, cuya hija de 2 a\u00f1os qued\u00f3 atrapada bajo los escombros y ahora est\u00e1 traumatizada.<\/p>\n\n\n\n<figure class=\"wp-block-embed is-type-video is-provider-youtube wp-block-embed-youtube wp-embed-aspect-16-9 wp-has-aspect-ratio\"><div class=\"wp-block-embed__wrapper\">\n<iframe loading=\"lazy\" title=\"\u201cEs de terror\u201d: los ni\u00f1os del L\u00edbano sienten el dolor de la guerra\" width=\"500\" height=\"281\" src=\"https:\/\/www.youtube.com\/embed\/rI74GLWxmts?feature=oembed\" frameborder=\"0\" allow=\"accelerometer; autoplay; clipboard-write; encrypted-media; gyroscope; picture-in-picture; web-share\" referrerpolicy=\"strict-origin-when-cross-origin\" allowfullscreen><\/iframe>\n<\/div><\/figure>\n","protected":false},"excerpt":{"rendered":"<p>Aunque Israel y Hezbol\u00e1 parecen estar a punto de alcanzar un acuerdo de alto el fuego, la realidad para muchas familias en el L\u00edbano sigue siendo incierta.<\/p>\n","protected":false},"author":70019,"featured_media":6058,"comment_status":"closed","ping_status":"closed","sticky":false,"template":"","format":"standard","meta":{"_acf_changed":false,"footnotes":""},"categories":[98,3,512],"class_list":["post-6059","post","type-post","status-publish","format-standard","has-post-thumbnail","hentry","category-multimedia","category-noticias","category-libano"],"acf":[],"yoast_head":"<!-- This site is optimized with the Yoast SEO Premium plugin v27.3 (Yoast SEO v27.3) - https:\/\/yoast.com\/product\/yoast-seo-premium-wordpress\/ -->\n<title>\u201cEs Terror\u00edfico\u201d: Ni\u00f1os del L\u00edbano Sienten el Dolor de la Guerra | CNEWA Espa\u00f1ol<\/title>\n<meta name=\"description\" content=\"Aunque Israel y Hezbol\u00e1 est\u00e1n a punto de un acuerdo de alto el fuego, la realidad para muchas familias en Libano sigue siendo incierta.\" \/>\n<meta name=\"robots\" content=\"index, follow, max-snippet:-1, max-image-preview:large, max-video-preview:-1\" \/>\n<link rel=\"canonical\" href=\"https:\/\/cnewa.org\/es\/es-terrorifico-ninos-del-libano-sienten-el-dolor-de-la-guerra\/\" \/>\n<meta property=\"og:locale\" content=\"es_ES\" \/>\n<meta property=\"og:type\" content=\"article\" \/>\n<meta property=\"og:title\" content=\"\u201cEs Terror\u00edfico\u201d: Ni\u00f1os del L\u00edbano Sienten el Dolor de la Guerra\" \/>\n<meta property=\"og:description\" content=\"Aunque Israel y Hezbol\u00e1 est\u00e1n a punto de un acuerdo de alto el fuego, la realidad para muchas familias en Libano sigue siendo incierta.\" \/>\n<meta property=\"og:url\" content=\"https:\/\/cnewa.org\/es\/es-terrorifico-ninos-del-libano-sienten-el-dolor-de-la-guerra\/\" \/>\n<meta property=\"og:site_name\" content=\"CNEWA Espa\u00f1ol\" \/>\n<meta property=\"article:publisher\" content=\"https:\/\/www.facebook.com\/CNEWAenespanol\/\" \/>\n<meta property=\"article:published_time\" content=\"2024-12-13T19:28:03+00:00\" \/>\n<meta property=\"og:image\" content=\"https:\/\/cnewa.org\/es\/wp-content\/uploads\/sites\/5\/2024\/12\/Screen-Shot-2024-11-26-at-5.33.11-PM.jpg\" \/>\n\t<meta property=\"og:image:width\" content=\"2556\" \/>\n\t<meta property=\"og:image:height\" content=\"1604\" \/>\n\t<meta property=\"og:image:type\" content=\"image\/jpeg\" \/>\n<meta name=\"author\" content=\"Olivia Poust\" \/>\n<meta name=\"twitter:card\" content=\"summary_large_image\" \/>\n<meta name=\"twitter:label1\" content=\"Escrito por\" \/>\n\t<meta name=\"twitter:data1\" content=\"David R. Aquije\" \/>\n\t<meta name=\"twitter:label2\" content=\"Tiempo de lectura\" \/>\n\t<meta name=\"twitter:data2\" content=\"1 minuto\" \/>\n<script type=\"application\/ld+json\" class=\"yoast-schema-graph\">{\"@context\":\"https:\\\/\\\/schema.org\",\"@graph\":[{\"@type\":\"Article\",\"@id\":\"https:\\\/\\\/cnewa.org\\\/es\\\/es-terrorifico-ninos-del-libano-sienten-el-dolor-de-la-guerra\\\/#article\",\"isPartOf\":{\"@id\":\"https:\\\/\\\/cnewa.org\\\/es\\\/es-terrorifico-ninos-del-libano-sienten-el-dolor-de-la-guerra\\\/\"},\"author\":{\"name\":\"Olivia Poust\",\"@id\":\"https:\\\/\\\/cnewa.org\\\/es\\\/#\\\/schema\\\/person\\\/d2935c46e239b59210c38997d4aedf00\"},\"headline\":\"\u201cEs Terror\u00edfico\u201d: Ni\u00f1os del L\u00edbano Sienten el Dolor de la Guerra\",\"datePublished\":\"2024-12-13T19:28:03+00:00\",\"mainEntityOfPage\":{\"@id\":\"https:\\\/\\\/cnewa.org\\\/es\\\/es-terrorifico-ninos-del-libano-sienten-el-dolor-de-la-guerra\\\/\"},\"wordCount\":137,\"publisher\":{\"@id\":\"https:\\\/\\\/cnewa.org\\\/es\\\/#organization\"},\"image\":{\"@id\":\"https:\\\/\\\/cnewa.org\\\/es\\\/es-terrorifico-ninos-del-libano-sienten-el-dolor-de-la-guerra\\\/#primaryimage\"},\"thumbnailUrl\":\"https:\\\/\\\/cnewa.org\\\/es\\\/wp-content\\\/uploads\\\/sites\\\/5\\\/2024\\\/12\\\/Screen-Shot-2024-11-26-at-5.33.11-PM.jpg\",\"articleSection\":[\"Multimedia\",\"Noticias\",\"Libano\"],\"inLanguage\":\"es\"},{\"@type\":\"WebPage\",\"@id\":\"https:\\\/\\\/cnewa.org\\\/es\\\/es-terrorifico-ninos-del-libano-sienten-el-dolor-de-la-guerra\\\/\",\"url\":\"https:\\\/\\\/cnewa.org\\\/es\\\/es-terrorifico-ninos-del-libano-sienten-el-dolor-de-la-guerra\\\/\",\"name\":\"\u201cEs Terror\u00edfico\u201d: Ni\u00f1os del L\u00edbano Sienten el Dolor de la Guerra | CNEWA Espa\u00f1ol\",\"isPartOf\":{\"@id\":\"https:\\\/\\\/cnewa.org\\\/es\\\/#website\"},\"primaryImageOfPage\":{\"@id\":\"https:\\\/\\\/cnewa.org\\\/es\\\/es-terrorifico-ninos-del-libano-sienten-el-dolor-de-la-guerra\\\/#primaryimage\"},\"image\":{\"@id\":\"https:\\\/\\\/cnewa.org\\\/es\\\/es-terrorifico-ninos-del-libano-sienten-el-dolor-de-la-guerra\\\/#primaryimage\"},\"thumbnailUrl\":\"https:\\\/\\\/cnewa.org\\\/es\\\/wp-content\\\/uploads\\\/sites\\\/5\\\/2024\\\/12\\\/Screen-Shot-2024-11-26-at-5.33.11-PM.jpg\",\"datePublished\":\"2024-12-13T19:28:03+00:00\",\"description\":\"Aunque Israel y Hezbol\u00e1 est\u00e1n a punto de un acuerdo de alto el fuego, la realidad para muchas familias en Libano sigue siendo incierta.\",\"breadcrumb\":{\"@id\":\"https:\\\/\\\/cnewa.org\\\/es\\\/es-terrorifico-ninos-del-libano-sienten-el-dolor-de-la-guerra\\\/#breadcrumb\"},\"inLanguage\":\"es\",\"potentialAction\":[{\"@type\":\"ReadAction\",\"target\":[\"https:\\\/\\\/cnewa.org\\\/es\\\/es-terrorifico-ninos-del-libano-sienten-el-dolor-de-la-guerra\\\/\"]}]},{\"@type\":\"ImageObject\",\"inLanguage\":\"es\",\"@id\":\"https:\\\/\\\/cnewa.org\\\/es\\\/es-terrorifico-ninos-del-libano-sienten-el-dolor-de-la-guerra\\\/#primaryimage\",\"url\":\"https:\\\/\\\/cnewa.org\\\/es\\\/wp-content\\\/uploads\\\/sites\\\/5\\\/2024\\\/12\\\/Screen-Shot-2024-11-26-at-5.33.11-PM.jpg\",\"contentUrl\":\"https:\\\/\\\/cnewa.org\\\/es\\\/wp-content\\\/uploads\\\/sites\\\/5\\\/2024\\\/12\\\/Screen-Shot-2024-11-26-at-5.33.11-PM.jpg\",\"width\":2556,\"height\":1604,\"caption\":\"Jack Farah fue desplazado a Deir El Ahmar, L\u00edbano, debido a la guerra entre Israel y Hezbol\u00e1. (foto: captura de pantalla, Raghida Skaff)\"},{\"@type\":\"BreadcrumbList\",\"@id\":\"https:\\\/\\\/cnewa.org\\\/es\\\/es-terrorifico-ninos-del-libano-sienten-el-dolor-de-la-guerra\\\/#breadcrumb\",\"itemListElement\":[{\"@type\":\"ListItem\",\"position\":1,\"name\":\"Inicio\",\"item\":\"https:\\\/\\\/cnewa.org\\\/es\\\/\"},{\"@type\":\"ListItem\",\"position\":2,\"name\":\"Noticias\",\"item\":\"https:\\\/\\\/cnewa.org\\\/es\\\/categoria\\\/noticias\\\/\"},{\"@type\":\"ListItem\",\"position\":3,\"name\":\"\u201cEs Terror\u00edfico\u201d: Ni\u00f1os del L\u00edbano Sienten el Dolor de la Guerra\"}]},{\"@type\":\"WebSite\",\"@id\":\"https:\\\/\\\/cnewa.org\\\/es\\\/#website\",\"url\":\"https:\\\/\\\/cnewa.org\\\/es\\\/\",\"name\":\"CNEWA Espa\u00f1ol\",\"description\":\"Asociaci\u00f3n Cat\u00f3lica para el Bienestar del Cercano Oriente\",\"publisher\":{\"@id\":\"https:\\\/\\\/cnewa.org\\\/es\\\/#organization\"},\"potentialAction\":[{\"@type\":\"SearchAction\",\"target\":{\"@type\":\"EntryPoint\",\"urlTemplate\":\"https:\\\/\\\/cnewa.org\\\/es\\\/?s={search_term_string}\"},\"query-input\":{\"@type\":\"PropertyValueSpecification\",\"valueRequired\":true,\"valueName\":\"search_term_string\"}}],\"inLanguage\":\"es\"},{\"@type\":\"Organization\",\"@id\":\"https:\\\/\\\/cnewa.org\\\/es\\\/#organization\",\"name\":\"CNEWA Espa\u00f1ol\",\"alternateName\":\"Asociaci\u00f3n Cat\u00f3lica para el Bienestar del Cercano Oriente\",\"url\":\"https:\\\/\\\/cnewa.org\\\/es\\\/\",\"logo\":{\"@type\":\"ImageObject\",\"inLanguage\":\"es\",\"@id\":\"https:\\\/\\\/cnewa.org\\\/es\\\/#\\\/schema\\\/logo\\\/image\\\/\",\"url\":\"https:\\\/\\\/cnewa.org\\\/es\\\/wp-content\\\/uploads\\\/sites\\\/5\\\/2021\\\/07\\\/CNEWA-brand-logo.png\",\"contentUrl\":\"https:\\\/\\\/cnewa.org\\\/es\\\/wp-content\\\/uploads\\\/sites\\\/5\\\/2021\\\/07\\\/CNEWA-brand-logo.png\",\"width\":1000,\"height\":1000,\"caption\":\"CNEWA Espa\u00f1ol\"},\"image\":{\"@id\":\"https:\\\/\\\/cnewa.org\\\/es\\\/#\\\/schema\\\/logo\\\/image\\\/\"},\"sameAs\":[\"https:\\\/\\\/www.facebook.com\\\/CNEWAenespanol\\\/\",\"https:\\\/\\\/www.instagram.com\\\/cnewa1926\\\/\",\"https:\\\/\\\/www.youtube.com\\\/user\\\/TheCNEWA\"]},{\"@type\":\"Person\",\"name\":\"Olivia Poust\"}]}<\/script>\n<!-- \/ Yoast SEO Premium plugin. -->","yoast_head_json":{"title":"\u201cEs Terror\u00edfico\u201d: Ni\u00f1os del L\u00edbano Sienten el Dolor de la Guerra | CNEWA Espa\u00f1ol","description":"Aunque Israel y Hezbol\u00e1 est\u00e1n a punto de un acuerdo de alto el fuego, la realidad para muchas familias en Libano sigue siendo incierta.","robots":{"index":"index","follow":"follow","max-snippet":"max-snippet:-1","max-image-preview":"max-image-preview:large","max-video-preview":"max-video-preview:-1"},"canonical":"https:\/\/cnewa.org\/es\/es-terrorifico-ninos-del-libano-sienten-el-dolor-de-la-guerra\/","og_locale":"es_ES","og_type":"article","og_title":"\u201cEs Terror\u00edfico\u201d: Ni\u00f1os del L\u00edbano Sienten el Dolor de la Guerra","og_description":"Aunque Israel y Hezbol\u00e1 est\u00e1n a punto de un acuerdo de alto el fuego, la realidad para muchas familias en Libano sigue siendo incierta.","og_url":"https:\/\/cnewa.org\/es\/es-terrorifico-ninos-del-libano-sienten-el-dolor-de-la-guerra\/","og_site_name":"CNEWA Espa\u00f1ol","article_publisher":"https:\/\/www.facebook.com\/CNEWAenespanol\/","article_published_time":"2024-12-13T19:28:03+00:00","og_image":[{"width":2556,"height":1604,"url":"https:\/\/cnewa.org\/es\/wp-content\/uploads\/sites\/5\/2024\/12\/Screen-Shot-2024-11-26-at-5.33.11-PM.jpg","type":"image\/jpeg"}],"author":"Olivia Poust","twitter_card":"summary_large_image","twitter_misc":{"Escrito por":"David R. Aquije","Tiempo de lectura":"1 minuto"},"schema":{"@context":"https:\/\/schema.org","@graph":[{"@type":"Article","@id":"https:\/\/cnewa.org\/es\/es-terrorifico-ninos-del-libano-sienten-el-dolor-de-la-guerra\/#article","isPartOf":{"@id":"https:\/\/cnewa.org\/es\/es-terrorifico-ninos-del-libano-sienten-el-dolor-de-la-guerra\/"},"author":{"name":"Olivia Poust","@id":"https:\/\/cnewa.org\/es\/#\/schema\/person\/d2935c46e239b59210c38997d4aedf00"},"headline":"\u201cEs Terror\u00edfico\u201d: Ni\u00f1os del L\u00edbano Sienten el Dolor de la Guerra","datePublished":"2024-12-13T19:28:03+00:00","mainEntityOfPage":{"@id":"https:\/\/cnewa.org\/es\/es-terrorifico-ninos-del-libano-sienten-el-dolor-de-la-guerra\/"},"wordCount":137,"publisher":{"@id":"https:\/\/cnewa.org\/es\/#organization"},"image":{"@id":"https:\/\/cnewa.org\/es\/es-terrorifico-ninos-del-libano-sienten-el-dolor-de-la-guerra\/#primaryimage"},"thumbnailUrl":"https:\/\/cnewa.org\/es\/wp-content\/uploads\/sites\/5\/2024\/12\/Screen-Shot-2024-11-26-at-5.33.11-PM.jpg","articleSection":["Multimedia","Noticias","Libano"],"inLanguage":"es"},{"@type":"WebPage","@id":"https:\/\/cnewa.org\/es\/es-terrorifico-ninos-del-libano-sienten-el-dolor-de-la-guerra\/","url":"https:\/\/cnewa.org\/es\/es-terrorifico-ninos-del-libano-sienten-el-dolor-de-la-guerra\/","name":"\u201cEs Terror\u00edfico\u201d: Ni\u00f1os del L\u00edbano Sienten el Dolor de la Guerra | CNEWA Espa\u00f1ol","isPartOf":{"@id":"https:\/\/cnewa.org\/es\/#website"},"primaryImageOfPage":{"@id":"https:\/\/cnewa.org\/es\/es-terrorifico-ninos-del-libano-sienten-el-dolor-de-la-guerra\/#primaryimage"},"image":{"@id":"https:\/\/cnewa.org\/es\/es-terrorifico-ninos-del-libano-sienten-el-dolor-de-la-guerra\/#primaryimage"},"thumbnailUrl":"https:\/\/cnewa.org\/es\/wp-content\/uploads\/sites\/5\/2024\/12\/Screen-Shot-2024-11-26-at-5.33.11-PM.jpg","datePublished":"2024-12-13T19:28:03+00:00","description":"Aunque Israel y Hezbol\u00e1 est\u00e1n a punto de un acuerdo de alto el fuego, la realidad para muchas familias en Libano sigue siendo incierta.","breadcrumb":{"@id":"https:\/\/cnewa.org\/es\/es-terrorifico-ninos-del-libano-sienten-el-dolor-de-la-guerra\/#breadcrumb"},"inLanguage":"es","potentialAction":[{"@type":"ReadAction","target":["https:\/\/cnewa.org\/es\/es-terrorifico-ninos-del-libano-sienten-el-dolor-de-la-guerra\/"]}]},{"@type":"ImageObject","inLanguage":"es","@id":"https:\/\/cnewa.org\/es\/es-terrorifico-ninos-del-libano-sienten-el-dolor-de-la-guerra\/#primaryimage","url":"https:\/\/cnewa.org\/es\/wp-content\/uploads\/sites\/5\/2024\/12\/Screen-Shot-2024-11-26-at-5.33.11-PM.jpg","contentUrl":"https:\/\/cnewa.org\/es\/wp-content\/uploads\/sites\/5\/2024\/12\/Screen-Shot-2024-11-26-at-5.33.11-PM.jpg","width":2556,"height":1604,"caption":"Jack Farah fue desplazado a Deir El Ahmar, L\u00edbano, debido a la guerra entre Israel y Hezbol\u00e1. (foto: captura de pantalla, Raghida Skaff)"},{"@type":"BreadcrumbList","@id":"https:\/\/cnewa.org\/es\/es-terrorifico-ninos-del-libano-sienten-el-dolor-de-la-guerra\/#breadcrumb","itemListElement":[{"@type":"ListItem","position":1,"name":"Inicio","item":"https:\/\/cnewa.org\/es\/"},{"@type":"ListItem","position":2,"name":"Noticias","item":"https:\/\/cnewa.org\/es\/categoria\/noticias\/"},{"@type":"ListItem","position":3,"name":"\u201cEs Terror\u00edfico\u201d: Ni\u00f1os del L\u00edbano Sienten el Dolor de la Guerra"}]},{"@type":"WebSite","@id":"https:\/\/cnewa.org\/es\/#website","url":"https:\/\/cnewa.org\/es\/","name":"CNEWA Espa\u00f1ol","description":"Asociaci\u00f3n Cat\u00f3lica para el Bienestar del Cercano Oriente","publisher":{"@id":"https:\/\/cnewa.org\/es\/#organization"},"potentialAction":[{"@type":"SearchAction","target":{"@type":"EntryPoint","urlTemplate":"https:\/\/cnewa.org\/es\/?s={search_term_string}"},"query-input":{"@type":"PropertyValueSpecification","valueRequired":true,"valueName":"search_term_string"}}],"inLanguage":"es"},{"@type":"Organization","@id":"https:\/\/cnewa.org\/es\/#organization","name":"CNEWA Espa\u00f1ol","alternateName":"Asociaci\u00f3n Cat\u00f3lica para el Bienestar del Cercano Oriente","url":"https:\/\/cnewa.org\/es\/","logo":{"@type":"ImageObject","inLanguage":"es","@id":"https:\/\/cnewa.org\/es\/#\/schema\/logo\/image\/","url":"https:\/\/cnewa.org\/es\/wp-content\/uploads\/sites\/5\/2021\/07\/CNEWA-brand-logo.png","contentUrl":"https:\/\/cnewa.org\/es\/wp-content\/uploads\/sites\/5\/2021\/07\/CNEWA-brand-logo.png","width":1000,"height":1000,"caption":"CNEWA Espa\u00f1ol"},"image":{"@id":"https:\/\/cnewa.org\/es\/#\/schema\/logo\/image\/"},"sameAs":["https:\/\/www.facebook.com\/CNEWAenespanol\/","https:\/\/www.instagram.com\/cnewa1926\/","https:\/\/www.youtube.com\/user\/TheCNEWA"]},{"@type":"Person","name":"Olivia Poust"}]}},"_links":{"self":[{"href":"https:\/\/cnewa.org\/es\/wp-json\/wp\/v2\/posts\/6059","targetHints":{"allow":["GET"]}}],"collection":[{"href":"https:\/\/cnewa.org\/es\/wp-json\/wp\/v2\/posts"}],"about":[{"href":"https:\/\/cnewa.org\/es\/wp-json\/wp\/v2\/types\/post"}],"author":[{"embeddable":true,"href":"https:\/\/cnewa.org\/es\/wp-json\/wp\/v2\/users\/70019"}],"replies":[{"embeddable":true,"href":"https:\/\/cnewa.org\/es\/wp-json\/wp\/v2\/comments?post=6059"}],"version-history":[{"count":2,"href":"https:\/\/cnewa.org\/es\/wp-json\/wp\/v2\/posts\/6059\/revisions"}],"predecessor-version":[{"id":6061,"href":"https:\/\/cnewa.org\/es\/wp-json\/wp\/v2\/posts\/6059\/revisions\/6061"}],"wp:featuredmedia":[{"embeddable":true,"href":"https:\/\/cnewa.org\/es\/wp-json\/wp\/v2\/media\/6058"}],"wp:attachment":[{"href":"https:\/\/cnewa.org\/es\/wp-json\/wp\/v2\/media?parent=6059"}],"wp:term":[{"taxonomy":"category","embeddable":true,"href":"https:\/\/cnewa.org\/es\/wp-json\/wp\/v2\/categories?post=6059"}],"curies":[{"name":"wp","href":"https:\/\/api.w.org\/{rel}","templated":true}]}}