{"id":6069,"date":"2024-12-18T14:33:06","date_gmt":"2024-12-18T19:33:06","guid":{"rendered":"https:\/\/cnewa.org\/es\/?p=6069"},"modified":"2024-12-18T14:33:07","modified_gmt":"2024-12-18T19:33:07","slug":"mision-pontificia-a-los-75-anos","status":"publish","type":"post","link":"https:\/\/cnewa.org\/es\/mision-pontificia-a-los-75-anos\/","title":{"rendered":"Misi\u00f3n Pontificia a los 75 a\u00f1os"},"content":{"rendered":"\n<h2 class=\"wp-block-heading\" id=\"h-a-medida-que-el-ano-2024-llega-a-su-fin-cerramos-con-el-las-conmemoraciones-del-75\u00ba-aniversario-de-la-mision-pontificia-para-palestina-la-agencia-operativa-de-cnewa-en-el-medio-oriente\">A medida que el a\u00f1o 2024 llega a su fin, cerramos con \u00e9l las conmemoraciones del 75\u00ba aniversario de la Misi\u00f3n Pontificia para Palestina, la agencia operativa de CNEWA en el Medio Oriente.<\/h2>\n\n\n\n<p>Aunque la conmemoraci\u00f3n de este 75\u00ba aniversario es, en muchos sentidos, una ocasi\u00f3n triste \u2014al recordar generaciones de vidas, jud\u00edas, cristianas y musulmanas, marcadas por los disturbios, las guerras, la opresi\u00f3n, la falta de vivienda, los corazones rotos\u2014, tambi\u00e9n recordamos 75 a\u00f1os de amor y preocupaci\u00f3n a escala internacional por las vidas de hombres, mujeres y ni\u00f1os, que por causas ajenas a su voluntad se encuentran a merced de los dem\u00e1s y recordamos la preocupaci\u00f3n de la comunidad cat\u00f3lica mundial por generaciones de personas desplazadas y refugiadas.&nbsp;<\/p>\n\n\n\n<p>\u00bfQu\u00e9 es la Misi\u00f3n Pontificia para Palestina? D\u00e9jenme explicarlo.<\/p>\n\n\n\n<figure class=\"wp-block-embed is-type-video is-provider-youtube wp-block-embed-youtube wp-embed-aspect-16-9 wp-has-aspect-ratio\"><div class=\"wp-block-embed__wrapper\">\n<iframe loading=\"lazy\" title=\"CNEWA   Spanish 2\" width=\"500\" height=\"281\" src=\"https:\/\/www.youtube.com\/embed\/0k75mnAGSZs?feature=oembed\" frameborder=\"0\" allow=\"accelerometer; autoplay; clipboard-write; encrypted-media; gyroscope; picture-in-picture; web-share\" referrerpolicy=\"strict-origin-when-cross-origin\" allowfullscreen><\/iframe>\n<\/div><\/figure>\n\n\n\n<p>Uno de los frutos nacidos de los horrores y la devastaci\u00f3n de la Segunda Guerra Mundial fue el compromiso de la familia de naciones de garantizar que el mundo evitara la guerra mundial y trabajara en conjunto para resolver las controversias regionales, antes de que esas disputas se convirtieran en conflictos armados. Naciones Unidas se erigi\u00f3 como un organismo internacional que se convierta en un lugar de di\u00e1logo y defensor\u00eda. Una de las primeras intervenciones de la ONU fue la ocupaci\u00f3n europea de territorios en el Medio Oriente, con especial atenci\u00f3n a la <a href=\"https:\/\/cnewa.org\/es\/donde-trabajamos\/medio-oriente\/palestina\/\">Palestina<\/a> bajo mandato brit\u00e1nico, que en noviembre de 1947 sus miembros votaron a favor de dividirla en dos estados independientes, uno \u00e1rabe y otro jud\u00edo. El plan tambi\u00e9n ped\u00eda la creaci\u00f3n de un organismo internacional que gobernara la ciudad santa de Jerusal\u00e9n. Sin embargo, poco despu\u00e9s de la votaci\u00f3n estallaron los enfrentamientos entre habitantes \u00e1rabes y jud\u00edos. La violencia se intensific\u00f3 cuando los brit\u00e1nicos retiraron sus tropas en mayo de 1948, Israel proclam\u00f3 inmediatamente su independencia y los vecinos \u00e1rabes del nuevo estado declararon la guerra, lo que provoc\u00f3 una crisis masiva de refugiados.\u00a0<\/p>\n\n\n\n<p>De la noche a la ma\u00f1ana, casi un mill\u00f3n de \u00e1rabes palestinos, cristianos y musulmanes, huyeron de sus hogares y pueblos ancestrales, encontrando refugio en el vecino L\u00edbano, el Reino Hachemita de Transjordania, Gaza (entonces ocupada por Egipto) y Siria. En su carta enc\u00edclica de 1948, <em><a href=\"https:\/\/www.vatican.va\/content\/pius-xii\/en\/encyclicals\/documents\/hf_p-xii_enc_24101948_in-multiplicibus-curis.html\">In multiplicibus curis<\/a><\/em>, el Papa P\u00edo XII se\u00f1al\u00f3 que \u201cen la tierra en la que nuestro Se\u00f1or Jesucristo derram\u00f3 su sangre&#8230; la sangre del hombre sigue fluyendo&#8230; los hombres siguen peleando y aumentando la angustia de los desafortunados y el miedo de los aterrorizados, mientras miles de refugiados, sin hogar y expulsados, huyen de su patria en busca de refugio y comida\u201d.<\/p>\n\n\n\n<p>Un sacerdote de Nueva York, Mons. Thomas J. McMahon, en su calidad de jefe de la Asociaci\u00f3n Cat\u00f3lica para el Bienestar del Cercano Oriente (CNEWA), dirigi\u00f3 los esfuerzos de socorro entre los despose\u00eddos en nombre de los obispos cat\u00f3licos de los Estados Unidos. M\u00e1s tarde se\u00f1al\u00f3 que en esos meses \u201ca finales de 1948 y principios de 1949, mientras ayudaba a los obispos y a mil sacerdotes y hermanas para la ayuda del Medio Oriente, pude ver la absoluta necesidad de una misi\u00f3n pontificia especial para Palestina, coordinando los esfuerzos de todo el mundo cat\u00f3lico (&#8230;). Esta hab\u00eda sido la idea del Santo Padre y de todos los que lo rodeaban\u201d.<\/p>\n\n\n\n<figure class=\"wp-block-image size-large\"><img loading=\"lazy\" decoding=\"async\" width=\"1024\" height=\"634\" src=\"https:\/\/cnewa.org\/es\/wp-content\/uploads\/sites\/5\/2024\/12\/IMG_1626-1024x634.jpg\" alt=\"Foto de archivo en blanco y negro de tres sacerdotes en medio de una muchedumbre.\" class=\"wp-image-6075\" srcset=\"https:\/\/cnewa.org\/es\/wp-content\/uploads\/sites\/5\/2024\/12\/IMG_1626-1024x634.jpg 1024w, https:\/\/cnewa.org\/es\/wp-content\/uploads\/sites\/5\/2024\/12\/IMG_1626-300x186.jpg 300w, https:\/\/cnewa.org\/es\/wp-content\/uploads\/sites\/5\/2024\/12\/IMG_1626-768x475.jpg 768w, https:\/\/cnewa.org\/es\/wp-content\/uploads\/sites\/5\/2024\/12\/IMG_1626-1536x951.jpg 1536w, https:\/\/cnewa.org\/es\/wp-content\/uploads\/sites\/5\/2024\/12\/IMG_1626.jpg 1554w\" sizes=\"auto, (max-width: 1024px) 100vw, 1024px\" \/><figcaption class=\"wp-element-caption\">Los l\u00edderes de la Misi\u00f3n Pontificia, en particular su primer presidente, Mons. Thomas J. McMahon (con gafas), estuvieron en primera l\u00ednea de la ayuda de emergencia desde el L\u00edbano hasta Gaza. (Foto: CNEWA<\/figcaption><\/figure>\n\n\n\n<p>Un hombre cercano al papa en ese momento fue monse\u00f1or Giovanni Battista Montini, quien organiz\u00f3 y dirigi\u00f3 los esfuerzos de ayuda humanitaria del pont\u00edfice a los refugiados durante la guerra. Montini, que m\u00e1s tarde se convirti\u00f3 en papa y asumi\u00f3 el nombre de Pablo, se mantuvo al tanto de las actividades de ayuda de monse\u00f1or McMahon y sugiri\u00f3 que \u00e9l deber\u00eda dirigir un grupo de trabajo de este tipo.<\/p>\n\n\n\n<p>\u201cSe ha decidido \u2014escribi\u00f3 el cardenal Eugenio Tisserant, secretario de la Sagrada Congregaci\u00f3n para las Iglesias Orientales\u2014 reunir bajo la misi\u00f3n pontificia, que opera en Tierra Santa, a todas las organizaciones y asociaciones que se dedican a actividades relativas a oriente, y que est\u00e1n dispersas por muchos pa\u00edses de Europa y otros continentes\u201d.<\/p>\n\n\n\n<p>Encargado por la Santa Sede, McMahon de CNEWA comenz\u00f3 inmediatamente a trabajar con el fondo de ayuda de emergencia de los obispos cat\u00f3licos de los Estados Unidos, la Conferencia Nacional de Bienestar Cat\u00f3lico de los Estados Unidos, el Consejo Nacional de Mujeres Cat\u00f3licas de los Estados Unidos, la Junta de Misiones M\u00e9dicas Cat\u00f3licas, la Orden Ecuestre del Santo Sepulcro de Jerusal\u00e9n y la Sociedad de San Vicente de Pa\u00fal. Gran parte del trabajo pr\u00e1ctico financiado y apoyado por esta iniciativa fue llevado a cabo por las comunidades religiosas de hombres y mujeres en Tierra Santa, y un ej\u00e9rcito de voluntarios laicos.<\/p>\n\n\n\n<p>Nueve a\u00f1os despu\u00e9s de que el papa lanzara este esfuerzo especial para los desplazados de Palestina, confiando su administraci\u00f3n a CNEWA, Mons. Peter P. Tuohy, quien sucedi\u00f3 a Mons. McMahon como presidente de la Misi\u00f3n Pontificia, se\u00f1al\u00f3 que la Misi\u00f3n Pontificia hab\u00eda distribuido m\u00e1s de 34 millones de d\u00f3lares en alimentos, medicinas y ropa, incluidas 8.000 toneladas de alimentos, 6.000 toneladas de ropa y 55 toneladas de suministros m\u00e9dicos. Estos suministros vitales se distribuyeron desde 273 centros a m\u00e1s de 425.000 personas, casi la mitad de la poblaci\u00f3n refugiada. El sacerdote tambi\u00e9n inform\u00f3 que CNEWA-Misi\u00f3n Pontificia en este mismo per\u00edodo acogi\u00f3 a unos 20.000 refugiados y apoy\u00f3 la educaci\u00f3n de m\u00e1s de 34.000 estudiantes en 343 escuelas.<\/p>\n\n\n\n<h3 class=\"wp-block-heading\" id=\"h-su-nombre-escribio-el-cardenal-tisserant-a-monsenor-mcmahon-es-recordado-con-gratitud-por-miles-de-refugiados-de-palestina-quienes-sin-su-oportuna-y-eficaz-intervencion-se-habrian-perdido\">\u201cSu nombre \u2014escribi\u00f3 el cardenal Tisserant a monse\u00f1or McMahon\u2014 es recordado con gratitud por miles de refugiados de Palestina, quienes sin su oportuna y eficaz intervenci\u00f3n se habr\u00edan perdido\u201d.<\/h3>\n\n\n\n<p>Con el paso de los a\u00f1os, y sin una resoluci\u00f3n a la vista, los refugiados de Palestina ten\u00edan pocas opciones. Muchos permanecieron en los campamentos que les ofrec\u00edan refugio inmediato. Otros se fueron y se asimilaron a la poblaci\u00f3n local o emigraron. Muchos palestinos cristianos, que alguna vez constituyeron el 20% de la poblaci\u00f3n y la columna vertebral de la cultura palestina y las clases medias, comenzaron a irse a las Am\u00e9ricas u Ocean\u00eda. De cualquier manera, la ruptura entre comunidades, culturas y familias pes\u00f3 mucho sobre las iglesias locales y la Santa Sede, que vio amenazas a la dignidad de la vida humana.&nbsp;<\/p>\n\n\n\n<p>A su elecci\u00f3n como pont\u00edfice, el Papa Pablo VI anunci\u00f3 su intenci\u00f3n de iniciar su pontificado en Tierra Santa, para \u201cllevar al Santo Sepulcro y a la Gruta de la Natividad los deseos de las personas, de las familias, de las naciones; sobre todo, las aspiraciones, las angustias, los sufrimientos de los enfermos, de los pobres, de los desheredados, de los afligidos, de los refugiados, de los que sufren, de los que lloran, de los que tienen hambre y sed de justicia\u201d.<\/p>\n\n\n\n<p>El papa estuvo acompa\u00f1ado en su peregrinaci\u00f3n en enero de 1964 por el jefe de CNEWA-Misi\u00f3n Pontificia, Mons. Joseph Ryan. La visita del Papa ofreci\u00f3 muchos momentos destacados, en particular el abrazo de los obispos de Roma y Nueva Roma, Constantinopla, y el comienzo del deshielo en las relaciones entre cat\u00f3licos y cristianos ortodoxos. Pero tambi\u00e9n fund\u00f3 cuatro iniciativas, con el apoyo y el consejo de CNEWA-Misi\u00f3n Pontificia, que han cambiado el curso de miles de vidas hasta hoy: la Universidad de Bel\u00e9n, el Instituto Ephpheta para Ni\u00f1os con Discapacidad Auditiva, el Instituto Ecum\u00e9nico Tantur y el Centro de Peregrinaci\u00f3n de Notre Dame en Jerusal\u00e9n. Estas iniciativas de desarrollo humano de la Santa Sede cambiaron el rumbo de la Misi\u00f3n Pontificia, que pas\u00f3 de ser una misi\u00f3n de socorro de emergencia a ofrecer tambi\u00e9n el desarrollo humano, en cuerpo y alma, una vez satisfechas las necesidades inmediatas.<\/p>\n\n\n\n<figure class=\"wp-block-image size-large\"><img loading=\"lazy\" decoding=\"async\" width=\"1024\" height=\"802\" src=\"https:\/\/cnewa.org\/es\/wp-content\/uploads\/sites\/5\/2024\/12\/cnewaArchives_0213H-1024x802.jpg\" alt=\"Foto de archivo en blanco y negro de un sacerdote y una hermana religiosa sirviendo en un comedor de ni\u00f1os.\" class=\"wp-image-6074\" srcset=\"https:\/\/cnewa.org\/es\/wp-content\/uploads\/sites\/5\/2024\/12\/cnewaArchives_0213H-1024x802.jpg 1024w, https:\/\/cnewa.org\/es\/wp-content\/uploads\/sites\/5\/2024\/12\/cnewaArchives_0213H-300x235.jpg 300w, https:\/\/cnewa.org\/es\/wp-content\/uploads\/sites\/5\/2024\/12\/cnewaArchives_0213H-768x601.jpg 768w, https:\/\/cnewa.org\/es\/wp-content\/uploads\/sites\/5\/2024\/12\/cnewaArchives_0213H-1536x1202.jpg 1536w, https:\/\/cnewa.org\/es\/wp-content\/uploads\/sites\/5\/2024\/12\/cnewaArchives_0213H-1600x1252.jpg 1600w, https:\/\/cnewa.org\/es\/wp-content\/uploads\/sites\/5\/2024\/12\/cnewaArchives_0213H.jpg 1800w\" sizes=\"auto, (max-width: 1024px) 100vw, 1024px\" \/><figcaption class=\"wp-element-caption\">Mons. John G. Nolan pasaba cada Navidad en el Orfanato de la Misi\u00f3n Pontificia en Bel\u00e9n, que luego fue presentado en un programa de ABC News presentado por Hugh Downs. (Foto: CNEWA)<\/figcaption><\/figure>\n\n\n\n<p>La falta de resoluciones pol\u00edticas, la guerra \u00e1rabe-israel\u00ed de 1967, la guerra civil en Jordania y el L\u00edbano, el inicio de la primera intifada en 1987 y la guerra del Golfo de 1991 impulsaron a CNEWA-Misi\u00f3n Pontificia a responder a las nuevas necesidades provocadas por la opresi\u00f3n militar, los conflictos civiles y la guerra, lo que llev\u00f3 a los sucesores de Pablo VI, especialmente al Papa Juan Pablo II, a ampliar el mandato de la Misi\u00f3n Pontificia para las necesidades de todas las personas vulnerables en todo el Medio Oriente.<\/p>\n\n\n\n<p>Hoy en d\u00eda, CNEWA dirige las actividades de la Misi\u00f3n Pontificia en toda la regi\u00f3n. Su equipo regional, con sede en Amm\u00e1n (Jordania), presta servicios en Irak y Jordania. Nuestro equipo de Beirut, que tambi\u00e9n funciona como coordinador de respuesta a emergencias, brinda apoyo en todo el L\u00edbano y Siria. Y nuestro equipo, con sede en Jerusal\u00e9n, ofrece apoyo en Israel y en los territorios palestinos ocupados de Gaza y Cisjordania.<\/p>\n\n\n\n<figure class=\"wp-block-image size-large\"><img loading=\"lazy\" decoding=\"async\" width=\"1024\" height=\"682\" src=\"https:\/\/cnewa.org\/es\/wp-content\/uploads\/sites\/5\/2024\/12\/saadeh202404_118H-1024x682.jpg\" alt=\"Un hombre en traje se agacha y sonr\u00ede con una ni\u00f1a en un jard\u00edn infantil.\" class=\"wp-image-6073\" srcset=\"https:\/\/cnewa.org\/es\/wp-content\/uploads\/sites\/5\/2024\/12\/saadeh202404_118H-1024x682.jpg 1024w, https:\/\/cnewa.org\/es\/wp-content\/uploads\/sites\/5\/2024\/12\/saadeh202404_118H-300x200.jpg 300w, https:\/\/cnewa.org\/es\/wp-content\/uploads\/sites\/5\/2024\/12\/saadeh202404_118H-768x512.jpg 768w, https:\/\/cnewa.org\/es\/wp-content\/uploads\/sites\/5\/2024\/12\/saadeh202404_118H-1536x1024.jpg 1536w, https:\/\/cnewa.org\/es\/wp-content\/uploads\/sites\/5\/2024\/12\/saadeh202404_118H-1600x1066.jpg 1600w, https:\/\/cnewa.org\/es\/wp-content\/uploads\/sites\/5\/2024\/12\/saadeh202404_118H.jpg 2000w\" sizes=\"auto, (max-width: 1024px) 100vw, 1024px\" \/><figcaption class=\"wp-element-caption\">Joseph Hazboun, director regional de la oficina de Jerusal\u00e9n de CNEWA-Misi\u00f3n Pontificia, visita el Hogar Infantil de la Sagrada Familia en Bel\u00e9n, el 13 de abril. (Foto: Joseph Saadah)<\/figcaption><\/figure>\n\n\n\n<p>A pesar de que grandes inc\u00f3gnitas contin\u00faan atormentando a las personas que viven en Israel y Palestina, L\u00edbano y Siria, Jordania e Irak, CNEWA-Misi\u00f3n Pontificia se mantiene firme en su compromiso de servicio como instrumento de sanaci\u00f3n y esperanza del Santo Padre.<\/p>\n\n\n\n<figure class=\"wp-block-image size-large\"><img loading=\"lazy\" decoding=\"async\" width=\"1024\" height=\"576\" src=\"https:\/\/cnewa.org\/es\/wp-content\/uploads\/sites\/5\/2024\/12\/elhajj202410_054H-2-1024x576.jpg\" alt=\"Tres hombres bajan ropa de cama en bolsas de un cami\u00f3n.\" class=\"wp-image-6077\" srcset=\"https:\/\/cnewa.org\/es\/wp-content\/uploads\/sites\/5\/2024\/12\/elhajj202410_054H-2-1024x576.jpg 1024w, https:\/\/cnewa.org\/es\/wp-content\/uploads\/sites\/5\/2024\/12\/elhajj202410_054H-2-300x169.jpg 300w, https:\/\/cnewa.org\/es\/wp-content\/uploads\/sites\/5\/2024\/12\/elhajj202410_054H-2-768x432.jpg 768w, https:\/\/cnewa.org\/es\/wp-content\/uploads\/sites\/5\/2024\/12\/elhajj202410_054H-2-1536x864.jpg 1536w, https:\/\/cnewa.org\/es\/wp-content\/uploads\/sites\/5\/2024\/12\/elhajj202410_054H-2-1600x900.jpg 1600w, https:\/\/cnewa.org\/es\/wp-content\/uploads\/sites\/5\/2024\/12\/elhajj202410_054H-2.jpg 2000w\" sizes=\"auto, (max-width: 1024px) 100vw, 1024px\" \/><figcaption class=\"wp-element-caption\">Michel Constantin, director regional de CNEWA-Misi\u00f3n Pontificia para L\u00edbano y Siria, en el centro, distribuye ropa de cama en Deir el Ahmar. (foto: Riad El Hajj)<\/figcaption><\/figure>\n","protected":false},"excerpt":{"rendered":"<p>CNEWA concluye las conmemoraciones del 75\u00ba aniversario de la Misi\u00f3n Pontificia para Palestina, la agencia operativa de CNEWA en el Medio Oriente.<\/p>\n","protected":false},"author":70019,"featured_media":6076,"comment_status":"closed","ping_status":"closed","sticky":false,"template":"","format":"standard","meta":{"_acf_changed":false,"footnotes":""},"categories":[104,136,531],"class_list":["post-6069","post","type-post","status-publish","format-standard","has-post-thumbnail","hentry","category-medio-oriente","category-israel","category-palestina"],"acf":[],"yoast_head":"<!-- This site is optimized with the Yoast SEO Premium plugin v27.3 (Yoast SEO v27.3) - https:\/\/yoast.com\/product\/yoast-seo-premium-wordpress\/ -->\n<title>Misi\u00f3n Pontificia a los 75 a\u00f1os | CNEWA Espa\u00f1ol<\/title>\n<meta name=\"description\" content=\"CNEWA concluye conmemoraciones del 75\u00ba aniversario de la Misi\u00f3n Pontificia para Palestina, agencia operativa de CNEWA en Medio Oriente.\" \/>\n<meta name=\"robots\" content=\"index, follow, max-snippet:-1, max-image-preview:large, max-video-preview:-1\" \/>\n<link rel=\"canonical\" href=\"https:\/\/cnewa.org\/es\/mision-pontificia-a-los-75-anos\/\" \/>\n<meta property=\"og:locale\" content=\"es_ES\" \/>\n<meta property=\"og:type\" content=\"article\" \/>\n<meta property=\"og:title\" content=\"Misi\u00f3n Pontificia a los 75 a\u00f1os\" \/>\n<meta property=\"og:description\" content=\"CNEWA concluye conmemoraciones del 75\u00ba aniversario de la Misi\u00f3n Pontificia para Palestina, agencia operativa de CNEWA en Medio Oriente.\" \/>\n<meta property=\"og:url\" content=\"https:\/\/cnewa.org\/es\/mision-pontificia-a-los-75-anos\/\" \/>\n<meta property=\"og:site_name\" content=\"CNEWA Espa\u00f1ol\" \/>\n<meta property=\"article:publisher\" content=\"https:\/\/www.facebook.com\/CNEWAenespanol\/\" \/>\n<meta property=\"article:published_time\" content=\"2024-12-18T19:33:06+00:00\" \/>\n<meta property=\"article:modified_time\" content=\"2024-12-18T19:33:07+00:00\" \/>\n<meta property=\"og:image\" content=\"https:\/\/cnewa.org\/es\/wp-content\/uploads\/sites\/5\/2024\/12\/cnewaArchives_0196H-3.jpg\" \/>\n\t<meta property=\"og:image:width\" content=\"1288\" \/>\n\t<meta property=\"og:image:height\" content=\"986\" \/>\n\t<meta property=\"og:image:type\" content=\"image\/jpeg\" \/>\n<meta name=\"author\" content=\"Michael J. La Civita\" \/>\n<meta name=\"twitter:card\" content=\"summary_large_image\" \/>\n<meta name=\"twitter:label1\" content=\"Escrito por\" \/>\n\t<meta name=\"twitter:data1\" content=\"David R. Aquije\" \/>\n\t<meta name=\"twitter:label2\" content=\"Tiempo de lectura\" \/>\n\t<meta name=\"twitter:data2\" content=\"9 minutos\" \/>\n<script type=\"application\/ld+json\" class=\"yoast-schema-graph\">{\"@context\":\"https:\\\/\\\/schema.org\",\"@graph\":[{\"@type\":\"Article\",\"@id\":\"https:\\\/\\\/cnewa.org\\\/es\\\/mision-pontificia-a-los-75-anos\\\/#article\",\"isPartOf\":{\"@id\":\"https:\\\/\\\/cnewa.org\\\/es\\\/mision-pontificia-a-los-75-anos\\\/\"},\"author\":{\"name\":\"Michael J. La Civita\",\"@id\":\"https:\\\/\\\/cnewa.org\\\/es\\\/#\\\/schema\\\/person\\\/d2935c46e239b59210c38997d4aedf00\"},\"headline\":\"Misi\u00f3n Pontificia a los 75 a\u00f1os\",\"datePublished\":\"2024-12-18T19:33:06+00:00\",\"dateModified\":\"2024-12-18T19:33:07+00:00\",\"mainEntityOfPage\":{\"@id\":\"https:\\\/\\\/cnewa.org\\\/es\\\/mision-pontificia-a-los-75-anos\\\/\"},\"wordCount\":1689,\"publisher\":{\"@id\":\"https:\\\/\\\/cnewa.org\\\/es\\\/#organization\"},\"image\":{\"@id\":\"https:\\\/\\\/cnewa.org\\\/es\\\/mision-pontificia-a-los-75-anos\\\/#primaryimage\"},\"thumbnailUrl\":\"https:\\\/\\\/cnewa.org\\\/es\\\/wp-content\\\/uploads\\\/sites\\\/5\\\/2024\\\/12\\\/cnewaArchives_0196H-3.jpg\",\"articleSection\":[\"Medio Oriente\",\"Israel\",\"Palestina\"],\"inLanguage\":\"es\"},{\"@type\":\"WebPage\",\"@id\":\"https:\\\/\\\/cnewa.org\\\/es\\\/mision-pontificia-a-los-75-anos\\\/\",\"url\":\"https:\\\/\\\/cnewa.org\\\/es\\\/mision-pontificia-a-los-75-anos\\\/\",\"name\":\"Misi\u00f3n Pontificia a los 75 a\u00f1os | CNEWA Espa\u00f1ol\",\"isPartOf\":{\"@id\":\"https:\\\/\\\/cnewa.org\\\/es\\\/#website\"},\"primaryImageOfPage\":{\"@id\":\"https:\\\/\\\/cnewa.org\\\/es\\\/mision-pontificia-a-los-75-anos\\\/#primaryimage\"},\"image\":{\"@id\":\"https:\\\/\\\/cnewa.org\\\/es\\\/mision-pontificia-a-los-75-anos\\\/#primaryimage\"},\"thumbnailUrl\":\"https:\\\/\\\/cnewa.org\\\/es\\\/wp-content\\\/uploads\\\/sites\\\/5\\\/2024\\\/12\\\/cnewaArchives_0196H-3.jpg\",\"datePublished\":\"2024-12-18T19:33:06+00:00\",\"dateModified\":\"2024-12-18T19:33:07+00:00\",\"description\":\"CNEWA concluye conmemoraciones del 75\u00ba aniversario de la Misi\u00f3n Pontificia para Palestina, agencia operativa de CNEWA en Medio Oriente.\",\"breadcrumb\":{\"@id\":\"https:\\\/\\\/cnewa.org\\\/es\\\/mision-pontificia-a-los-75-anos\\\/#breadcrumb\"},\"inLanguage\":\"es\",\"potentialAction\":[{\"@type\":\"ReadAction\",\"target\":[\"https:\\\/\\\/cnewa.org\\\/es\\\/mision-pontificia-a-los-75-anos\\\/\"]}]},{\"@type\":\"ImageObject\",\"inLanguage\":\"es\",\"@id\":\"https:\\\/\\\/cnewa.org\\\/es\\\/mision-pontificia-a-los-75-anos\\\/#primaryimage\",\"url\":\"https:\\\/\\\/cnewa.org\\\/es\\\/wp-content\\\/uploads\\\/sites\\\/5\\\/2024\\\/12\\\/cnewaArchives_0196H-3.jpg\",\"contentUrl\":\"https:\\\/\\\/cnewa.org\\\/es\\\/wp-content\\\/uploads\\\/sites\\\/5\\\/2024\\\/12\\\/cnewaArchives_0196H-3.jpg\",\"width\":1288,\"height\":986,\"caption\":\"Los dirigentes de la Misi\u00f3n Pontificia han estado en primera l\u00ednea de ayuda de emergencia desde el L\u00edbano hasta Gaza. (foto: CNEWA)\"},{\"@type\":\"BreadcrumbList\",\"@id\":\"https:\\\/\\\/cnewa.org\\\/es\\\/mision-pontificia-a-los-75-anos\\\/#breadcrumb\",\"itemListElement\":[{\"@type\":\"ListItem\",\"position\":1,\"name\":\"Inicio\",\"item\":\"https:\\\/\\\/cnewa.org\\\/es\\\/\"},{\"@type\":\"ListItem\",\"position\":2,\"name\":\"Palestina\",\"item\":\"https:\\\/\\\/cnewa.org\\\/es\\\/categoria\\\/palestina\\\/\"},{\"@type\":\"ListItem\",\"position\":3,\"name\":\"Misi\u00f3n Pontificia a los 75 a\u00f1os\"}]},{\"@type\":\"WebSite\",\"@id\":\"https:\\\/\\\/cnewa.org\\\/es\\\/#website\",\"url\":\"https:\\\/\\\/cnewa.org\\\/es\\\/\",\"name\":\"CNEWA Espa\u00f1ol\",\"description\":\"Asociaci\u00f3n Cat\u00f3lica para el Bienestar del Cercano Oriente\",\"publisher\":{\"@id\":\"https:\\\/\\\/cnewa.org\\\/es\\\/#organization\"},\"potentialAction\":[{\"@type\":\"SearchAction\",\"target\":{\"@type\":\"EntryPoint\",\"urlTemplate\":\"https:\\\/\\\/cnewa.org\\\/es\\\/?s={search_term_string}\"},\"query-input\":{\"@type\":\"PropertyValueSpecification\",\"valueRequired\":true,\"valueName\":\"search_term_string\"}}],\"inLanguage\":\"es\"},{\"@type\":\"Organization\",\"@id\":\"https:\\\/\\\/cnewa.org\\\/es\\\/#organization\",\"name\":\"CNEWA Espa\u00f1ol\",\"alternateName\":\"Asociaci\u00f3n Cat\u00f3lica para el Bienestar del Cercano Oriente\",\"url\":\"https:\\\/\\\/cnewa.org\\\/es\\\/\",\"logo\":{\"@type\":\"ImageObject\",\"inLanguage\":\"es\",\"@id\":\"https:\\\/\\\/cnewa.org\\\/es\\\/#\\\/schema\\\/logo\\\/image\\\/\",\"url\":\"https:\\\/\\\/cnewa.org\\\/es\\\/wp-content\\\/uploads\\\/sites\\\/5\\\/2021\\\/07\\\/CNEWA-brand-logo.png\",\"contentUrl\":\"https:\\\/\\\/cnewa.org\\\/es\\\/wp-content\\\/uploads\\\/sites\\\/5\\\/2021\\\/07\\\/CNEWA-brand-logo.png\",\"width\":1000,\"height\":1000,\"caption\":\"CNEWA Espa\u00f1ol\"},\"image\":{\"@id\":\"https:\\\/\\\/cnewa.org\\\/es\\\/#\\\/schema\\\/logo\\\/image\\\/\"},\"sameAs\":[\"https:\\\/\\\/www.facebook.com\\\/CNEWAenespanol\\\/\",\"https:\\\/\\\/www.instagram.com\\\/cnewa1926\\\/\",\"https:\\\/\\\/www.youtube.com\\\/user\\\/TheCNEWA\"]},{\"@type\":\"Person\",\"name\":\"Michael J. La Civita\"}]}<\/script>\n<!-- \/ Yoast SEO Premium plugin. -->","yoast_head_json":{"title":"Misi\u00f3n Pontificia a los 75 a\u00f1os | CNEWA Espa\u00f1ol","description":"CNEWA concluye conmemoraciones del 75\u00ba aniversario de la Misi\u00f3n Pontificia para Palestina, agencia operativa de CNEWA en Medio Oriente.","robots":{"index":"index","follow":"follow","max-snippet":"max-snippet:-1","max-image-preview":"max-image-preview:large","max-video-preview":"max-video-preview:-1"},"canonical":"https:\/\/cnewa.org\/es\/mision-pontificia-a-los-75-anos\/","og_locale":"es_ES","og_type":"article","og_title":"Misi\u00f3n Pontificia a los 75 a\u00f1os","og_description":"CNEWA concluye conmemoraciones del 75\u00ba aniversario de la Misi\u00f3n Pontificia para Palestina, agencia operativa de CNEWA en Medio Oriente.","og_url":"https:\/\/cnewa.org\/es\/mision-pontificia-a-los-75-anos\/","og_site_name":"CNEWA Espa\u00f1ol","article_publisher":"https:\/\/www.facebook.com\/CNEWAenespanol\/","article_published_time":"2024-12-18T19:33:06+00:00","article_modified_time":"2024-12-18T19:33:07+00:00","og_image":[{"width":1288,"height":986,"url":"https:\/\/cnewa.org\/es\/wp-content\/uploads\/sites\/5\/2024\/12\/cnewaArchives_0196H-3.jpg","type":"image\/jpeg"}],"author":"Michael J. La Civita","twitter_card":"summary_large_image","twitter_misc":{"Escrito por":"David R. Aquije","Tiempo de lectura":"9 minutos"},"schema":{"@context":"https:\/\/schema.org","@graph":[{"@type":"Article","@id":"https:\/\/cnewa.org\/es\/mision-pontificia-a-los-75-anos\/#article","isPartOf":{"@id":"https:\/\/cnewa.org\/es\/mision-pontificia-a-los-75-anos\/"},"author":{"name":"Michael J. La Civita","@id":"https:\/\/cnewa.org\/es\/#\/schema\/person\/d2935c46e239b59210c38997d4aedf00"},"headline":"Misi\u00f3n Pontificia a los 75 a\u00f1os","datePublished":"2024-12-18T19:33:06+00:00","dateModified":"2024-12-18T19:33:07+00:00","mainEntityOfPage":{"@id":"https:\/\/cnewa.org\/es\/mision-pontificia-a-los-75-anos\/"},"wordCount":1689,"publisher":{"@id":"https:\/\/cnewa.org\/es\/#organization"},"image":{"@id":"https:\/\/cnewa.org\/es\/mision-pontificia-a-los-75-anos\/#primaryimage"},"thumbnailUrl":"https:\/\/cnewa.org\/es\/wp-content\/uploads\/sites\/5\/2024\/12\/cnewaArchives_0196H-3.jpg","articleSection":["Medio Oriente","Israel","Palestina"],"inLanguage":"es"},{"@type":"WebPage","@id":"https:\/\/cnewa.org\/es\/mision-pontificia-a-los-75-anos\/","url":"https:\/\/cnewa.org\/es\/mision-pontificia-a-los-75-anos\/","name":"Misi\u00f3n Pontificia a los 75 a\u00f1os | CNEWA Espa\u00f1ol","isPartOf":{"@id":"https:\/\/cnewa.org\/es\/#website"},"primaryImageOfPage":{"@id":"https:\/\/cnewa.org\/es\/mision-pontificia-a-los-75-anos\/#primaryimage"},"image":{"@id":"https:\/\/cnewa.org\/es\/mision-pontificia-a-los-75-anos\/#primaryimage"},"thumbnailUrl":"https:\/\/cnewa.org\/es\/wp-content\/uploads\/sites\/5\/2024\/12\/cnewaArchives_0196H-3.jpg","datePublished":"2024-12-18T19:33:06+00:00","dateModified":"2024-12-18T19:33:07+00:00","description":"CNEWA concluye conmemoraciones del 75\u00ba aniversario de la Misi\u00f3n Pontificia para Palestina, agencia operativa de CNEWA en Medio Oriente.","breadcrumb":{"@id":"https:\/\/cnewa.org\/es\/mision-pontificia-a-los-75-anos\/#breadcrumb"},"inLanguage":"es","potentialAction":[{"@type":"ReadAction","target":["https:\/\/cnewa.org\/es\/mision-pontificia-a-los-75-anos\/"]}]},{"@type":"ImageObject","inLanguage":"es","@id":"https:\/\/cnewa.org\/es\/mision-pontificia-a-los-75-anos\/#primaryimage","url":"https:\/\/cnewa.org\/es\/wp-content\/uploads\/sites\/5\/2024\/12\/cnewaArchives_0196H-3.jpg","contentUrl":"https:\/\/cnewa.org\/es\/wp-content\/uploads\/sites\/5\/2024\/12\/cnewaArchives_0196H-3.jpg","width":1288,"height":986,"caption":"Los dirigentes de la Misi\u00f3n Pontificia han estado en primera l\u00ednea de ayuda de emergencia desde el L\u00edbano hasta Gaza. (foto: CNEWA)"},{"@type":"BreadcrumbList","@id":"https:\/\/cnewa.org\/es\/mision-pontificia-a-los-75-anos\/#breadcrumb","itemListElement":[{"@type":"ListItem","position":1,"name":"Inicio","item":"https:\/\/cnewa.org\/es\/"},{"@type":"ListItem","position":2,"name":"Palestina","item":"https:\/\/cnewa.org\/es\/categoria\/palestina\/"},{"@type":"ListItem","position":3,"name":"Misi\u00f3n Pontificia a los 75 a\u00f1os"}]},{"@type":"WebSite","@id":"https:\/\/cnewa.org\/es\/#website","url":"https:\/\/cnewa.org\/es\/","name":"CNEWA Espa\u00f1ol","description":"Asociaci\u00f3n Cat\u00f3lica para el Bienestar del Cercano Oriente","publisher":{"@id":"https:\/\/cnewa.org\/es\/#organization"},"potentialAction":[{"@type":"SearchAction","target":{"@type":"EntryPoint","urlTemplate":"https:\/\/cnewa.org\/es\/?s={search_term_string}"},"query-input":{"@type":"PropertyValueSpecification","valueRequired":true,"valueName":"search_term_string"}}],"inLanguage":"es"},{"@type":"Organization","@id":"https:\/\/cnewa.org\/es\/#organization","name":"CNEWA Espa\u00f1ol","alternateName":"Asociaci\u00f3n Cat\u00f3lica para el Bienestar del Cercano Oriente","url":"https:\/\/cnewa.org\/es\/","logo":{"@type":"ImageObject","inLanguage":"es","@id":"https:\/\/cnewa.org\/es\/#\/schema\/logo\/image\/","url":"https:\/\/cnewa.org\/es\/wp-content\/uploads\/sites\/5\/2021\/07\/CNEWA-brand-logo.png","contentUrl":"https:\/\/cnewa.org\/es\/wp-content\/uploads\/sites\/5\/2021\/07\/CNEWA-brand-logo.png","width":1000,"height":1000,"caption":"CNEWA Espa\u00f1ol"},"image":{"@id":"https:\/\/cnewa.org\/es\/#\/schema\/logo\/image\/"},"sameAs":["https:\/\/www.facebook.com\/CNEWAenespanol\/","https:\/\/www.instagram.com\/cnewa1926\/","https:\/\/www.youtube.com\/user\/TheCNEWA"]},{"@type":"Person","name":"Michael J. La Civita"}]}},"_links":{"self":[{"href":"https:\/\/cnewa.org\/es\/wp-json\/wp\/v2\/posts\/6069","targetHints":{"allow":["GET"]}}],"collection":[{"href":"https:\/\/cnewa.org\/es\/wp-json\/wp\/v2\/posts"}],"about":[{"href":"https:\/\/cnewa.org\/es\/wp-json\/wp\/v2\/types\/post"}],"author":[{"embeddable":true,"href":"https:\/\/cnewa.org\/es\/wp-json\/wp\/v2\/users\/70019"}],"replies":[{"embeddable":true,"href":"https:\/\/cnewa.org\/es\/wp-json\/wp\/v2\/comments?post=6069"}],"version-history":[{"count":5,"href":"https:\/\/cnewa.org\/es\/wp-json\/wp\/v2\/posts\/6069\/revisions"}],"predecessor-version":[{"id":6080,"href":"https:\/\/cnewa.org\/es\/wp-json\/wp\/v2\/posts\/6069\/revisions\/6080"}],"wp:featuredmedia":[{"embeddable":true,"href":"https:\/\/cnewa.org\/es\/wp-json\/wp\/v2\/media\/6076"}],"wp:attachment":[{"href":"https:\/\/cnewa.org\/es\/wp-json\/wp\/v2\/media?parent=6069"}],"wp:term":[{"taxonomy":"category","embeddable":true,"href":"https:\/\/cnewa.org\/es\/wp-json\/wp\/v2\/categories?post=6069"}],"curies":[{"name":"wp","href":"https:\/\/api.w.org\/{rel}","templated":true}]}}