{"id":6307,"date":"2025-02-25T13:56:00","date_gmt":"2025-02-25T18:56:00","guid":{"rendered":"https:\/\/cnewa.org\/es\/?p=6307"},"modified":"2025-02-25T13:56:01","modified_gmt":"2025-02-25T18:56:01","slug":"ya-salio-la-edicion-de-marzo","status":"publish","type":"post","link":"https:\/\/cnewa.org\/es\/ya-salio-la-edicion-de-marzo\/","title":{"rendered":"Ya Sali\u00f3 la Edici\u00f3n de Marzo"},"content":{"rendered":"\n<p>Con el lanzamiento de la edici\u00f3n de <a href=\"https:\/\/cnewa.org\/es\/revista-edicion\/marzo-2025\/\">marzo 2025<\/a> de la revista <em><a href=\"https:\/\/cnewa.org\/es\/revista\/\">ONE en espa\u00f1ol<\/a><\/em>, est\u00e1n sucediendo muchas cosas en el mundo de CNEWA, como siempre. La guerra de Rusia contra Ucrania ha entrado en su cuarto a\u00f1o. Los palestinos siguen buscando refugio de las incursiones violentas en sus territorios ocupados. Y el papa Francisco yace en un hospital de Roma, en estado cr\u00edtico.<\/p>\n\n\n\n<p>Al unirnos a la iglesia en oraci\u00f3n por el Papa Francisco, estamos agradecidos de que CNEWA, a trav\u00e9s de su trabajo con sus socios en el lugar donde ocurren los hechos, haya podido llevar a buen t\u00e9rmino uno de los temas importantes a lo largo de su papado: su incesante llamado a llegar a los de la periferia.<\/p>\n\n\n\n<p>El llamado del Papa Francisco a servir a los marginados de la sociedad es parte integral de la misi\u00f3n de CNEWA, y en este n\u00famero de <em>ONE en espa\u00f1ol<\/em>, leer\u00e1 sobre c\u00f3mo CNEWA contin\u00faa tomando en serio esta misi\u00f3n al apoyar:<\/p>\n\n\n\n<ul class=\"wp-block-list\">\n<li><a href=\"https:\/\/cnewa.org\/es\/revista\/ultimos-pero-no-menos-importantes\/\">La labor de la iglesia<\/a> en la provisi\u00f3n de educaci\u00f3n, capacitaci\u00f3n y desarrollo econ\u00f3mico a las comunidades adivasi, o ind\u00edgenas, de la India.<\/li>\n\n\n\n<li><a href=\"https:\/\/cnewa.org\/es\/revista\/una-carta-desde-siria\/\">La atenci\u00f3n de la salud en Siria<\/a>, donde la infraestructura m\u00e9dica fue diezmada debido a 13 a\u00f1os de guerra civil y un terremoto catastr\u00f3fico.<\/li>\n\n\n\n<li><a href=\"https:\/\/cnewa.org\/es\/revista\/la-guerra-esta-cerca-debemos-estar-mas-cerca\/\">Iniciativas pastorales en Ucrania<\/a>, que incluyen asesoramiento y cuidado para los ni\u00f1os y sus madres, los soldados y sus familias, y aquellos con necesidades especiales.<\/li>\n\n\n\n<li><a href=\"https:\/\/cnewa.org\/es\/revista\/un-logar-al-que-llaman-hogar\/\">Centros en Egipto<\/a> que equipan a hu\u00e9rfanos, j\u00f3venes vulnerables y adolescentes en riesgo, cuyas decisiones los han distanciado de sus familias, con las habilidades para emprender un nuevo viaje en la vida.<\/li>\n<\/ul>\n\n\n\n<p>Asimismo, Mons. Peter I. Vaccari, presidente de CNEWA, contempla c\u00f3mo la esperanza es la tarjeta de presentaci\u00f3n de CNEWA en <a href=\"https:\/\/cnewa.org\/es\/revista\/la-ultima-palabra-2\/\">su reflexi\u00f3n sobre el Jubileo de la Esperanza 2025<\/a>.<\/p>\n\n\n\n<p>Este a\u00f1o tambi\u00e9n se observa el 1.700 aniversario del Primer Concilio Ecum\u00e9nico de Nicea, que destacamos con <a href=\"https:\/\/cnewa.org\/es\/revista\/nicea-y-la-evolucion-del-ecumenismo\/\">un ensayo<\/a> del Padre de la Expiaci\u00f3n Elias Mallon, S.A., quien esboza el prop\u00f3sito del concilio y traza c\u00f3mo se desarroll\u00f3 el movimiento ecum\u00e9nico, y c\u00f3mo fue cambiando el significado del t\u00e9rmino \u201cecum\u00e9nico\u201d en el proceso.<\/p>\n\n\n\n<p>Mientras continuamos orando y esperando noticias sobre el Papa Francisco, expresamos gratitud por sus a\u00f1os de testimonio prof\u00e9tico en las regiones donde CNEWA trabaja, renovando nuestro esp\u00edritu y nuestra misi\u00f3n.<\/p>\n\n\n\n<p><\/p>\n","protected":false},"excerpt":{"rendered":"<p>Ya est\u00e1 disponible la edici\u00f3n de marzo de la revista ONE en espa\u00f1ol. Lea art\u00edculos y cartas de la India, Siria, Ucrania y Egipto, as\u00ed como un ensayo sobre el Primer Concilio Ecum\u00e9nico de Nicea.<\/p>\n","protected":false},"author":70019,"featured_media":6308,"comment_status":"closed","ping_status":"closed","sticky":false,"template":"","format":"standard","meta":{"_acf_changed":false,"footnotes":""},"categories":[3],"class_list":["post-6307","post","type-post","status-publish","format-standard","has-post-thumbnail","hentry","category-noticias"],"acf":[],"yoast_head":"<!-- This site is optimized with the Yoast SEO Premium plugin v27.3 (Yoast SEO v27.3) - https:\/\/yoast.com\/product\/yoast-seo-premium-wordpress\/ -->\n<title>Ya Sali\u00f3 la Edici\u00f3n de Marzo | CNEWA Espa\u00f1ol<\/title>\n<meta name=\"description\" content=\"Lea en la edici\u00f3n de marzo, art\u00edculos y cartas de la India, Siria, Ucrania y Egipto, y un ensayo sobre el Primer Concilio Ecum\u00e9nico de Nicea.\" \/>\n<meta name=\"robots\" content=\"index, follow, max-snippet:-1, max-image-preview:large, max-video-preview:-1\" \/>\n<link rel=\"canonical\" href=\"https:\/\/cnewa.org\/es\/ya-salio-la-edicion-de-marzo\/\" \/>\n<meta property=\"og:locale\" content=\"es_ES\" \/>\n<meta property=\"og:type\" content=\"article\" \/>\n<meta property=\"og:title\" content=\"Ya Sali\u00f3 la Edici\u00f3n de Marzo\" \/>\n<meta property=\"og:description\" content=\"Lea en la edici\u00f3n de marzo, art\u00edculos y cartas de la India, Siria, Ucrania y Egipto, y un ensayo sobre el Primer Concilio Ecum\u00e9nico de Nicea.\" \/>\n<meta property=\"og:url\" content=\"https:\/\/cnewa.org\/es\/ya-salio-la-edicion-de-marzo\/\" \/>\n<meta property=\"og:site_name\" content=\"CNEWA Espa\u00f1ol\" \/>\n<meta property=\"article:publisher\" content=\"https:\/\/www.facebook.com\/CNEWAenespanol\/\" \/>\n<meta property=\"article:published_time\" content=\"2025-02-25T18:56:00+00:00\" \/>\n<meta property=\"article:modified_time\" content=\"2025-02-25T18:56:01+00:00\" \/>\n<meta property=\"og:image\" content=\"https:\/\/cnewa.org\/es\/wp-content\/uploads\/sites\/5\/2025\/02\/sajeendran202412_044H.jpg\" \/>\n\t<meta property=\"og:image:width\" content=\"2000\" \/>\n\t<meta property=\"og:image:height\" content=\"1333\" \/>\n\t<meta property=\"og:image:type\" content=\"image\/jpeg\" \/>\n<meta name=\"author\" content=\"Laura Ieraci\" \/>\n<meta name=\"twitter:card\" content=\"summary_large_image\" \/>\n<meta name=\"twitter:label1\" content=\"Escrito por\" \/>\n\t<meta name=\"twitter:data1\" content=\"David R. Aquije\" \/>\n\t<meta name=\"twitter:label2\" content=\"Tiempo de lectura\" \/>\n\t<meta name=\"twitter:data2\" content=\"2 minutos\" \/>\n<script type=\"application\/ld+json\" class=\"yoast-schema-graph\">{\"@context\":\"https:\\\/\\\/schema.org\",\"@graph\":[{\"@type\":\"Article\",\"@id\":\"https:\\\/\\\/cnewa.org\\\/es\\\/ya-salio-la-edicion-de-marzo\\\/#article\",\"isPartOf\":{\"@id\":\"https:\\\/\\\/cnewa.org\\\/es\\\/ya-salio-la-edicion-de-marzo\\\/\"},\"author\":{\"name\":\"Laura Ieraci\",\"@id\":\"https:\\\/\\\/cnewa.org\\\/es\\\/#\\\/schema\\\/person\\\/d2935c46e239b59210c38997d4aedf00\"},\"headline\":\"Ya Sali\u00f3 la Edici\u00f3n de Marzo\",\"datePublished\":\"2025-02-25T18:56:00+00:00\",\"dateModified\":\"2025-02-25T18:56:01+00:00\",\"mainEntityOfPage\":{\"@id\":\"https:\\\/\\\/cnewa.org\\\/es\\\/ya-salio-la-edicion-de-marzo\\\/\"},\"wordCount\":426,\"publisher\":{\"@id\":\"https:\\\/\\\/cnewa.org\\\/es\\\/#organization\"},\"image\":{\"@id\":\"https:\\\/\\\/cnewa.org\\\/es\\\/ya-salio-la-edicion-de-marzo\\\/#primaryimage\"},\"thumbnailUrl\":\"https:\\\/\\\/cnewa.org\\\/es\\\/wp-content\\\/uploads\\\/sites\\\/5\\\/2025\\\/02\\\/sajeendran202412_044H.jpg\",\"articleSection\":[\"Noticias\"],\"inLanguage\":\"es\"},{\"@type\":\"WebPage\",\"@id\":\"https:\\\/\\\/cnewa.org\\\/es\\\/ya-salio-la-edicion-de-marzo\\\/\",\"url\":\"https:\\\/\\\/cnewa.org\\\/es\\\/ya-salio-la-edicion-de-marzo\\\/\",\"name\":\"Ya Sali\u00f3 la Edici\u00f3n de Marzo | CNEWA Espa\u00f1ol\",\"isPartOf\":{\"@id\":\"https:\\\/\\\/cnewa.org\\\/es\\\/#website\"},\"primaryImageOfPage\":{\"@id\":\"https:\\\/\\\/cnewa.org\\\/es\\\/ya-salio-la-edicion-de-marzo\\\/#primaryimage\"},\"image\":{\"@id\":\"https:\\\/\\\/cnewa.org\\\/es\\\/ya-salio-la-edicion-de-marzo\\\/#primaryimage\"},\"thumbnailUrl\":\"https:\\\/\\\/cnewa.org\\\/es\\\/wp-content\\\/uploads\\\/sites\\\/5\\\/2025\\\/02\\\/sajeendran202412_044H.jpg\",\"datePublished\":\"2025-02-25T18:56:00+00:00\",\"dateModified\":\"2025-02-25T18:56:01+00:00\",\"description\":\"Lea en la edici\u00f3n de marzo, art\u00edculos y cartas de la India, Siria, Ucrania y Egipto, y un ensayo sobre el Primer Concilio Ecum\u00e9nico de Nicea.\",\"breadcrumb\":{\"@id\":\"https:\\\/\\\/cnewa.org\\\/es\\\/ya-salio-la-edicion-de-marzo\\\/#breadcrumb\"},\"inLanguage\":\"es\",\"potentialAction\":[{\"@type\":\"ReadAction\",\"target\":[\"https:\\\/\\\/cnewa.org\\\/es\\\/ya-salio-la-edicion-de-marzo\\\/\"]}]},{\"@type\":\"ImageObject\",\"inLanguage\":\"es\",\"@id\":\"https:\\\/\\\/cnewa.org\\\/es\\\/ya-salio-la-edicion-de-marzo\\\/#primaryimage\",\"url\":\"https:\\\/\\\/cnewa.org\\\/es\\\/wp-content\\\/uploads\\\/sites\\\/5\\\/2025\\\/02\\\/sajeendran202412_044H.jpg\",\"contentUrl\":\"https:\\\/\\\/cnewa.org\\\/es\\\/wp-content\\\/uploads\\\/sites\\\/5\\\/2025\\\/02\\\/sajeendran202412_044H.jpg\",\"width\":2000,\"height\":1333,\"caption\":\"En la foto, los cristianos adivasi en la eparqu\u00eda siro-malabar de Jagdalpur, una de las siete eparqu\u00edas cat\u00f3licas siro-malabares en el estado de Chhattisgarh. (foto: Sajeendran V.S.)\"},{\"@type\":\"BreadcrumbList\",\"@id\":\"https:\\\/\\\/cnewa.org\\\/es\\\/ya-salio-la-edicion-de-marzo\\\/#breadcrumb\",\"itemListElement\":[{\"@type\":\"ListItem\",\"position\":1,\"name\":\"Inicio\",\"item\":\"https:\\\/\\\/cnewa.org\\\/es\\\/\"},{\"@type\":\"ListItem\",\"position\":2,\"name\":\"Noticias\",\"item\":\"https:\\\/\\\/cnewa.org\\\/es\\\/categoria\\\/noticias\\\/\"},{\"@type\":\"ListItem\",\"position\":3,\"name\":\"Ya Sali\u00f3 la Edici\u00f3n de Marzo\"}]},{\"@type\":\"WebSite\",\"@id\":\"https:\\\/\\\/cnewa.org\\\/es\\\/#website\",\"url\":\"https:\\\/\\\/cnewa.org\\\/es\\\/\",\"name\":\"CNEWA Espa\u00f1ol\",\"description\":\"Asociaci\u00f3n Cat\u00f3lica para el Bienestar del Cercano Oriente\",\"publisher\":{\"@id\":\"https:\\\/\\\/cnewa.org\\\/es\\\/#organization\"},\"potentialAction\":[{\"@type\":\"SearchAction\",\"target\":{\"@type\":\"EntryPoint\",\"urlTemplate\":\"https:\\\/\\\/cnewa.org\\\/es\\\/?s={search_term_string}\"},\"query-input\":{\"@type\":\"PropertyValueSpecification\",\"valueRequired\":true,\"valueName\":\"search_term_string\"}}],\"inLanguage\":\"es\"},{\"@type\":\"Organization\",\"@id\":\"https:\\\/\\\/cnewa.org\\\/es\\\/#organization\",\"name\":\"CNEWA Espa\u00f1ol\",\"alternateName\":\"Asociaci\u00f3n Cat\u00f3lica para el Bienestar del Cercano Oriente\",\"url\":\"https:\\\/\\\/cnewa.org\\\/es\\\/\",\"logo\":{\"@type\":\"ImageObject\",\"inLanguage\":\"es\",\"@id\":\"https:\\\/\\\/cnewa.org\\\/es\\\/#\\\/schema\\\/logo\\\/image\\\/\",\"url\":\"https:\\\/\\\/cnewa.org\\\/es\\\/wp-content\\\/uploads\\\/sites\\\/5\\\/2021\\\/07\\\/CNEWA-brand-logo.png\",\"contentUrl\":\"https:\\\/\\\/cnewa.org\\\/es\\\/wp-content\\\/uploads\\\/sites\\\/5\\\/2021\\\/07\\\/CNEWA-brand-logo.png\",\"width\":1000,\"height\":1000,\"caption\":\"CNEWA Espa\u00f1ol\"},\"image\":{\"@id\":\"https:\\\/\\\/cnewa.org\\\/es\\\/#\\\/schema\\\/logo\\\/image\\\/\"},\"sameAs\":[\"https:\\\/\\\/www.facebook.com\\\/CNEWAenespanol\\\/\",\"https:\\\/\\\/www.instagram.com\\\/cnewa1926\\\/\",\"https:\\\/\\\/www.youtube.com\\\/user\\\/TheCNEWA\"]},{\"@type\":\"Person\",\"name\":\"Laura Ieraci\"}]}<\/script>\n<!-- \/ Yoast SEO Premium plugin. -->","yoast_head_json":{"title":"Ya Sali\u00f3 la Edici\u00f3n de Marzo | CNEWA Espa\u00f1ol","description":"Lea en la edici\u00f3n de marzo, art\u00edculos y cartas de la India, Siria, Ucrania y Egipto, y un ensayo sobre el Primer Concilio Ecum\u00e9nico de Nicea.","robots":{"index":"index","follow":"follow","max-snippet":"max-snippet:-1","max-image-preview":"max-image-preview:large","max-video-preview":"max-video-preview:-1"},"canonical":"https:\/\/cnewa.org\/es\/ya-salio-la-edicion-de-marzo\/","og_locale":"es_ES","og_type":"article","og_title":"Ya Sali\u00f3 la Edici\u00f3n de Marzo","og_description":"Lea en la edici\u00f3n de marzo, art\u00edculos y cartas de la India, Siria, Ucrania y Egipto, y un ensayo sobre el Primer Concilio Ecum\u00e9nico de Nicea.","og_url":"https:\/\/cnewa.org\/es\/ya-salio-la-edicion-de-marzo\/","og_site_name":"CNEWA Espa\u00f1ol","article_publisher":"https:\/\/www.facebook.com\/CNEWAenespanol\/","article_published_time":"2025-02-25T18:56:00+00:00","article_modified_time":"2025-02-25T18:56:01+00:00","og_image":[{"width":2000,"height":1333,"url":"https:\/\/cnewa.org\/es\/wp-content\/uploads\/sites\/5\/2025\/02\/sajeendran202412_044H.jpg","type":"image\/jpeg"}],"author":"Laura Ieraci","twitter_card":"summary_large_image","twitter_misc":{"Escrito por":"David R. Aquije","Tiempo de lectura":"2 minutos"},"schema":{"@context":"https:\/\/schema.org","@graph":[{"@type":"Article","@id":"https:\/\/cnewa.org\/es\/ya-salio-la-edicion-de-marzo\/#article","isPartOf":{"@id":"https:\/\/cnewa.org\/es\/ya-salio-la-edicion-de-marzo\/"},"author":{"name":"Laura Ieraci","@id":"https:\/\/cnewa.org\/es\/#\/schema\/person\/d2935c46e239b59210c38997d4aedf00"},"headline":"Ya Sali\u00f3 la Edici\u00f3n de Marzo","datePublished":"2025-02-25T18:56:00+00:00","dateModified":"2025-02-25T18:56:01+00:00","mainEntityOfPage":{"@id":"https:\/\/cnewa.org\/es\/ya-salio-la-edicion-de-marzo\/"},"wordCount":426,"publisher":{"@id":"https:\/\/cnewa.org\/es\/#organization"},"image":{"@id":"https:\/\/cnewa.org\/es\/ya-salio-la-edicion-de-marzo\/#primaryimage"},"thumbnailUrl":"https:\/\/cnewa.org\/es\/wp-content\/uploads\/sites\/5\/2025\/02\/sajeendran202412_044H.jpg","articleSection":["Noticias"],"inLanguage":"es"},{"@type":"WebPage","@id":"https:\/\/cnewa.org\/es\/ya-salio-la-edicion-de-marzo\/","url":"https:\/\/cnewa.org\/es\/ya-salio-la-edicion-de-marzo\/","name":"Ya Sali\u00f3 la Edici\u00f3n de Marzo | CNEWA Espa\u00f1ol","isPartOf":{"@id":"https:\/\/cnewa.org\/es\/#website"},"primaryImageOfPage":{"@id":"https:\/\/cnewa.org\/es\/ya-salio-la-edicion-de-marzo\/#primaryimage"},"image":{"@id":"https:\/\/cnewa.org\/es\/ya-salio-la-edicion-de-marzo\/#primaryimage"},"thumbnailUrl":"https:\/\/cnewa.org\/es\/wp-content\/uploads\/sites\/5\/2025\/02\/sajeendran202412_044H.jpg","datePublished":"2025-02-25T18:56:00+00:00","dateModified":"2025-02-25T18:56:01+00:00","description":"Lea en la edici\u00f3n de marzo, art\u00edculos y cartas de la India, Siria, Ucrania y Egipto, y un ensayo sobre el Primer Concilio Ecum\u00e9nico de Nicea.","breadcrumb":{"@id":"https:\/\/cnewa.org\/es\/ya-salio-la-edicion-de-marzo\/#breadcrumb"},"inLanguage":"es","potentialAction":[{"@type":"ReadAction","target":["https:\/\/cnewa.org\/es\/ya-salio-la-edicion-de-marzo\/"]}]},{"@type":"ImageObject","inLanguage":"es","@id":"https:\/\/cnewa.org\/es\/ya-salio-la-edicion-de-marzo\/#primaryimage","url":"https:\/\/cnewa.org\/es\/wp-content\/uploads\/sites\/5\/2025\/02\/sajeendran202412_044H.jpg","contentUrl":"https:\/\/cnewa.org\/es\/wp-content\/uploads\/sites\/5\/2025\/02\/sajeendran202412_044H.jpg","width":2000,"height":1333,"caption":"En la foto, los cristianos adivasi en la eparqu\u00eda siro-malabar de Jagdalpur, una de las siete eparqu\u00edas cat\u00f3licas siro-malabares en el estado de Chhattisgarh. (foto: Sajeendran V.S.)"},{"@type":"BreadcrumbList","@id":"https:\/\/cnewa.org\/es\/ya-salio-la-edicion-de-marzo\/#breadcrumb","itemListElement":[{"@type":"ListItem","position":1,"name":"Inicio","item":"https:\/\/cnewa.org\/es\/"},{"@type":"ListItem","position":2,"name":"Noticias","item":"https:\/\/cnewa.org\/es\/categoria\/noticias\/"},{"@type":"ListItem","position":3,"name":"Ya Sali\u00f3 la Edici\u00f3n de Marzo"}]},{"@type":"WebSite","@id":"https:\/\/cnewa.org\/es\/#website","url":"https:\/\/cnewa.org\/es\/","name":"CNEWA Espa\u00f1ol","description":"Asociaci\u00f3n Cat\u00f3lica para el Bienestar del Cercano Oriente","publisher":{"@id":"https:\/\/cnewa.org\/es\/#organization"},"potentialAction":[{"@type":"SearchAction","target":{"@type":"EntryPoint","urlTemplate":"https:\/\/cnewa.org\/es\/?s={search_term_string}"},"query-input":{"@type":"PropertyValueSpecification","valueRequired":true,"valueName":"search_term_string"}}],"inLanguage":"es"},{"@type":"Organization","@id":"https:\/\/cnewa.org\/es\/#organization","name":"CNEWA Espa\u00f1ol","alternateName":"Asociaci\u00f3n Cat\u00f3lica para el Bienestar del Cercano Oriente","url":"https:\/\/cnewa.org\/es\/","logo":{"@type":"ImageObject","inLanguage":"es","@id":"https:\/\/cnewa.org\/es\/#\/schema\/logo\/image\/","url":"https:\/\/cnewa.org\/es\/wp-content\/uploads\/sites\/5\/2021\/07\/CNEWA-brand-logo.png","contentUrl":"https:\/\/cnewa.org\/es\/wp-content\/uploads\/sites\/5\/2021\/07\/CNEWA-brand-logo.png","width":1000,"height":1000,"caption":"CNEWA Espa\u00f1ol"},"image":{"@id":"https:\/\/cnewa.org\/es\/#\/schema\/logo\/image\/"},"sameAs":["https:\/\/www.facebook.com\/CNEWAenespanol\/","https:\/\/www.instagram.com\/cnewa1926\/","https:\/\/www.youtube.com\/user\/TheCNEWA"]},{"@type":"Person","name":"Laura Ieraci"}]}},"_links":{"self":[{"href":"https:\/\/cnewa.org\/es\/wp-json\/wp\/v2\/posts\/6307","targetHints":{"allow":["GET"]}}],"collection":[{"href":"https:\/\/cnewa.org\/es\/wp-json\/wp\/v2\/posts"}],"about":[{"href":"https:\/\/cnewa.org\/es\/wp-json\/wp\/v2\/types\/post"}],"author":[{"embeddable":true,"href":"https:\/\/cnewa.org\/es\/wp-json\/wp\/v2\/users\/70019"}],"replies":[{"embeddable":true,"href":"https:\/\/cnewa.org\/es\/wp-json\/wp\/v2\/comments?post=6307"}],"version-history":[{"count":2,"href":"https:\/\/cnewa.org\/es\/wp-json\/wp\/v2\/posts\/6307\/revisions"}],"predecessor-version":[{"id":6310,"href":"https:\/\/cnewa.org\/es\/wp-json\/wp\/v2\/posts\/6307\/revisions\/6310"}],"wp:featuredmedia":[{"embeddable":true,"href":"https:\/\/cnewa.org\/es\/wp-json\/wp\/v2\/media\/6308"}],"wp:attachment":[{"href":"https:\/\/cnewa.org\/es\/wp-json\/wp\/v2\/media?parent=6307"}],"wp:term":[{"taxonomy":"category","embeddable":true,"href":"https:\/\/cnewa.org\/es\/wp-json\/wp\/v2\/categories?post=6307"}],"curies":[{"name":"wp","href":"https:\/\/api.w.org\/{rel}","templated":true}]}}