{"id":6430,"date":"2025-03-25T11:50:24","date_gmt":"2025-03-25T15:50:24","guid":{"rendered":"https:\/\/cnewa.org\/es\/?p=6430"},"modified":"2026-03-03T08:14:50","modified_gmt":"2026-03-03T13:14:50","slug":"san-gregorio-de-narek-el-poeta-del-alma-de-armenia","status":"publish","type":"post","link":"https:\/\/cnewa.org\/es\/san-gregorio-de-narek-el-poeta-del-alma-de-armenia\/","title":{"rendered":"San Gregorio de Narek: El Poeta del Alma de Armenia"},"content":{"rendered":"\n<p>El pontificado de Francisco podr\u00eda resumirse como uno de sorpresas simb\u00f3licas, con gestos pastorales de gran alcance. En febrero de 2015, el obispo de Roma declar\u00f3 como doctor de la Iglesia al santo monje y poeta armenio, Gregorio de Narek. Al elevar al m\u00edstico medieval a los salones abovedados de la iglesia universal, uno de s\u00f3lo 36 hombres y mujeres reconocidos por la iglesia, el pont\u00edfice romano honra a un hombre y a su iglesia que alguna vez fueron considerados por los cat\u00f3licos como disidentes o incluso herejes. Francisco orden\u00f3 que la fiesta de Gregorio de Narek, que se celebra el 27 de febrero, se a\u00f1adiera al calendario romano general.&nbsp;<\/p>\n\n\n\n<p>El momento de la declaraci\u00f3n inicial del Papa tambi\u00e9n fue importante. En 2015, el papa se uni\u00f3 a millones de armenios en todo el mundo en conmemoraciones de luto por la muerte de m\u00e1s de 1,5 millones de armenios (y cristianos asirio-caldeos) en la Turqu\u00eda otomana desde 1915, que muchos cristianos del Medio Oriente recuerdan como el \u201cA\u00f1o de la Espada\u201d.<\/p>\n\n\n\n<p>La clave para entender a San Gregorio de Narek, y su papel en la iglesia universal, es reflexionar sobre la precaria posici\u00f3n del cristianismo armenio, al cual \u00e9l est\u00e1 inextricablemente ligado.&nbsp;&nbsp;&nbsp;<\/p>\n\n\n\n<p><strong>Cristianismo armenio<\/strong><\/p>\n\n\n\n<p>A la sombra del monte Ararat, donde jud\u00edos, cristianos y musulmanes creen que la humanidad se regener\u00f3 despu\u00e9s del gran diluvio, una peque\u00f1a iglesia se levanta sobre una grieta en la roca: Jor Virap. Durante m\u00e1s de 13 a\u00f1os esta fosa, de unos 23 pies de profundidad, intern\u00f3 a un noble cristiano llamado Gregorio. El futuro \u201ciluminador de los armenios\u201d sanar\u00eda m\u00e1s tarde al rey y bautizar\u00eda a una naci\u00f3n en Cristo en el a\u00f1o 301.<\/p>\n\n\n\n<p>Apretados entre Asia y Europa, Persia y Roma, los cristianos armenios digirieron las posiciones filos\u00f3ficas y los vocabularios teol\u00f3gicos de los grandes centros de aprendizaje de la iglesia primitiva y comenzaron el desarrollo de un alfabeto para la lengua vern\u00e1cula armenia. Estos ricos avances culturales ocurrieron incluso cuando una naci\u00f3n armenia independiente expir\u00f3 a manos de sus vecinos persas no cristianos.&nbsp;<\/p>\n\n\n\n<p>Los cristianos armenios eran conscientes de las grandes controversias teol\u00f3gicas que sacud\u00edan a la iglesia primitiva, pero la rebeli\u00f3n contra los persas les impidi\u00f3 participar activamente en estos debates, especialmente en el Concilio Ecum\u00e9nico de Calcedonia (451). Estas disputas, particularmente aquellas centradas en la persona y la naturaleza de Jes\u00fas y su relaci\u00f3n con el Creador, crecieron a medida que el cristianismo se extend\u00eda por todo el mundo mediterr\u00e1neo, abrazando a los conversos de los mundos griego, romano y sem\u00edtico, cada uno de los cuales ten\u00eda su propia cultura, historia, idioma, filosof\u00eda, vocabulario y visi\u00f3n del mundo.&nbsp;<\/p>\n\n\n\n<figure class=\"wp-block-image size-large\"><img loading=\"lazy\" decoding=\"async\" width=\"1024\" height=\"626\" src=\"https:\/\/cnewa.org\/es\/wp-content\/uploads\/sites\/5\/2025\/03\/20180405T1233-POPE-ARMENIA-STATUE-555521_preview-1024x626.jpg\" alt=\"\" class=\"wp-image-6428\" srcset=\"https:\/\/cnewa.org\/es\/wp-content\/uploads\/sites\/5\/2025\/03\/20180405T1233-POPE-ARMENIA-STATUE-555521_preview-1024x626.jpg 1024w, https:\/\/cnewa.org\/es\/wp-content\/uploads\/sites\/5\/2025\/03\/20180405T1233-POPE-ARMENIA-STATUE-555521_preview-300x183.jpg 300w, https:\/\/cnewa.org\/es\/wp-content\/uploads\/sites\/5\/2025\/03\/20180405T1233-POPE-ARMENIA-STATUE-555521_preview-768x469.jpg 768w, https:\/\/cnewa.org\/es\/wp-content\/uploads\/sites\/5\/2025\/03\/20180405T1233-POPE-ARMENIA-STATUE-555521_preview-1536x939.jpg 1536w, https:\/\/cnewa.org\/es\/wp-content\/uploads\/sites\/5\/2025\/03\/20180405T1233-POPE-ARMENIA-STATUE-555521_preview.jpg 1600w\" sizes=\"auto, (max-width: 1024px) 100vw, 1024px\" \/><figcaption class=\"wp-element-caption\">El Papa Francisco bendice una estatua de San Gregorio de Narek, un monje armenio del siglo X, durante su dedicaci\u00f3n en los Jardines del Vaticano el 5 de abril de 2018. Estuvieron presentes en el evento el presidente armenio Serzh Sargsyan, el catolic\u00f3s apost\u00f3lico armenio Karekin II y el catolic\u00f3s apost\u00f3lico armenio Aram de Cilicia. (foto: CNS\/Maria Grazia Picciarella)<\/figcaption><\/figure>\n\n\n\n<p><\/p>\n\n\n\n<p><strong>Una multitud se re\u00fane para bendecir una estatua<\/strong><\/p>\n\n\n\n<p>Hoy en d\u00eda, los l\u00edderes eclesi\u00e1sticos y te\u00f3logos, apost\u00f3licos armenios, cat\u00f3licos y ortodoxos, reconocen que estas interpretaciones distintivas de Jes\u00fas reflejaban en gran medida la cultura y el idioma que las defin\u00edan, y se consideran aut\u00e9nticas y complementarias.<\/p>\n\n\n\n<p>En 448, el emperador persa exigi\u00f3 a sus s\u00fabditos armenios que renunciaran al cristianismo, al que identific\u00f3 como s\u00edmbolo de su lealtad a su rival romano oriental (bizantino). Para apaciguar la opresi\u00f3n persa, los obispos armenios convocaron un concilio nacional. Reunidos cerca de la misma mazmorra que una vez hab\u00eda encarcelado a San Gregorio el Iluminador, el consejo declar\u00f3 la lealtad del pueblo armenio al emperador persa, pero su firme lealtad espiritual a Cristo:&nbsp;<\/p>\n\n\n\n<p>\u201cNadie puede apartarnos de esta fe, ni los \u00e1ngeles, ni los hombres, ni la espada, ni el fuego, ni el agua, ni ninguna prueba severa. Porque tenemos un pacto de fe, no con seres humanos&#8230; sino un voto indisoluble con Dios, de quien es imposible apartarse ni ahora, ni ma\u00f1ana, ni por los siglos de los siglos\u201d.<\/p>\n\n\n\n<p>Un siglo despu\u00e9s del Concilio Ecum\u00e9nico de Calcedonia, los obispos armenios denunciaron los decretos cristol\u00f3gicos del concilio, reafirmaron su adhesi\u00f3n a una comprensi\u00f3n m\u00e1s conservadora de la naturaleza de Jes\u00fas y afirmaron su independencia de las iglesias de Constantinopla y Roma. Aunque los obispos armenios destacaron su autonom\u00eda, no rompieron las relaciones con el Imperio Bizantino, incluida la iglesia imperial de Constantinopla.&nbsp;<\/p>\n\n\n\n<p>Durante m\u00e1s de 400 a\u00f1os, el comercio entre armenios y bizantinos floreci\u00f3. Los emperadores bizantinos empleaban monjes y escribas armenios, que acud\u00edan en masa a Constantinopla. Los s\u00fabditos bizantinos serv\u00edan a los prelados armenios y a los miembros de la nobleza. Los armenios dise\u00f1aron sistemas de defensa bizantinos y restauraron la c\u00fapula de Santa Sof\u00eda, la Gran Iglesia de la Cristiandad Oriental. Los armenios incluso ascendieron al trono bizantino, estableciendo dinast\u00edas de emperadores que apoyaron la remodelaci\u00f3n de un reino armenio independiente, que amortigu\u00f3 la barrera entre el mundo cristiano bizantino y el mundo \u00e1rabe musulm\u00e1n ascendente.<\/p>\n\n\n\n<p>La capital armenia medieval de Ani, ahora una ruina fantasmal justo dentro de la frontera de Turqu\u00eda con Armenia, demuestra la sofisticaci\u00f3n y la riqueza de la Armenia medieval. Descrita en las cr\u00f3nicas contempor\u00e1neas como la \u201cciudad de las 1.001 iglesias\u201d, las iglesias supervivientes de Ani son maravillas t\u00e9cnicas, ya que utilizan dispositivos arquitect\u00f3nicos que m\u00e1s tarde se emplearon para apoyar las catedrales g\u00f3ticas de Europa. Los frescos y paneles esculpidos que sobreviven revelan influencias \u00e1rabes, bizantinas, griegas cl\u00e1sicas y persas. Los ritos lit\u00fargicos de la Iglesia armenia, particularmente la Divina Liturgia (tambi\u00e9n llamada Badarak), reflejan la naturaleza cosmopolita del arte y la arquitectura eclesi\u00e1stica armenia. Los eruditos sugieren que hay una supremac\u00eda de fuentes sir\u00edacas. Tambi\u00e9n reconocen influencias de las iglesias de Antioqu\u00eda, Capadocia, Constantinopla, Jerusal\u00e9n y Roma.<\/p>\n\n\n\n<p><strong>Gregorio de Narek<\/strong><\/p>\n\n\n\n<p>En esta edad de oro de la civilizaci\u00f3n armenia naci\u00f3 Gregorio de Narek \u2014sacerdote y poeta, te\u00f3logo y fil\u00f3sofo, monje y m\u00edstico\u2014 en el a\u00f1o 950.<\/p>\n\n\n\n<p>Su padre fue obispo y te\u00f3logo. Despu\u00e9s de la muerte de su esposa, el obispo confi\u00f3 el ni\u00f1o al cuidado de un t\u00edo, Anania. Anania, un respetado erudito y monje, fund\u00f3 el Monasterio de Narek (conocido como Narekavank) a orillas del lago Van, en lo que hoy es el este de Turqu\u00eda. \u00c9l cri\u00f3 a Gregorio como miembro de la comunidad mon\u00e1stica, a la que su alumno permaneci\u00f3 apegado durante el resto de su corta vida.<\/p>\n\n\n\n<p>Se conocen pocos detalles de la vida de Gregorio, pero los indicios de los a\u00f1os de dolor y sufrimiento del hombre impregnan sus escritos, particularmente su \u201cLibro de Lamentaciones\u201d. Escrito en los \u00faltimos a\u00f1os del primer milenio cristiano, \u201cLamentaciones\u201d es una obra de oraci\u00f3n considerada por los estudiosos como una met\u00e1fora de la celebraci\u00f3n del Badarak, un \u201cedificio de fe\u201d.&nbsp;<\/p>\n\n\n\n<figure class=\"wp-block-image size-large\"><img loading=\"lazy\" decoding=\"async\" width=\"1024\" height=\"678\" src=\"https:\/\/cnewa.org\/es\/wp-content\/uploads\/sites\/5\/2025\/03\/Narek_Matenadaran_manuscript-scaled-1-1024x678.jpg\" alt=\"Foto de un manuscrito abierto escrito por San Gregorio de Narek.\" class=\"wp-image-6427\" srcset=\"https:\/\/cnewa.org\/es\/wp-content\/uploads\/sites\/5\/2025\/03\/Narek_Matenadaran_manuscript-scaled-1-1024x678.jpg 1024w, https:\/\/cnewa.org\/es\/wp-content\/uploads\/sites\/5\/2025\/03\/Narek_Matenadaran_manuscript-scaled-1-300x199.jpg 300w, https:\/\/cnewa.org\/es\/wp-content\/uploads\/sites\/5\/2025\/03\/Narek_Matenadaran_manuscript-scaled-1-768x509.jpg 768w, https:\/\/cnewa.org\/es\/wp-content\/uploads\/sites\/5\/2025\/03\/Narek_Matenadaran_manuscript-scaled-1-1536x1018.jpg 1536w, https:\/\/cnewa.org\/es\/wp-content\/uploads\/sites\/5\/2025\/03\/Narek_Matenadaran_manuscript-scaled-1-2048x1357.jpg 2048w, https:\/\/cnewa.org\/es\/wp-content\/uploads\/sites\/5\/2025\/03\/Narek_Matenadaran_manuscript-scaled-1-1600x1060.jpg 1600w\" sizes=\"auto, (max-width: 1024px) 100vw, 1024px\" \/><figcaption class=\"wp-element-caption\">Un manuscrito del \u00abLibro de las Lamentaciones\u00bb de San Gregorio de Narek, de 1173. (foto: Yerevantsi, CC BY-SA 4.0, v\u00eda Wikimedia Commons)<\/figcaption><\/figure>\n\n\n\n<p>Las 95 lamentaciones reflejan las diferentes etapas de la liturgia, desde la despedida de los catec\u00famenos, la profesi\u00f3n de fe y la comuni\u00f3n hasta las oraciones finales en preparaci\u00f3n para la muerte y el juicio.<\/p>\n\n\n\n<p>La obra de San Gregorio de Narek foment\u00f3 el desarrollo del armenio cl\u00e1sico como lengua literaria, aunque su obra ha sido traducida a muchos idiomas y adaptada a la m\u00fasica. Sus escritos adornan gran parte de la vida lit\u00fargica de las iglesias armenia apost\u00f3lica y cat\u00f3lica, incluida la liturgia eucar\u00edstica, que el padre de Gregorio describi\u00f3 como \u201cla gran medicina\u201d:&nbsp;<\/p>\n\n\n\n<p>\u201cTe lo suplicamos\u201d, reza el sacerdote en silencio mientras asciende al santuario, \u201ccon los brazos extendidos, con l\u00e1grimas y oraciones sollozantes\u201d.<\/p>\n\n\n\n<p><strong>Las lamentaciones como s\u00edmbolo<\/strong>&nbsp;<\/p>\n\n\n\n<p>Gregorio muri\u00f3, alrededor de 1005, aproximadamente un a\u00f1o despu\u00e9s de completar la oraci\u00f3n final de su obra maestra:&nbsp;<\/p>\n\n\n\n<p>\u201cPor tu noble y gloriosa sangre, ofrecida incesantemente para agradar a Dios que te envi\u00f3, que los peligros sean quitados de m\u00ed, que mis transgresiones sean perdonadas, que mis vicios sean perdonados, que mi desverg\u00fcenza sea olvidada, que mi sentencia sea conmutada, que los gusanos se marchiten, que se detenga el llanto y se calme el crujir de dientes\u201d.&nbsp;<\/p>\n\n\n\n<p>\u201cDeja que los lamentos disminuyan y las l\u00e1grimas se sequen. Que termine el luto y que las tinieblas sean desterradas. Que el fuego vengativo sea extinguido y los tormentos de todo tipo exiliados. \u2026\u201d<\/p>\n\n\n\n<p>\u201cQue t\u00fa, que concedes la vida a todos, seas compasivo ahora. Que tu luz amanezca, que tu salvaci\u00f3n sea r\u00e1pida, que tu ayuda llegue a tiempo y que la hora de tu llegada est\u00e9 cerca\u201d.<\/p>\n\n\n\n<p>Setenta a\u00f1os despu\u00e9s de que Gregorio escribiera estas palabras, Armenia se desintegr\u00f3 cuando los turcos sely\u00facidas derrotaron a las fuerzas imperiales de Bizancio en la ciudad armenia de Manzikert. Cuando el ej\u00e9rcito del emperador bizantino se retir\u00f3 a Constantinopla, los turcos y sus aliados se apresuraron a llenar el vac\u00edo, invadiendo el territorio armenio y bizantino, incluido el Narekavank de San Gregorio.&nbsp;<\/p>\n\n\n\n<figure class=\"wp-block-image size-large\"><img loading=\"lazy\" decoding=\"async\" width=\"1024\" height=\"674\" src=\"https:\/\/cnewa.org\/es\/wp-content\/uploads\/sites\/5\/2025\/03\/20160625T1312-POPE-ARMENIA-ECUMENICAL-PRAYER-551741-1024x674.jpg\" alt=\"El papa Francisco y el catolic\u00f3s Karekin II est\u00e1n juntos en medio de una multitud.\" class=\"wp-image-6426\" srcset=\"https:\/\/cnewa.org\/es\/wp-content\/uploads\/sites\/5\/2025\/03\/20160625T1312-POPE-ARMENIA-ECUMENICAL-PRAYER-551741-1024x674.jpg 1024w, https:\/\/cnewa.org\/es\/wp-content\/uploads\/sites\/5\/2025\/03\/20160625T1312-POPE-ARMENIA-ECUMENICAL-PRAYER-551741-300x198.jpg 300w, https:\/\/cnewa.org\/es\/wp-content\/uploads\/sites\/5\/2025\/03\/20160625T1312-POPE-ARMENIA-ECUMENICAL-PRAYER-551741-768x506.jpg 768w, https:\/\/cnewa.org\/es\/wp-content\/uploads\/sites\/5\/2025\/03\/20160625T1312-POPE-ARMENIA-ECUMENICAL-PRAYER-551741-1536x1012.jpg 1536w, https:\/\/cnewa.org\/es\/wp-content\/uploads\/sites\/5\/2025\/03\/20160625T1312-POPE-ARMENIA-ECUMENICAL-PRAYER-551741-2048x1349.jpg 2048w, https:\/\/cnewa.org\/es\/wp-content\/uploads\/sites\/5\/2025\/03\/20160625T1312-POPE-ARMENIA-ECUMENICAL-PRAYER-551741-1600x1054.jpg 1600w\" sizes=\"auto, (max-width: 1024px) 100vw, 1024px\" \/><figcaption class=\"wp-element-caption\">El papa Francisco y el catolic\u00f3s Karekin II, patriarca de la Iglesia apost\u00f3lica armenia, llegan para un encuentro ecum\u00e9nico y una oraci\u00f3n por la paz en la Plaza de la Rep\u00fablica en Erev\u00e1n, Armenia, el 25 de junio de 2016. (foto: CNS\/Paul Haring)<\/figcaption><\/figure>\n\n\n\n<p>Sin embargo, Narekavank prosper\u00f3 durante un milenio, convirti\u00e9ndose en un notable centro de producci\u00f3n de manuscritos iluminados, erudici\u00f3n, peregrinaci\u00f3n y oraci\u00f3n. A principios del siglo XX, los monjes fundaron un internado y un seminario dentro de sus muros, una fuente de orgullo para los armenios influyentes y ricos de la Turqu\u00eda otomana. Pero el desarrollo de los movimientos nacionales, que comenz\u00f3 en las provincias otomanas de los Balcanes, alter\u00f3 significativamente la posici\u00f3n de las minor\u00edas cristianas del imperio, especialmente los armenios.<\/p>\n\n\n\n<p>Temerosos de las aspiraciones nacionales de los armenios del imperio, apoyados nominalmente por Francia, Gran Breta\u00f1a y Rusia, los agentes del sult\u00e1n otomano asaltaron las comunidades e instituciones armenias del imperio, comenzando con pogromos aislados en 1894 y 1895. Eventualmente, estos incidentes se extendieron, alimentados despu\u00e9s de que los turcos otomanos entraran en la Primera Guerra Mundial como aliados de Alemania y Austria-Hungr\u00eda. En 1923, perecieron alrededor de 1,5 millones de armenios. Los que sobrevivieron, tal vez un cuarto de mill\u00f3n de personas, huyeron a L\u00edbano y Siria.&nbsp;<\/p>\n\n\n\n<p>La comunidad mon\u00e1stica de Narekavank fue dispersada violentamente en 1915. Sus iglesias, santuarios y la tumba de su gran santo, profanados y saqueados. Abandonado y abierto a la intemperie, el monasterio cay\u00f3 en ruinas. Hoy en d\u00eda, no queda nada de este importante centro de la tradici\u00f3n cristiana armenia, uno de los muchos que tristemente marcan la Armenia hist\u00f3rica. Los escritos del doctor m\u00e1s reciente de la iglesia, un \u201c\u00e1ngel en forma humana\u201d, sobreviven, sin embargo, llevando a Dios los clamores de millones de corazones.<\/p>\n\n\n\n<hr class=\"wp-block-separator has-alpha-channel-opacity\"\/>\n\n\n\n<p><em>Esta Cuaresma, CNEWA produjo un libro especial de oraciones, disponible en l\u00ednea en formato PDF, basado en el \u00abLibro de las Lamentaciones\u00bb, compuesto por el poeta armenio San Gregorio de Narek, <a href=\"https:\/\/cnewa.org\/what-we-do\/make-your-lenten-sacrifice\/\">disponible s\u00f3lo en ingl\u00e9s<\/a>. <\/em><\/p>\n\n\n\n<p><\/p>\n","protected":false},"excerpt":{"rendered":"<p>Para esta Cuaresma, CNEWA produjo un libro especial de oraciones, en formato PDF, basado en el \u00abLibro de las Lamentaciones\u00bb, compuesto por el poeta armenio San Gregorio de Narek. Conozca m\u00e1s sobre san Gregorio de Narek en este art\u00edculo.<\/p>\n","protected":false},"author":70019,"featured_media":6429,"comment_status":"closed","ping_status":"closed","sticky":false,"template":"","format":"standard","meta":{"_acf_changed":false,"footnotes":""},"categories":[104,133,43],"class_list":["post-6430","post","type-post","status-publish","format-standard","has-post-thumbnail","hentry","category-medio-oriente","category-armenia","category-oriente-cristiano"],"acf":[],"yoast_head":"<!-- This site is optimized with the Yoast SEO Premium plugin v27.3 (Yoast SEO v27.3) - https:\/\/yoast.com\/product\/yoast-seo-premium-wordpress\/ -->\n<title>San Gregorio de Narek: El Poeta del Alma de Armenia | CNEWA Espa\u00f1ol<\/title>\n<meta name=\"description\" content=\"Suscr\u00edbase para recibir reflexiones diarias de Cuaresma extra\u00eddas del Libro de Lamentaciones, traducidas al espa\u00f1ol.\" \/>\n<meta name=\"robots\" content=\"index, follow, max-snippet:-1, max-image-preview:large, max-video-preview:-1\" \/>\n<link rel=\"canonical\" href=\"https:\/\/cnewa.org\/es\/san-gregorio-de-narek-el-poeta-del-alma-de-armenia\/\" \/>\n<meta property=\"og:locale\" content=\"es_ES\" \/>\n<meta property=\"og:type\" content=\"article\" \/>\n<meta property=\"og:title\" content=\"San Gregorio de Narek: El Poeta del Alma de Armenia\" \/>\n<meta property=\"og:description\" content=\"Suscr\u00edbase para recibir reflexiones diarias de Cuaresma extra\u00eddas del Libro de Lamentaciones, traducidas al espa\u00f1ol.\" \/>\n<meta property=\"og:url\" content=\"https:\/\/cnewa.org\/es\/san-gregorio-de-narek-el-poeta-del-alma-de-armenia\/\" \/>\n<meta property=\"og:site_name\" content=\"CNEWA Espa\u00f1ol\" \/>\n<meta property=\"article:publisher\" content=\"https:\/\/www.facebook.com\/CNEWAenespanol\/\" \/>\n<meta property=\"article:published_time\" content=\"2025-03-25T15:50:24+00:00\" \/>\n<meta property=\"article:modified_time\" content=\"2026-03-03T13:14:50+00:00\" \/>\n<meta property=\"og:image\" content=\"https:\/\/cnewa.org\/es\/wp-content\/uploads\/sites\/5\/2025\/03\/2-1.jpeg\" \/>\n\t<meta property=\"og:image:width\" content=\"1956\" \/>\n\t<meta property=\"og:image:height\" content=\"1212\" \/>\n\t<meta property=\"og:image:type\" content=\"image\/jpeg\" \/>\n<meta name=\"author\" content=\"Michael J. La Civita\" \/>\n<meta name=\"twitter:card\" content=\"summary_large_image\" \/>\n<meta name=\"twitter:label1\" content=\"Escrito por\" \/>\n\t<meta name=\"twitter:data1\" content=\"David R. Aquije\" \/>\n\t<meta name=\"twitter:label2\" content=\"Tiempo de lectura\" \/>\n\t<meta name=\"twitter:data2\" content=\"10 minutos\" \/>\n<script type=\"application\/ld+json\" class=\"yoast-schema-graph\">{\"@context\":\"https:\\\/\\\/schema.org\",\"@graph\":[{\"@type\":\"Article\",\"@id\":\"https:\\\/\\\/cnewa.org\\\/es\\\/san-gregorio-de-narek-el-poeta-del-alma-de-armenia\\\/#article\",\"isPartOf\":{\"@id\":\"https:\\\/\\\/cnewa.org\\\/es\\\/san-gregorio-de-narek-el-poeta-del-alma-de-armenia\\\/\"},\"author\":{\"name\":\"Michael J. La Civita\",\"@id\":\"https:\\\/\\\/cnewa.org\\\/es\\\/#\\\/schema\\\/person\\\/d2935c46e239b59210c38997d4aedf00\"},\"headline\":\"San Gregorio de Narek: El Poeta del Alma de Armenia\",\"datePublished\":\"2025-03-25T15:50:24+00:00\",\"dateModified\":\"2026-03-03T13:14:50+00:00\",\"mainEntityOfPage\":{\"@id\":\"https:\\\/\\\/cnewa.org\\\/es\\\/san-gregorio-de-narek-el-poeta-del-alma-de-armenia\\\/\"},\"wordCount\":1972,\"publisher\":{\"@id\":\"https:\\\/\\\/cnewa.org\\\/es\\\/#organization\"},\"image\":{\"@id\":\"https:\\\/\\\/cnewa.org\\\/es\\\/san-gregorio-de-narek-el-poeta-del-alma-de-armenia\\\/#primaryimage\"},\"thumbnailUrl\":\"https:\\\/\\\/cnewa.org\\\/es\\\/wp-content\\\/uploads\\\/sites\\\/5\\\/2025\\\/03\\\/2-1.jpeg\",\"articleSection\":[\"Medio Oriente\",\"Armenia\",\"Oriente Cristiano\"],\"inLanguage\":\"es\"},{\"@type\":\"WebPage\",\"@id\":\"https:\\\/\\\/cnewa.org\\\/es\\\/san-gregorio-de-narek-el-poeta-del-alma-de-armenia\\\/\",\"url\":\"https:\\\/\\\/cnewa.org\\\/es\\\/san-gregorio-de-narek-el-poeta-del-alma-de-armenia\\\/\",\"name\":\"San Gregorio de Narek: El Poeta del Alma de Armenia | CNEWA Espa\u00f1ol\",\"isPartOf\":{\"@id\":\"https:\\\/\\\/cnewa.org\\\/es\\\/#website\"},\"primaryImageOfPage\":{\"@id\":\"https:\\\/\\\/cnewa.org\\\/es\\\/san-gregorio-de-narek-el-poeta-del-alma-de-armenia\\\/#primaryimage\"},\"image\":{\"@id\":\"https:\\\/\\\/cnewa.org\\\/es\\\/san-gregorio-de-narek-el-poeta-del-alma-de-armenia\\\/#primaryimage\"},\"thumbnailUrl\":\"https:\\\/\\\/cnewa.org\\\/es\\\/wp-content\\\/uploads\\\/sites\\\/5\\\/2025\\\/03\\\/2-1.jpeg\",\"datePublished\":\"2025-03-25T15:50:24+00:00\",\"dateModified\":\"2026-03-03T13:14:50+00:00\",\"description\":\"Suscr\u00edbase para recibir reflexiones diarias de Cuaresma extra\u00eddas del Libro de Lamentaciones, traducidas al espa\u00f1ol.\",\"breadcrumb\":{\"@id\":\"https:\\\/\\\/cnewa.org\\\/es\\\/san-gregorio-de-narek-el-poeta-del-alma-de-armenia\\\/#breadcrumb\"},\"inLanguage\":\"es\",\"potentialAction\":[{\"@type\":\"ReadAction\",\"target\":[\"https:\\\/\\\/cnewa.org\\\/es\\\/san-gregorio-de-narek-el-poeta-del-alma-de-armenia\\\/\"]}]},{\"@type\":\"ImageObject\",\"inLanguage\":\"es\",\"@id\":\"https:\\\/\\\/cnewa.org\\\/es\\\/san-gregorio-de-narek-el-poeta-del-alma-de-armenia\\\/#primaryimage\",\"url\":\"https:\\\/\\\/cnewa.org\\\/es\\\/wp-content\\\/uploads\\\/sites\\\/5\\\/2025\\\/03\\\/2-1.jpeg\",\"contentUrl\":\"https:\\\/\\\/cnewa.org\\\/es\\\/wp-content\\\/uploads\\\/sites\\\/5\\\/2025\\\/03\\\/2-1.jpeg\",\"width\":1956,\"height\":1212,\"caption\":\"Una estatua de San Gregorio de Narek, un monje armenio del siglo X, durante su dedicaci\u00f3n en los Jardines del Vaticano el 5 de abril de 2018. (foto: CNS\\\/Junno Arocho Esteves)\"},{\"@type\":\"BreadcrumbList\",\"@id\":\"https:\\\/\\\/cnewa.org\\\/es\\\/san-gregorio-de-narek-el-poeta-del-alma-de-armenia\\\/#breadcrumb\",\"itemListElement\":[{\"@type\":\"ListItem\",\"position\":1,\"name\":\"Inicio\",\"item\":\"https:\\\/\\\/cnewa.org\\\/es\\\/\"},{\"@type\":\"ListItem\",\"position\":2,\"name\":\"Medio Oriente\",\"item\":\"https:\\\/\\\/cnewa.org\\\/es\\\/categoria\\\/medio-oriente\\\/\"},{\"@type\":\"ListItem\",\"position\":3,\"name\":\"San Gregorio de Narek: El Poeta del Alma de Armenia\"}]},{\"@type\":\"WebSite\",\"@id\":\"https:\\\/\\\/cnewa.org\\\/es\\\/#website\",\"url\":\"https:\\\/\\\/cnewa.org\\\/es\\\/\",\"name\":\"CNEWA Espa\u00f1ol\",\"description\":\"Asociaci\u00f3n Cat\u00f3lica para el Bienestar del Cercano Oriente\",\"publisher\":{\"@id\":\"https:\\\/\\\/cnewa.org\\\/es\\\/#organization\"},\"potentialAction\":[{\"@type\":\"SearchAction\",\"target\":{\"@type\":\"EntryPoint\",\"urlTemplate\":\"https:\\\/\\\/cnewa.org\\\/es\\\/?s={search_term_string}\"},\"query-input\":{\"@type\":\"PropertyValueSpecification\",\"valueRequired\":true,\"valueName\":\"search_term_string\"}}],\"inLanguage\":\"es\"},{\"@type\":\"Organization\",\"@id\":\"https:\\\/\\\/cnewa.org\\\/es\\\/#organization\",\"name\":\"CNEWA Espa\u00f1ol\",\"alternateName\":\"Asociaci\u00f3n Cat\u00f3lica para el Bienestar del Cercano Oriente\",\"url\":\"https:\\\/\\\/cnewa.org\\\/es\\\/\",\"logo\":{\"@type\":\"ImageObject\",\"inLanguage\":\"es\",\"@id\":\"https:\\\/\\\/cnewa.org\\\/es\\\/#\\\/schema\\\/logo\\\/image\\\/\",\"url\":\"https:\\\/\\\/cnewa.org\\\/es\\\/wp-content\\\/uploads\\\/sites\\\/5\\\/2021\\\/07\\\/CNEWA-brand-logo.png\",\"contentUrl\":\"https:\\\/\\\/cnewa.org\\\/es\\\/wp-content\\\/uploads\\\/sites\\\/5\\\/2021\\\/07\\\/CNEWA-brand-logo.png\",\"width\":1000,\"height\":1000,\"caption\":\"CNEWA Espa\u00f1ol\"},\"image\":{\"@id\":\"https:\\\/\\\/cnewa.org\\\/es\\\/#\\\/schema\\\/logo\\\/image\\\/\"},\"sameAs\":[\"https:\\\/\\\/www.facebook.com\\\/CNEWAenespanol\\\/\",\"https:\\\/\\\/www.instagram.com\\\/cnewa1926\\\/\",\"https:\\\/\\\/www.youtube.com\\\/user\\\/TheCNEWA\"]},{\"@type\":\"Person\",\"name\":\"Michael J. La Civita\"}]}<\/script>\n<!-- \/ Yoast SEO Premium plugin. -->","yoast_head_json":{"title":"San Gregorio de Narek: El Poeta del Alma de Armenia | CNEWA Espa\u00f1ol","description":"Suscr\u00edbase para recibir reflexiones diarias de Cuaresma extra\u00eddas del Libro de Lamentaciones, traducidas al espa\u00f1ol.","robots":{"index":"index","follow":"follow","max-snippet":"max-snippet:-1","max-image-preview":"max-image-preview:large","max-video-preview":"max-video-preview:-1"},"canonical":"https:\/\/cnewa.org\/es\/san-gregorio-de-narek-el-poeta-del-alma-de-armenia\/","og_locale":"es_ES","og_type":"article","og_title":"San Gregorio de Narek: El Poeta del Alma de Armenia","og_description":"Suscr\u00edbase para recibir reflexiones diarias de Cuaresma extra\u00eddas del Libro de Lamentaciones, traducidas al espa\u00f1ol.","og_url":"https:\/\/cnewa.org\/es\/san-gregorio-de-narek-el-poeta-del-alma-de-armenia\/","og_site_name":"CNEWA Espa\u00f1ol","article_publisher":"https:\/\/www.facebook.com\/CNEWAenespanol\/","article_published_time":"2025-03-25T15:50:24+00:00","article_modified_time":"2026-03-03T13:14:50+00:00","og_image":[{"width":1956,"height":1212,"url":"https:\/\/cnewa.org\/es\/wp-content\/uploads\/sites\/5\/2025\/03\/2-1.jpeg","type":"image\/jpeg"}],"author":"Michael J. La Civita","twitter_card":"summary_large_image","twitter_misc":{"Escrito por":"David R. Aquije","Tiempo de lectura":"10 minutos"},"schema":{"@context":"https:\/\/schema.org","@graph":[{"@type":"Article","@id":"https:\/\/cnewa.org\/es\/san-gregorio-de-narek-el-poeta-del-alma-de-armenia\/#article","isPartOf":{"@id":"https:\/\/cnewa.org\/es\/san-gregorio-de-narek-el-poeta-del-alma-de-armenia\/"},"author":{"name":"Michael J. La Civita","@id":"https:\/\/cnewa.org\/es\/#\/schema\/person\/d2935c46e239b59210c38997d4aedf00"},"headline":"San Gregorio de Narek: El Poeta del Alma de Armenia","datePublished":"2025-03-25T15:50:24+00:00","dateModified":"2026-03-03T13:14:50+00:00","mainEntityOfPage":{"@id":"https:\/\/cnewa.org\/es\/san-gregorio-de-narek-el-poeta-del-alma-de-armenia\/"},"wordCount":1972,"publisher":{"@id":"https:\/\/cnewa.org\/es\/#organization"},"image":{"@id":"https:\/\/cnewa.org\/es\/san-gregorio-de-narek-el-poeta-del-alma-de-armenia\/#primaryimage"},"thumbnailUrl":"https:\/\/cnewa.org\/es\/wp-content\/uploads\/sites\/5\/2025\/03\/2-1.jpeg","articleSection":["Medio Oriente","Armenia","Oriente Cristiano"],"inLanguage":"es"},{"@type":"WebPage","@id":"https:\/\/cnewa.org\/es\/san-gregorio-de-narek-el-poeta-del-alma-de-armenia\/","url":"https:\/\/cnewa.org\/es\/san-gregorio-de-narek-el-poeta-del-alma-de-armenia\/","name":"San Gregorio de Narek: El Poeta del Alma de Armenia | CNEWA Espa\u00f1ol","isPartOf":{"@id":"https:\/\/cnewa.org\/es\/#website"},"primaryImageOfPage":{"@id":"https:\/\/cnewa.org\/es\/san-gregorio-de-narek-el-poeta-del-alma-de-armenia\/#primaryimage"},"image":{"@id":"https:\/\/cnewa.org\/es\/san-gregorio-de-narek-el-poeta-del-alma-de-armenia\/#primaryimage"},"thumbnailUrl":"https:\/\/cnewa.org\/es\/wp-content\/uploads\/sites\/5\/2025\/03\/2-1.jpeg","datePublished":"2025-03-25T15:50:24+00:00","dateModified":"2026-03-03T13:14:50+00:00","description":"Suscr\u00edbase para recibir reflexiones diarias de Cuaresma extra\u00eddas del Libro de Lamentaciones, traducidas al espa\u00f1ol.","breadcrumb":{"@id":"https:\/\/cnewa.org\/es\/san-gregorio-de-narek-el-poeta-del-alma-de-armenia\/#breadcrumb"},"inLanguage":"es","potentialAction":[{"@type":"ReadAction","target":["https:\/\/cnewa.org\/es\/san-gregorio-de-narek-el-poeta-del-alma-de-armenia\/"]}]},{"@type":"ImageObject","inLanguage":"es","@id":"https:\/\/cnewa.org\/es\/san-gregorio-de-narek-el-poeta-del-alma-de-armenia\/#primaryimage","url":"https:\/\/cnewa.org\/es\/wp-content\/uploads\/sites\/5\/2025\/03\/2-1.jpeg","contentUrl":"https:\/\/cnewa.org\/es\/wp-content\/uploads\/sites\/5\/2025\/03\/2-1.jpeg","width":1956,"height":1212,"caption":"Una estatua de San Gregorio de Narek, un monje armenio del siglo X, durante su dedicaci\u00f3n en los Jardines del Vaticano el 5 de abril de 2018. (foto: CNS\/Junno Arocho Esteves)"},{"@type":"BreadcrumbList","@id":"https:\/\/cnewa.org\/es\/san-gregorio-de-narek-el-poeta-del-alma-de-armenia\/#breadcrumb","itemListElement":[{"@type":"ListItem","position":1,"name":"Inicio","item":"https:\/\/cnewa.org\/es\/"},{"@type":"ListItem","position":2,"name":"Medio Oriente","item":"https:\/\/cnewa.org\/es\/categoria\/medio-oriente\/"},{"@type":"ListItem","position":3,"name":"San Gregorio de Narek: El Poeta del Alma de Armenia"}]},{"@type":"WebSite","@id":"https:\/\/cnewa.org\/es\/#website","url":"https:\/\/cnewa.org\/es\/","name":"CNEWA Espa\u00f1ol","description":"Asociaci\u00f3n Cat\u00f3lica para el Bienestar del Cercano Oriente","publisher":{"@id":"https:\/\/cnewa.org\/es\/#organization"},"potentialAction":[{"@type":"SearchAction","target":{"@type":"EntryPoint","urlTemplate":"https:\/\/cnewa.org\/es\/?s={search_term_string}"},"query-input":{"@type":"PropertyValueSpecification","valueRequired":true,"valueName":"search_term_string"}}],"inLanguage":"es"},{"@type":"Organization","@id":"https:\/\/cnewa.org\/es\/#organization","name":"CNEWA Espa\u00f1ol","alternateName":"Asociaci\u00f3n Cat\u00f3lica para el Bienestar del Cercano Oriente","url":"https:\/\/cnewa.org\/es\/","logo":{"@type":"ImageObject","inLanguage":"es","@id":"https:\/\/cnewa.org\/es\/#\/schema\/logo\/image\/","url":"https:\/\/cnewa.org\/es\/wp-content\/uploads\/sites\/5\/2021\/07\/CNEWA-brand-logo.png","contentUrl":"https:\/\/cnewa.org\/es\/wp-content\/uploads\/sites\/5\/2021\/07\/CNEWA-brand-logo.png","width":1000,"height":1000,"caption":"CNEWA Espa\u00f1ol"},"image":{"@id":"https:\/\/cnewa.org\/es\/#\/schema\/logo\/image\/"},"sameAs":["https:\/\/www.facebook.com\/CNEWAenespanol\/","https:\/\/www.instagram.com\/cnewa1926\/","https:\/\/www.youtube.com\/user\/TheCNEWA"]},{"@type":"Person","name":"Michael J. La Civita"}]}},"_links":{"self":[{"href":"https:\/\/cnewa.org\/es\/wp-json\/wp\/v2\/posts\/6430","targetHints":{"allow":["GET"]}}],"collection":[{"href":"https:\/\/cnewa.org\/es\/wp-json\/wp\/v2\/posts"}],"about":[{"href":"https:\/\/cnewa.org\/es\/wp-json\/wp\/v2\/types\/post"}],"author":[{"embeddable":true,"href":"https:\/\/cnewa.org\/es\/wp-json\/wp\/v2\/users\/70019"}],"replies":[{"embeddable":true,"href":"https:\/\/cnewa.org\/es\/wp-json\/wp\/v2\/comments?post=6430"}],"version-history":[{"count":3,"href":"https:\/\/cnewa.org\/es\/wp-json\/wp\/v2\/posts\/6430\/revisions"}],"predecessor-version":[{"id":7844,"href":"https:\/\/cnewa.org\/es\/wp-json\/wp\/v2\/posts\/6430\/revisions\/7844"}],"wp:featuredmedia":[{"embeddable":true,"href":"https:\/\/cnewa.org\/es\/wp-json\/wp\/v2\/media\/6429"}],"wp:attachment":[{"href":"https:\/\/cnewa.org\/es\/wp-json\/wp\/v2\/media?parent=6430"}],"wp:term":[{"taxonomy":"category","embeddable":true,"href":"https:\/\/cnewa.org\/es\/wp-json\/wp\/v2\/categories?post=6430"}],"curies":[{"name":"wp","href":"https:\/\/api.w.org\/{rel}","templated":true}]}}