{"id":6622,"date":"2025-05-19T12:58:01","date_gmt":"2025-05-19T16:58:01","guid":{"rendered":"https:\/\/cnewa.org\/es\/?p=6622"},"modified":"2025-05-19T13:07:51","modified_gmt":"2025-05-19T17:07:51","slug":"patriarca-catolico-armenio-honra-a-mons-vaccari-cnewa","status":"publish","type":"post","link":"https:\/\/cnewa.org\/es\/patriarca-catolico-armenio-honra-a-mons-vaccari-cnewa\/","title":{"rendered":"Patriarca Cat\u00f3lico Armenio honra a Mons. Vaccari, CNEWA"},"content":{"rendered":"\n<p>El Patriarca Rapha\u00ebl Bedros XXI Minassian entreg\u00f3 el premio a Mons. Vaccari en un almuerzo celebrado el 1 de mayo en el Pontificio Colegio Armenio de Roma. Mons. Vaccari es la segunda persona en el mundo en recibir el premio.<\/p>\n\n\n\n<p>Thomas Varghese, director de programas de CNEWA, y Brian McGinley, director de desarrollo de CNEWA, estuvieron presentes. Tambi\u00e9n estuvieron presentes los embajadores de Armenia y L\u00edbano ante la Santa Sede, y sacerdotes y seminaristas del Colegio Armenio.<\/p>\n\n\n\n<p>Mons. Vaccari estuvo en Roma esa semana para una serie de eventos de CNEWA organizados en el contexto de lo que se conoce como la \u201cSemana Americana\u201d en la comunidad cat\u00f3lica local, con una programaci\u00f3n centrada en los eventos del Pontificio Colegio Norteamericano.&nbsp;<\/p>\n\n\n\n<p>Cuando fue invitado al almuerzo, pens\u00f3 que ser\u00eda una oportunidad para hablar sobre CNEWA, porque el Patriarca Minassian \u201ces uno de los partidarios m\u00e1s vibrantes y elocuentes de la misi\u00f3n de CNEWA\u201d, dijo.<\/p>\n\n\n\n<p>Sin embargo, durante la reuni\u00f3n, su anfitri\u00f3n pidi\u00f3 a todos que se pusieran de pie y comenz\u00f3 a hablar sobre los or\u00edgenes de CNEWA y c\u00f3mo, incluso antes de que CNEWA comenzara formalmente como una agencia pontificia, hab\u00eda cuidado a los ni\u00f1os armenios hu\u00e9rfanos en el genocidio armenio de 1915-1923.<\/p>\n\n\n\n<p>A continuaci\u00f3n, el patriarca concedi\u00f3 el honor a Mons. Vaccari por su compromiso inquebrantable de servir a los pobres y vulnerables. Mons. Vaccari dijo que estaba complacido de aceptar el premio en nombre de CNEWA.<\/p>\n\n\n\n<p>Mons. Vaccari habl\u00f3 de la importancia de Armenia \u2014donde el cristianismo oriental ha prosperado desde el siglo IV\u2014 en el mandato de CNEWA, instituido formalmente por el Papa P\u00edo XI en 1926, para cuidar de \u201ctodos los cat\u00f3licos orientales&#8230; que est\u00e1n sufriendo\u201d, dijo.Desde que se ocup\u00f3 de los desplazados por el genocidio armenio, y a lo largo de los desaf\u00edos de Armenia en la historia moderna, incluida su independencia de la Uni\u00f3n Sovi\u00e9tica, CNEWA ha continuado ofreciendo asistencia pastoral y humanitaria continua a&nbsp;<\/p>\n","protected":false},"excerpt":{"rendered":"<p>El patriarca cat\u00f3lico armenio Rapha\u00ebl Bedros XXI Minassian honr\u00f3 a monse\u00f1or Peter I. Vaccari, presidente de la Asociaci\u00f3n Cat\u00f3lica para el Bienestar del Cercano Oriente, con la \u201cm\u00e1s alta condecoraci\u00f3n cat\u00f3lica armenia de la Gran Casa de Cilicia\u201d.<\/p>\n","protected":false},"author":70019,"featured_media":6621,"comment_status":"closed","ping_status":"closed","sticky":false,"template":"","format":"standard","meta":{"_acf_changed":false,"footnotes":""},"categories":[3,133],"class_list":["post-6622","post","type-post","status-publish","format-standard","has-post-thumbnail","hentry","category-noticias","category-armenia"],"acf":[],"yoast_head":"<!-- This site is optimized with the Yoast SEO Premium plugin v27.3 (Yoast SEO v27.3) - https:\/\/yoast.com\/product\/yoast-seo-premium-wordpress\/ -->\n<title>Patriarca Cat\u00f3lico Armenio honra a Mons. Vaccari, CNEWA | CNEWA Espa\u00f1ol<\/title>\n<meta name=\"description\" content=\"El patriarca cat\u00f3lico armenio honr\u00f3 a Mons. Peter I. Vaccari, presidente de CNEWA, con la \u201cm\u00e1s alta condecoraci\u00f3n cat\u00f3lica armenia\u201d.\" \/>\n<meta name=\"robots\" content=\"index, follow, max-snippet:-1, max-image-preview:large, max-video-preview:-1\" \/>\n<link rel=\"canonical\" href=\"https:\/\/cnewa.org\/es\/patriarca-catolico-armenio-honra-a-mons-vaccari-cnewa\/\" \/>\n<meta property=\"og:locale\" content=\"es_ES\" \/>\n<meta property=\"og:type\" content=\"article\" \/>\n<meta property=\"og:title\" content=\"Patriarca Cat\u00f3lico Armenio honra a Mons. Vaccari, CNEWA\" \/>\n<meta property=\"og:description\" content=\"El patriarca cat\u00f3lico armenio honr\u00f3 a Mons. Peter I. Vaccari, presidente de CNEWA, con la \u201cm\u00e1s alta condecoraci\u00f3n cat\u00f3lica armenia\u201d.\" \/>\n<meta property=\"og:url\" content=\"https:\/\/cnewa.org\/es\/patriarca-catolico-armenio-honra-a-mons-vaccari-cnewa\/\" \/>\n<meta property=\"og:site_name\" content=\"CNEWA Espa\u00f1ol\" \/>\n<meta property=\"article:publisher\" content=\"https:\/\/www.facebook.com\/CNEWAenespanol\/\" \/>\n<meta property=\"article:published_time\" content=\"2025-05-19T16:58:01+00:00\" \/>\n<meta property=\"article:modified_time\" content=\"2025-05-19T17:07:51+00:00\" \/>\n<meta property=\"og:image\" content=\"https:\/\/cnewa.org\/es\/wp-content\/uploads\/sites\/5\/2025\/05\/PHOTO-2025-05-01-08-25-54-5-scaled-1.jpg\" \/>\n\t<meta property=\"og:image:width\" content=\"2560\" \/>\n\t<meta property=\"og:image:height\" content=\"1920\" \/>\n\t<meta property=\"og:image:type\" content=\"image\/jpeg\" \/>\n<meta name=\"author\" content=\"Barb Fraze\" \/>\n<meta name=\"twitter:card\" content=\"summary_large_image\" \/>\n<meta name=\"twitter:label1\" content=\"Escrito por\" \/>\n\t<meta name=\"twitter:data1\" content=\"David R. Aquije\" \/>\n\t<meta name=\"twitter:label2\" content=\"Tiempo de lectura\" \/>\n\t<meta name=\"twitter:data2\" content=\"2 minutos\" \/>\n<script type=\"application\/ld+json\" class=\"yoast-schema-graph\">{\"@context\":\"https:\\\/\\\/schema.org\",\"@graph\":[{\"@type\":\"Article\",\"@id\":\"https:\\\/\\\/cnewa.org\\\/es\\\/patriarca-catolico-armenio-honra-a-mons-vaccari-cnewa\\\/#article\",\"isPartOf\":{\"@id\":\"https:\\\/\\\/cnewa.org\\\/es\\\/patriarca-catolico-armenio-honra-a-mons-vaccari-cnewa\\\/\"},\"author\":{\"name\":\"Barb Fraze\",\"@id\":\"https:\\\/\\\/cnewa.org\\\/es\\\/#\\\/schema\\\/person\\\/d2935c46e239b59210c38997d4aedf00\"},\"headline\":\"Patriarca Cat\u00f3lico Armenio honra a Mons. Vaccari, CNEWA\",\"datePublished\":\"2025-05-19T16:58:01+00:00\",\"dateModified\":\"2025-05-19T17:07:51+00:00\",\"mainEntityOfPage\":{\"@id\":\"https:\\\/\\\/cnewa.org\\\/es\\\/patriarca-catolico-armenio-honra-a-mons-vaccari-cnewa\\\/\"},\"wordCount\":353,\"publisher\":{\"@id\":\"https:\\\/\\\/cnewa.org\\\/es\\\/#organization\"},\"image\":{\"@id\":\"https:\\\/\\\/cnewa.org\\\/es\\\/patriarca-catolico-armenio-honra-a-mons-vaccari-cnewa\\\/#primaryimage\"},\"thumbnailUrl\":\"https:\\\/\\\/cnewa.org\\\/es\\\/wp-content\\\/uploads\\\/sites\\\/5\\\/2025\\\/05\\\/PHOTO-2025-05-01-08-25-54-5-scaled-1.jpg\",\"articleSection\":[\"Noticias\",\"Armenia\"],\"inLanguage\":\"es\"},{\"@type\":\"WebPage\",\"@id\":\"https:\\\/\\\/cnewa.org\\\/es\\\/patriarca-catolico-armenio-honra-a-mons-vaccari-cnewa\\\/\",\"url\":\"https:\\\/\\\/cnewa.org\\\/es\\\/patriarca-catolico-armenio-honra-a-mons-vaccari-cnewa\\\/\",\"name\":\"Patriarca Cat\u00f3lico Armenio honra a Mons. Vaccari, CNEWA | CNEWA Espa\u00f1ol\",\"isPartOf\":{\"@id\":\"https:\\\/\\\/cnewa.org\\\/es\\\/#website\"},\"primaryImageOfPage\":{\"@id\":\"https:\\\/\\\/cnewa.org\\\/es\\\/patriarca-catolico-armenio-honra-a-mons-vaccari-cnewa\\\/#primaryimage\"},\"image\":{\"@id\":\"https:\\\/\\\/cnewa.org\\\/es\\\/patriarca-catolico-armenio-honra-a-mons-vaccari-cnewa\\\/#primaryimage\"},\"thumbnailUrl\":\"https:\\\/\\\/cnewa.org\\\/es\\\/wp-content\\\/uploads\\\/sites\\\/5\\\/2025\\\/05\\\/PHOTO-2025-05-01-08-25-54-5-scaled-1.jpg\",\"datePublished\":\"2025-05-19T16:58:01+00:00\",\"dateModified\":\"2025-05-19T17:07:51+00:00\",\"description\":\"El patriarca cat\u00f3lico armenio honr\u00f3 a Mons. Peter I. Vaccari, presidente de CNEWA, con la \u201cm\u00e1s alta condecoraci\u00f3n cat\u00f3lica armenia\u201d.\",\"breadcrumb\":{\"@id\":\"https:\\\/\\\/cnewa.org\\\/es\\\/patriarca-catolico-armenio-honra-a-mons-vaccari-cnewa\\\/#breadcrumb\"},\"inLanguage\":\"es\",\"potentialAction\":[{\"@type\":\"ReadAction\",\"target\":[\"https:\\\/\\\/cnewa.org\\\/es\\\/patriarca-catolico-armenio-honra-a-mons-vaccari-cnewa\\\/\"]}]},{\"@type\":\"ImageObject\",\"inLanguage\":\"es\",\"@id\":\"https:\\\/\\\/cnewa.org\\\/es\\\/patriarca-catolico-armenio-honra-a-mons-vaccari-cnewa\\\/#primaryimage\",\"url\":\"https:\\\/\\\/cnewa.org\\\/es\\\/wp-content\\\/uploads\\\/sites\\\/5\\\/2025\\\/05\\\/PHOTO-2025-05-01-08-25-54-5-scaled-1.jpg\",\"contentUrl\":\"https:\\\/\\\/cnewa.org\\\/es\\\/wp-content\\\/uploads\\\/sites\\\/5\\\/2025\\\/05\\\/PHOTO-2025-05-01-08-25-54-5-scaled-1.jpg\",\"width\":2560,\"height\":1920,\"caption\":\"El patriarca cat\u00f3lico armenio Rapha\u00ebl Bedros XXI Minassian honr\u00f3 a monse\u00f1or Peter I. Vaccari, presidente de CNEWA, en Roma el 1 de mayo, con la \u201cm\u00e1s alta condecoraci\u00f3n cat\u00f3lica armenia de la Gran Casa de Cilicia\u201d. (photo: CNEWA)\"},{\"@type\":\"BreadcrumbList\",\"@id\":\"https:\\\/\\\/cnewa.org\\\/es\\\/patriarca-catolico-armenio-honra-a-mons-vaccari-cnewa\\\/#breadcrumb\",\"itemListElement\":[{\"@type\":\"ListItem\",\"position\":1,\"name\":\"Inicio\",\"item\":\"https:\\\/\\\/cnewa.org\\\/es\\\/\"},{\"@type\":\"ListItem\",\"position\":2,\"name\":\"Noticias\",\"item\":\"https:\\\/\\\/cnewa.org\\\/es\\\/categoria\\\/noticias\\\/\"},{\"@type\":\"ListItem\",\"position\":3,\"name\":\"Patriarca Cat\u00f3lico Armenio honra a Mons. Vaccari, CNEWA\"}]},{\"@type\":\"WebSite\",\"@id\":\"https:\\\/\\\/cnewa.org\\\/es\\\/#website\",\"url\":\"https:\\\/\\\/cnewa.org\\\/es\\\/\",\"name\":\"CNEWA Espa\u00f1ol\",\"description\":\"Asociaci\u00f3n Cat\u00f3lica para el Bienestar del Cercano Oriente\",\"publisher\":{\"@id\":\"https:\\\/\\\/cnewa.org\\\/es\\\/#organization\"},\"potentialAction\":[{\"@type\":\"SearchAction\",\"target\":{\"@type\":\"EntryPoint\",\"urlTemplate\":\"https:\\\/\\\/cnewa.org\\\/es\\\/?s={search_term_string}\"},\"query-input\":{\"@type\":\"PropertyValueSpecification\",\"valueRequired\":true,\"valueName\":\"search_term_string\"}}],\"inLanguage\":\"es\"},{\"@type\":\"Organization\",\"@id\":\"https:\\\/\\\/cnewa.org\\\/es\\\/#organization\",\"name\":\"CNEWA Espa\u00f1ol\",\"alternateName\":\"Asociaci\u00f3n Cat\u00f3lica para el Bienestar del Cercano Oriente\",\"url\":\"https:\\\/\\\/cnewa.org\\\/es\\\/\",\"logo\":{\"@type\":\"ImageObject\",\"inLanguage\":\"es\",\"@id\":\"https:\\\/\\\/cnewa.org\\\/es\\\/#\\\/schema\\\/logo\\\/image\\\/\",\"url\":\"https:\\\/\\\/cnewa.org\\\/es\\\/wp-content\\\/uploads\\\/sites\\\/5\\\/2021\\\/07\\\/CNEWA-brand-logo.png\",\"contentUrl\":\"https:\\\/\\\/cnewa.org\\\/es\\\/wp-content\\\/uploads\\\/sites\\\/5\\\/2021\\\/07\\\/CNEWA-brand-logo.png\",\"width\":1000,\"height\":1000,\"caption\":\"CNEWA Espa\u00f1ol\"},\"image\":{\"@id\":\"https:\\\/\\\/cnewa.org\\\/es\\\/#\\\/schema\\\/logo\\\/image\\\/\"},\"sameAs\":[\"https:\\\/\\\/www.facebook.com\\\/CNEWAenespanol\\\/\",\"https:\\\/\\\/www.instagram.com\\\/cnewa1926\\\/\",\"https:\\\/\\\/www.youtube.com\\\/user\\\/TheCNEWA\"]},{\"@type\":\"Person\",\"name\":\"Barb Fraze\"}]}<\/script>\n<!-- \/ Yoast SEO Premium plugin. -->","yoast_head_json":{"title":"Patriarca Cat\u00f3lico Armenio honra a Mons. Vaccari, CNEWA | CNEWA Espa\u00f1ol","description":"El patriarca cat\u00f3lico armenio honr\u00f3 a Mons. Peter I. Vaccari, presidente de CNEWA, con la \u201cm\u00e1s alta condecoraci\u00f3n cat\u00f3lica armenia\u201d.","robots":{"index":"index","follow":"follow","max-snippet":"max-snippet:-1","max-image-preview":"max-image-preview:large","max-video-preview":"max-video-preview:-1"},"canonical":"https:\/\/cnewa.org\/es\/patriarca-catolico-armenio-honra-a-mons-vaccari-cnewa\/","og_locale":"es_ES","og_type":"article","og_title":"Patriarca Cat\u00f3lico Armenio honra a Mons. Vaccari, CNEWA","og_description":"El patriarca cat\u00f3lico armenio honr\u00f3 a Mons. Peter I. Vaccari, presidente de CNEWA, con la \u201cm\u00e1s alta condecoraci\u00f3n cat\u00f3lica armenia\u201d.","og_url":"https:\/\/cnewa.org\/es\/patriarca-catolico-armenio-honra-a-mons-vaccari-cnewa\/","og_site_name":"CNEWA Espa\u00f1ol","article_publisher":"https:\/\/www.facebook.com\/CNEWAenespanol\/","article_published_time":"2025-05-19T16:58:01+00:00","article_modified_time":"2025-05-19T17:07:51+00:00","og_image":[{"width":2560,"height":1920,"url":"https:\/\/cnewa.org\/es\/wp-content\/uploads\/sites\/5\/2025\/05\/PHOTO-2025-05-01-08-25-54-5-scaled-1.jpg","type":"image\/jpeg"}],"author":"Barb Fraze","twitter_card":"summary_large_image","twitter_misc":{"Escrito por":"David R. Aquije","Tiempo de lectura":"2 minutos"},"schema":{"@context":"https:\/\/schema.org","@graph":[{"@type":"Article","@id":"https:\/\/cnewa.org\/es\/patriarca-catolico-armenio-honra-a-mons-vaccari-cnewa\/#article","isPartOf":{"@id":"https:\/\/cnewa.org\/es\/patriarca-catolico-armenio-honra-a-mons-vaccari-cnewa\/"},"author":{"name":"Barb Fraze","@id":"https:\/\/cnewa.org\/es\/#\/schema\/person\/d2935c46e239b59210c38997d4aedf00"},"headline":"Patriarca Cat\u00f3lico Armenio honra a Mons. Vaccari, CNEWA","datePublished":"2025-05-19T16:58:01+00:00","dateModified":"2025-05-19T17:07:51+00:00","mainEntityOfPage":{"@id":"https:\/\/cnewa.org\/es\/patriarca-catolico-armenio-honra-a-mons-vaccari-cnewa\/"},"wordCount":353,"publisher":{"@id":"https:\/\/cnewa.org\/es\/#organization"},"image":{"@id":"https:\/\/cnewa.org\/es\/patriarca-catolico-armenio-honra-a-mons-vaccari-cnewa\/#primaryimage"},"thumbnailUrl":"https:\/\/cnewa.org\/es\/wp-content\/uploads\/sites\/5\/2025\/05\/PHOTO-2025-05-01-08-25-54-5-scaled-1.jpg","articleSection":["Noticias","Armenia"],"inLanguage":"es"},{"@type":"WebPage","@id":"https:\/\/cnewa.org\/es\/patriarca-catolico-armenio-honra-a-mons-vaccari-cnewa\/","url":"https:\/\/cnewa.org\/es\/patriarca-catolico-armenio-honra-a-mons-vaccari-cnewa\/","name":"Patriarca Cat\u00f3lico Armenio honra a Mons. Vaccari, CNEWA | CNEWA Espa\u00f1ol","isPartOf":{"@id":"https:\/\/cnewa.org\/es\/#website"},"primaryImageOfPage":{"@id":"https:\/\/cnewa.org\/es\/patriarca-catolico-armenio-honra-a-mons-vaccari-cnewa\/#primaryimage"},"image":{"@id":"https:\/\/cnewa.org\/es\/patriarca-catolico-armenio-honra-a-mons-vaccari-cnewa\/#primaryimage"},"thumbnailUrl":"https:\/\/cnewa.org\/es\/wp-content\/uploads\/sites\/5\/2025\/05\/PHOTO-2025-05-01-08-25-54-5-scaled-1.jpg","datePublished":"2025-05-19T16:58:01+00:00","dateModified":"2025-05-19T17:07:51+00:00","description":"El patriarca cat\u00f3lico armenio honr\u00f3 a Mons. Peter I. Vaccari, presidente de CNEWA, con la \u201cm\u00e1s alta condecoraci\u00f3n cat\u00f3lica armenia\u201d.","breadcrumb":{"@id":"https:\/\/cnewa.org\/es\/patriarca-catolico-armenio-honra-a-mons-vaccari-cnewa\/#breadcrumb"},"inLanguage":"es","potentialAction":[{"@type":"ReadAction","target":["https:\/\/cnewa.org\/es\/patriarca-catolico-armenio-honra-a-mons-vaccari-cnewa\/"]}]},{"@type":"ImageObject","inLanguage":"es","@id":"https:\/\/cnewa.org\/es\/patriarca-catolico-armenio-honra-a-mons-vaccari-cnewa\/#primaryimage","url":"https:\/\/cnewa.org\/es\/wp-content\/uploads\/sites\/5\/2025\/05\/PHOTO-2025-05-01-08-25-54-5-scaled-1.jpg","contentUrl":"https:\/\/cnewa.org\/es\/wp-content\/uploads\/sites\/5\/2025\/05\/PHOTO-2025-05-01-08-25-54-5-scaled-1.jpg","width":2560,"height":1920,"caption":"El patriarca cat\u00f3lico armenio Rapha\u00ebl Bedros XXI Minassian honr\u00f3 a monse\u00f1or Peter I. Vaccari, presidente de CNEWA, en Roma el 1 de mayo, con la \u201cm\u00e1s alta condecoraci\u00f3n cat\u00f3lica armenia de la Gran Casa de Cilicia\u201d. (photo: CNEWA)"},{"@type":"BreadcrumbList","@id":"https:\/\/cnewa.org\/es\/patriarca-catolico-armenio-honra-a-mons-vaccari-cnewa\/#breadcrumb","itemListElement":[{"@type":"ListItem","position":1,"name":"Inicio","item":"https:\/\/cnewa.org\/es\/"},{"@type":"ListItem","position":2,"name":"Noticias","item":"https:\/\/cnewa.org\/es\/categoria\/noticias\/"},{"@type":"ListItem","position":3,"name":"Patriarca Cat\u00f3lico Armenio honra a Mons. Vaccari, CNEWA"}]},{"@type":"WebSite","@id":"https:\/\/cnewa.org\/es\/#website","url":"https:\/\/cnewa.org\/es\/","name":"CNEWA Espa\u00f1ol","description":"Asociaci\u00f3n Cat\u00f3lica para el Bienestar del Cercano Oriente","publisher":{"@id":"https:\/\/cnewa.org\/es\/#organization"},"potentialAction":[{"@type":"SearchAction","target":{"@type":"EntryPoint","urlTemplate":"https:\/\/cnewa.org\/es\/?s={search_term_string}"},"query-input":{"@type":"PropertyValueSpecification","valueRequired":true,"valueName":"search_term_string"}}],"inLanguage":"es"},{"@type":"Organization","@id":"https:\/\/cnewa.org\/es\/#organization","name":"CNEWA Espa\u00f1ol","alternateName":"Asociaci\u00f3n Cat\u00f3lica para el Bienestar del Cercano Oriente","url":"https:\/\/cnewa.org\/es\/","logo":{"@type":"ImageObject","inLanguage":"es","@id":"https:\/\/cnewa.org\/es\/#\/schema\/logo\/image\/","url":"https:\/\/cnewa.org\/es\/wp-content\/uploads\/sites\/5\/2021\/07\/CNEWA-brand-logo.png","contentUrl":"https:\/\/cnewa.org\/es\/wp-content\/uploads\/sites\/5\/2021\/07\/CNEWA-brand-logo.png","width":1000,"height":1000,"caption":"CNEWA Espa\u00f1ol"},"image":{"@id":"https:\/\/cnewa.org\/es\/#\/schema\/logo\/image\/"},"sameAs":["https:\/\/www.facebook.com\/CNEWAenespanol\/","https:\/\/www.instagram.com\/cnewa1926\/","https:\/\/www.youtube.com\/user\/TheCNEWA"]},{"@type":"Person","name":"Barb Fraze"}]}},"_links":{"self":[{"href":"https:\/\/cnewa.org\/es\/wp-json\/wp\/v2\/posts\/6622","targetHints":{"allow":["GET"]}}],"collection":[{"href":"https:\/\/cnewa.org\/es\/wp-json\/wp\/v2\/posts"}],"about":[{"href":"https:\/\/cnewa.org\/es\/wp-json\/wp\/v2\/types\/post"}],"author":[{"embeddable":true,"href":"https:\/\/cnewa.org\/es\/wp-json\/wp\/v2\/users\/70019"}],"replies":[{"embeddable":true,"href":"https:\/\/cnewa.org\/es\/wp-json\/wp\/v2\/comments?post=6622"}],"version-history":[{"count":2,"href":"https:\/\/cnewa.org\/es\/wp-json\/wp\/v2\/posts\/6622\/revisions"}],"predecessor-version":[{"id":6625,"href":"https:\/\/cnewa.org\/es\/wp-json\/wp\/v2\/posts\/6622\/revisions\/6625"}],"wp:featuredmedia":[{"embeddable":true,"href":"https:\/\/cnewa.org\/es\/wp-json\/wp\/v2\/media\/6621"}],"wp:attachment":[{"href":"https:\/\/cnewa.org\/es\/wp-json\/wp\/v2\/media?parent=6622"}],"wp:term":[{"taxonomy":"category","embeddable":true,"href":"https:\/\/cnewa.org\/es\/wp-json\/wp\/v2\/categories?post=6622"}],"curies":[{"name":"wp","href":"https:\/\/api.w.org\/{rel}","templated":true}]}}