{"id":7004,"date":"2025-08-05T14:39:33","date_gmt":"2025-08-05T18:39:33","guid":{"rendered":"https:\/\/cnewa.org\/es\/?p=7004"},"modified":"2025-08-05T14:39:33","modified_gmt":"2025-08-05T18:39:33","slug":"audio-un-tranquilo-sentido-de-desafio-en-belen","status":"publish","type":"post","link":"https:\/\/cnewa.org\/es\/audio-un-tranquilo-sentido-de-desafio-en-belen\/","title":{"rendered":"Audio: Un Tranquilo Sentido de Desaf\u00edo en Bel\u00e9n"},"content":{"rendered":"\n<h4 class=\"wp-block-heading\" id=\"h-escuche-el-audio-en-ingles\">Escuche el audio en ingl\u00e9s:<\/h4>\n\n\n\n<iframe title=\"From the West Bank: Landscape of Loss, Part 2\" allowtransparency=\"true\" height=\"300\" width=\"100%\" style=\"border: none; min-width: min(100%, 430px);height:300px;\" scrolling=\"no\" data-name=\"pb-iframe-player\" src=\"https:\/\/www.podbean.com\/player-v2\/?from=embed&#038;i=apz5h-1925f4f-pb&#038;square=1&#038;share=1&#038;download=1&#038;fonts=Arial&#038;skin=1&#038;font-color=auto&#038;rtl=0&#038;logo_link=episode_page&#038;btn-skin=c73a3a&#038;size=300\" loading=\"lazy\" allowfullscreen=\"\"><\/iframe>\n\n\n\n<p><\/p>\n\n\n\n<p>Ahora estoy en la Plaza del Pesebre, este coraz\u00f3n simb\u00f3lico de Bel\u00e9n, pero se siente apagado. Las tiendas que normalmente estar\u00edan repletas de \u00edconos y tallados en madera de olivo y telas bordadas est\u00e1n medio cerradas.<\/p>\n\n\n\n<p>Esta iglesia ha velado por esta tierra durante m\u00e1s de 1.500 a\u00f1os a trav\u00e9s de imperios, ocupaciones, guerras y ahora una larga fragmentaci\u00f3n de un pueblo.<\/p>\n\n\n\n<p>Estoy parada aqu\u00ed. Es dif\u00edcil no sentir este desaf\u00edo silencioso.<\/p>\n\n\n\n<p>La ciudad de Bel\u00e9n tiene el mismo peso. La ciudad, que incluso en sus estaciones m\u00e1s tranquilas guarda un recuerdo r\u00e1pido&#8230; se aferra a la memoria de la fe y a la obstinada esperanza de que a\u00fan es posible algo mejor.&nbsp;<\/p>\n\n\n\n<p>En medio del pesado silencio de Bel\u00e9n, estamos aqu\u00ed para encontrarnos con alguien cuya voz atraviesa la quietud con un sentido de prop\u00f3sito. Estamos aqu\u00ed para reunirnos con Shahinda Nassar.&nbsp;<\/p>\n\n\n\n<p>Ella es una de las personas cuya presencia se siente incluso antes de que ella hable, una mujer din\u00e1mica y decidida en la Universidad de Bel\u00e9n. Trabaja para crear oportunidades para los j\u00f3venes, especialmente para las mujeres, y dirige iniciativas que anclan a la comunidad en la educaci\u00f3n, as\u00ed como en la esperanza, como ella dice. Ella no solo est\u00e1 reaccionando a las presiones de la vida bajo la ocupaci\u00f3n. Ella est\u00e1 construyendo algo, moldeando mentes y abriendo puertas, recordando a los estudiantes que vale la pena perseguir sus sue\u00f1os aqu\u00ed en Tierra Santa.<\/p>\n\n\n\n<p>Lea \u201c<a href=\"https:\/\/cnewa.org\/es\/revista\/paisaje-de-perdidas\/\">Paisaje de P\u00e9rdidas<\/a>\u201d en la&nbsp;<a href=\"https:\/\/cnewa.org\/es\/revista-edicion\/junio-2025\/\">edici\u00f3n de junio<\/a>&nbsp;de la revista&nbsp;<em><a href=\"https:\/\/cnewa.org\/es\/revista\/\">ONE en espa\u00f1ol<\/a><\/em>&nbsp;para obtener m\u00e1s informaci\u00f3n sobre lo que est\u00e1 sucediendo en Bel\u00e9m y el dilema en el que se encuentran residentes como la se\u00f1ora Nassar.<\/p>\n","protected":false},"excerpt":{"rendered":"<p>La ocupaci\u00f3n militar israel\u00ed de Bel\u00e9n, Cisjordania, presenta desaf\u00edos y preocupaciones para los residentes de la ciudad. Pero en la Plaza del Pesebre, la periodista Fatima AbdulKarim siente una obstinada esperanza de que algo mejor a\u00fan es posible.<\/p>\n","protected":false},"author":70019,"featured_media":6807,"comment_status":"closed","ping_status":"closed","sticky":false,"template":"","format":"standard","meta":{"_acf_changed":false,"footnotes":""},"categories":[1112,104,98],"class_list":["post-7004","post","type-post","status-publish","format-standard","has-post-thumbnail","hentry","category-respondiendo-a-las-necesidades-humanas","category-medio-oriente","category-multimedia"],"acf":[],"yoast_head":"<!-- This site is optimized with the Yoast SEO Premium plugin v27.3 (Yoast SEO v27.3) - https:\/\/yoast.com\/product\/yoast-seo-premium-wordpress\/ -->\n<title>Audio: Un Tranquilo Sentido de Desaf\u00edo en Bel\u00e9n | CNEWA Espa\u00f1ol<\/title>\n<meta name=\"description\" content=\"A pesar de la ocupaci\u00f3n militar de Bel\u00e9n, Cisjordania, un periodista siente la tenaz esperanza de que todav\u00eda es posible algo mejor.\" \/>\n<meta name=\"robots\" content=\"index, follow, max-snippet:-1, max-image-preview:large, max-video-preview:-1\" \/>\n<link rel=\"canonical\" href=\"https:\/\/cnewa.org\/es\/audio-un-tranquilo-sentido-de-desafio-en-belen\/\" \/>\n<meta property=\"og:locale\" content=\"es_ES\" \/>\n<meta property=\"og:type\" content=\"article\" \/>\n<meta property=\"og:title\" content=\"Audio: Un Tranquilo Sentido de Desaf\u00edo en Bel\u00e9n\" \/>\n<meta property=\"og:description\" content=\"A pesar de la ocupaci\u00f3n militar de Bel\u00e9n, Cisjordania, un periodista siente la tenaz esperanza de que todav\u00eda es posible algo mejor.\" \/>\n<meta property=\"og:url\" content=\"https:\/\/cnewa.org\/es\/audio-un-tranquilo-sentido-de-desafio-en-belen\/\" \/>\n<meta property=\"og:site_name\" content=\"CNEWA Espa\u00f1ol\" \/>\n<meta property=\"article:publisher\" content=\"https:\/\/www.facebook.com\/CNEWAenespanol\/\" \/>\n<meta property=\"article:published_time\" content=\"2025-08-05T18:39:33+00:00\" \/>\n<meta property=\"og:image\" content=\"https:\/\/cnewa.org\/es\/wp-content\/uploads\/sites\/5\/2025\/06\/hazboun202505_051H.jpg\" \/>\n\t<meta property=\"og:image:width\" content=\"1800\" \/>\n\t<meta property=\"og:image:height\" content=\"1200\" \/>\n\t<meta property=\"og:image:type\" content=\"image\/jpeg\" \/>\n<meta name=\"author\" content=\"Fatima AbdulKarim\" \/>\n<meta name=\"twitter:card\" content=\"summary_large_image\" \/>\n<meta name=\"twitter:label1\" content=\"Escrito por\" \/>\n\t<meta name=\"twitter:data1\" content=\"David R. Aquije\" \/>\n\t<meta name=\"twitter:label2\" content=\"Tiempo de lectura\" \/>\n\t<meta name=\"twitter:data2\" content=\"2 minutos\" \/>\n<script type=\"application\/ld+json\" class=\"yoast-schema-graph\">{\"@context\":\"https:\\\/\\\/schema.org\",\"@graph\":[{\"@type\":\"Article\",\"@id\":\"https:\\\/\\\/cnewa.org\\\/es\\\/audio-un-tranquilo-sentido-de-desafio-en-belen\\\/#article\",\"isPartOf\":{\"@id\":\"https:\\\/\\\/cnewa.org\\\/es\\\/audio-un-tranquilo-sentido-de-desafio-en-belen\\\/\"},\"author\":{\"name\":\"Fatima AbdulKarim\",\"@id\":\"https:\\\/\\\/cnewa.org\\\/es\\\/#\\\/schema\\\/person\\\/d2935c46e239b59210c38997d4aedf00\"},\"headline\":\"Audio: Un Tranquilo Sentido de Desaf\u00edo en Bel\u00e9n\",\"datePublished\":\"2025-08-05T18:39:33+00:00\",\"mainEntityOfPage\":{\"@id\":\"https:\\\/\\\/cnewa.org\\\/es\\\/audio-un-tranquilo-sentido-de-desafio-en-belen\\\/\"},\"wordCount\":327,\"publisher\":{\"@id\":\"https:\\\/\\\/cnewa.org\\\/es\\\/#organization\"},\"image\":{\"@id\":\"https:\\\/\\\/cnewa.org\\\/es\\\/audio-un-tranquilo-sentido-de-desafio-en-belen\\\/#primaryimage\"},\"thumbnailUrl\":\"https:\\\/\\\/cnewa.org\\\/es\\\/wp-content\\\/uploads\\\/sites\\\/5\\\/2025\\\/06\\\/hazboun202505_051H.jpg\",\"articleSection\":[\"Respondiendo a las Necesidades Humanas\",\"Medio Oriente\",\"Multimedia\"],\"inLanguage\":\"es\"},{\"@type\":\"WebPage\",\"@id\":\"https:\\\/\\\/cnewa.org\\\/es\\\/audio-un-tranquilo-sentido-de-desafio-en-belen\\\/\",\"url\":\"https:\\\/\\\/cnewa.org\\\/es\\\/audio-un-tranquilo-sentido-de-desafio-en-belen\\\/\",\"name\":\"Audio: Un Tranquilo Sentido de Desaf\u00edo en Bel\u00e9n | CNEWA Espa\u00f1ol\",\"isPartOf\":{\"@id\":\"https:\\\/\\\/cnewa.org\\\/es\\\/#website\"},\"primaryImageOfPage\":{\"@id\":\"https:\\\/\\\/cnewa.org\\\/es\\\/audio-un-tranquilo-sentido-de-desafio-en-belen\\\/#primaryimage\"},\"image\":{\"@id\":\"https:\\\/\\\/cnewa.org\\\/es\\\/audio-un-tranquilo-sentido-de-desafio-en-belen\\\/#primaryimage\"},\"thumbnailUrl\":\"https:\\\/\\\/cnewa.org\\\/es\\\/wp-content\\\/uploads\\\/sites\\\/5\\\/2025\\\/06\\\/hazboun202505_051H.jpg\",\"datePublished\":\"2025-08-05T18:39:33+00:00\",\"description\":\"A pesar de la ocupaci\u00f3n militar de Bel\u00e9n, Cisjordania, un periodista siente la tenaz esperanza de que todav\u00eda es posible algo mejor.\",\"breadcrumb\":{\"@id\":\"https:\\\/\\\/cnewa.org\\\/es\\\/audio-un-tranquilo-sentido-de-desafio-en-belen\\\/#breadcrumb\"},\"inLanguage\":\"es\",\"potentialAction\":[{\"@type\":\"ReadAction\",\"target\":[\"https:\\\/\\\/cnewa.org\\\/es\\\/audio-un-tranquilo-sentido-de-desafio-en-belen\\\/\"]}]},{\"@type\":\"ImageObject\",\"inLanguage\":\"es\",\"@id\":\"https:\\\/\\\/cnewa.org\\\/es\\\/audio-un-tranquilo-sentido-de-desafio-en-belen\\\/#primaryimage\",\"url\":\"https:\\\/\\\/cnewa.org\\\/es\\\/wp-content\\\/uploads\\\/sites\\\/5\\\/2025\\\/06\\\/hazboun202505_051H.jpg\",\"contentUrl\":\"https:\\\/\\\/cnewa.org\\\/es\\\/wp-content\\\/uploads\\\/sites\\\/5\\\/2025\\\/06\\\/hazboun202505_051H.jpg\",\"width\":1800,\"height\":1200,\"caption\":\"Sally Nassar enciende una vela en la Iglesia de la Natividad en Bel\u00e9n. (foto: Samar Hazboun)\"},{\"@type\":\"BreadcrumbList\",\"@id\":\"https:\\\/\\\/cnewa.org\\\/es\\\/audio-un-tranquilo-sentido-de-desafio-en-belen\\\/#breadcrumb\",\"itemListElement\":[{\"@type\":\"ListItem\",\"position\":1,\"name\":\"Inicio\",\"item\":\"https:\\\/\\\/cnewa.org\\\/es\\\/\"},{\"@type\":\"ListItem\",\"position\":2,\"name\":\"Medio Oriente\",\"item\":\"https:\\\/\\\/cnewa.org\\\/es\\\/categoria\\\/medio-oriente\\\/\"},{\"@type\":\"ListItem\",\"position\":3,\"name\":\"Audio: Un Tranquilo Sentido de Desaf\u00edo en Bel\u00e9n\"}]},{\"@type\":\"WebSite\",\"@id\":\"https:\\\/\\\/cnewa.org\\\/es\\\/#website\",\"url\":\"https:\\\/\\\/cnewa.org\\\/es\\\/\",\"name\":\"CNEWA Espa\u00f1ol\",\"description\":\"Asociaci\u00f3n Cat\u00f3lica para el Bienestar del Cercano Oriente\",\"publisher\":{\"@id\":\"https:\\\/\\\/cnewa.org\\\/es\\\/#organization\"},\"potentialAction\":[{\"@type\":\"SearchAction\",\"target\":{\"@type\":\"EntryPoint\",\"urlTemplate\":\"https:\\\/\\\/cnewa.org\\\/es\\\/?s={search_term_string}\"},\"query-input\":{\"@type\":\"PropertyValueSpecification\",\"valueRequired\":true,\"valueName\":\"search_term_string\"}}],\"inLanguage\":\"es\"},{\"@type\":\"Organization\",\"@id\":\"https:\\\/\\\/cnewa.org\\\/es\\\/#organization\",\"name\":\"CNEWA Espa\u00f1ol\",\"alternateName\":\"Asociaci\u00f3n Cat\u00f3lica para el Bienestar del Cercano Oriente\",\"url\":\"https:\\\/\\\/cnewa.org\\\/es\\\/\",\"logo\":{\"@type\":\"ImageObject\",\"inLanguage\":\"es\",\"@id\":\"https:\\\/\\\/cnewa.org\\\/es\\\/#\\\/schema\\\/logo\\\/image\\\/\",\"url\":\"https:\\\/\\\/cnewa.org\\\/es\\\/wp-content\\\/uploads\\\/sites\\\/5\\\/2021\\\/07\\\/CNEWA-brand-logo.png\",\"contentUrl\":\"https:\\\/\\\/cnewa.org\\\/es\\\/wp-content\\\/uploads\\\/sites\\\/5\\\/2021\\\/07\\\/CNEWA-brand-logo.png\",\"width\":1000,\"height\":1000,\"caption\":\"CNEWA Espa\u00f1ol\"},\"image\":{\"@id\":\"https:\\\/\\\/cnewa.org\\\/es\\\/#\\\/schema\\\/logo\\\/image\\\/\"},\"sameAs\":[\"https:\\\/\\\/www.facebook.com\\\/CNEWAenespanol\\\/\",\"https:\\\/\\\/www.instagram.com\\\/cnewa1926\\\/\",\"https:\\\/\\\/www.youtube.com\\\/user\\\/TheCNEWA\"]},{\"@type\":\"Person\",\"name\":\"Fatima AbdulKarim\"}]}<\/script>\n<!-- \/ Yoast SEO Premium plugin. -->","yoast_head_json":{"title":"Audio: Un Tranquilo Sentido de Desaf\u00edo en Bel\u00e9n | CNEWA Espa\u00f1ol","description":"A pesar de la ocupaci\u00f3n militar de Bel\u00e9n, Cisjordania, un periodista siente la tenaz esperanza de que todav\u00eda es posible algo mejor.","robots":{"index":"index","follow":"follow","max-snippet":"max-snippet:-1","max-image-preview":"max-image-preview:large","max-video-preview":"max-video-preview:-1"},"canonical":"https:\/\/cnewa.org\/es\/audio-un-tranquilo-sentido-de-desafio-en-belen\/","og_locale":"es_ES","og_type":"article","og_title":"Audio: Un Tranquilo Sentido de Desaf\u00edo en Bel\u00e9n","og_description":"A pesar de la ocupaci\u00f3n militar de Bel\u00e9n, Cisjordania, un periodista siente la tenaz esperanza de que todav\u00eda es posible algo mejor.","og_url":"https:\/\/cnewa.org\/es\/audio-un-tranquilo-sentido-de-desafio-en-belen\/","og_site_name":"CNEWA Espa\u00f1ol","article_publisher":"https:\/\/www.facebook.com\/CNEWAenespanol\/","article_published_time":"2025-08-05T18:39:33+00:00","og_image":[{"width":1800,"height":1200,"url":"https:\/\/cnewa.org\/es\/wp-content\/uploads\/sites\/5\/2025\/06\/hazboun202505_051H.jpg","type":"image\/jpeg"}],"author":"Fatima AbdulKarim","twitter_card":"summary_large_image","twitter_misc":{"Escrito por":"David R. Aquije","Tiempo de lectura":"2 minutos"},"schema":{"@context":"https:\/\/schema.org","@graph":[{"@type":"Article","@id":"https:\/\/cnewa.org\/es\/audio-un-tranquilo-sentido-de-desafio-en-belen\/#article","isPartOf":{"@id":"https:\/\/cnewa.org\/es\/audio-un-tranquilo-sentido-de-desafio-en-belen\/"},"author":{"name":"Fatima AbdulKarim","@id":"https:\/\/cnewa.org\/es\/#\/schema\/person\/d2935c46e239b59210c38997d4aedf00"},"headline":"Audio: Un Tranquilo Sentido de Desaf\u00edo en Bel\u00e9n","datePublished":"2025-08-05T18:39:33+00:00","mainEntityOfPage":{"@id":"https:\/\/cnewa.org\/es\/audio-un-tranquilo-sentido-de-desafio-en-belen\/"},"wordCount":327,"publisher":{"@id":"https:\/\/cnewa.org\/es\/#organization"},"image":{"@id":"https:\/\/cnewa.org\/es\/audio-un-tranquilo-sentido-de-desafio-en-belen\/#primaryimage"},"thumbnailUrl":"https:\/\/cnewa.org\/es\/wp-content\/uploads\/sites\/5\/2025\/06\/hazboun202505_051H.jpg","articleSection":["Respondiendo a las Necesidades Humanas","Medio Oriente","Multimedia"],"inLanguage":"es"},{"@type":"WebPage","@id":"https:\/\/cnewa.org\/es\/audio-un-tranquilo-sentido-de-desafio-en-belen\/","url":"https:\/\/cnewa.org\/es\/audio-un-tranquilo-sentido-de-desafio-en-belen\/","name":"Audio: Un Tranquilo Sentido de Desaf\u00edo en Bel\u00e9n | CNEWA Espa\u00f1ol","isPartOf":{"@id":"https:\/\/cnewa.org\/es\/#website"},"primaryImageOfPage":{"@id":"https:\/\/cnewa.org\/es\/audio-un-tranquilo-sentido-de-desafio-en-belen\/#primaryimage"},"image":{"@id":"https:\/\/cnewa.org\/es\/audio-un-tranquilo-sentido-de-desafio-en-belen\/#primaryimage"},"thumbnailUrl":"https:\/\/cnewa.org\/es\/wp-content\/uploads\/sites\/5\/2025\/06\/hazboun202505_051H.jpg","datePublished":"2025-08-05T18:39:33+00:00","description":"A pesar de la ocupaci\u00f3n militar de Bel\u00e9n, Cisjordania, un periodista siente la tenaz esperanza de que todav\u00eda es posible algo mejor.","breadcrumb":{"@id":"https:\/\/cnewa.org\/es\/audio-un-tranquilo-sentido-de-desafio-en-belen\/#breadcrumb"},"inLanguage":"es","potentialAction":[{"@type":"ReadAction","target":["https:\/\/cnewa.org\/es\/audio-un-tranquilo-sentido-de-desafio-en-belen\/"]}]},{"@type":"ImageObject","inLanguage":"es","@id":"https:\/\/cnewa.org\/es\/audio-un-tranquilo-sentido-de-desafio-en-belen\/#primaryimage","url":"https:\/\/cnewa.org\/es\/wp-content\/uploads\/sites\/5\/2025\/06\/hazboun202505_051H.jpg","contentUrl":"https:\/\/cnewa.org\/es\/wp-content\/uploads\/sites\/5\/2025\/06\/hazboun202505_051H.jpg","width":1800,"height":1200,"caption":"Sally Nassar enciende una vela en la Iglesia de la Natividad en Bel\u00e9n. (foto: Samar Hazboun)"},{"@type":"BreadcrumbList","@id":"https:\/\/cnewa.org\/es\/audio-un-tranquilo-sentido-de-desafio-en-belen\/#breadcrumb","itemListElement":[{"@type":"ListItem","position":1,"name":"Inicio","item":"https:\/\/cnewa.org\/es\/"},{"@type":"ListItem","position":2,"name":"Medio Oriente","item":"https:\/\/cnewa.org\/es\/categoria\/medio-oriente\/"},{"@type":"ListItem","position":3,"name":"Audio: Un Tranquilo Sentido de Desaf\u00edo en Bel\u00e9n"}]},{"@type":"WebSite","@id":"https:\/\/cnewa.org\/es\/#website","url":"https:\/\/cnewa.org\/es\/","name":"CNEWA Espa\u00f1ol","description":"Asociaci\u00f3n Cat\u00f3lica para el Bienestar del Cercano Oriente","publisher":{"@id":"https:\/\/cnewa.org\/es\/#organization"},"potentialAction":[{"@type":"SearchAction","target":{"@type":"EntryPoint","urlTemplate":"https:\/\/cnewa.org\/es\/?s={search_term_string}"},"query-input":{"@type":"PropertyValueSpecification","valueRequired":true,"valueName":"search_term_string"}}],"inLanguage":"es"},{"@type":"Organization","@id":"https:\/\/cnewa.org\/es\/#organization","name":"CNEWA Espa\u00f1ol","alternateName":"Asociaci\u00f3n Cat\u00f3lica para el Bienestar del Cercano Oriente","url":"https:\/\/cnewa.org\/es\/","logo":{"@type":"ImageObject","inLanguage":"es","@id":"https:\/\/cnewa.org\/es\/#\/schema\/logo\/image\/","url":"https:\/\/cnewa.org\/es\/wp-content\/uploads\/sites\/5\/2021\/07\/CNEWA-brand-logo.png","contentUrl":"https:\/\/cnewa.org\/es\/wp-content\/uploads\/sites\/5\/2021\/07\/CNEWA-brand-logo.png","width":1000,"height":1000,"caption":"CNEWA Espa\u00f1ol"},"image":{"@id":"https:\/\/cnewa.org\/es\/#\/schema\/logo\/image\/"},"sameAs":["https:\/\/www.facebook.com\/CNEWAenespanol\/","https:\/\/www.instagram.com\/cnewa1926\/","https:\/\/www.youtube.com\/user\/TheCNEWA"]},{"@type":"Person","name":"Fatima AbdulKarim"}]}},"_links":{"self":[{"href":"https:\/\/cnewa.org\/es\/wp-json\/wp\/v2\/posts\/7004","targetHints":{"allow":["GET"]}}],"collection":[{"href":"https:\/\/cnewa.org\/es\/wp-json\/wp\/v2\/posts"}],"about":[{"href":"https:\/\/cnewa.org\/es\/wp-json\/wp\/v2\/types\/post"}],"author":[{"embeddable":true,"href":"https:\/\/cnewa.org\/es\/wp-json\/wp\/v2\/users\/70019"}],"replies":[{"embeddable":true,"href":"https:\/\/cnewa.org\/es\/wp-json\/wp\/v2\/comments?post=7004"}],"version-history":[{"count":4,"href":"https:\/\/cnewa.org\/es\/wp-json\/wp\/v2\/posts\/7004\/revisions"}],"predecessor-version":[{"id":7008,"href":"https:\/\/cnewa.org\/es\/wp-json\/wp\/v2\/posts\/7004\/revisions\/7008"}],"wp:featuredmedia":[{"embeddable":true,"href":"https:\/\/cnewa.org\/es\/wp-json\/wp\/v2\/media\/6807"}],"wp:attachment":[{"href":"https:\/\/cnewa.org\/es\/wp-json\/wp\/v2\/media?parent=7004"}],"wp:term":[{"taxonomy":"category","embeddable":true,"href":"https:\/\/cnewa.org\/es\/wp-json\/wp\/v2\/categories?post=7004"}],"curies":[{"name":"wp","href":"https:\/\/api.w.org\/{rel}","templated":true}]}}