{"id":7860,"date":"2026-03-13T09:48:57","date_gmt":"2026-03-13T13:48:57","guid":{"rendered":"https:\/\/cnewa.org\/es\/?p=7860"},"modified":"2026-03-13T09:48:57","modified_gmt":"2026-03-13T13:48:57","slug":"cnewa-inicia-su-segundo-siglo-enviando-ayuda-de-emergencia-al-medio-oriente","status":"publish","type":"post","link":"https:\/\/cnewa.org\/es\/cnewa-inicia-su-segundo-siglo-enviando-ayuda-de-emergencia-al-medio-oriente\/","title":{"rendered":"CNEWA Inicia Su Segundo Siglo Enviando Ayuda de Emergencia al Medio Oriente"},"content":{"rendered":"\n<h2 class=\"wp-block-heading has-medium-font-size\" id=\"h-el-11-de-marzo-cnewa-conmemoro-su-centenario-con-la-entrega-de-un-millon-de-dolares-en-fondos-de-emergencia-para-asistir-a-familias-desplazadas-en-el-sur-del-libano-cirugias-de-emergencia-en-gaza-y-subvenciones-para-ayudar-a-las-comunidades-sitiadas-en-cisjordania-palestina-esto-forma-parte-de-su-campana-de-emergencia-iniciada-tras-los-ataques-coordinados-entre-israel-y-estados-unidos-contra-iran-y-la-posterior-respuesta-irani-todos-los-fondos-se-destinan-a-iniciativas-y-esfuerzos-de-ayuda-liderados-por-la-iglesia\">El 11 de marzo, CNEWA conmemor\u00f3 su centenario con la entrega de un mill\u00f3n de d\u00f3lares en fondos de emergencia para asistir a familias desplazadas en el sur del L\u00edbano, cirug\u00edas de emergencia en Gaza y subvenciones para ayudar a las comunidades sitiadas en Cisjordania palestina. Esto forma parte de su campa\u00f1a de emergencia, iniciada tras los ataques coordinados entre Israel y Estados Unidos contra Ir\u00e1n y la posterior respuesta iran\u00ed. Todos los fondos se destinan a iniciativas y esfuerzos de ayuda liderados por la Iglesia.<\/h2>\n\n\n\n<p>Desde octubre de 2023, CNEWA ha enviado m\u00e1s de 3,8 millones de d\u00f3lares en fondos de emergencia al Medio Oriente, gracias a sus generosos benefactores y amigos en Estados Unidos, Europa y el Medio Oriente. Esto incluye subvenciones por valor de 1,7 millones de d\u00f3lares procedentes de la colecta especial convocada por la Conferencia de Obispos Cat\u00f3licos de los Estados Unidos en agosto de 2025, que se han utilizado en parroquias de todo el pa\u00eds. Hasta la fecha, los fondos de las di\u00f3cesis y parroquias estadounidenses han brindado apoyo para:<\/p>\n\n\n\n<ul class=\"wp-block-list\">\n<li>Programa de emergencia del Patriarcado Latino de Jerusal\u00e9n en Gaza<\/li>\n\n\n\n<li>Ayuda para la matr\u00edcula y el pago de salarios al personal de las escuelas del Patriarcado Latino<\/li>\n\n\n\n<li>Apoyo a la unidad de quemaduras y cirug\u00edas del Hospital Anglicano Al-Ahli en Gaza<\/li>\n\n\n\n<li>Equipo de laboratorio para la cl\u00ednica Al-Rimal del Consejo de Iglesias del Cercano Oriente en Gaza<\/li>\n\n\n\n<li>Kits de invierno y apoyo nutricional para familias y ni\u00f1os en Gaza<\/li>\n\n\n\n<li>Empleos de emergencia para desempleados en la zona de Bel\u00e9n, Cisjordania<\/li>\n\n\n\n<li>Ayuda a Taybeh y Bel\u00e9n, devastadas por los ataques de los colonizadores y la ruina econ\u00f3mica<\/li>\n\n\n\n<li>Alimentos, refugio y colchones para familias desplazadas que huyen de los bombardeos del sur del L\u00edbano.<\/li>\n<\/ul>\n\n\n\n<p>\u201cHace diez d\u00edas, el 1 de marzo, el mundo del Medio Oriente y CNEWA cambiaron dr\u00e1sticamente con la escalada y el estallido de la guerra en toda la regi\u00f3n\u201d, declar\u00f3 el presidente de CNEWA, Mons. Peter I. Vaccari. \u201cHoy en d\u00eda, en todos los lugares donde trabaja CNEWA se vive la experiencia de la guerra, cientos de miles de desplazados internos y se ven bombardeos y drones explosivos como si fuera un videojuego\u201d.<\/p>\n\n\n\n<p>\u201cPero esto no es un juego\u201d, continu\u00f3. \u201cEsta es la brutal realidad de la vida de todos en la regi\u00f3n, que se ha visto perturbada e irrevocablemente afectada. Existe una <a href=\"https:\/\/cnewa.org\/es\/que-hacemos\/emergencia-medio-oriente-en-llamas\/\">necesidad desesperada<\/a> de asistencia humanitaria b\u00e1sica: agua potable, alimentos, medicamentos, equipos m\u00e9dicos m\u00f3viles, kits de higiene y refugio. Y dado el sufrimiento emocional y traum\u00e1tico, se necesita apoyo psicosocial para quienes reciben atenci\u00f3n y quienes la cuidan\u201d.<\/p>\n\n\n\n<p>En un mensaje a los amigos y benefactores de CNEWA, Mons. Vaccari se\u00f1al\u00f3: \u201cAl comenzar nuestro segundo siglo de servicio, perm\u00edtanme agradecerles por formar parte de nuestra red mundial de generosidad y compasi\u00f3n: nuestra comunidad CNEWA, unida en la fe y la creencia en la dignidad humana esencial que es inherente a cada hijo de Dios\u201d.<\/p>\n\n\n\n<p>Al observar la espiral viciosa de soledad entre quienes, sin culpa propia, est\u00e1n sometidos al terror de una guerra constante y total, Mons. Vaccari record\u00f3 a esta familia de CNEWA que \u201csolo por el poder de la misericordia de Dios podemos caminar juntos, del brazo de nuestro pr\u00f3jimo \u2014quienquiera que sea y dondequiera que est\u00e9\u2014, y seguir viviendo ese mandato evang\u00e9lico de \u201cir y hacer lo mismo\u201d.<\/p>\n\n\n\n<p>\u201cGracias a ustedes y a las generaciones de buenas personas que nos han precedido, CNEWA ha estado construyendo puentes durante los \u00faltimos 100 a\u00f1os. Nos hemos asociado con las iglesias apost\u00f3licas orientales para sanar a los enfermos, alimentar a los hambrientos, consolar a los abatidos y dar refugio a los desplazados en todo el Medio Oriente, el noreste de \u00c1frica, la India y Europa del Este\u201d.<\/p>\n\n\n\n<h3 class=\"wp-block-heading\" id=\"h-y-aunque-el-mundo-se-ve-muy-diferente-de-lo-que-era-en-el-momento-de-nuestra-fundacion-nuestra-mision-como-agencia-de-sanacion-y-esperanza-es-mas-vital-que-nunca\">Y aunque \u201cel mundo se ve muy diferente de lo que era en el momento de nuestra fundaci\u00f3n, nuestra misi\u00f3n como agencia de sanaci\u00f3n y esperanza es m\u00e1s vital que nunca\u201d.<\/h3>\n","protected":false},"excerpt":{"rendered":"<p>CNEWA destina 1 mill\u00f3n de d\u00f3lares en fondos de emergencia para ayudar a familias en el sur del L\u00edbano, Gaza y Cisjordania (Palestina).<\/p>\n","protected":false},"author":70019,"featured_media":7839,"comment_status":"open","ping_status":"closed","sticky":false,"template":"","format":"standard","meta":{"_acf_changed":false,"footnotes":""},"categories":[1112,104],"class_list":["post-7860","post","type-post","status-publish","format-standard","has-post-thumbnail","hentry","category-respondiendo-a-las-necesidades-humanas","category-medio-oriente"],"acf":[],"yoast_head":"<!-- This site is optimized with the Yoast SEO Premium plugin v27.3 (Yoast SEO v27.3) - https:\/\/yoast.com\/product\/yoast-seo-premium-wordpress\/ -->\n<title>CNEWA Env\u00eda Ayuda de Emergencia al Medio Oriente | CNEWA Espa\u00f1ol<\/title>\n<meta name=\"description\" content=\"CNEWA destina 1 mill\u00f3n de d\u00f3lares en fondos de emergencia para ayudar a familias en el sur del L\u00edbano, Gaza y Cisjordania (Palestina).\" \/>\n<meta name=\"robots\" content=\"index, follow, max-snippet:-1, max-image-preview:large, max-video-preview:-1\" \/>\n<link rel=\"canonical\" href=\"https:\/\/cnewa.org\/es\/cnewa-inicia-su-segundo-siglo-enviando-ayuda-de-emergencia-al-medio-oriente\/\" \/>\n<meta property=\"og:locale\" content=\"es_ES\" \/>\n<meta property=\"og:type\" content=\"article\" \/>\n<meta property=\"og:title\" content=\"CNEWA Inicia Su Segundo Siglo Enviando Ayuda de Emergencia al Medio Oriente\" \/>\n<meta property=\"og:description\" content=\"CNEWA destina 1 mill\u00f3n de d\u00f3lares en fondos de emergencia para ayudar a familias en el sur del L\u00edbano, Gaza y Cisjordania (Palestina).\" \/>\n<meta property=\"og:url\" content=\"https:\/\/cnewa.org\/es\/cnewa-inicia-su-segundo-siglo-enviando-ayuda-de-emergencia-al-medio-oriente\/\" \/>\n<meta property=\"og:site_name\" content=\"CNEWA Espa\u00f1ol\" \/>\n<meta property=\"article:publisher\" content=\"https:\/\/www.facebook.com\/CNEWAenespanol\/\" \/>\n<meta property=\"article:published_time\" content=\"2026-03-13T13:48:57+00:00\" \/>\n<meta property=\"og:image\" content=\"https:\/\/cnewa.org\/es\/wp-content\/uploads\/sites\/5\/2026\/03\/Lebanon-Homepage-2026-MAR2.jpg\" \/>\n\t<meta property=\"og:image:width\" content=\"1800\" \/>\n\t<meta property=\"og:image:height\" content=\"900\" \/>\n\t<meta property=\"og:image:type\" content=\"image\/jpeg\" \/>\n<meta name=\"author\" content=\"Michael J. La Civita\" \/>\n<meta name=\"twitter:card\" content=\"summary_large_image\" \/>\n<meta name=\"twitter:label1\" content=\"Escrito por\" \/>\n\t<meta name=\"twitter:data1\" content=\"David R. Aquije\" \/>\n\t<meta name=\"twitter:label2\" content=\"Tiempo de lectura\" \/>\n\t<meta name=\"twitter:data2\" content=\"4 minutos\" \/>\n<script type=\"application\/ld+json\" class=\"yoast-schema-graph\">{\"@context\":\"https:\\\/\\\/schema.org\",\"@graph\":[{\"@type\":\"Article\",\"@id\":\"https:\\\/\\\/cnewa.org\\\/es\\\/cnewa-inicia-su-segundo-siglo-enviando-ayuda-de-emergencia-al-medio-oriente\\\/#article\",\"isPartOf\":{\"@id\":\"https:\\\/\\\/cnewa.org\\\/es\\\/cnewa-inicia-su-segundo-siglo-enviando-ayuda-de-emergencia-al-medio-oriente\\\/\"},\"author\":{\"name\":\"Michael J. La Civita\",\"@id\":\"https:\\\/\\\/cnewa.org\\\/es\\\/#\\\/schema\\\/person\\\/d2935c46e239b59210c38997d4aedf00\"},\"headline\":\"CNEWA Inicia Su Segundo Siglo Enviando Ayuda de Emergencia al Medio Oriente\",\"datePublished\":\"2026-03-13T13:48:57+00:00\",\"mainEntityOfPage\":{\"@id\":\"https:\\\/\\\/cnewa.org\\\/es\\\/cnewa-inicia-su-segundo-siglo-enviando-ayuda-de-emergencia-al-medio-oriente\\\/\"},\"wordCount\":696,\"commentCount\":0,\"publisher\":{\"@id\":\"https:\\\/\\\/cnewa.org\\\/es\\\/#organization\"},\"image\":{\"@id\":\"https:\\\/\\\/cnewa.org\\\/es\\\/cnewa-inicia-su-segundo-siglo-enviando-ayuda-de-emergencia-al-medio-oriente\\\/#primaryimage\"},\"thumbnailUrl\":\"https:\\\/\\\/cnewa.org\\\/es\\\/wp-content\\\/uploads\\\/sites\\\/5\\\/2026\\\/03\\\/Lebanon-Homepage-2026-MAR2.jpg\",\"articleSection\":[\"Respondiendo a las Necesidades Humanas\",\"Medio Oriente\"],\"inLanguage\":\"es\",\"potentialAction\":[{\"@type\":\"CommentAction\",\"name\":\"Comment\",\"target\":[\"https:\\\/\\\/cnewa.org\\\/es\\\/cnewa-inicia-su-segundo-siglo-enviando-ayuda-de-emergencia-al-medio-oriente\\\/#respond\"]}]},{\"@type\":\"WebPage\",\"@id\":\"https:\\\/\\\/cnewa.org\\\/es\\\/cnewa-inicia-su-segundo-siglo-enviando-ayuda-de-emergencia-al-medio-oriente\\\/\",\"url\":\"https:\\\/\\\/cnewa.org\\\/es\\\/cnewa-inicia-su-segundo-siglo-enviando-ayuda-de-emergencia-al-medio-oriente\\\/\",\"name\":\"CNEWA Env\u00eda Ayuda de Emergencia al Medio Oriente | CNEWA Espa\u00f1ol\",\"isPartOf\":{\"@id\":\"https:\\\/\\\/cnewa.org\\\/es\\\/#website\"},\"primaryImageOfPage\":{\"@id\":\"https:\\\/\\\/cnewa.org\\\/es\\\/cnewa-inicia-su-segundo-siglo-enviando-ayuda-de-emergencia-al-medio-oriente\\\/#primaryimage\"},\"image\":{\"@id\":\"https:\\\/\\\/cnewa.org\\\/es\\\/cnewa-inicia-su-segundo-siglo-enviando-ayuda-de-emergencia-al-medio-oriente\\\/#primaryimage\"},\"thumbnailUrl\":\"https:\\\/\\\/cnewa.org\\\/es\\\/wp-content\\\/uploads\\\/sites\\\/5\\\/2026\\\/03\\\/Lebanon-Homepage-2026-MAR2.jpg\",\"datePublished\":\"2026-03-13T13:48:57+00:00\",\"description\":\"CNEWA destina 1 mill\u00f3n de d\u00f3lares en fondos de emergencia para ayudar a familias en el sur del L\u00edbano, Gaza y Cisjordania (Palestina).\",\"breadcrumb\":{\"@id\":\"https:\\\/\\\/cnewa.org\\\/es\\\/cnewa-inicia-su-segundo-siglo-enviando-ayuda-de-emergencia-al-medio-oriente\\\/#breadcrumb\"},\"inLanguage\":\"es\",\"potentialAction\":[{\"@type\":\"ReadAction\",\"target\":[\"https:\\\/\\\/cnewa.org\\\/es\\\/cnewa-inicia-su-segundo-siglo-enviando-ayuda-de-emergencia-al-medio-oriente\\\/\"]}]},{\"@type\":\"ImageObject\",\"inLanguage\":\"es\",\"@id\":\"https:\\\/\\\/cnewa.org\\\/es\\\/cnewa-inicia-su-segundo-siglo-enviando-ayuda-de-emergencia-al-medio-oriente\\\/#primaryimage\",\"url\":\"https:\\\/\\\/cnewa.org\\\/es\\\/wp-content\\\/uploads\\\/sites\\\/5\\\/2026\\\/03\\\/Lebanon-Homepage-2026-MAR2.jpg\",\"contentUrl\":\"https:\\\/\\\/cnewa.org\\\/es\\\/wp-content\\\/uploads\\\/sites\\\/5\\\/2026\\\/03\\\/Lebanon-Homepage-2026-MAR2.jpg\",\"width\":1800,\"height\":900,\"caption\":\"Michel Constantin, director regional de CNEWA para L\u00edbano, Siria, Irak y Egipto, ayuda a distribuir mantas, almohadas y colchones en Deir el Ahmar, L\u00edbano, en octubre de 2024. (foto: Raghida Skaff)\"},{\"@type\":\"BreadcrumbList\",\"@id\":\"https:\\\/\\\/cnewa.org\\\/es\\\/cnewa-inicia-su-segundo-siglo-enviando-ayuda-de-emergencia-al-medio-oriente\\\/#breadcrumb\",\"itemListElement\":[{\"@type\":\"ListItem\",\"position\":1,\"name\":\"Inicio\",\"item\":\"https:\\\/\\\/cnewa.org\\\/es\\\/\"},{\"@type\":\"ListItem\",\"position\":2,\"name\":\"Respondiendo a las Necesidades Humanas\",\"item\":\"https:\\\/\\\/cnewa.org\\\/es\\\/categoria\\\/respondiendo-a-las-necesidades-humanas\\\/\"},{\"@type\":\"ListItem\",\"position\":3,\"name\":\"CNEWA Inicia Su Segundo Siglo Enviando Ayuda de Emergencia al Medio Oriente\"}]},{\"@type\":\"WebSite\",\"@id\":\"https:\\\/\\\/cnewa.org\\\/es\\\/#website\",\"url\":\"https:\\\/\\\/cnewa.org\\\/es\\\/\",\"name\":\"CNEWA Espa\u00f1ol\",\"description\":\"Asociaci\u00f3n Cat\u00f3lica para el Bienestar del Cercano Oriente\",\"publisher\":{\"@id\":\"https:\\\/\\\/cnewa.org\\\/es\\\/#organization\"},\"potentialAction\":[{\"@type\":\"SearchAction\",\"target\":{\"@type\":\"EntryPoint\",\"urlTemplate\":\"https:\\\/\\\/cnewa.org\\\/es\\\/?s={search_term_string}\"},\"query-input\":{\"@type\":\"PropertyValueSpecification\",\"valueRequired\":true,\"valueName\":\"search_term_string\"}}],\"inLanguage\":\"es\"},{\"@type\":\"Organization\",\"@id\":\"https:\\\/\\\/cnewa.org\\\/es\\\/#organization\",\"name\":\"CNEWA Espa\u00f1ol\",\"alternateName\":\"Asociaci\u00f3n Cat\u00f3lica para el Bienestar del Cercano Oriente\",\"url\":\"https:\\\/\\\/cnewa.org\\\/es\\\/\",\"logo\":{\"@type\":\"ImageObject\",\"inLanguage\":\"es\",\"@id\":\"https:\\\/\\\/cnewa.org\\\/es\\\/#\\\/schema\\\/logo\\\/image\\\/\",\"url\":\"https:\\\/\\\/cnewa.org\\\/es\\\/wp-content\\\/uploads\\\/sites\\\/5\\\/2021\\\/07\\\/CNEWA-brand-logo.png\",\"contentUrl\":\"https:\\\/\\\/cnewa.org\\\/es\\\/wp-content\\\/uploads\\\/sites\\\/5\\\/2021\\\/07\\\/CNEWA-brand-logo.png\",\"width\":1000,\"height\":1000,\"caption\":\"CNEWA Espa\u00f1ol\"},\"image\":{\"@id\":\"https:\\\/\\\/cnewa.org\\\/es\\\/#\\\/schema\\\/logo\\\/image\\\/\"},\"sameAs\":[\"https:\\\/\\\/www.facebook.com\\\/CNEWAenespanol\\\/\",\"https:\\\/\\\/www.instagram.com\\\/cnewa1926\\\/\",\"https:\\\/\\\/www.youtube.com\\\/user\\\/TheCNEWA\"]},{\"@type\":\"Person\",\"name\":\"Michael J. La Civita\"}]}<\/script>\n<!-- \/ Yoast SEO Premium plugin. -->","yoast_head_json":{"title":"CNEWA Env\u00eda Ayuda de Emergencia al Medio Oriente | CNEWA Espa\u00f1ol","description":"CNEWA destina 1 mill\u00f3n de d\u00f3lares en fondos de emergencia para ayudar a familias en el sur del L\u00edbano, Gaza y Cisjordania (Palestina).","robots":{"index":"index","follow":"follow","max-snippet":"max-snippet:-1","max-image-preview":"max-image-preview:large","max-video-preview":"max-video-preview:-1"},"canonical":"https:\/\/cnewa.org\/es\/cnewa-inicia-su-segundo-siglo-enviando-ayuda-de-emergencia-al-medio-oriente\/","og_locale":"es_ES","og_type":"article","og_title":"CNEWA Inicia Su Segundo Siglo Enviando Ayuda de Emergencia al Medio Oriente","og_description":"CNEWA destina 1 mill\u00f3n de d\u00f3lares en fondos de emergencia para ayudar a familias en el sur del L\u00edbano, Gaza y Cisjordania (Palestina).","og_url":"https:\/\/cnewa.org\/es\/cnewa-inicia-su-segundo-siglo-enviando-ayuda-de-emergencia-al-medio-oriente\/","og_site_name":"CNEWA Espa\u00f1ol","article_publisher":"https:\/\/www.facebook.com\/CNEWAenespanol\/","article_published_time":"2026-03-13T13:48:57+00:00","og_image":[{"width":1800,"height":900,"url":"https:\/\/cnewa.org\/es\/wp-content\/uploads\/sites\/5\/2026\/03\/Lebanon-Homepage-2026-MAR2.jpg","type":"image\/jpeg"}],"author":"Michael J. La Civita","twitter_card":"summary_large_image","twitter_misc":{"Escrito por":"David R. Aquije","Tiempo de lectura":"4 minutos"},"schema":{"@context":"https:\/\/schema.org","@graph":[{"@type":"Article","@id":"https:\/\/cnewa.org\/es\/cnewa-inicia-su-segundo-siglo-enviando-ayuda-de-emergencia-al-medio-oriente\/#article","isPartOf":{"@id":"https:\/\/cnewa.org\/es\/cnewa-inicia-su-segundo-siglo-enviando-ayuda-de-emergencia-al-medio-oriente\/"},"author":{"name":"Michael J. La Civita","@id":"https:\/\/cnewa.org\/es\/#\/schema\/person\/d2935c46e239b59210c38997d4aedf00"},"headline":"CNEWA Inicia Su Segundo Siglo Enviando Ayuda de Emergencia al Medio Oriente","datePublished":"2026-03-13T13:48:57+00:00","mainEntityOfPage":{"@id":"https:\/\/cnewa.org\/es\/cnewa-inicia-su-segundo-siglo-enviando-ayuda-de-emergencia-al-medio-oriente\/"},"wordCount":696,"commentCount":0,"publisher":{"@id":"https:\/\/cnewa.org\/es\/#organization"},"image":{"@id":"https:\/\/cnewa.org\/es\/cnewa-inicia-su-segundo-siglo-enviando-ayuda-de-emergencia-al-medio-oriente\/#primaryimage"},"thumbnailUrl":"https:\/\/cnewa.org\/es\/wp-content\/uploads\/sites\/5\/2026\/03\/Lebanon-Homepage-2026-MAR2.jpg","articleSection":["Respondiendo a las Necesidades Humanas","Medio Oriente"],"inLanguage":"es","potentialAction":[{"@type":"CommentAction","name":"Comment","target":["https:\/\/cnewa.org\/es\/cnewa-inicia-su-segundo-siglo-enviando-ayuda-de-emergencia-al-medio-oriente\/#respond"]}]},{"@type":"WebPage","@id":"https:\/\/cnewa.org\/es\/cnewa-inicia-su-segundo-siglo-enviando-ayuda-de-emergencia-al-medio-oriente\/","url":"https:\/\/cnewa.org\/es\/cnewa-inicia-su-segundo-siglo-enviando-ayuda-de-emergencia-al-medio-oriente\/","name":"CNEWA Env\u00eda Ayuda de Emergencia al Medio Oriente | CNEWA Espa\u00f1ol","isPartOf":{"@id":"https:\/\/cnewa.org\/es\/#website"},"primaryImageOfPage":{"@id":"https:\/\/cnewa.org\/es\/cnewa-inicia-su-segundo-siglo-enviando-ayuda-de-emergencia-al-medio-oriente\/#primaryimage"},"image":{"@id":"https:\/\/cnewa.org\/es\/cnewa-inicia-su-segundo-siglo-enviando-ayuda-de-emergencia-al-medio-oriente\/#primaryimage"},"thumbnailUrl":"https:\/\/cnewa.org\/es\/wp-content\/uploads\/sites\/5\/2026\/03\/Lebanon-Homepage-2026-MAR2.jpg","datePublished":"2026-03-13T13:48:57+00:00","description":"CNEWA destina 1 mill\u00f3n de d\u00f3lares en fondos de emergencia para ayudar a familias en el sur del L\u00edbano, Gaza y Cisjordania (Palestina).","breadcrumb":{"@id":"https:\/\/cnewa.org\/es\/cnewa-inicia-su-segundo-siglo-enviando-ayuda-de-emergencia-al-medio-oriente\/#breadcrumb"},"inLanguage":"es","potentialAction":[{"@type":"ReadAction","target":["https:\/\/cnewa.org\/es\/cnewa-inicia-su-segundo-siglo-enviando-ayuda-de-emergencia-al-medio-oriente\/"]}]},{"@type":"ImageObject","inLanguage":"es","@id":"https:\/\/cnewa.org\/es\/cnewa-inicia-su-segundo-siglo-enviando-ayuda-de-emergencia-al-medio-oriente\/#primaryimage","url":"https:\/\/cnewa.org\/es\/wp-content\/uploads\/sites\/5\/2026\/03\/Lebanon-Homepage-2026-MAR2.jpg","contentUrl":"https:\/\/cnewa.org\/es\/wp-content\/uploads\/sites\/5\/2026\/03\/Lebanon-Homepage-2026-MAR2.jpg","width":1800,"height":900,"caption":"Michel Constantin, director regional de CNEWA para L\u00edbano, Siria, Irak y Egipto, ayuda a distribuir mantas, almohadas y colchones en Deir el Ahmar, L\u00edbano, en octubre de 2024. (foto: Raghida Skaff)"},{"@type":"BreadcrumbList","@id":"https:\/\/cnewa.org\/es\/cnewa-inicia-su-segundo-siglo-enviando-ayuda-de-emergencia-al-medio-oriente\/#breadcrumb","itemListElement":[{"@type":"ListItem","position":1,"name":"Inicio","item":"https:\/\/cnewa.org\/es\/"},{"@type":"ListItem","position":2,"name":"Respondiendo a las Necesidades Humanas","item":"https:\/\/cnewa.org\/es\/categoria\/respondiendo-a-las-necesidades-humanas\/"},{"@type":"ListItem","position":3,"name":"CNEWA Inicia Su Segundo Siglo Enviando Ayuda de Emergencia al Medio Oriente"}]},{"@type":"WebSite","@id":"https:\/\/cnewa.org\/es\/#website","url":"https:\/\/cnewa.org\/es\/","name":"CNEWA Espa\u00f1ol","description":"Asociaci\u00f3n Cat\u00f3lica para el Bienestar del Cercano Oriente","publisher":{"@id":"https:\/\/cnewa.org\/es\/#organization"},"potentialAction":[{"@type":"SearchAction","target":{"@type":"EntryPoint","urlTemplate":"https:\/\/cnewa.org\/es\/?s={search_term_string}"},"query-input":{"@type":"PropertyValueSpecification","valueRequired":true,"valueName":"search_term_string"}}],"inLanguage":"es"},{"@type":"Organization","@id":"https:\/\/cnewa.org\/es\/#organization","name":"CNEWA Espa\u00f1ol","alternateName":"Asociaci\u00f3n Cat\u00f3lica para el Bienestar del Cercano Oriente","url":"https:\/\/cnewa.org\/es\/","logo":{"@type":"ImageObject","inLanguage":"es","@id":"https:\/\/cnewa.org\/es\/#\/schema\/logo\/image\/","url":"https:\/\/cnewa.org\/es\/wp-content\/uploads\/sites\/5\/2021\/07\/CNEWA-brand-logo.png","contentUrl":"https:\/\/cnewa.org\/es\/wp-content\/uploads\/sites\/5\/2021\/07\/CNEWA-brand-logo.png","width":1000,"height":1000,"caption":"CNEWA Espa\u00f1ol"},"image":{"@id":"https:\/\/cnewa.org\/es\/#\/schema\/logo\/image\/"},"sameAs":["https:\/\/www.facebook.com\/CNEWAenespanol\/","https:\/\/www.instagram.com\/cnewa1926\/","https:\/\/www.youtube.com\/user\/TheCNEWA"]},{"@type":"Person","name":"Michael J. La Civita"}]}},"_links":{"self":[{"href":"https:\/\/cnewa.org\/es\/wp-json\/wp\/v2\/posts\/7860","targetHints":{"allow":["GET"]}}],"collection":[{"href":"https:\/\/cnewa.org\/es\/wp-json\/wp\/v2\/posts"}],"about":[{"href":"https:\/\/cnewa.org\/es\/wp-json\/wp\/v2\/types\/post"}],"author":[{"embeddable":true,"href":"https:\/\/cnewa.org\/es\/wp-json\/wp\/v2\/users\/70019"}],"replies":[{"embeddable":true,"href":"https:\/\/cnewa.org\/es\/wp-json\/wp\/v2\/comments?post=7860"}],"version-history":[{"count":3,"href":"https:\/\/cnewa.org\/es\/wp-json\/wp\/v2\/posts\/7860\/revisions"}],"predecessor-version":[{"id":7865,"href":"https:\/\/cnewa.org\/es\/wp-json\/wp\/v2\/posts\/7860\/revisions\/7865"}],"wp:featuredmedia":[{"embeddable":true,"href":"https:\/\/cnewa.org\/es\/wp-json\/wp\/v2\/media\/7839"}],"wp:attachment":[{"href":"https:\/\/cnewa.org\/es\/wp-json\/wp\/v2\/media?parent=7860"}],"wp:term":[{"taxonomy":"category","embeddable":true,"href":"https:\/\/cnewa.org\/es\/wp-json\/wp\/v2\/categories?post=7860"}],"curies":[{"name":"wp","href":"https:\/\/api.w.org\/{rel}","templated":true}]}}