{"id":7873,"date":"2026-03-13T14:49:53","date_gmt":"2026-03-13T18:49:53","guid":{"rendered":"https:\/\/cnewa.org\/es\/?p=7873"},"modified":"2026-03-13T14:49:55","modified_gmt":"2026-03-13T18:49:55","slug":"la-guerra-regresa-al-libano","status":"publish","type":"post","link":"https:\/\/cnewa.org\/es\/la-guerra-regresa-al-libano\/","title":{"rendered":"La Guerra Regresa al L\u00edbano"},"content":{"rendered":"\n<h2 class=\"wp-block-heading has-medium-font-size\" id=\"h-los-habitantes-de-los-suburbios-del-sur-de-beirut-estan-huyendo-por-decenas-de-miles-desde-que-el-ejercito-israeli-emitio-una-orden-de-evacuacion-el-5-de-marzo-y-el-ministro-de-finanzas-israeli-bezalel-smotrich-advierte-que-estos-suburbios-pronto-se-parecerian-a-khan-younis-la-ciudad-devastada-en-la-franja-de-gaza\">Los habitantes de los suburbios del sur de Beirut estan huyendo por decenas de miles desde que el ej\u00e9rcito israel\u00ed emiti\u00f3 una orden de evacuaci\u00f3n el 5 de marzo, y el ministro de Finanzas israel\u00ed Bezalel Smotrich advierte que estos suburbios pronto se parecer\u00edan \u201ca Khan Younis\u201d, la ciudad devastada en la Franja de Gaza.<\/h2>\n\n\n\n<p>Las zonas designadas para evacuaci\u00f3n albergan a m\u00e1s de 700.000 personas.&nbsp;<\/p>\n\n\n\n<p>La orden provoc\u00f3 escenas de p\u00e1nico y enormes atascos en Beirut, la capital del <a href=\"https:\/\/cnewa.org\/es\/donde-trabajamos\/medio-oriente\/libano\/\">L\u00edbano<\/a>, mientras la gente hu\u00eda a zonas que normalmente se evitaban bombardeos. Fue la tercera oleada de desplazamiento en una semana.\u00a0<\/p>\n\n\n\n<p>Las familias han estado durmiendo en coches o en colchones en las aceras desde el 2 de marzo, cuando Hezbol\u00e1 lanz\u00f3 cohetes contra Israel en respuesta al bombardeo israel\u00ed-estadounidense contra Ir\u00e1n y el asesinato del L\u00edder Supremo Iran\u00ed Ali Jamenei el 28 de febrero. Israel respondi\u00f3 con misiles que apuntaban al sur del L\u00edbano, la Bekaa y los suburbios del sur de Beirut, todas zonas con poblaciones chi\u00edes musulmanas considerables.<\/p>\n\n\n\n<figure class=\"wp-block-image size-large\"><img loading=\"lazy\" decoding=\"async\" width=\"1024\" height=\"610\" src=\"https:\/\/cnewa.org\/es\/wp-content\/uploads\/sites\/5\/2026\/03\/skaff202603_006H-1024x610.jpg\" alt=\"Gente viendo en la calle junto a bolsas.\" class=\"wp-image-7874\" srcset=\"https:\/\/cnewa.org\/es\/wp-content\/uploads\/sites\/5\/2026\/03\/skaff202603_006H-1024x610.jpg 1024w, https:\/\/cnewa.org\/es\/wp-content\/uploads\/sites\/5\/2026\/03\/skaff202603_006H-300x179.jpg 300w, https:\/\/cnewa.org\/es\/wp-content\/uploads\/sites\/5\/2026\/03\/skaff202603_006H-768x458.jpg 768w, https:\/\/cnewa.org\/es\/wp-content\/uploads\/sites\/5\/2026\/03\/skaff202603_006H-1536x916.jpg 1536w, https:\/\/cnewa.org\/es\/wp-content\/uploads\/sites\/5\/2026\/03\/skaff202603_006H-1600x954.jpg 1600w, https:\/\/cnewa.org\/es\/wp-content\/uploads\/sites\/5\/2026\/03\/skaff202603_006H.jpg 1800w\" sizes=\"auto, (max-width: 1024px) 100vw, 1024px\" \/><figcaption class=\"wp-element-caption\">Miles de personas que huyeron de Dahye, un suburbio del sur de Beirut, tras recibir una orden de evacuaci\u00f3n del ej\u00e9rcito israel\u00ed el 5 de marzo, ahora viven en las calles de Beirut. (foto: Raghida Skaff)<\/figcaption><\/figure>\n\n\n\n<h3 class=\"wp-block-heading\" id=\"h-fue-una-noche-de-puro-horror-dijo-ali-soueida-residente-de-los-suburbios-del-sur-de-beirut-donde-el-su-esposa-y-su-hijo-de-18-meses-hussein-fueron-despertados-por-misiles-israelies-desde-entonces-la-familia-ha-estado-durmiendo-en-un-coche-que-pidieron-prestado-a-un-amigo\">\u201cFue una noche de puro horror\u201d, dijo Ali Soueida, residente de los suburbios del sur de Beirut, donde \u00e9l, su esposa y su hijo de 18 meses, Hussein, fueron despertados por misiles israel\u00edes. Desde entonces, la familia ha estado durmiendo en un coche que pidieron prestado a un amigo.<\/h3>\n\n\n\n<p>\u201cNo puedo dormir, no puedo ayunar ni puedo comer\u201d, dijo su esposa, Roubna, el 5 de marzo, dos semanas despu\u00e9s de empezar el Ramad\u00e1n.<\/p>\n\n\n\n<p>A su alrededor, otras familias estaban sentadas en sillas, en el suelo o en sus coches, con sus pertenencias esenciales empaquetadas en bolsas de pl\u00e1stico.<\/p>\n\n\n\n<p>En todo el L\u00edbano, hasta el 8 de marzo, se hab\u00edan abierto m\u00e1s de 500 refugios, que albergaban a unas 110.000 personas desplazadas en condiciones precarias, con acceso limitado a ba\u00f1os o cocinas para cocinar.<\/p>\n\n\n\n<p>Bassam Younes se refugi\u00f3 en Dekwaneh, un suburbio oriental de Beirut, con su esposa y cuatro hijos. Huyeron de su hogar en Dibl, un pueblo a tres millas de la frontera israel\u00ed. El trayecto de 70 millas dur\u00f3 24 horas.&nbsp;<\/p>\n\n\n\n<p>\u201cLas carreteras estaban llenas de gente huyendo\u201d, dijo. \u201cTem\u00edamos que Israel nos bombardeara. En momentos as\u00ed, solo tienes a Dios\u201d.<\/p>\n\n\n\n<figure class=\"wp-block-image size-large\"><img loading=\"lazy\" decoding=\"async\" width=\"1024\" height=\"683\" src=\"https:\/\/cnewa.org\/es\/wp-content\/uploads\/sites\/5\/2026\/03\/skaff202603_049H-1024x683.jpg\" alt=\"Dos ni\u00f1os sentados en una calle junto a cartones.\" class=\"wp-image-7877\" srcset=\"https:\/\/cnewa.org\/es\/wp-content\/uploads\/sites\/5\/2026\/03\/skaff202603_049H-1024x683.jpg 1024w, https:\/\/cnewa.org\/es\/wp-content\/uploads\/sites\/5\/2026\/03\/skaff202603_049H-300x200.jpg 300w, https:\/\/cnewa.org\/es\/wp-content\/uploads\/sites\/5\/2026\/03\/skaff202603_049H-768x512.jpg 768w, https:\/\/cnewa.org\/es\/wp-content\/uploads\/sites\/5\/2026\/03\/skaff202603_049H-1536x1024.jpg 1536w, https:\/\/cnewa.org\/es\/wp-content\/uploads\/sites\/5\/2026\/03\/skaff202603_049H-1600x1067.jpg 1600w, https:\/\/cnewa.org\/es\/wp-content\/uploads\/sites\/5\/2026\/03\/skaff202603_049H.jpg 1800w\" sizes=\"auto, (max-width: 1024px) 100vw, 1024px\" \/><figcaption class=\"wp-element-caption\">Ni\u00f1os libaneses, desplazados por las \u00f3rdenes de evacuaci\u00f3n del ej\u00e9rcito israel\u00ed, est\u00e1n sentados en la Plaza de los M\u00e1rtires en Beirut. (foto: Raghida Skaff)<\/figcaption><\/figure>\n\n\n\n<p>\u201cPor ahora, nos estamos quedando con familiares. Encontr\u00e9 un apartamento para alquilar que cuesta 500 d\u00f3lares, pero no s\u00e9 c\u00f3mo lo pagar\u00e9\u201d, dijo Younes, cuya familia fue desplazada por la guerra en 2023 y de nuevo en 2024.<\/p>\n\n\n\n<p>El 5 de marzo, Younes busc\u00f3 ayuda en el centro de las Hermanas de la Caridad de Santa Juana-Antide Thouret en el suburbio de Beirut, Nabaa.<\/p>\n\n\n\n<p>En las crisis, las familias libanesas dependen unas de otras; el Estado ofrece poca ayuda. Sin embargo, dijo la hermana Feryal Karam, que dirige el programa de trabajo social de las hermanas en Nabaa, \u201cincluso cuando las personas desplazadas son acogidas por familiares, son pobres y no pueden pagar el costo de la acogida a largo plazo\u201d.<\/p>\n\n\n\n<p>\u201cHasta ahora, 25 familias se han puesto en contacto con nosotros. Son las mismas familias que huyeron del sur a Nabaa durante la escalada de 2024\u201d, afirm\u00f3.&nbsp;<\/p>\n\n\n\n<h3 class=\"wp-block-heading\" id=\"h-esta-nueva-escalada-fue-tan-repentina-que-no-tenemos-nada-que-los-respalde-las-organizaciones-que-financian-la-respuesta-de-ayuda-estan-evaluando-actualmente-las-necesidades\">\u201cEsta nueva escalada fue tan repentina que no tenemos nada que los respalde. Las organizaciones que financian la respuesta de ayuda est\u00e1n evaluando actualmente las necesidades\u201d.<\/h3>\n\n\n\n<p>El 4 de marzo, la oficina regional de CNEWA en Beirut estim\u00f3 el costo de mantener al menos a 6.000 familias con mantas, colchones, paquetes de alimentos, combustible y ayuda en efectivo en 1 mill\u00f3n de d\u00f3lares.&nbsp;<\/p>\n\n\n\n<p>Adem\u00e1s de la vivienda, el se\u00f1or Younes dijo que necesita urgentemente dinero para medicinas y combustible para su coche.<\/p>\n\n\n\n<figure class=\"wp-block-image size-large\"><img loading=\"lazy\" decoding=\"async\" width=\"1024\" height=\"683\" src=\"https:\/\/cnewa.org\/es\/wp-content\/uploads\/sites\/5\/2026\/03\/skaff202603_032H-1024x683.jpg\" alt=\"Una religiosa estrecha la mano de una mujer sentada en un sof\u00e1. Otro hombre est\u00e1 sentado junto a la mujer.\" class=\"wp-image-7876\" srcset=\"https:\/\/cnewa.org\/es\/wp-content\/uploads\/sites\/5\/2026\/03\/skaff202603_032H-1024x683.jpg 1024w, https:\/\/cnewa.org\/es\/wp-content\/uploads\/sites\/5\/2026\/03\/skaff202603_032H-300x200.jpg 300w, https:\/\/cnewa.org\/es\/wp-content\/uploads\/sites\/5\/2026\/03\/skaff202603_032H-768x512.jpg 768w, https:\/\/cnewa.org\/es\/wp-content\/uploads\/sites\/5\/2026\/03\/skaff202603_032H-1536x1024.jpg 1536w, https:\/\/cnewa.org\/es\/wp-content\/uploads\/sites\/5\/2026\/03\/skaff202603_032H-1600x1067.jpg 1600w, https:\/\/cnewa.org\/es\/wp-content\/uploads\/sites\/5\/2026\/03\/skaff202603_032H.jpg 1800w\" sizes=\"auto, (max-width: 1024px) 100vw, 1024px\" \/><figcaption class=\"wp-element-caption\">La hermana Marie Touma, superiora de las Hermanas Antoninas, habla con personas que huyeron de Hadath y que se han refugiado en el convento. (foto: Raghida Skaff)<\/figcaption><\/figure>\n\n\n\n<p>May Karam huy\u00f3 de su hogar en Hadath el 5 de marzo, tras la difusi\u00f3n de las \u00f3rdenes de evacuaci\u00f3n por Israel, y se refugi\u00f3 a seis millas en el convento de las Hermanas Antoninas en Roumieh, donde su hija es miembro.&nbsp;<\/p>\n\n\n\n<p>Karam comparte una unidad de un dormitorio en el s\u00f3tano del convento con ocho miembros de su familia, incluidos sus suegros y tres nietos.<\/p>\n\n\n\n<p>\u201cEsperamos que ma\u00f1ana sea mejor\u201d, dijo Karam.<\/p>\n\n\n\n<p>La comunidad religiosa tambi\u00e9n abri\u00f3 sus puertas a cuatro hermanas de la congregaci\u00f3n, que dirigen el instituto Antonino en Nabatieh, una de las ciudades m\u00e1s grandes del sur del L\u00edbano.&nbsp;<\/p>\n\n\n\n<p>\u201cLlor\u00e9 cuando salimos del colegio\u201d, dijo la hermana Marie Touma, superiora de las Hermanas Antoninas.<\/p>\n\n\n\n<p>\u201cFuimos a las aulas para abrir las ventanas, para que no se rompieran bajo los bombardeos, lo cual fue desgarrador\u201d, dijo. El colegio cuenta con 1.100 estudiantes; la mayor\u00eda son musulmanes.&nbsp;<\/p>\n\n\n\n<p>Durante la mayor parte de la guerra de 66 d\u00edas en 2024, ella y otra religiosa se quedaron en el colegio para ayudar a los desplazados.&nbsp;<\/p>\n\n\n\n<h3 class=\"wp-block-heading\" id=\"h-esta-vez-el-bombardeo-fue-inmediatamente-muy-intenso-asi-que-nos-fuimos-dijo\">\u201cEsta vez, el bombardeo fue inmediatamente muy intenso, as\u00ed que nos fuimos\u201d, dijo.<\/h3>\n\n\n\n<p>Desde el alto el fuego en noviembre de 2024, las hermanas hab\u00edan regresado al colegio, a pesar de m\u00e1s de 15.400 violaciones del alto el fuego por parte del ej\u00e9rcito israel\u00ed, la presencia constante de aviones de guerra y la vigilancia con drones.<\/p>\n\n\n\n<p>\u201cNo sabemos cu\u00e1ndo podremos volver\u201d, dijo.<\/p>\n\n\n\n<p>A finales del 9 de marzo, la Agencia de Noticias de Catar inform\u00f3 de que m\u00e1s de 480 personas hab\u00edan muerto en el L\u00edbano. Entre los fallecidos estaba el p\u00e1rroco maronita de la aldea cristiana de Qlayaa, el reverendo Pierre al-Rahi, que se hab\u00eda negado a abandonar su comunidad situada a pocas millas de la frontera israel\u00ed.&nbsp;<\/p>\n\n\n\n<p>El padre Pierre muri\u00f3 mientras atend\u00eda a un feligr\u00e9s que hab\u00eda sufrido heridas durante un anterior ataque israel\u00ed al pueblo.<\/p>\n","protected":false},"excerpt":{"rendered":"<p>Desde que la guerra a gran escala se reanud\u00f3 el 2 de marzo, alrededor de 490 personas han muerto y m\u00e1s de 670.000 han huido de sus hogares y comunidades.<\/p>\n","protected":false},"author":70019,"featured_media":7875,"comment_status":"open","ping_status":"closed","sticky":false,"template":"","format":"standard","meta":{"_acf_changed":false,"footnotes":""},"categories":[1112,104,3,512],"class_list":["post-7873","post","type-post","status-publish","format-standard","has-post-thumbnail","hentry","category-respondiendo-a-las-necesidades-humanas","category-medio-oriente","category-noticias","category-libano"],"acf":[],"yoast_head":"<!-- This site is optimized with the Yoast SEO Premium plugin v27.3 (Yoast SEO v27.3) - https:\/\/yoast.com\/product\/yoast-seo-premium-wordpress\/ -->\n<title>La Guerra Regresa al L\u00edbano | CNEWA Espa\u00f1ol<\/title>\n<meta name=\"description\" content=\"Desde que la guerra se reanud\u00f3 el 2 de marzo, alrededor de 490 personas han muerto y m\u00e1s de 670.000 han huido de sus hogares en el L\u00edbano.\" \/>\n<meta name=\"robots\" content=\"index, follow, max-snippet:-1, max-image-preview:large, max-video-preview:-1\" \/>\n<link rel=\"canonical\" href=\"https:\/\/cnewa.org\/es\/la-guerra-regresa-al-libano\/\" \/>\n<meta property=\"og:locale\" content=\"es_ES\" \/>\n<meta property=\"og:type\" content=\"article\" \/>\n<meta property=\"og:title\" content=\"La Guerra Regresa al L\u00edbano\" \/>\n<meta property=\"og:description\" content=\"Desde que la guerra se reanud\u00f3 el 2 de marzo, alrededor de 490 personas han muerto y m\u00e1s de 670.000 han huido de sus hogares en el L\u00edbano.\" \/>\n<meta property=\"og:url\" content=\"https:\/\/cnewa.org\/es\/la-guerra-regresa-al-libano\/\" \/>\n<meta property=\"og:site_name\" content=\"CNEWA Espa\u00f1ol\" \/>\n<meta property=\"article:publisher\" content=\"https:\/\/www.facebook.com\/CNEWAenespanol\/\" \/>\n<meta property=\"article:published_time\" content=\"2026-03-13T18:49:53+00:00\" \/>\n<meta property=\"article:modified_time\" content=\"2026-03-13T18:49:55+00:00\" \/>\n<meta property=\"og:image\" content=\"https:\/\/cnewa.org\/es\/wp-content\/uploads\/sites\/5\/2026\/03\/skaff202603_027H.jpg\" \/>\n\t<meta property=\"og:image:width\" content=\"1800\" \/>\n\t<meta property=\"og:image:height\" content=\"1200\" \/>\n\t<meta property=\"og:image:type\" content=\"image\/jpeg\" \/>\n<meta name=\"author\" content=\"Laure Delacloche\" \/>\n<meta name=\"twitter:card\" content=\"summary_large_image\" \/>\n<meta name=\"twitter:label1\" content=\"Escrito por\" \/>\n\t<meta name=\"twitter:data1\" content=\"David R. Aquije\" \/>\n\t<meta name=\"twitter:label2\" content=\"Tiempo de lectura\" \/>\n\t<meta name=\"twitter:data2\" content=\"6 minutos\" \/>\n<script type=\"application\/ld+json\" class=\"yoast-schema-graph\">{\"@context\":\"https:\\\/\\\/schema.org\",\"@graph\":[{\"@type\":\"Article\",\"@id\":\"https:\\\/\\\/cnewa.org\\\/es\\\/la-guerra-regresa-al-libano\\\/#article\",\"isPartOf\":{\"@id\":\"https:\\\/\\\/cnewa.org\\\/es\\\/la-guerra-regresa-al-libano\\\/\"},\"author\":{\"name\":\"Laure Delacloche\",\"@id\":\"https:\\\/\\\/cnewa.org\\\/es\\\/#\\\/schema\\\/person\\\/d2935c46e239b59210c38997d4aedf00\"},\"headline\":\"La Guerra Regresa al L\u00edbano\",\"datePublished\":\"2026-03-13T18:49:53+00:00\",\"dateModified\":\"2026-03-13T18:49:55+00:00\",\"mainEntityOfPage\":{\"@id\":\"https:\\\/\\\/cnewa.org\\\/es\\\/la-guerra-regresa-al-libano\\\/\"},\"wordCount\":1039,\"commentCount\":0,\"publisher\":{\"@id\":\"https:\\\/\\\/cnewa.org\\\/es\\\/#organization\"},\"image\":{\"@id\":\"https:\\\/\\\/cnewa.org\\\/es\\\/la-guerra-regresa-al-libano\\\/#primaryimage\"},\"thumbnailUrl\":\"https:\\\/\\\/cnewa.org\\\/es\\\/wp-content\\\/uploads\\\/sites\\\/5\\\/2026\\\/03\\\/skaff202603_027H.jpg\",\"articleSection\":[\"Respondiendo a las Necesidades Humanas\",\"Medio Oriente\",\"Noticias\",\"Libano\"],\"inLanguage\":\"es\",\"potentialAction\":[{\"@type\":\"CommentAction\",\"name\":\"Comment\",\"target\":[\"https:\\\/\\\/cnewa.org\\\/es\\\/la-guerra-regresa-al-libano\\\/#respond\"]}]},{\"@type\":\"WebPage\",\"@id\":\"https:\\\/\\\/cnewa.org\\\/es\\\/la-guerra-regresa-al-libano\\\/\",\"url\":\"https:\\\/\\\/cnewa.org\\\/es\\\/la-guerra-regresa-al-libano\\\/\",\"name\":\"La Guerra Regresa al L\u00edbano | CNEWA Espa\u00f1ol\",\"isPartOf\":{\"@id\":\"https:\\\/\\\/cnewa.org\\\/es\\\/#website\"},\"primaryImageOfPage\":{\"@id\":\"https:\\\/\\\/cnewa.org\\\/es\\\/la-guerra-regresa-al-libano\\\/#primaryimage\"},\"image\":{\"@id\":\"https:\\\/\\\/cnewa.org\\\/es\\\/la-guerra-regresa-al-libano\\\/#primaryimage\"},\"thumbnailUrl\":\"https:\\\/\\\/cnewa.org\\\/es\\\/wp-content\\\/uploads\\\/sites\\\/5\\\/2026\\\/03\\\/skaff202603_027H.jpg\",\"datePublished\":\"2026-03-13T18:49:53+00:00\",\"dateModified\":\"2026-03-13T18:49:55+00:00\",\"description\":\"Desde que la guerra se reanud\u00f3 el 2 de marzo, alrededor de 490 personas han muerto y m\u00e1s de 670.000 han huido de sus hogares en el L\u00edbano.\",\"breadcrumb\":{\"@id\":\"https:\\\/\\\/cnewa.org\\\/es\\\/la-guerra-regresa-al-libano\\\/#breadcrumb\"},\"inLanguage\":\"es\",\"potentialAction\":[{\"@type\":\"ReadAction\",\"target\":[\"https:\\\/\\\/cnewa.org\\\/es\\\/la-guerra-regresa-al-libano\\\/\"]}]},{\"@type\":\"ImageObject\",\"inLanguage\":\"es\",\"@id\":\"https:\\\/\\\/cnewa.org\\\/es\\\/la-guerra-regresa-al-libano\\\/#primaryimage\",\"url\":\"https:\\\/\\\/cnewa.org\\\/es\\\/wp-content\\\/uploads\\\/sites\\\/5\\\/2026\\\/03\\\/skaff202603_027H.jpg\",\"contentUrl\":\"https:\\\/\\\/cnewa.org\\\/es\\\/wp-content\\\/uploads\\\/sites\\\/5\\\/2026\\\/03\\\/skaff202603_027H.jpg\",\"width\":1800,\"height\":1200,\"caption\":\"Jason, 5, observa en directo por televisi\u00f3n el bombardeo israel\u00ed sobre Dahye, un suburbio del sur de Beirut. \u00c9l y su familia huyeron de la cercana Hadath y encontraron refugio con las Hermanas Antoninas. \u201cSi hubi\u00e9ramos estado en casa, habr\u00edamos muerto en el bombardeo\u201d, dijo. (foto: Raghida Skaff)\"},{\"@type\":\"BreadcrumbList\",\"@id\":\"https:\\\/\\\/cnewa.org\\\/es\\\/la-guerra-regresa-al-libano\\\/#breadcrumb\",\"itemListElement\":[{\"@type\":\"ListItem\",\"position\":1,\"name\":\"Inicio\",\"item\":\"https:\\\/\\\/cnewa.org\\\/es\\\/\"},{\"@type\":\"ListItem\",\"position\":2,\"name\":\"Respondiendo a las Necesidades Humanas\",\"item\":\"https:\\\/\\\/cnewa.org\\\/es\\\/categoria\\\/respondiendo-a-las-necesidades-humanas\\\/\"},{\"@type\":\"ListItem\",\"position\":3,\"name\":\"La Guerra Regresa al L\u00edbano\"}]},{\"@type\":\"WebSite\",\"@id\":\"https:\\\/\\\/cnewa.org\\\/es\\\/#website\",\"url\":\"https:\\\/\\\/cnewa.org\\\/es\\\/\",\"name\":\"CNEWA Espa\u00f1ol\",\"description\":\"Asociaci\u00f3n Cat\u00f3lica para el Bienestar del Cercano Oriente\",\"publisher\":{\"@id\":\"https:\\\/\\\/cnewa.org\\\/es\\\/#organization\"},\"potentialAction\":[{\"@type\":\"SearchAction\",\"target\":{\"@type\":\"EntryPoint\",\"urlTemplate\":\"https:\\\/\\\/cnewa.org\\\/es\\\/?s={search_term_string}\"},\"query-input\":{\"@type\":\"PropertyValueSpecification\",\"valueRequired\":true,\"valueName\":\"search_term_string\"}}],\"inLanguage\":\"es\"},{\"@type\":\"Organization\",\"@id\":\"https:\\\/\\\/cnewa.org\\\/es\\\/#organization\",\"name\":\"CNEWA Espa\u00f1ol\",\"alternateName\":\"Asociaci\u00f3n Cat\u00f3lica para el Bienestar del Cercano Oriente\",\"url\":\"https:\\\/\\\/cnewa.org\\\/es\\\/\",\"logo\":{\"@type\":\"ImageObject\",\"inLanguage\":\"es\",\"@id\":\"https:\\\/\\\/cnewa.org\\\/es\\\/#\\\/schema\\\/logo\\\/image\\\/\",\"url\":\"https:\\\/\\\/cnewa.org\\\/es\\\/wp-content\\\/uploads\\\/sites\\\/5\\\/2021\\\/07\\\/CNEWA-brand-logo.png\",\"contentUrl\":\"https:\\\/\\\/cnewa.org\\\/es\\\/wp-content\\\/uploads\\\/sites\\\/5\\\/2021\\\/07\\\/CNEWA-brand-logo.png\",\"width\":1000,\"height\":1000,\"caption\":\"CNEWA Espa\u00f1ol\"},\"image\":{\"@id\":\"https:\\\/\\\/cnewa.org\\\/es\\\/#\\\/schema\\\/logo\\\/image\\\/\"},\"sameAs\":[\"https:\\\/\\\/www.facebook.com\\\/CNEWAenespanol\\\/\",\"https:\\\/\\\/www.instagram.com\\\/cnewa1926\\\/\",\"https:\\\/\\\/www.youtube.com\\\/user\\\/TheCNEWA\"]},{\"@type\":\"Person\",\"name\":\"Laure Delacloche\"}]}<\/script>\n<!-- \/ Yoast SEO Premium plugin. -->","yoast_head_json":{"title":"La Guerra Regresa al L\u00edbano | CNEWA Espa\u00f1ol","description":"Desde que la guerra se reanud\u00f3 el 2 de marzo, alrededor de 490 personas han muerto y m\u00e1s de 670.000 han huido de sus hogares en el L\u00edbano.","robots":{"index":"index","follow":"follow","max-snippet":"max-snippet:-1","max-image-preview":"max-image-preview:large","max-video-preview":"max-video-preview:-1"},"canonical":"https:\/\/cnewa.org\/es\/la-guerra-regresa-al-libano\/","og_locale":"es_ES","og_type":"article","og_title":"La Guerra Regresa al L\u00edbano","og_description":"Desde que la guerra se reanud\u00f3 el 2 de marzo, alrededor de 490 personas han muerto y m\u00e1s de 670.000 han huido de sus hogares en el L\u00edbano.","og_url":"https:\/\/cnewa.org\/es\/la-guerra-regresa-al-libano\/","og_site_name":"CNEWA Espa\u00f1ol","article_publisher":"https:\/\/www.facebook.com\/CNEWAenespanol\/","article_published_time":"2026-03-13T18:49:53+00:00","article_modified_time":"2026-03-13T18:49:55+00:00","og_image":[{"width":1800,"height":1200,"url":"https:\/\/cnewa.org\/es\/wp-content\/uploads\/sites\/5\/2026\/03\/skaff202603_027H.jpg","type":"image\/jpeg"}],"author":"Laure Delacloche","twitter_card":"summary_large_image","twitter_misc":{"Escrito por":"David R. Aquije","Tiempo de lectura":"6 minutos"},"schema":{"@context":"https:\/\/schema.org","@graph":[{"@type":"Article","@id":"https:\/\/cnewa.org\/es\/la-guerra-regresa-al-libano\/#article","isPartOf":{"@id":"https:\/\/cnewa.org\/es\/la-guerra-regresa-al-libano\/"},"author":{"name":"Laure Delacloche","@id":"https:\/\/cnewa.org\/es\/#\/schema\/person\/d2935c46e239b59210c38997d4aedf00"},"headline":"La Guerra Regresa al L\u00edbano","datePublished":"2026-03-13T18:49:53+00:00","dateModified":"2026-03-13T18:49:55+00:00","mainEntityOfPage":{"@id":"https:\/\/cnewa.org\/es\/la-guerra-regresa-al-libano\/"},"wordCount":1039,"commentCount":0,"publisher":{"@id":"https:\/\/cnewa.org\/es\/#organization"},"image":{"@id":"https:\/\/cnewa.org\/es\/la-guerra-regresa-al-libano\/#primaryimage"},"thumbnailUrl":"https:\/\/cnewa.org\/es\/wp-content\/uploads\/sites\/5\/2026\/03\/skaff202603_027H.jpg","articleSection":["Respondiendo a las Necesidades Humanas","Medio Oriente","Noticias","Libano"],"inLanguage":"es","potentialAction":[{"@type":"CommentAction","name":"Comment","target":["https:\/\/cnewa.org\/es\/la-guerra-regresa-al-libano\/#respond"]}]},{"@type":"WebPage","@id":"https:\/\/cnewa.org\/es\/la-guerra-regresa-al-libano\/","url":"https:\/\/cnewa.org\/es\/la-guerra-regresa-al-libano\/","name":"La Guerra Regresa al L\u00edbano | CNEWA Espa\u00f1ol","isPartOf":{"@id":"https:\/\/cnewa.org\/es\/#website"},"primaryImageOfPage":{"@id":"https:\/\/cnewa.org\/es\/la-guerra-regresa-al-libano\/#primaryimage"},"image":{"@id":"https:\/\/cnewa.org\/es\/la-guerra-regresa-al-libano\/#primaryimage"},"thumbnailUrl":"https:\/\/cnewa.org\/es\/wp-content\/uploads\/sites\/5\/2026\/03\/skaff202603_027H.jpg","datePublished":"2026-03-13T18:49:53+00:00","dateModified":"2026-03-13T18:49:55+00:00","description":"Desde que la guerra se reanud\u00f3 el 2 de marzo, alrededor de 490 personas han muerto y m\u00e1s de 670.000 han huido de sus hogares en el L\u00edbano.","breadcrumb":{"@id":"https:\/\/cnewa.org\/es\/la-guerra-regresa-al-libano\/#breadcrumb"},"inLanguage":"es","potentialAction":[{"@type":"ReadAction","target":["https:\/\/cnewa.org\/es\/la-guerra-regresa-al-libano\/"]}]},{"@type":"ImageObject","inLanguage":"es","@id":"https:\/\/cnewa.org\/es\/la-guerra-regresa-al-libano\/#primaryimage","url":"https:\/\/cnewa.org\/es\/wp-content\/uploads\/sites\/5\/2026\/03\/skaff202603_027H.jpg","contentUrl":"https:\/\/cnewa.org\/es\/wp-content\/uploads\/sites\/5\/2026\/03\/skaff202603_027H.jpg","width":1800,"height":1200,"caption":"Jason, 5, observa en directo por televisi\u00f3n el bombardeo israel\u00ed sobre Dahye, un suburbio del sur de Beirut. \u00c9l y su familia huyeron de la cercana Hadath y encontraron refugio con las Hermanas Antoninas. \u201cSi hubi\u00e9ramos estado en casa, habr\u00edamos muerto en el bombardeo\u201d, dijo. (foto: Raghida Skaff)"},{"@type":"BreadcrumbList","@id":"https:\/\/cnewa.org\/es\/la-guerra-regresa-al-libano\/#breadcrumb","itemListElement":[{"@type":"ListItem","position":1,"name":"Inicio","item":"https:\/\/cnewa.org\/es\/"},{"@type":"ListItem","position":2,"name":"Respondiendo a las Necesidades Humanas","item":"https:\/\/cnewa.org\/es\/categoria\/respondiendo-a-las-necesidades-humanas\/"},{"@type":"ListItem","position":3,"name":"La Guerra Regresa al L\u00edbano"}]},{"@type":"WebSite","@id":"https:\/\/cnewa.org\/es\/#website","url":"https:\/\/cnewa.org\/es\/","name":"CNEWA Espa\u00f1ol","description":"Asociaci\u00f3n Cat\u00f3lica para el Bienestar del Cercano Oriente","publisher":{"@id":"https:\/\/cnewa.org\/es\/#organization"},"potentialAction":[{"@type":"SearchAction","target":{"@type":"EntryPoint","urlTemplate":"https:\/\/cnewa.org\/es\/?s={search_term_string}"},"query-input":{"@type":"PropertyValueSpecification","valueRequired":true,"valueName":"search_term_string"}}],"inLanguage":"es"},{"@type":"Organization","@id":"https:\/\/cnewa.org\/es\/#organization","name":"CNEWA Espa\u00f1ol","alternateName":"Asociaci\u00f3n Cat\u00f3lica para el Bienestar del Cercano Oriente","url":"https:\/\/cnewa.org\/es\/","logo":{"@type":"ImageObject","inLanguage":"es","@id":"https:\/\/cnewa.org\/es\/#\/schema\/logo\/image\/","url":"https:\/\/cnewa.org\/es\/wp-content\/uploads\/sites\/5\/2021\/07\/CNEWA-brand-logo.png","contentUrl":"https:\/\/cnewa.org\/es\/wp-content\/uploads\/sites\/5\/2021\/07\/CNEWA-brand-logo.png","width":1000,"height":1000,"caption":"CNEWA Espa\u00f1ol"},"image":{"@id":"https:\/\/cnewa.org\/es\/#\/schema\/logo\/image\/"},"sameAs":["https:\/\/www.facebook.com\/CNEWAenespanol\/","https:\/\/www.instagram.com\/cnewa1926\/","https:\/\/www.youtube.com\/user\/TheCNEWA"]},{"@type":"Person","name":"Laure Delacloche"}]}},"_links":{"self":[{"href":"https:\/\/cnewa.org\/es\/wp-json\/wp\/v2\/posts\/7873","targetHints":{"allow":["GET"]}}],"collection":[{"href":"https:\/\/cnewa.org\/es\/wp-json\/wp\/v2\/posts"}],"about":[{"href":"https:\/\/cnewa.org\/es\/wp-json\/wp\/v2\/types\/post"}],"author":[{"embeddable":true,"href":"https:\/\/cnewa.org\/es\/wp-json\/wp\/v2\/users\/70019"}],"replies":[{"embeddable":true,"href":"https:\/\/cnewa.org\/es\/wp-json\/wp\/v2\/comments?post=7873"}],"version-history":[{"count":4,"href":"https:\/\/cnewa.org\/es\/wp-json\/wp\/v2\/posts\/7873\/revisions"}],"predecessor-version":[{"id":7881,"href":"https:\/\/cnewa.org\/es\/wp-json\/wp\/v2\/posts\/7873\/revisions\/7881"}],"wp:featuredmedia":[{"embeddable":true,"href":"https:\/\/cnewa.org\/es\/wp-json\/wp\/v2\/media\/7875"}],"wp:attachment":[{"href":"https:\/\/cnewa.org\/es\/wp-json\/wp\/v2\/media?parent=7873"}],"wp:term":[{"taxonomy":"category","embeddable":true,"href":"https:\/\/cnewa.org\/es\/wp-json\/wp\/v2\/categories?post=7873"}],"curies":[{"name":"wp","href":"https:\/\/api.w.org\/{rel}","templated":true}]}}