{"id":7953,"date":"2026-03-31T09:52:30","date_gmt":"2026-03-31T13:52:30","guid":{"rendered":"https:\/\/cnewa.org\/es\/?p=7953"},"modified":"2026-03-31T11:39:47","modified_gmt":"2026-03-31T15:39:47","slug":"nueva-edicion-de-one-en-espanol-marca-el-centenario-de-cnewa","status":"publish","type":"post","link":"https:\/\/cnewa.org\/es\/nueva-edicion-de-one-en-espanol-marca-el-centenario-de-cnewa\/","title":{"rendered":"Nueva Edici\u00f3n de ONE en Espa\u00f1ol Marca el Centenario de CNEWA"},"content":{"rendered":"\n<h2 class=\"wp-block-heading has-medium-font-size\" id=\"h-la-portada-del-numero-de-marzo-2026-de-nbsp-one-en-espanol-nbsp-de-las-crisis-emerge-una-fuerza-del-bien-captura-en-imagen-palabra-y-esencia-la-historia-centenaria-que-se-encuentra-en-la-raiz-de-la-respuesta-compasiva-de-la-iglesia-a-las-necesidades-de-las-iglesias-del-oriente\">La portada del n\u00famero de marzo 2026 de&nbsp;<em>ONE en espa\u00f1ol<\/em>&nbsp;\u2014 \u201c<a href=\"https:\/\/cnewa.org\/es\/revista-edicion\/marzo-2026\/\">De las crisis emerge una fuerza del bien<\/a>\u201d \u2014 captura en imagen, palabra y esencia la historia centenaria que se encuentra en la ra\u00edz de la respuesta compasiva de la iglesia a las necesidades de las iglesias del Oriente.<\/h2>\n\n\n\n<p>Es la historia de la Asociaci\u00f3n Cat\u00f3lica para el Bienestar del Cercano Oriente (CNEWA), que destac\u00f3 su fundaci\u00f3n real el 11 de marzo de 1926, con el lanzamiento de la edici\u00f3n de su revista\u00a0<em>ONE<\/em>, ese mismo d\u00eda, cien a\u00f1os despu\u00e9s.\u00a0<\/p>\n\n\n\n<p>En esta edici\u00f3n, disfrute del <a href=\"https:\/\/cnewa.org\/es\/revista\/crisis-formacion-explosion\/\">primer art\u00edculo de una serie de un a\u00f1o<\/a>, del director ejecutivo Michael J. La Civita, sobre la historia y evoluci\u00f3n de CNEWA a lo largo del \u00faltimo siglo. Este art\u00edculo cubre los primeros 34 a\u00f1os de la historia de la organizaci\u00f3n. La serie se recopilar\u00e1 en un libro que se publicar\u00e1 en 2027.<\/p>\n\n\n\n<p>En esta edici\u00f3n, tambi\u00e9n leer\u00e1s sobre:<\/p>\n\n\n\n<ul class=\"wp-block-list\">\n<li>El <a href=\"https:\/\/cnewa.org\/es\/revista\/al-borde-del-colapso\/\">casi colapso<\/a> del sistema sanitario en Gaza.<\/li>\n\n\n\n<li>El <a href=\"https:\/\/cnewa.org\/es\/revista\/la-iglesia-como-hospital-de-campana\/\">trabajo de servicio social<\/a> de las iglesias cat\u00f3licas siro-malabar y siro-malankara en el sur de la India, que sigue siendo fundamental a pesar del creciente patrimonio en la regi\u00f3n.<\/li>\n\n\n\n<li>El compromiso de la iglesia en Ucrania para <a href=\"https:\/\/cnewa.org\/es\/revista\/una-mision-para-hacer-mas\/\">formar l\u00edderes laicos<\/a> y profesionales en medio de una guerra brutal en curso.<\/li>\n\n\n\n<li>La profunda devoci\u00f3n a <a href=\"https:\/\/cnewa.org\/es\/revista\/el-santo-amado-del-libano\/\">San Ch\u00e1rbel<\/a>, un ermita\u00f1o liban\u00e9s que ha alcanzado fama internacional.<\/li>\n<\/ul>\n\n\n\n<p>\u00a1Pero eso no es todo! Los periodistas de&nbsp;<em>ONE<\/em>&nbsp;en el sector, comprometidos a informar sobre temas en aquellos pa\u00edses donde CNEWA opera, han estado publicando reportajes adicionales que llamamos \u201cWeb Exclusivos\u201d. No olvide visitar nuestra web en las pr\u00f3ximas semanas para leer art\u00edculos sobre:<\/p>\n\n\n\n<ul class=\"wp-block-list\">\n<li>La convivencia pac\u00edfica de musulmanes y cristianos refugiados en la iglesia de San Porfirio en Gaza.<\/li>\n\n\n\n<li>Los crecientes desaf\u00edos diarios de los ucranianos bajo los continuos ataques rusos.<\/li>\n\n\n\n<li>La creciente devoci\u00f3n a un sacerdote greco-cat\u00f3lico h\u00fangaro que dedic\u00f3 su ministerio a la comunidad roman\u00ed en el este de Hungr\u00eda.<\/li>\n<\/ul>\n\n\n\n<p>En su <a href=\"https:\/\/cnewa.org\/es\/revista\/la-ultima-palabra-4\/\">columna habitual<\/a>, Mons. Peter I. Vaccari, presidente de CNEWA, da la bienvenida al arzobispo Ronald A. Hicks, que sucede al cardenal Timothy Dolan como arzobispo de Nueva York y presidente de la junta directiva internacional de CNEWA, y responde al aumento de la violencia y el conflicto en el Medio Oriente con la guerra entre Estados Unidos e Israel contra Ir\u00e1n.<\/p>\n\n\n\n<p>Esperamos compartir m\u00e1s art\u00edculos sobre el impacto de CNEWA en los \u00faltimos 100 a\u00f1os a lo largo de 2026.&nbsp;<\/p>\n","protected":false},"excerpt":{"rendered":"<p>Esta edici\u00f3n lanza una serie de art\u00edculos que se recopilar\u00e1n en un libro.<\/p>\n","protected":false},"author":70019,"featured_media":7889,"comment_status":"open","ping_status":"closed","sticky":false,"template":"","format":"standard","meta":{"_acf_changed":false,"footnotes":""},"categories":[3,846],"class_list":["post-7953","post","type-post","status-publish","format-standard","has-post-thumbnail","hentry","category-noticias","category-one-en-espanol"],"acf":[],"yoast_head":"<!-- This site is optimized with the Yoast SEO Premium plugin v27.3 (Yoast SEO v27.3) - https:\/\/yoast.com\/product\/yoast-seo-premium-wordpress\/ -->\n<title>Nueva Edici\u00f3n de ONE en Espa\u00f1ol Marca el Centenario de CNEWA | CNEWA Espa\u00f1ol<\/title>\n<meta name=\"description\" content=\"CNEWA destac\u00f3 su fundaci\u00f3n real el 11 de marzo de 1926, con el lanzamiento de la edici\u00f3n su revista\u00a0ONE, ese mismo d\u00eda, cien a\u00f1os despu\u00e9s.\" \/>\n<meta name=\"robots\" content=\"index, follow, max-snippet:-1, max-image-preview:large, max-video-preview:-1\" \/>\n<link rel=\"canonical\" href=\"https:\/\/cnewa.org\/es\/nueva-edicion-de-one-en-espanol-marca-el-centenario-de-cnewa\/\" \/>\n<meta property=\"og:locale\" content=\"es_ES\" \/>\n<meta property=\"og:type\" content=\"article\" \/>\n<meta property=\"og:title\" content=\"Nueva Edici\u00f3n de ONE en Espa\u00f1ol Marca el Centenario de CNEWA\" \/>\n<meta property=\"og:description\" content=\"CNEWA destac\u00f3 su fundaci\u00f3n real el 11 de marzo de 1926, con el lanzamiento de la edici\u00f3n su revista\u00a0ONE, ese mismo d\u00eda, cien a\u00f1os despu\u00e9s.\" \/>\n<meta property=\"og:url\" content=\"https:\/\/cnewa.org\/es\/nueva-edicion-de-one-en-espanol-marca-el-centenario-de-cnewa\/\" \/>\n<meta property=\"og:site_name\" content=\"CNEWA Espa\u00f1ol\" \/>\n<meta property=\"article:publisher\" content=\"https:\/\/www.facebook.com\/CNEWAenespanol\/\" \/>\n<meta property=\"article:published_time\" content=\"2026-03-31T13:52:30+00:00\" \/>\n<meta property=\"article:modified_time\" content=\"2026-03-31T15:39:47+00:00\" \/>\n<meta property=\"og:image\" content=\"https:\/\/cnewa.org\/es\/wp-content\/uploads\/sites\/5\/2026\/03\/cnewaArchives_0038H.jpg\" \/>\n\t<meta property=\"og:image:width\" content=\"1800\" \/>\n\t<meta property=\"og:image:height\" content=\"1118\" \/>\n\t<meta property=\"og:image:type\" content=\"image\/jpeg\" \/>\n<meta name=\"author\" content=\"Laura Ieraci\" \/>\n<meta name=\"twitter:card\" content=\"summary_large_image\" \/>\n<meta name=\"twitter:label1\" content=\"Escrito por\" \/>\n\t<meta name=\"twitter:data1\" content=\"David R. Aquije\" \/>\n\t<meta name=\"twitter:label2\" content=\"Tiempo de lectura\" \/>\n\t<meta name=\"twitter:data2\" content=\"3 minutos\" \/>\n<script type=\"application\/ld+json\" class=\"yoast-schema-graph\">{\"@context\":\"https:\\\/\\\/schema.org\",\"@graph\":[{\"@type\":\"Article\",\"@id\":\"https:\\\/\\\/cnewa.org\\\/es\\\/nueva-edicion-de-one-en-espanol-marca-el-centenario-de-cnewa\\\/#article\",\"isPartOf\":{\"@id\":\"https:\\\/\\\/cnewa.org\\\/es\\\/nueva-edicion-de-one-en-espanol-marca-el-centenario-de-cnewa\\\/\"},\"author\":{\"name\":\"Laura Ieraci\",\"@id\":\"https:\\\/\\\/cnewa.org\\\/es\\\/#\\\/schema\\\/person\\\/d2935c46e239b59210c38997d4aedf00\"},\"headline\":\"Nueva Edici\u00f3n de ONE en Espa\u00f1ol Marca el Centenario de CNEWA\",\"datePublished\":\"2026-03-31T13:52:30+00:00\",\"dateModified\":\"2026-03-31T15:39:47+00:00\",\"mainEntityOfPage\":{\"@id\":\"https:\\\/\\\/cnewa.org\\\/es\\\/nueva-edicion-de-one-en-espanol-marca-el-centenario-de-cnewa\\\/\"},\"wordCount\":454,\"commentCount\":0,\"publisher\":{\"@id\":\"https:\\\/\\\/cnewa.org\\\/es\\\/#organization\"},\"image\":{\"@id\":\"https:\\\/\\\/cnewa.org\\\/es\\\/nueva-edicion-de-one-en-espanol-marca-el-centenario-de-cnewa\\\/#primaryimage\"},\"thumbnailUrl\":\"https:\\\/\\\/cnewa.org\\\/es\\\/wp-content\\\/uploads\\\/sites\\\/5\\\/2026\\\/03\\\/cnewaArchives_0038H.jpg\",\"articleSection\":[\"Noticias\",\"ONE en espa\u00f1ol\"],\"inLanguage\":\"es\",\"potentialAction\":[{\"@type\":\"CommentAction\",\"name\":\"Comment\",\"target\":[\"https:\\\/\\\/cnewa.org\\\/es\\\/nueva-edicion-de-one-en-espanol-marca-el-centenario-de-cnewa\\\/#respond\"]}]},{\"@type\":\"WebPage\",\"@id\":\"https:\\\/\\\/cnewa.org\\\/es\\\/nueva-edicion-de-one-en-espanol-marca-el-centenario-de-cnewa\\\/\",\"url\":\"https:\\\/\\\/cnewa.org\\\/es\\\/nueva-edicion-de-one-en-espanol-marca-el-centenario-de-cnewa\\\/\",\"name\":\"Nueva Edici\u00f3n de ONE en Espa\u00f1ol Marca el Centenario de CNEWA | CNEWA Espa\u00f1ol\",\"isPartOf\":{\"@id\":\"https:\\\/\\\/cnewa.org\\\/es\\\/#website\"},\"primaryImageOfPage\":{\"@id\":\"https:\\\/\\\/cnewa.org\\\/es\\\/nueva-edicion-de-one-en-espanol-marca-el-centenario-de-cnewa\\\/#primaryimage\"},\"image\":{\"@id\":\"https:\\\/\\\/cnewa.org\\\/es\\\/nueva-edicion-de-one-en-espanol-marca-el-centenario-de-cnewa\\\/#primaryimage\"},\"thumbnailUrl\":\"https:\\\/\\\/cnewa.org\\\/es\\\/wp-content\\\/uploads\\\/sites\\\/5\\\/2026\\\/03\\\/cnewaArchives_0038H.jpg\",\"datePublished\":\"2026-03-31T13:52:30+00:00\",\"dateModified\":\"2026-03-31T15:39:47+00:00\",\"description\":\"CNEWA destac\u00f3 su fundaci\u00f3n real el 11 de marzo de 1926, con el lanzamiento de la edici\u00f3n su revista\u00a0ONE, ese mismo d\u00eda, cien a\u00f1os despu\u00e9s.\",\"breadcrumb\":{\"@id\":\"https:\\\/\\\/cnewa.org\\\/es\\\/nueva-edicion-de-one-en-espanol-marca-el-centenario-de-cnewa\\\/#breadcrumb\"},\"inLanguage\":\"es\",\"potentialAction\":[{\"@type\":\"ReadAction\",\"target\":[\"https:\\\/\\\/cnewa.org\\\/es\\\/nueva-edicion-de-one-en-espanol-marca-el-centenario-de-cnewa\\\/\"]}]},{\"@type\":\"ImageObject\",\"inLanguage\":\"es\",\"@id\":\"https:\\\/\\\/cnewa.org\\\/es\\\/nueva-edicion-de-one-en-espanol-marca-el-centenario-de-cnewa\\\/#primaryimage\",\"url\":\"https:\\\/\\\/cnewa.org\\\/es\\\/wp-content\\\/uploads\\\/sites\\\/5\\\/2026\\\/03\\\/cnewaArchives_0038H.jpg\",\"contentUrl\":\"https:\\\/\\\/cnewa.org\\\/es\\\/wp-content\\\/uploads\\\/sites\\\/5\\\/2026\\\/03\\\/cnewaArchives_0038H.jpg\",\"width\":1800,\"height\":1118,\"caption\":\"Ni\u00f1os refugiados en Gaza rodean a Mons. Thomas J. McMahon, primer jefe de la Misi\u00f3n Pontificia para Palestina, en enero de 1951. (foto: archivos de CNEWA)\"},{\"@type\":\"BreadcrumbList\",\"@id\":\"https:\\\/\\\/cnewa.org\\\/es\\\/nueva-edicion-de-one-en-espanol-marca-el-centenario-de-cnewa\\\/#breadcrumb\",\"itemListElement\":[{\"@type\":\"ListItem\",\"position\":1,\"name\":\"Inicio\",\"item\":\"https:\\\/\\\/cnewa.org\\\/es\\\/\"},{\"@type\":\"ListItem\",\"position\":2,\"name\":\"Noticias\",\"item\":\"https:\\\/\\\/cnewa.org\\\/es\\\/categoria\\\/noticias\\\/\"},{\"@type\":\"ListItem\",\"position\":3,\"name\":\"Nueva Edici\u00f3n de ONE en Espa\u00f1ol Marca el Centenario de CNEWA\"}]},{\"@type\":\"WebSite\",\"@id\":\"https:\\\/\\\/cnewa.org\\\/es\\\/#website\",\"url\":\"https:\\\/\\\/cnewa.org\\\/es\\\/\",\"name\":\"CNEWA Espa\u00f1ol\",\"description\":\"Asociaci\u00f3n Cat\u00f3lica para el Bienestar del Cercano Oriente\",\"publisher\":{\"@id\":\"https:\\\/\\\/cnewa.org\\\/es\\\/#organization\"},\"potentialAction\":[{\"@type\":\"SearchAction\",\"target\":{\"@type\":\"EntryPoint\",\"urlTemplate\":\"https:\\\/\\\/cnewa.org\\\/es\\\/?s={search_term_string}\"},\"query-input\":{\"@type\":\"PropertyValueSpecification\",\"valueRequired\":true,\"valueName\":\"search_term_string\"}}],\"inLanguage\":\"es\"},{\"@type\":\"Organization\",\"@id\":\"https:\\\/\\\/cnewa.org\\\/es\\\/#organization\",\"name\":\"CNEWA Espa\u00f1ol\",\"alternateName\":\"Asociaci\u00f3n Cat\u00f3lica para el Bienestar del Cercano Oriente\",\"url\":\"https:\\\/\\\/cnewa.org\\\/es\\\/\",\"logo\":{\"@type\":\"ImageObject\",\"inLanguage\":\"es\",\"@id\":\"https:\\\/\\\/cnewa.org\\\/es\\\/#\\\/schema\\\/logo\\\/image\\\/\",\"url\":\"https:\\\/\\\/cnewa.org\\\/es\\\/wp-content\\\/uploads\\\/sites\\\/5\\\/2021\\\/07\\\/CNEWA-brand-logo.png\",\"contentUrl\":\"https:\\\/\\\/cnewa.org\\\/es\\\/wp-content\\\/uploads\\\/sites\\\/5\\\/2021\\\/07\\\/CNEWA-brand-logo.png\",\"width\":1000,\"height\":1000,\"caption\":\"CNEWA Espa\u00f1ol\"},\"image\":{\"@id\":\"https:\\\/\\\/cnewa.org\\\/es\\\/#\\\/schema\\\/logo\\\/image\\\/\"},\"sameAs\":[\"https:\\\/\\\/www.facebook.com\\\/CNEWAenespanol\\\/\",\"https:\\\/\\\/www.instagram.com\\\/cnewa1926\\\/\",\"https:\\\/\\\/www.youtube.com\\\/user\\\/TheCNEWA\"]},{\"@type\":\"Person\",\"name\":\"Laura Ieraci\"}]}<\/script>\n<!-- \/ Yoast SEO Premium plugin. -->","yoast_head_json":{"title":"Nueva Edici\u00f3n de ONE en Espa\u00f1ol Marca el Centenario de CNEWA | CNEWA Espa\u00f1ol","description":"CNEWA destac\u00f3 su fundaci\u00f3n real el 11 de marzo de 1926, con el lanzamiento de la edici\u00f3n su revista\u00a0ONE, ese mismo d\u00eda, cien a\u00f1os despu\u00e9s.","robots":{"index":"index","follow":"follow","max-snippet":"max-snippet:-1","max-image-preview":"max-image-preview:large","max-video-preview":"max-video-preview:-1"},"canonical":"https:\/\/cnewa.org\/es\/nueva-edicion-de-one-en-espanol-marca-el-centenario-de-cnewa\/","og_locale":"es_ES","og_type":"article","og_title":"Nueva Edici\u00f3n de ONE en Espa\u00f1ol Marca el Centenario de CNEWA","og_description":"CNEWA destac\u00f3 su fundaci\u00f3n real el 11 de marzo de 1926, con el lanzamiento de la edici\u00f3n su revista\u00a0ONE, ese mismo d\u00eda, cien a\u00f1os despu\u00e9s.","og_url":"https:\/\/cnewa.org\/es\/nueva-edicion-de-one-en-espanol-marca-el-centenario-de-cnewa\/","og_site_name":"CNEWA Espa\u00f1ol","article_publisher":"https:\/\/www.facebook.com\/CNEWAenespanol\/","article_published_time":"2026-03-31T13:52:30+00:00","article_modified_time":"2026-03-31T15:39:47+00:00","og_image":[{"width":1800,"height":1118,"url":"https:\/\/cnewa.org\/es\/wp-content\/uploads\/sites\/5\/2026\/03\/cnewaArchives_0038H.jpg","type":"image\/jpeg"}],"author":"Laura Ieraci","twitter_card":"summary_large_image","twitter_misc":{"Escrito por":"David R. Aquije","Tiempo de lectura":"3 minutos"},"schema":{"@context":"https:\/\/schema.org","@graph":[{"@type":"Article","@id":"https:\/\/cnewa.org\/es\/nueva-edicion-de-one-en-espanol-marca-el-centenario-de-cnewa\/#article","isPartOf":{"@id":"https:\/\/cnewa.org\/es\/nueva-edicion-de-one-en-espanol-marca-el-centenario-de-cnewa\/"},"author":{"name":"Laura Ieraci","@id":"https:\/\/cnewa.org\/es\/#\/schema\/person\/d2935c46e239b59210c38997d4aedf00"},"headline":"Nueva Edici\u00f3n de ONE en Espa\u00f1ol Marca el Centenario de CNEWA","datePublished":"2026-03-31T13:52:30+00:00","dateModified":"2026-03-31T15:39:47+00:00","mainEntityOfPage":{"@id":"https:\/\/cnewa.org\/es\/nueva-edicion-de-one-en-espanol-marca-el-centenario-de-cnewa\/"},"wordCount":454,"commentCount":0,"publisher":{"@id":"https:\/\/cnewa.org\/es\/#organization"},"image":{"@id":"https:\/\/cnewa.org\/es\/nueva-edicion-de-one-en-espanol-marca-el-centenario-de-cnewa\/#primaryimage"},"thumbnailUrl":"https:\/\/cnewa.org\/es\/wp-content\/uploads\/sites\/5\/2026\/03\/cnewaArchives_0038H.jpg","articleSection":["Noticias","ONE en espa\u00f1ol"],"inLanguage":"es","potentialAction":[{"@type":"CommentAction","name":"Comment","target":["https:\/\/cnewa.org\/es\/nueva-edicion-de-one-en-espanol-marca-el-centenario-de-cnewa\/#respond"]}]},{"@type":"WebPage","@id":"https:\/\/cnewa.org\/es\/nueva-edicion-de-one-en-espanol-marca-el-centenario-de-cnewa\/","url":"https:\/\/cnewa.org\/es\/nueva-edicion-de-one-en-espanol-marca-el-centenario-de-cnewa\/","name":"Nueva Edici\u00f3n de ONE en Espa\u00f1ol Marca el Centenario de CNEWA | CNEWA Espa\u00f1ol","isPartOf":{"@id":"https:\/\/cnewa.org\/es\/#website"},"primaryImageOfPage":{"@id":"https:\/\/cnewa.org\/es\/nueva-edicion-de-one-en-espanol-marca-el-centenario-de-cnewa\/#primaryimage"},"image":{"@id":"https:\/\/cnewa.org\/es\/nueva-edicion-de-one-en-espanol-marca-el-centenario-de-cnewa\/#primaryimage"},"thumbnailUrl":"https:\/\/cnewa.org\/es\/wp-content\/uploads\/sites\/5\/2026\/03\/cnewaArchives_0038H.jpg","datePublished":"2026-03-31T13:52:30+00:00","dateModified":"2026-03-31T15:39:47+00:00","description":"CNEWA destac\u00f3 su fundaci\u00f3n real el 11 de marzo de 1926, con el lanzamiento de la edici\u00f3n su revista\u00a0ONE, ese mismo d\u00eda, cien a\u00f1os despu\u00e9s.","breadcrumb":{"@id":"https:\/\/cnewa.org\/es\/nueva-edicion-de-one-en-espanol-marca-el-centenario-de-cnewa\/#breadcrumb"},"inLanguage":"es","potentialAction":[{"@type":"ReadAction","target":["https:\/\/cnewa.org\/es\/nueva-edicion-de-one-en-espanol-marca-el-centenario-de-cnewa\/"]}]},{"@type":"ImageObject","inLanguage":"es","@id":"https:\/\/cnewa.org\/es\/nueva-edicion-de-one-en-espanol-marca-el-centenario-de-cnewa\/#primaryimage","url":"https:\/\/cnewa.org\/es\/wp-content\/uploads\/sites\/5\/2026\/03\/cnewaArchives_0038H.jpg","contentUrl":"https:\/\/cnewa.org\/es\/wp-content\/uploads\/sites\/5\/2026\/03\/cnewaArchives_0038H.jpg","width":1800,"height":1118,"caption":"Ni\u00f1os refugiados en Gaza rodean a Mons. Thomas J. McMahon, primer jefe de la Misi\u00f3n Pontificia para Palestina, en enero de 1951. (foto: archivos de CNEWA)"},{"@type":"BreadcrumbList","@id":"https:\/\/cnewa.org\/es\/nueva-edicion-de-one-en-espanol-marca-el-centenario-de-cnewa\/#breadcrumb","itemListElement":[{"@type":"ListItem","position":1,"name":"Inicio","item":"https:\/\/cnewa.org\/es\/"},{"@type":"ListItem","position":2,"name":"Noticias","item":"https:\/\/cnewa.org\/es\/categoria\/noticias\/"},{"@type":"ListItem","position":3,"name":"Nueva Edici\u00f3n de ONE en Espa\u00f1ol Marca el Centenario de CNEWA"}]},{"@type":"WebSite","@id":"https:\/\/cnewa.org\/es\/#website","url":"https:\/\/cnewa.org\/es\/","name":"CNEWA Espa\u00f1ol","description":"Asociaci\u00f3n Cat\u00f3lica para el Bienestar del Cercano Oriente","publisher":{"@id":"https:\/\/cnewa.org\/es\/#organization"},"potentialAction":[{"@type":"SearchAction","target":{"@type":"EntryPoint","urlTemplate":"https:\/\/cnewa.org\/es\/?s={search_term_string}"},"query-input":{"@type":"PropertyValueSpecification","valueRequired":true,"valueName":"search_term_string"}}],"inLanguage":"es"},{"@type":"Organization","@id":"https:\/\/cnewa.org\/es\/#organization","name":"CNEWA Espa\u00f1ol","alternateName":"Asociaci\u00f3n Cat\u00f3lica para el Bienestar del Cercano Oriente","url":"https:\/\/cnewa.org\/es\/","logo":{"@type":"ImageObject","inLanguage":"es","@id":"https:\/\/cnewa.org\/es\/#\/schema\/logo\/image\/","url":"https:\/\/cnewa.org\/es\/wp-content\/uploads\/sites\/5\/2021\/07\/CNEWA-brand-logo.png","contentUrl":"https:\/\/cnewa.org\/es\/wp-content\/uploads\/sites\/5\/2021\/07\/CNEWA-brand-logo.png","width":1000,"height":1000,"caption":"CNEWA Espa\u00f1ol"},"image":{"@id":"https:\/\/cnewa.org\/es\/#\/schema\/logo\/image\/"},"sameAs":["https:\/\/www.facebook.com\/CNEWAenespanol\/","https:\/\/www.instagram.com\/cnewa1926\/","https:\/\/www.youtube.com\/user\/TheCNEWA"]},{"@type":"Person","name":"Laura Ieraci"}]}},"_links":{"self":[{"href":"https:\/\/cnewa.org\/es\/wp-json\/wp\/v2\/posts\/7953","targetHints":{"allow":["GET"]}}],"collection":[{"href":"https:\/\/cnewa.org\/es\/wp-json\/wp\/v2\/posts"}],"about":[{"href":"https:\/\/cnewa.org\/es\/wp-json\/wp\/v2\/types\/post"}],"author":[{"embeddable":true,"href":"https:\/\/cnewa.org\/es\/wp-json\/wp\/v2\/users\/70019"}],"replies":[{"embeddable":true,"href":"https:\/\/cnewa.org\/es\/wp-json\/wp\/v2\/comments?post=7953"}],"version-history":[{"count":5,"href":"https:\/\/cnewa.org\/es\/wp-json\/wp\/v2\/posts\/7953\/revisions"}],"predecessor-version":[{"id":7961,"href":"https:\/\/cnewa.org\/es\/wp-json\/wp\/v2\/posts\/7953\/revisions\/7961"}],"wp:featuredmedia":[{"embeddable":true,"href":"https:\/\/cnewa.org\/es\/wp-json\/wp\/v2\/media\/7889"}],"wp:attachment":[{"href":"https:\/\/cnewa.org\/es\/wp-json\/wp\/v2\/media?parent=7953"}],"wp:term":[{"taxonomy":"category","embeddable":true,"href":"https:\/\/cnewa.org\/es\/wp-json\/wp\/v2\/categories?post=7953"}],"curies":[{"name":"wp","href":"https:\/\/api.w.org\/{rel}","templated":true}]}}