{"id":8084,"date":"2026-04-29T09:27:45","date_gmt":"2026-04-29T13:27:45","guid":{"rendered":"https:\/\/cnewa.org\/es\/?p=8084"},"modified":"2026-04-29T09:28:42","modified_gmt":"2026-04-29T13:28:42","slug":"arte-misericordia-y-solidaridad-cnewa-llega-a-napoles","status":"publish","type":"post","link":"https:\/\/cnewa.org\/es\/arte-misericordia-y-solidaridad-cnewa-llega-a-napoles\/","title":{"rendered":"Arte, Misericordia y Solidaridad: CNEWA Llega a N\u00e1poles"},"content":{"rendered":"\n<h2 class=\"wp-block-heading\" id=\"h-hace-una-semana-en-el-atemporal-centro-historico-de-napoles-cnewa-organizo-un-evento-benefico-destinado-a-compartir-y-avanzar-en-su-mision-en-favor-de-comunidades-vulnerables-en-el-medio-oriente-el-noreste-de-africa-india-y-europa-del-este\">Hace una semana, en el atemporal centro hist\u00f3rico de N\u00e1poles, CNEWA organiz\u00f3 un evento ben\u00e9fico destinado a compartir y avanzar en su misi\u00f3n en favor de comunidades vulnerables en el Medio Oriente, el noreste de \u00c1frica, India y Europa del Este.<\/h2>\n\n\n\n<p>El programa comenz\u00f3 por la tarde en la iglesia del P\u00edo Monte della Misericordia, donde los invitados fueron invitados a una conversaci\u00f3n privada sobre arte centrada en la obra maestra de Caravaggio, \u201cLas siete obras de la misericordia\u201d. Con una intensidad notable, la pintura ofrece una visi\u00f3n concreta de la caridad cristiana \u2014no como un ideal abstracto\u2014 sino como una pr\u00e1ctica encarnada que implica plenamente la fragilidad humana.<\/p>\n\n\n\n<p>La reflexi\u00f3n fue dirigida por el Dr. Renato Versace, director de Cirug\u00eda Tor\u00e1cica en Cagliari, profesor de bio\u00e9tica y un erudito del arte. El Dr. Versace combin\u00f3 con reflexi\u00f3n la interpretaci\u00f3n art\u00edstica con una profunda visi\u00f3n espiritual y existencial. Durante la velada, destac\u00f3 la naturaleza distintiva del compromiso de CNEWA, observando que \u201chablamos a menudo sobre pobreza, culpa y crisis globales, pero esta organizaci\u00f3n se arremanga y act\u00faa. Eso es lo que la hace digna de reconocimiento\u201d.<\/p>\n\n\n\n<figure class=\"wp-block-image size-large\"><img loading=\"lazy\" decoding=\"async\" width=\"1024\" height=\"903\" src=\"https:\/\/cnewa.org\/es\/wp-content\/uploads\/sites\/5\/2026\/04\/St.-Janarius-1024x903.jpg\" alt=\"\" class=\"wp-image-8067\" srcset=\"https:\/\/cnewa.org\/es\/wp-content\/uploads\/sites\/5\/2026\/04\/St.-Janarius-1024x903.jpg 1024w, https:\/\/cnewa.org\/es\/wp-content\/uploads\/sites\/5\/2026\/04\/St.-Janarius-300x265.jpg 300w, https:\/\/cnewa.org\/es\/wp-content\/uploads\/sites\/5\/2026\/04\/St.-Janarius-768x677.jpg 768w, https:\/\/cnewa.org\/es\/wp-content\/uploads\/sites\/5\/2026\/04\/St.-Janarius-1536x1354.jpg 1536w, https:\/\/cnewa.org\/es\/wp-content\/uploads\/sites\/5\/2026\/04\/St.-Janarius-1600x1411.jpg 1600w, https:\/\/cnewa.org\/es\/wp-content\/uploads\/sites\/5\/2026\/04\/St.-Janarius.jpg 1800w\" sizes=\"auto, (max-width: 1024px) 100vw, 1024px\" \/><figcaption class=\"wp-element-caption\">Fabrizio Cattaneo della Volta, presidente del Reale Yacht Club Canottieri Savoia; Mons. Vincenzo De Gregorio, abad prelado de la Capilla Real del Tesoro de San Genaro; Mons. Peter I. Vaccari, presidente de CNEWA; y Alfredo del Plato, asesor legal de CNEWA en Roma, se re\u00fanen para una foto en la capilla de San Janario en la catedral de N\u00e1poles. (foto: Anna Cuzziol)<\/figcaption><\/figure>\n\n\n\n<p>Los organizadores del evento \u2014 el presidente de CNEWA, Mons. Peter I. Vaccari; Marina C. Perna, miembro de la junta directiva internacional de CNEWA; y Alfredo del Plato, asesor legal de CNEWA en Italia, estuvieron presentes con invitados de toda Italia, un testimonio de una misi\u00f3n que une visi\u00f3n global y responsabilidad concreta sobre el terreno.<\/p>\n\n\n\n<p>M\u00e1s tarde, por la tarde, el itinerario cultural continu\u00f3 con una visita guiada a la catedral napolitana dedicada a Nuestra Se\u00f1ora de la Asunci\u00f3n, seguida de una visita privada al Museo del Tesoro de San Genaro, patr\u00f3n de la ciudad. El grupo estuvo dirigido por Mons. Vincenzo De Gregorio, abad prelado de la Capilla Real del Tesoro de San Genaro, quien ofreci\u00f3 una presentaci\u00f3n apasionada y perspicaz del patrimonio art\u00edstico y devocional de N\u00e1poles. Sus reflexiones revelaron lo profundamente entrelazadas que est\u00e1n la fe y la historia en la identidad de la ciudad.<\/p>\n\n\n\n<p>El d\u00eda concluy\u00f3 con una cena ben\u00e9fica en el Grand Hotel Vesuvio. Lo que comenz\u00f3 como una reuni\u00f3n convival se convirti\u00f3 en una ocasi\u00f3n para compartir de manera significativa la misi\u00f3n de CNEWA. En sus palabras finales, el Dr. Versace reflexion\u00f3 sobre el significado m\u00e1s profundo de la acci\u00f3n cristiana en la historia, diciendo: \u201cla presencia de la iglesia hoy \u2014especialmente en los lugares heridos del mundo\u2014 no consiste solo en estar al lado de los pobres, sino tambi\u00e9n en asumir la carga del pecado, como hizo Cristo\u201d.<\/p>\n\n\n\n<figure class=\"wp-block-image size-large\"><img loading=\"lazy\" decoding=\"async\" width=\"1024\" height=\"768\" src=\"https:\/\/cnewa.org\/es\/wp-content\/uploads\/sites\/5\/2026\/04\/IMG_6041-1024x768.jpeg\" alt=\"\" class=\"wp-image-8072\" srcset=\"https:\/\/cnewa.org\/es\/wp-content\/uploads\/sites\/5\/2026\/04\/IMG_6041-1024x768.jpeg 1024w, https:\/\/cnewa.org\/es\/wp-content\/uploads\/sites\/5\/2026\/04\/IMG_6041-300x225.jpeg 300w, https:\/\/cnewa.org\/es\/wp-content\/uploads\/sites\/5\/2026\/04\/IMG_6041-768x576.jpeg 768w, https:\/\/cnewa.org\/es\/wp-content\/uploads\/sites\/5\/2026\/04\/IMG_6041-1536x1152.jpeg 1536w, https:\/\/cnewa.org\/es\/wp-content\/uploads\/sites\/5\/2026\/04\/IMG_6041-1600x1200.jpeg 1600w, https:\/\/cnewa.org\/es\/wp-content\/uploads\/sites\/5\/2026\/04\/IMG_6041.jpeg 1800w\" sizes=\"auto, (max-width: 1024px) 100vw, 1024px\" \/><figcaption class=\"wp-element-caption\">Mons. Vincenzo De Gregorio habla durante una presentaci\u00f3n en el Museo del Tesoro de San Genaro. (foto: Michael J. La Civita)<\/figcaption><\/figure>\n\n\n\n<p>Reflexionando sobre la lectura del Evangelio sobre la multiplicaci\u00f3n de los panes, el Dr. Versace record\u00f3 c\u00f3mo Jes\u00fas, antes de alimentar a la multitud, pidi\u00f3 a la gente que se sentara \u2014 un gesto que no es nada incidental. En la cultura jud\u00eda de la \u00e9poca, solo se permit\u00eda sentarse a la mesa a personas libres, mientras que los sirvientes permanec\u00edan de pie.&nbsp;<\/p>\n\n\n\n<p>\u201cAl pedir a la multitud que se siente\u201d, explic\u00f3, \u201cJes\u00fas proclama la dignidad y libertad de esos hombres y mujeres\u201d, recordando a los oyentes que la libertad est\u00e1 en el coraz\u00f3n mismo de la proclamaci\u00f3n cristiana.<\/p>\n\n\n\n<h3 class=\"wp-block-heading\" id=\"h-jesus-no-ejerce-poder-sino-autoridad-continuo-el-dr-versace-y-la-verdadera-autoridad-es-aquella-que-ayuda-a-los-demas-a-crecer-nbsp\">\u201cJes\u00fas no ejerce poder, sino autoridad\u201d, continu\u00f3 el Dr. Versace, \u201cy la verdadera autoridad es aquella que ayuda a los dem\u00e1s a crecer\u201d.&nbsp;<\/h3>\n\n\n\n<p>\u201cAugere\u201d, continu\u00f3, \u201csignifica precisamente esto: ayudar a los dem\u00e1s a crecer\u201d. Visto desde esta perspectiva, el trabajo ben\u00e9fico se convierte en s\u00ed mismo en un lugar de crecimiento mutuo \u2014 uno que tiene el poder de liberar tanto a quienes reciben como a quienes donan.<\/p>\n\n\n\n<p>En sus palabras de clausura, el Dr. Versace comparti\u00f3 un testimonio personal basado en una reciente visita a un barrio marginal en Ciudad del Cabo. \u201cConoc\u00ed a personas que viv\u00edan en absoluta incertidumbre, pero acogen la Palabra sin las dudas que a menudo llevamos. Creen que Cristo puede hacer que \u2018se sienten\u2019\u201d. Una imagen que una vez m\u00e1s recuerda ese gesto del Evangelio, un signo concreto de libertad reconocida y otorgada.<\/p>\n\n\n\n<figure class=\"wp-block-image size-large\"><img loading=\"lazy\" decoding=\"async\" width=\"768\" height=\"1024\" src=\"https:\/\/cnewa.org\/es\/wp-content\/uploads\/sites\/5\/2026\/04\/IMG_5982-768x1024.jpeg\" alt=\"\" class=\"wp-image-8068\" srcset=\"https:\/\/cnewa.org\/es\/wp-content\/uploads\/sites\/5\/2026\/04\/IMG_5982-768x1024.jpeg 768w, https:\/\/cnewa.org\/es\/wp-content\/uploads\/sites\/5\/2026\/04\/IMG_5982-225x300.jpeg 225w, https:\/\/cnewa.org\/es\/wp-content\/uploads\/sites\/5\/2026\/04\/IMG_5982-1152x1536.jpeg 1152w, https:\/\/cnewa.org\/es\/wp-content\/uploads\/sites\/5\/2026\/04\/IMG_5982-1536x2048.jpeg 1536w, https:\/\/cnewa.org\/es\/wp-content\/uploads\/sites\/5\/2026\/04\/IMG_5982-1600x2133.jpeg 1600w, https:\/\/cnewa.org\/es\/wp-content\/uploads\/sites\/5\/2026\/04\/IMG_5982.jpeg 1800w\" sizes=\"auto, (max-width: 768px) 100vw, 768px\" \/><figcaption class=\"wp-element-caption\">Mons. Peter Vaccari, de la CNEWA, firma el libro de visitas en Pio Monte della Misericordia de N\u00e1poles. (foto: Michael J. La Civita)<\/figcaption><\/figure>\n\n\n\n<p>Citando a San Antonio de Padua, el Dr. Versace concluy\u00f3: \u201cNadie puede proclamar el amor de Dios si no siente que tiene doce cestas\u201d, invocando una vez m\u00e1s el relato evang\u00e9lico de la multiplicaci\u00f3n de los panes, en los que las cestas que quedan se convierten en se\u00f1al de una abundancia inesperada.&nbsp;<\/p>\n\n\n\n<h3 class=\"wp-block-heading\" id=\"h-solo-quienes-saben-que-son-amados-en-abundancia-pueden-dar-de-verdad-la-generosidad-genuina-nace-de-la-plenitud-no-de-la-carencia\">\u201cSolo quienes saben que son amados en abundancia pueden dar de verdad. La generosidad genuina nace de la plenitud, no de la carencia\u201d.<\/h3>\n\n\n\n<p>La belleza excepcional de los escenarios, el patrocinio del Reale Yacht Club Canottieri Savoia y la profundidad de las reflexiones compartidas hicieron de esta reuni\u00f3n mucho m\u00e1s que un simple evento cultural. Se convirti\u00f3 en una experiencia que uni\u00f3 arte, fe y responsabilidad, ofreciendo un recordatorio poderoso de que la belleza, cuando se moldea por la misericordia y la genuina preocupaci\u00f3n por los dem\u00e1s, puede convertirse en un espacio de encuentro y un aut\u00e9ntico signo de esperanza.<\/p>\n\n\n\n<figure class=\"wp-block-image size-large\"><img loading=\"lazy\" decoding=\"async\" width=\"1024\" height=\"768\" src=\"https:\/\/cnewa.org\/es\/wp-content\/uploads\/sites\/5\/2026\/04\/IMG_6109-1024x768.jpeg\" alt=\"\" class=\"wp-image-8071\" srcset=\"https:\/\/cnewa.org\/es\/wp-content\/uploads\/sites\/5\/2026\/04\/IMG_6109-1024x768.jpeg 1024w, https:\/\/cnewa.org\/es\/wp-content\/uploads\/sites\/5\/2026\/04\/IMG_6109-300x225.jpeg 300w, https:\/\/cnewa.org\/es\/wp-content\/uploads\/sites\/5\/2026\/04\/IMG_6109-768x576.jpeg 768w, https:\/\/cnewa.org\/es\/wp-content\/uploads\/sites\/5\/2026\/04\/IMG_6109-1536x1152.jpeg 1536w, https:\/\/cnewa.org\/es\/wp-content\/uploads\/sites\/5\/2026\/04\/IMG_6109-1600x1200.jpeg 1600w, https:\/\/cnewa.org\/es\/wp-content\/uploads\/sites\/5\/2026\/04\/IMG_6109.jpeg 1800w\" sizes=\"auto, (max-width: 1024px) 100vw, 1024px\" \/><figcaption class=\"wp-element-caption\">Los invitados se re\u00fanen para una fotograf\u00eda grupal en la cena de clausura en el Grand Hotel Vesubio de N\u00e1poles. (foto: cortes\u00eda de Michael J. La Civita)<\/figcaption><\/figure>\n","protected":false},"excerpt":{"rendered":"<p>CNEWA organiz\u00f3 un evento cultural y espiritual en el centro hist\u00f3rico de N\u00e1poles para dar voz a su misi\u00f3n en apoyo a las comunidades m\u00e1s vulnerables del mundo.<\/p>\n","protected":false},"author":70019,"featured_media":8070,"comment_status":"open","ping_status":"closed","sticky":false,"template":"","format":"standard","meta":{"_acf_changed":false,"footnotes":""},"categories":[1111,3],"class_list":["post-8084","post","type-post","status-publish","format-standard","has-post-thumbnail","hentry","category-acompanando-a-las-iglesias-locales","category-noticias"],"acf":[],"yoast_head":"<!-- This site is optimized with the Yoast SEO Premium plugin v27.4 (Yoast SEO v27.4) - https:\/\/yoast.com\/product\/yoast-seo-premium-wordpress\/ -->\n<title>Arte, Misericordia y Solidaridad: CNEWA Llega a N\u00e1poles | CNEWA Espa\u00f1ol<\/title>\n<meta name=\"description\" content=\"CNEWA organiz\u00f3 un evento cultural y espiritual en N\u00e1poles para dar voz a su misi\u00f3n en apoyo a las comunidades m\u00e1s vulnerables del mundo.\" \/>\n<meta name=\"robots\" content=\"index, follow, max-snippet:-1, max-image-preview:large, max-video-preview:-1\" \/>\n<link rel=\"canonical\" href=\"https:\/\/cnewa.org\/es\/arte-misericordia-y-solidaridad-cnewa-llega-a-napoles\/\" \/>\n<meta property=\"og:locale\" content=\"es_ES\" \/>\n<meta property=\"og:type\" content=\"article\" \/>\n<meta property=\"og:title\" content=\"Arte, Misericordia y Solidaridad: CNEWA Llega a N\u00e1poles\" \/>\n<meta property=\"og:description\" content=\"CNEWA organiz\u00f3 un evento cultural y espiritual en N\u00e1poles para dar voz a su misi\u00f3n en apoyo a las comunidades m\u00e1s vulnerables del mundo.\" \/>\n<meta property=\"og:url\" content=\"https:\/\/cnewa.org\/es\/arte-misericordia-y-solidaridad-cnewa-llega-a-napoles\/\" \/>\n<meta property=\"og:site_name\" content=\"CNEWA Espa\u00f1ol\" \/>\n<meta property=\"article:publisher\" content=\"https:\/\/www.facebook.com\/CNEWAenespanol\/\" \/>\n<meta property=\"article:published_time\" content=\"2026-04-29T13:27:45+00:00\" \/>\n<meta property=\"article:modified_time\" content=\"2026-04-29T13:28:42+00:00\" \/>\n<meta property=\"og:image\" content=\"https:\/\/cnewa.org\/es\/wp-content\/uploads\/sites\/5\/2026\/04\/IMG_5938.jpeg\" \/>\n\t<meta property=\"og:image:width\" content=\"1800\" \/>\n\t<meta property=\"og:image:height\" content=\"1350\" \/>\n\t<meta property=\"og:image:type\" content=\"image\/jpeg\" \/>\n<meta name=\"author\" content=\"Anna Cuzziol\" \/>\n<meta name=\"twitter:card\" content=\"summary_large_image\" \/>\n<meta name=\"twitter:label1\" content=\"Escrito por\" \/>\n\t<meta name=\"twitter:data1\" content=\"David R. Aquije\" \/>\n\t<meta name=\"twitter:label2\" content=\"Tiempo de lectura\" \/>\n\t<meta name=\"twitter:data2\" content=\"6 minutos\" \/>\n<script type=\"application\/ld+json\" class=\"yoast-schema-graph\">{\"@context\":\"https:\\\/\\\/schema.org\",\"@graph\":[{\"@type\":\"Article\",\"@id\":\"https:\\\/\\\/cnewa.org\\\/es\\\/arte-misericordia-y-solidaridad-cnewa-llega-a-napoles\\\/#article\",\"isPartOf\":{\"@id\":\"https:\\\/\\\/cnewa.org\\\/es\\\/arte-misericordia-y-solidaridad-cnewa-llega-a-napoles\\\/\"},\"author\":{\"name\":\"Anna Cuzziol\",\"@id\":\"https:\\\/\\\/cnewa.org\\\/es\\\/#\\\/schema\\\/person\\\/d2935c46e239b59210c38997d4aedf00\"},\"headline\":\"Arte, Misericordia y Solidaridad: CNEWA Llega a N\u00e1poles\",\"datePublished\":\"2026-04-29T13:27:45+00:00\",\"dateModified\":\"2026-04-29T13:28:42+00:00\",\"mainEntityOfPage\":{\"@id\":\"https:\\\/\\\/cnewa.org\\\/es\\\/arte-misericordia-y-solidaridad-cnewa-llega-a-napoles\\\/\"},\"wordCount\":1023,\"commentCount\":0,\"publisher\":{\"@id\":\"https:\\\/\\\/cnewa.org\\\/es\\\/#organization\"},\"image\":{\"@id\":\"https:\\\/\\\/cnewa.org\\\/es\\\/arte-misericordia-y-solidaridad-cnewa-llega-a-napoles\\\/#primaryimage\"},\"thumbnailUrl\":\"https:\\\/\\\/cnewa.org\\\/es\\\/wp-content\\\/uploads\\\/sites\\\/5\\\/2026\\\/04\\\/IMG_5938.jpeg\",\"articleSection\":[\"Acompa\u00f1ando a las Iglesias locales\",\"Noticias\"],\"inLanguage\":\"es\",\"potentialAction\":[{\"@type\":\"CommentAction\",\"name\":\"Comment\",\"target\":[\"https:\\\/\\\/cnewa.org\\\/es\\\/arte-misericordia-y-solidaridad-cnewa-llega-a-napoles\\\/#respond\"]}]},{\"@type\":\"WebPage\",\"@id\":\"https:\\\/\\\/cnewa.org\\\/es\\\/arte-misericordia-y-solidaridad-cnewa-llega-a-napoles\\\/\",\"url\":\"https:\\\/\\\/cnewa.org\\\/es\\\/arte-misericordia-y-solidaridad-cnewa-llega-a-napoles\\\/\",\"name\":\"Arte, Misericordia y Solidaridad: CNEWA Llega a N\u00e1poles | CNEWA Espa\u00f1ol\",\"isPartOf\":{\"@id\":\"https:\\\/\\\/cnewa.org\\\/es\\\/#website\"},\"primaryImageOfPage\":{\"@id\":\"https:\\\/\\\/cnewa.org\\\/es\\\/arte-misericordia-y-solidaridad-cnewa-llega-a-napoles\\\/#primaryimage\"},\"image\":{\"@id\":\"https:\\\/\\\/cnewa.org\\\/es\\\/arte-misericordia-y-solidaridad-cnewa-llega-a-napoles\\\/#primaryimage\"},\"thumbnailUrl\":\"https:\\\/\\\/cnewa.org\\\/es\\\/wp-content\\\/uploads\\\/sites\\\/5\\\/2026\\\/04\\\/IMG_5938.jpeg\",\"datePublished\":\"2026-04-29T13:27:45+00:00\",\"dateModified\":\"2026-04-29T13:28:42+00:00\",\"description\":\"CNEWA organiz\u00f3 un evento cultural y espiritual en N\u00e1poles para dar voz a su misi\u00f3n en apoyo a las comunidades m\u00e1s vulnerables del mundo.\",\"breadcrumb\":{\"@id\":\"https:\\\/\\\/cnewa.org\\\/es\\\/arte-misericordia-y-solidaridad-cnewa-llega-a-napoles\\\/#breadcrumb\"},\"inLanguage\":\"es\",\"potentialAction\":[{\"@type\":\"ReadAction\",\"target\":[\"https:\\\/\\\/cnewa.org\\\/es\\\/arte-misericordia-y-solidaridad-cnewa-llega-a-napoles\\\/\"]}]},{\"@type\":\"ImageObject\",\"inLanguage\":\"es\",\"@id\":\"https:\\\/\\\/cnewa.org\\\/es\\\/arte-misericordia-y-solidaridad-cnewa-llega-a-napoles\\\/#primaryimage\",\"url\":\"https:\\\/\\\/cnewa.org\\\/es\\\/wp-content\\\/uploads\\\/sites\\\/5\\\/2026\\\/04\\\/IMG_5938.jpeg\",\"contentUrl\":\"https:\\\/\\\/cnewa.org\\\/es\\\/wp-content\\\/uploads\\\/sites\\\/5\\\/2026\\\/04\\\/IMG_5938.jpeg\",\"width\":1800,\"height\":1350,\"caption\":\"El Dr. Renato Versace, con Mons. Peter Vaccari de CNEWA y Marina Perna, en el centro, y los invitados presentes, habla sobre la pintura de Caravaggio titulada \u201cLas siete obras de misericordia\u201d en el Pio Monte della Misericordia de N\u00e1poles. (foto: Michael J. La Civita)\"},{\"@type\":\"BreadcrumbList\",\"@id\":\"https:\\\/\\\/cnewa.org\\\/es\\\/arte-misericordia-y-solidaridad-cnewa-llega-a-napoles\\\/#breadcrumb\",\"itemListElement\":[{\"@type\":\"ListItem\",\"position\":1,\"name\":\"Inicio\",\"item\":\"https:\\\/\\\/cnewa.org\\\/es\\\/\"},{\"@type\":\"ListItem\",\"position\":2,\"name\":\"Acompa\u00f1ando a las Iglesias locales\",\"item\":\"https:\\\/\\\/cnewa.org\\\/es\\\/categoria\\\/acompanando-a-las-iglesias-locales\\\/\"},{\"@type\":\"ListItem\",\"position\":3,\"name\":\"Arte, Misericordia y Solidaridad: CNEWA Llega a N\u00e1poles\"}]},{\"@type\":\"WebSite\",\"@id\":\"https:\\\/\\\/cnewa.org\\\/es\\\/#website\",\"url\":\"https:\\\/\\\/cnewa.org\\\/es\\\/\",\"name\":\"CNEWA Espa\u00f1ol\",\"description\":\"Asociaci\u00f3n Cat\u00f3lica para el Bienestar del Cercano Oriente\",\"publisher\":{\"@id\":\"https:\\\/\\\/cnewa.org\\\/es\\\/#organization\"},\"potentialAction\":[{\"@type\":\"SearchAction\",\"target\":{\"@type\":\"EntryPoint\",\"urlTemplate\":\"https:\\\/\\\/cnewa.org\\\/es\\\/?s={search_term_string}\"},\"query-input\":{\"@type\":\"PropertyValueSpecification\",\"valueRequired\":true,\"valueName\":\"search_term_string\"}}],\"inLanguage\":\"es\"},{\"@type\":\"Organization\",\"@id\":\"https:\\\/\\\/cnewa.org\\\/es\\\/#organization\",\"name\":\"CNEWA Espa\u00f1ol\",\"alternateName\":\"Asociaci\u00f3n Cat\u00f3lica para el Bienestar del Cercano Oriente\",\"url\":\"https:\\\/\\\/cnewa.org\\\/es\\\/\",\"logo\":{\"@type\":\"ImageObject\",\"inLanguage\":\"es\",\"@id\":\"https:\\\/\\\/cnewa.org\\\/es\\\/#\\\/schema\\\/logo\\\/image\\\/\",\"url\":\"https:\\\/\\\/cnewa.org\\\/es\\\/wp-content\\\/uploads\\\/sites\\\/5\\\/2021\\\/07\\\/CNEWA-brand-logo.png\",\"contentUrl\":\"https:\\\/\\\/cnewa.org\\\/es\\\/wp-content\\\/uploads\\\/sites\\\/5\\\/2021\\\/07\\\/CNEWA-brand-logo.png\",\"width\":1000,\"height\":1000,\"caption\":\"CNEWA Espa\u00f1ol\"},\"image\":{\"@id\":\"https:\\\/\\\/cnewa.org\\\/es\\\/#\\\/schema\\\/logo\\\/image\\\/\"},\"sameAs\":[\"https:\\\/\\\/www.facebook.com\\\/CNEWAenespanol\\\/\",\"https:\\\/\\\/www.instagram.com\\\/cnewa1926\\\/\",\"https:\\\/\\\/www.youtube.com\\\/user\\\/TheCNEWA\"]},{\"@type\":\"Person\",\"name\":\"Anna Cuzziol\"}]}<\/script>\n<!-- \/ Yoast SEO Premium plugin. -->","yoast_head_json":{"title":"Arte, Misericordia y Solidaridad: CNEWA Llega a N\u00e1poles | CNEWA Espa\u00f1ol","description":"CNEWA organiz\u00f3 un evento cultural y espiritual en N\u00e1poles para dar voz a su misi\u00f3n en apoyo a las comunidades m\u00e1s vulnerables del mundo.","robots":{"index":"index","follow":"follow","max-snippet":"max-snippet:-1","max-image-preview":"max-image-preview:large","max-video-preview":"max-video-preview:-1"},"canonical":"https:\/\/cnewa.org\/es\/arte-misericordia-y-solidaridad-cnewa-llega-a-napoles\/","og_locale":"es_ES","og_type":"article","og_title":"Arte, Misericordia y Solidaridad: CNEWA Llega a N\u00e1poles","og_description":"CNEWA organiz\u00f3 un evento cultural y espiritual en N\u00e1poles para dar voz a su misi\u00f3n en apoyo a las comunidades m\u00e1s vulnerables del mundo.","og_url":"https:\/\/cnewa.org\/es\/arte-misericordia-y-solidaridad-cnewa-llega-a-napoles\/","og_site_name":"CNEWA Espa\u00f1ol","article_publisher":"https:\/\/www.facebook.com\/CNEWAenespanol\/","article_published_time":"2026-04-29T13:27:45+00:00","article_modified_time":"2026-04-29T13:28:42+00:00","og_image":[{"width":1800,"height":1350,"url":"https:\/\/cnewa.org\/es\/wp-content\/uploads\/sites\/5\/2026\/04\/IMG_5938.jpeg","type":"image\/jpeg"}],"author":"Anna Cuzziol","twitter_card":"summary_large_image","twitter_misc":{"Escrito por":"David R. Aquije","Tiempo de lectura":"6 minutos"},"schema":{"@context":"https:\/\/schema.org","@graph":[{"@type":"Article","@id":"https:\/\/cnewa.org\/es\/arte-misericordia-y-solidaridad-cnewa-llega-a-napoles\/#article","isPartOf":{"@id":"https:\/\/cnewa.org\/es\/arte-misericordia-y-solidaridad-cnewa-llega-a-napoles\/"},"author":{"name":"Anna Cuzziol","@id":"https:\/\/cnewa.org\/es\/#\/schema\/person\/d2935c46e239b59210c38997d4aedf00"},"headline":"Arte, Misericordia y Solidaridad: CNEWA Llega a N\u00e1poles","datePublished":"2026-04-29T13:27:45+00:00","dateModified":"2026-04-29T13:28:42+00:00","mainEntityOfPage":{"@id":"https:\/\/cnewa.org\/es\/arte-misericordia-y-solidaridad-cnewa-llega-a-napoles\/"},"wordCount":1023,"commentCount":0,"publisher":{"@id":"https:\/\/cnewa.org\/es\/#organization"},"image":{"@id":"https:\/\/cnewa.org\/es\/arte-misericordia-y-solidaridad-cnewa-llega-a-napoles\/#primaryimage"},"thumbnailUrl":"https:\/\/cnewa.org\/es\/wp-content\/uploads\/sites\/5\/2026\/04\/IMG_5938.jpeg","articleSection":["Acompa\u00f1ando a las Iglesias locales","Noticias"],"inLanguage":"es","potentialAction":[{"@type":"CommentAction","name":"Comment","target":["https:\/\/cnewa.org\/es\/arte-misericordia-y-solidaridad-cnewa-llega-a-napoles\/#respond"]}]},{"@type":"WebPage","@id":"https:\/\/cnewa.org\/es\/arte-misericordia-y-solidaridad-cnewa-llega-a-napoles\/","url":"https:\/\/cnewa.org\/es\/arte-misericordia-y-solidaridad-cnewa-llega-a-napoles\/","name":"Arte, Misericordia y Solidaridad: CNEWA Llega a N\u00e1poles | CNEWA Espa\u00f1ol","isPartOf":{"@id":"https:\/\/cnewa.org\/es\/#website"},"primaryImageOfPage":{"@id":"https:\/\/cnewa.org\/es\/arte-misericordia-y-solidaridad-cnewa-llega-a-napoles\/#primaryimage"},"image":{"@id":"https:\/\/cnewa.org\/es\/arte-misericordia-y-solidaridad-cnewa-llega-a-napoles\/#primaryimage"},"thumbnailUrl":"https:\/\/cnewa.org\/es\/wp-content\/uploads\/sites\/5\/2026\/04\/IMG_5938.jpeg","datePublished":"2026-04-29T13:27:45+00:00","dateModified":"2026-04-29T13:28:42+00:00","description":"CNEWA organiz\u00f3 un evento cultural y espiritual en N\u00e1poles para dar voz a su misi\u00f3n en apoyo a las comunidades m\u00e1s vulnerables del mundo.","breadcrumb":{"@id":"https:\/\/cnewa.org\/es\/arte-misericordia-y-solidaridad-cnewa-llega-a-napoles\/#breadcrumb"},"inLanguage":"es","potentialAction":[{"@type":"ReadAction","target":["https:\/\/cnewa.org\/es\/arte-misericordia-y-solidaridad-cnewa-llega-a-napoles\/"]}]},{"@type":"ImageObject","inLanguage":"es","@id":"https:\/\/cnewa.org\/es\/arte-misericordia-y-solidaridad-cnewa-llega-a-napoles\/#primaryimage","url":"https:\/\/cnewa.org\/es\/wp-content\/uploads\/sites\/5\/2026\/04\/IMG_5938.jpeg","contentUrl":"https:\/\/cnewa.org\/es\/wp-content\/uploads\/sites\/5\/2026\/04\/IMG_5938.jpeg","width":1800,"height":1350,"caption":"El Dr. Renato Versace, con Mons. Peter Vaccari de CNEWA y Marina Perna, en el centro, y los invitados presentes, habla sobre la pintura de Caravaggio titulada \u201cLas siete obras de misericordia\u201d en el Pio Monte della Misericordia de N\u00e1poles. (foto: Michael J. La Civita)"},{"@type":"BreadcrumbList","@id":"https:\/\/cnewa.org\/es\/arte-misericordia-y-solidaridad-cnewa-llega-a-napoles\/#breadcrumb","itemListElement":[{"@type":"ListItem","position":1,"name":"Inicio","item":"https:\/\/cnewa.org\/es\/"},{"@type":"ListItem","position":2,"name":"Acompa\u00f1ando a las Iglesias locales","item":"https:\/\/cnewa.org\/es\/categoria\/acompanando-a-las-iglesias-locales\/"},{"@type":"ListItem","position":3,"name":"Arte, Misericordia y Solidaridad: CNEWA Llega a N\u00e1poles"}]},{"@type":"WebSite","@id":"https:\/\/cnewa.org\/es\/#website","url":"https:\/\/cnewa.org\/es\/","name":"CNEWA Espa\u00f1ol","description":"Asociaci\u00f3n Cat\u00f3lica para el Bienestar del Cercano Oriente","publisher":{"@id":"https:\/\/cnewa.org\/es\/#organization"},"potentialAction":[{"@type":"SearchAction","target":{"@type":"EntryPoint","urlTemplate":"https:\/\/cnewa.org\/es\/?s={search_term_string}"},"query-input":{"@type":"PropertyValueSpecification","valueRequired":true,"valueName":"search_term_string"}}],"inLanguage":"es"},{"@type":"Organization","@id":"https:\/\/cnewa.org\/es\/#organization","name":"CNEWA Espa\u00f1ol","alternateName":"Asociaci\u00f3n Cat\u00f3lica para el Bienestar del Cercano Oriente","url":"https:\/\/cnewa.org\/es\/","logo":{"@type":"ImageObject","inLanguage":"es","@id":"https:\/\/cnewa.org\/es\/#\/schema\/logo\/image\/","url":"https:\/\/cnewa.org\/es\/wp-content\/uploads\/sites\/5\/2021\/07\/CNEWA-brand-logo.png","contentUrl":"https:\/\/cnewa.org\/es\/wp-content\/uploads\/sites\/5\/2021\/07\/CNEWA-brand-logo.png","width":1000,"height":1000,"caption":"CNEWA Espa\u00f1ol"},"image":{"@id":"https:\/\/cnewa.org\/es\/#\/schema\/logo\/image\/"},"sameAs":["https:\/\/www.facebook.com\/CNEWAenespanol\/","https:\/\/www.instagram.com\/cnewa1926\/","https:\/\/www.youtube.com\/user\/TheCNEWA"]},{"@type":"Person","name":"Anna Cuzziol"}]}},"_links":{"self":[{"href":"https:\/\/cnewa.org\/es\/wp-json\/wp\/v2\/posts\/8084","targetHints":{"allow":["GET"]}}],"collection":[{"href":"https:\/\/cnewa.org\/es\/wp-json\/wp\/v2\/posts"}],"about":[{"href":"https:\/\/cnewa.org\/es\/wp-json\/wp\/v2\/types\/post"}],"author":[{"embeddable":true,"href":"https:\/\/cnewa.org\/es\/wp-json\/wp\/v2\/users\/70019"}],"replies":[{"embeddable":true,"href":"https:\/\/cnewa.org\/es\/wp-json\/wp\/v2\/comments?post=8084"}],"version-history":[{"count":4,"href":"https:\/\/cnewa.org\/es\/wp-json\/wp\/v2\/posts\/8084\/revisions"}],"predecessor-version":[{"id":8088,"href":"https:\/\/cnewa.org\/es\/wp-json\/wp\/v2\/posts\/8084\/revisions\/8088"}],"wp:featuredmedia":[{"embeddable":true,"href":"https:\/\/cnewa.org\/es\/wp-json\/wp\/v2\/media\/8070"}],"wp:attachment":[{"href":"https:\/\/cnewa.org\/es\/wp-json\/wp\/v2\/media?parent=8084"}],"wp:term":[{"taxonomy":"category","embeddable":true,"href":"https:\/\/cnewa.org\/es\/wp-json\/wp\/v2\/categories?post=8084"}],"curies":[{"name":"wp","href":"https:\/\/api.w.org\/{rel}","templated":true}]}}