{"id":8607,"date":"2026-09-01T14:35:27","date_gmt":"2026-09-01T18:35:27","guid":{"rendered":"https:\/\/cnewa.org\/es\/?p=8607"},"modified":"2026-09-01T14:35:28","modified_gmt":"2026-09-01T18:35:28","slug":"ya-esta-aqui-la-edicion-de-septiembre-de-one-en-espanol","status":"publish","type":"post","link":"https:\/\/cnewa.org\/es\/ya-esta-aqui-la-edicion-de-septiembre-de-one-en-espanol\/","title":{"rendered":"\u00a1Ya est\u00e1 aqu\u00ed la edici\u00f3n de septiembre de ONE en espa\u00f1ol!\u00a0"},"content":{"rendered":"\n<h2 id=\"h-sorpresa-inspiracion-esperanza-perspectiva-estas-son-algunas-de-las-sensaciones-que-la-portada-de-la-edicion-de-septiembre-2026-de-nbsp-one-en-espanol-nbsp-pretende-provocar\" class=\"wp-block-heading\">Sorpresa, inspiraci\u00f3n, esperanza, perspectiva. Estas son algunas de las sensaciones que la portada de la edici\u00f3n de septiembre 2026 de&nbsp;<em>ONE en espa\u00f1ol<\/em>&nbsp;pretende provocar.<\/h2>\n\n\n\n<p class=\"wp-block-paragraph\">Fotografiada por la periodista Anna Klochko, Oleksandra Paskal, una joven gimnasta del suroeste de Ucrania, captura el esp\u00edritu valiente de todos los que superan las dificultades y crisis de su entorno para perseverar \u2014 y hay muchas personas as\u00ed destacadas en este n\u00famero de&nbsp;<em><a href=\"https:\/\/cnewa.org\/es\/revista\/\">ONE en espa\u00f1ol<\/a><\/em>.<\/p>\n\n\n\n<p class=\"wp-block-paragraph\">Tras perder una pierna en un ataque ruso con misiles, Oleksandra decidi\u00f3 que quer\u00eda volver al gimnasio con sus amigas para seguir entrenando y compitiendo. Recientemente gan\u00f3 una medalla de oro en una competici\u00f3n en Ruman\u00eda.&nbsp;<\/p>\n\n\n\n<p class=\"wp-block-paragraph\">Su inspiradora historia es relatada por Klochko en el art\u00edculo \u201c<a href=\"https:\/\/cnewa.org\/es\/revista\/interviniendo\/\">Interviniendo<\/a>\u201d, que tambi\u00e9n informa sobre los esfuerzos de adultos dedicados en Ucrania que se est\u00e1n movilizando para responder a las necesidades de los ni\u00f1os afectados por la guerra y les proporcionan un sentido de esperanza para el futuro.<\/p>\n\n\n\n<figure class=\"wp-block-image aligncenter size-large\"><img loading=\"lazy\" decoding=\"async\" width=\"800\" height=\"1024\" src=\"https:\/\/cnewa.org\/es\/wp-content\/uploads\/sites\/5\/2026\/09\/01-ONE-52-3-2026-Front-Cover-Spanish-1800x-800x1024.jpg\" alt=\"Portada de la edici\u00f3n de septiembre 2026 de la revista ONE en espa\u00f1ol.\" class=\"wp-image-8602\" srcset=\"https:\/\/cnewa.org\/es\/wp-content\/uploads\/sites\/5\/2026\/09\/01-ONE-52-3-2026-Front-Cover-Spanish-1800x-800x1024.jpg 800w, https:\/\/cnewa.org\/es\/wp-content\/uploads\/sites\/5\/2026\/09\/01-ONE-52-3-2026-Front-Cover-Spanish-1800x-235x300.jpg 235w, https:\/\/cnewa.org\/es\/wp-content\/uploads\/sites\/5\/2026\/09\/01-ONE-52-3-2026-Front-Cover-Spanish-1800x-768x983.jpg 768w, https:\/\/cnewa.org\/es\/wp-content\/uploads\/sites\/5\/2026\/09\/01-ONE-52-3-2026-Front-Cover-Spanish-1800x-1201x1536.jpg 1201w, https:\/\/cnewa.org\/es\/wp-content\/uploads\/sites\/5\/2026\/09\/01-ONE-52-3-2026-Front-Cover-Spanish-1800x.jpg 1407w\" sizes=\"auto, (max-width: 800px) 100vw, 800px\" \/><figcaption class=\"wp-element-caption\">La portada de la edici\u00f3n de septiembre 2026 de ONE en espa\u00f1ol presenta a la gimnasta ucraniana Oleksandra Paskal. (foto: Anna Klochko; dise\u00f1o gr\u00e1fico: Paul Grillo)<\/figcaption><\/figure>\n\n\n\n<p class=\"wp-block-paragraph\">La iglesia, por supuesto, est\u00e1 siempre presente, entre la gente, caminando con ella, respondiendo a sus necesidades espirituales y f\u00edsicas, y proporcion\u00e1ndoles la esperanza y estabilidad esenciales para su perseverancia.<\/p>\n\n\n\n<p class=\"wp-block-paragraph\">En esa misma l\u00ednea, esta edici\u00f3n de&nbsp;<em>ONE en espa\u00f1ol<\/em>&nbsp;tambi\u00e9n trae art\u00edculos sobre:<\/p>\n\n\n\n<ul class=\"wp-block-list\">\n<li>Peque\u00f1as iniciativas de base en Tierra Santa, que incluye a miembros de las comunidades jud\u00eda, cristiana y musulmana, quienes trabajan para promover la paz y el di\u00e1logo interreligioso en el art\u00edculo \u201c<a href=\"https:\/\/cnewa.org\/es\/revista\/vendran-tiempos-mejores\/\">Vendr\u00e1n Tiempos Mejores<\/a>\u201d.<\/li>\n\n\n\n<li>Religiosas dedicadas, en \u201c<a href=\"https:\/\/cnewa.org\/es\/revista\/una-carta-desde-etiopia\/\">Una Carta desde Etiop\u00eda<\/a>\u201d, que contin\u00faan cuidando de los m\u00e1s vulnerables en Etiop\u00eda, incluso despu\u00e9s de que la mayor\u00eda de las organizaciones humanitarias se han marchado.<\/li>\n\n\n\n<li>Familias refugiadas en Jordania, \u201c<a href=\"https:\/\/cnewa.org\/es\/revista\/una-fragilidad-que-se-agudiza\/\">Una Fragilidad que se Agudiza<\/a>\u201d, intentando construir un futuro para sus hijos con la ayuda de la iglesia.\u00a0<\/li>\n<\/ul>\n\n\n\n<p class=\"wp-block-paragraph\">En los art\u00edculos en serie de&nbsp;<em>ONE en espa\u00f1ol<\/em>&nbsp;que conmemoran el centenario de CNEWA este a\u00f1o, el director ejecutivo Michael J. La Civita relata un periodo de crecimiento emocionante en CNEWA,&nbsp;<a href=\"https:\/\/cnewa.org\/es\/revista\/un-abrazo-exuberante-de-fe-y-caridad\/\">Un Abrazo Exuberante de Fe y Caridad<\/a>, que comenz\u00f3 a finales de los a\u00f1os 60 hasta los 80. La serie se recopilar\u00e1 en un libro que se publicar\u00e1 en 2027.<\/p>\n\n\n\n<p class=\"wp-block-paragraph\">En su\u00a0columna habitual,\u00a0<a href=\"https:\/\/cnewa.org\/es\/revista\/la-ultima-palabra-septiembre-2026\/\">La \u00daltima Palabra<\/a>, Mons. Peter I. Vaccari, presidente de CNEWA, habla sobre una reciente reuni\u00f3n en el Vaticano con el Papa Le\u00f3n XIV y otras organizaciones eclesi\u00e1sticas dedicadas a apoyar a las iglesias orientales, as\u00ed como noticias sobre eventos pr\u00f3ximos por el centenario de CNEWA.\u00a0<\/p>\n\n\n\n<p class=\"wp-block-paragraph\">En una cobertura adicional de este mes, en la que la Iglesia Cat\u00f3lica conmemora la Temporada de la Creaci\u00f3n, los periodistas independientes de&nbsp;<em>ONE<\/em>&nbsp;est\u00e1n informando sobre diversas iniciativas de sensibilizaci\u00f3n y sostenibilidad relacionadas con el cuidado de la creaci\u00f3n en las regiones donde CNEWA trabaja. No dejen de estar atentos a estos art\u00edculos en la web de CNEWA durante todo septiembre.<\/p>\n\n\n\n<p class=\"wp-block-paragraph\">Esperamos que disfruten de esta edici\u00f3n.<\/p>\n","protected":false},"excerpt":{"rendered":"<p>Sorpresa, inspiraci\u00f3n, esperanza, perspectiva. Estas son algunas de las sensaciones que la portada de la edici\u00f3n de septiembre 2026 de&nbsp;ONE en espa\u00f1ol&nbsp;pretende provocar. Fotografiada por la periodista Anna Klochko, Oleksandra Paskal, una joven gimnasta del suroeste de Ucrania, captura el esp\u00edritu valiente de todos los que superan las dificultades y crisis de su entorno para &hellip; <a href=\"https:\/\/cnewa.org\/es\/ya-esta-aqui-la-edicion-de-septiembre-de-one-en-espanol\/\">Continued<\/a><\/p>\n","protected":false},"author":70019,"featured_media":8606,"comment_status":"open","ping_status":"closed","sticky":false,"template":"","format":"standard","meta":{"_acf_changed":false,"footnotes":""},"categories":[3,846],"class_list":["post-8607","post","type-post","status-publish","format-standard","has-post-thumbnail","hentry","category-noticias","category-one-en-espanol"],"acf":[],"yoast_head":"<!-- This site is optimized with the Yoast SEO Premium plugin v28.3 (Yoast SEO v28.3) - https:\/\/yoast.com\/product\/yoast-seo-premium-wordpress\/ -->\n<title>\u00a1Ya est\u00e1 aqu\u00ed la edici\u00f3n de septiembre de ONE en espa\u00f1ol!\u00a0 | CNEWA Espa\u00f1ol<\/title>\n<meta name=\"description\" content=\"Sorpresa, inspiraci\u00f3n, esperanza, perspectiva, son los sentimientos que la edici\u00f3n de septiembre 2026 de ONE en espa\u00f1ol busca despertar.\" \/>\n<meta name=\"robots\" content=\"index, follow, max-snippet:-1, max-image-preview:large, max-video-preview:-1\" \/>\n<link rel=\"canonical\" href=\"https:\/\/cnewa.org\/es\/ya-esta-aqui-la-edicion-de-septiembre-de-one-en-espanol\/\" \/>\n<meta property=\"og:locale\" content=\"es_ES\" \/>\n<meta property=\"og:type\" content=\"article\" \/>\n<meta property=\"og:title\" content=\"\u00a1Ya est\u00e1 aqu\u00ed la edici\u00f3n de septiembre de ONE en espa\u00f1ol!\u00a0\" \/>\n<meta property=\"og:description\" content=\"Sorpresa, inspiraci\u00f3n, esperanza, perspectiva, son los sentimientos que la edici\u00f3n de septiembre 2026 de ONE en espa\u00f1ol busca despertar.\" \/>\n<meta property=\"og:url\" content=\"https:\/\/cnewa.org\/es\/ya-esta-aqui-la-edicion-de-septiembre-de-one-en-espanol\/\" \/>\n<meta property=\"og:site_name\" content=\"CNEWA Espa\u00f1ol\" \/>\n<meta property=\"article:publisher\" content=\"https:\/\/www.facebook.com\/CNEWAenespanol\/\" \/>\n<meta property=\"article:published_time\" content=\"2026-09-01T18:35:27+00:00\" \/>\n<meta property=\"article:modified_time\" content=\"2026-09-01T18:35:28+00:00\" \/>\n<meta property=\"og:image\" content=\"https:\/\/cnewa.org\/es\/wp-content\/uploads\/sites\/5\/2026\/09\/klochko202607_122H-scaled.jpg\" \/>\n\t<meta property=\"og:image:width\" content=\"2560\" \/>\n\t<meta property=\"og:image:height\" content=\"1694\" \/>\n\t<meta property=\"og:image:type\" content=\"image\/jpeg\" \/>\n<meta name=\"author\" content=\"Laura Ieraci\" \/>\n<meta name=\"twitter:card\" content=\"summary_large_image\" \/>\n<meta name=\"twitter:label1\" content=\"Escrito por\" \/>\n\t<meta name=\"twitter:data1\" content=\"David R. Aquije\" \/>\n\t<meta name=\"twitter:label2\" content=\"Tiempo de lectura\" \/>\n\t<meta name=\"twitter:data2\" content=\"3 minutos\" \/>\n<script type=\"application\/ld+json\" class=\"yoast-schema-graph\">{\"@context\":\"https:\\\/\\\/schema.org\",\"@graph\":[{\"@type\":\"Article\",\"@id\":\"https:\\\/\\\/cnewa.org\\\/es\\\/ya-esta-aqui-la-edicion-de-septiembre-de-one-en-espanol\\\/#article\",\"isPartOf\":{\"@id\":\"https:\\\/\\\/cnewa.org\\\/es\\\/ya-esta-aqui-la-edicion-de-septiembre-de-one-en-espanol\\\/\"},\"author\":{\"name\":\"Laura Ieraci\",\"@id\":\"https:\\\/\\\/cnewa.org\\\/es\\\/#\\\/schema\\\/person\\\/d2935c46e239b59210c38997d4aedf00\"},\"headline\":\"\u00a1Ya est\u00e1 aqu\u00ed la edici\u00f3n de septiembre de ONE en espa\u00f1ol!\u00a0\",\"datePublished\":\"2026-09-01T18:35:27+00:00\",\"dateModified\":\"2026-09-01T18:35:28+00:00\",\"mainEntityOfPage\":{\"@id\":\"https:\\\/\\\/cnewa.org\\\/es\\\/ya-esta-aqui-la-edicion-de-septiembre-de-one-en-espanol\\\/\"},\"wordCount\":558,\"commentCount\":0,\"publisher\":{\"@id\":\"https:\\\/\\\/cnewa.org\\\/es\\\/#organization\"},\"image\":{\"@id\":\"https:\\\/\\\/cnewa.org\\\/es\\\/ya-esta-aqui-la-edicion-de-septiembre-de-one-en-espanol\\\/#primaryimage\"},\"thumbnailUrl\":\"https:\\\/\\\/cnewa.org\\\/es\\\/wp-content\\\/uploads\\\/sites\\\/5\\\/2026\\\/09\\\/klochko202607_122H-scaled.jpg\",\"articleSection\":[\"Noticias\",\"ONE en espa\u00f1ol\"],\"inLanguage\":\"es\",\"potentialAction\":[{\"@type\":\"CommentAction\",\"name\":\"Comment\",\"target\":[\"https:\\\/\\\/cnewa.org\\\/es\\\/ya-esta-aqui-la-edicion-de-septiembre-de-one-en-espanol\\\/#respond\"]}]},{\"@type\":\"WebPage\",\"@id\":\"https:\\\/\\\/cnewa.org\\\/es\\\/ya-esta-aqui-la-edicion-de-septiembre-de-one-en-espanol\\\/\",\"url\":\"https:\\\/\\\/cnewa.org\\\/es\\\/ya-esta-aqui-la-edicion-de-septiembre-de-one-en-espanol\\\/\",\"name\":\"\u00a1Ya est\u00e1 aqu\u00ed la edici\u00f3n de septiembre de ONE en espa\u00f1ol!\u00a0 | CNEWA Espa\u00f1ol\",\"isPartOf\":{\"@id\":\"https:\\\/\\\/cnewa.org\\\/es\\\/#website\"},\"primaryImageOfPage\":{\"@id\":\"https:\\\/\\\/cnewa.org\\\/es\\\/ya-esta-aqui-la-edicion-de-septiembre-de-one-en-espanol\\\/#primaryimage\"},\"image\":{\"@id\":\"https:\\\/\\\/cnewa.org\\\/es\\\/ya-esta-aqui-la-edicion-de-septiembre-de-one-en-espanol\\\/#primaryimage\"},\"thumbnailUrl\":\"https:\\\/\\\/cnewa.org\\\/es\\\/wp-content\\\/uploads\\\/sites\\\/5\\\/2026\\\/09\\\/klochko202607_122H-scaled.jpg\",\"datePublished\":\"2026-09-01T18:35:27+00:00\",\"dateModified\":\"2026-09-01T18:35:28+00:00\",\"description\":\"Sorpresa, inspiraci\u00f3n, esperanza, perspectiva, son los sentimientos que la edici\u00f3n de septiembre 2026 de ONE en espa\u00f1ol busca despertar.\",\"breadcrumb\":{\"@id\":\"https:\\\/\\\/cnewa.org\\\/es\\\/ya-esta-aqui-la-edicion-de-septiembre-de-one-en-espanol\\\/#breadcrumb\"},\"inLanguage\":\"es\",\"potentialAction\":[{\"@type\":\"ReadAction\",\"target\":[\"https:\\\/\\\/cnewa.org\\\/es\\\/ya-esta-aqui-la-edicion-de-septiembre-de-one-en-espanol\\\/\"]}]},{\"@type\":\"ImageObject\",\"inLanguage\":\"es\",\"@id\":\"https:\\\/\\\/cnewa.org\\\/es\\\/ya-esta-aqui-la-edicion-de-septiembre-de-one-en-espanol\\\/#primaryimage\",\"url\":\"https:\\\/\\\/cnewa.org\\\/es\\\/wp-content\\\/uploads\\\/sites\\\/5\\\/2026\\\/09\\\/klochko202607_122H-scaled.jpg\",\"contentUrl\":\"https:\\\/\\\/cnewa.org\\\/es\\\/wp-content\\\/uploads\\\/sites\\\/5\\\/2026\\\/09\\\/klochko202607_122H-scaled.jpg\",\"width\":2560,\"height\":1694,\"caption\":\"La gimnasta Oleksandra Paskal \u2014recientemente con una pierna amputada\u2014 posa en el centro junto a su equipo de gimnasia y su entrenadora, Inga Kovalchuk, en el suroeste de Ucrania. (foto: Anna Klochko)\"},{\"@type\":\"BreadcrumbList\",\"@id\":\"https:\\\/\\\/cnewa.org\\\/es\\\/ya-esta-aqui-la-edicion-de-septiembre-de-one-en-espanol\\\/#breadcrumb\",\"itemListElement\":[{\"@type\":\"ListItem\",\"position\":1,\"name\":\"Inicio\",\"item\":\"https:\\\/\\\/cnewa.org\\\/es\\\/\"},{\"@type\":\"ListItem\",\"position\":2,\"name\":\"Noticias\",\"item\":\"https:\\\/\\\/cnewa.org\\\/es\\\/categoria\\\/noticias\\\/\"},{\"@type\":\"ListItem\",\"position\":3,\"name\":\"\u00a1Ya est\u00e1 aqu\u00ed la edici\u00f3n de septiembre de ONE en espa\u00f1ol!\u00a0\"}]},{\"@type\":\"WebSite\",\"@id\":\"https:\\\/\\\/cnewa.org\\\/es\\\/#website\",\"url\":\"https:\\\/\\\/cnewa.org\\\/es\\\/\",\"name\":\"CNEWA Espa\u00f1ol\",\"description\":\"Asociaci\u00f3n Cat\u00f3lica para el Bienestar del Cercano Oriente\",\"publisher\":{\"@id\":\"https:\\\/\\\/cnewa.org\\\/es\\\/#organization\"},\"potentialAction\":[{\"@type\":\"SearchAction\",\"target\":{\"@type\":\"EntryPoint\",\"urlTemplate\":\"https:\\\/\\\/cnewa.org\\\/es\\\/?s={search_term_string}\"},\"query-input\":{\"@type\":\"PropertyValueSpecification\",\"valueRequired\":true,\"valueName\":\"search_term_string\"}}],\"inLanguage\":\"es\"},{\"@type\":\"Organization\",\"@id\":\"https:\\\/\\\/cnewa.org\\\/es\\\/#organization\",\"name\":\"CNEWA Espa\u00f1ol\",\"alternateName\":\"Asociaci\u00f3n Cat\u00f3lica para el Bienestar del Cercano Oriente\",\"url\":\"https:\\\/\\\/cnewa.org\\\/es\\\/\",\"logo\":{\"@type\":\"ImageObject\",\"inLanguage\":\"es\",\"@id\":\"https:\\\/\\\/cnewa.org\\\/es\\\/#\\\/schema\\\/logo\\\/image\\\/\",\"url\":\"https:\\\/\\\/cnewa.org\\\/es\\\/wp-content\\\/uploads\\\/sites\\\/5\\\/2021\\\/07\\\/CNEWA-brand-logo.png\",\"contentUrl\":\"https:\\\/\\\/cnewa.org\\\/es\\\/wp-content\\\/uploads\\\/sites\\\/5\\\/2021\\\/07\\\/CNEWA-brand-logo.png\",\"width\":1000,\"height\":1000,\"caption\":\"CNEWA Espa\u00f1ol\"},\"image\":{\"@id\":\"https:\\\/\\\/cnewa.org\\\/es\\\/#\\\/schema\\\/logo\\\/image\\\/\"},\"sameAs\":[\"https:\\\/\\\/www.facebook.com\\\/CNEWAenespanol\\\/\",\"https:\\\/\\\/www.instagram.com\\\/cnewa1926\\\/\",\"https:\\\/\\\/www.youtube.com\\\/user\\\/TheCNEWA\"]},{\"@type\":\"Person\",\"name\":\"Laura Ieraci\",\"knowsLanguage\":[\"English\",\"Spanish\"],\"jobTitle\":\"Web Content Manager\",\"worksFor\":\"CNEWA\"}]}<\/script>\n<!-- \/ Yoast SEO Premium plugin. -->","yoast_head_json":{"title":"\u00a1Ya est\u00e1 aqu\u00ed la edici\u00f3n de septiembre de ONE en espa\u00f1ol!\u00a0 | CNEWA Espa\u00f1ol","description":"Sorpresa, inspiraci\u00f3n, esperanza, perspectiva, son los sentimientos que la edici\u00f3n de septiembre 2026 de ONE en espa\u00f1ol busca despertar.","robots":{"index":"index","follow":"follow","max-snippet":"max-snippet:-1","max-image-preview":"max-image-preview:large","max-video-preview":"max-video-preview:-1"},"canonical":"https:\/\/cnewa.org\/es\/ya-esta-aqui-la-edicion-de-septiembre-de-one-en-espanol\/","og_locale":"es_ES","og_type":"article","og_title":"\u00a1Ya est\u00e1 aqu\u00ed la edici\u00f3n de septiembre de ONE en espa\u00f1ol!\u00a0","og_description":"Sorpresa, inspiraci\u00f3n, esperanza, perspectiva, son los sentimientos que la edici\u00f3n de septiembre 2026 de ONE en espa\u00f1ol busca despertar.","og_url":"https:\/\/cnewa.org\/es\/ya-esta-aqui-la-edicion-de-septiembre-de-one-en-espanol\/","og_site_name":"CNEWA Espa\u00f1ol","article_publisher":"https:\/\/www.facebook.com\/CNEWAenespanol\/","article_published_time":"2026-09-01T18:35:27+00:00","article_modified_time":"2026-09-01T18:35:28+00:00","og_image":[{"width":2560,"height":1694,"url":"https:\/\/cnewa.org\/es\/wp-content\/uploads\/sites\/5\/2026\/09\/klochko202607_122H-scaled.jpg","type":"image\/jpeg"}],"author":"Laura Ieraci","twitter_card":"summary_large_image","twitter_misc":{"Escrito por":"David R. Aquije","Tiempo de lectura":"3 minutos"},"schema":{"@context":"https:\/\/schema.org","@graph":[{"@type":"Article","@id":"https:\/\/cnewa.org\/es\/ya-esta-aqui-la-edicion-de-septiembre-de-one-en-espanol\/#article","isPartOf":{"@id":"https:\/\/cnewa.org\/es\/ya-esta-aqui-la-edicion-de-septiembre-de-one-en-espanol\/"},"author":{"name":"Laura Ieraci","@id":"https:\/\/cnewa.org\/es\/#\/schema\/person\/d2935c46e239b59210c38997d4aedf00"},"headline":"\u00a1Ya est\u00e1 aqu\u00ed la edici\u00f3n de septiembre de ONE en espa\u00f1ol!\u00a0","datePublished":"2026-09-01T18:35:27+00:00","dateModified":"2026-09-01T18:35:28+00:00","mainEntityOfPage":{"@id":"https:\/\/cnewa.org\/es\/ya-esta-aqui-la-edicion-de-septiembre-de-one-en-espanol\/"},"wordCount":558,"commentCount":0,"publisher":{"@id":"https:\/\/cnewa.org\/es\/#organization"},"image":{"@id":"https:\/\/cnewa.org\/es\/ya-esta-aqui-la-edicion-de-septiembre-de-one-en-espanol\/#primaryimage"},"thumbnailUrl":"https:\/\/cnewa.org\/es\/wp-content\/uploads\/sites\/5\/2026\/09\/klochko202607_122H-scaled.jpg","articleSection":["Noticias","ONE en espa\u00f1ol"],"inLanguage":"es","potentialAction":[{"@type":"CommentAction","name":"Comment","target":["https:\/\/cnewa.org\/es\/ya-esta-aqui-la-edicion-de-septiembre-de-one-en-espanol\/#respond"]}]},{"@type":"WebPage","@id":"https:\/\/cnewa.org\/es\/ya-esta-aqui-la-edicion-de-septiembre-de-one-en-espanol\/","url":"https:\/\/cnewa.org\/es\/ya-esta-aqui-la-edicion-de-septiembre-de-one-en-espanol\/","name":"\u00a1Ya est\u00e1 aqu\u00ed la edici\u00f3n de septiembre de ONE en espa\u00f1ol!\u00a0 | CNEWA Espa\u00f1ol","isPartOf":{"@id":"https:\/\/cnewa.org\/es\/#website"},"primaryImageOfPage":{"@id":"https:\/\/cnewa.org\/es\/ya-esta-aqui-la-edicion-de-septiembre-de-one-en-espanol\/#primaryimage"},"image":{"@id":"https:\/\/cnewa.org\/es\/ya-esta-aqui-la-edicion-de-septiembre-de-one-en-espanol\/#primaryimage"},"thumbnailUrl":"https:\/\/cnewa.org\/es\/wp-content\/uploads\/sites\/5\/2026\/09\/klochko202607_122H-scaled.jpg","datePublished":"2026-09-01T18:35:27+00:00","dateModified":"2026-09-01T18:35:28+00:00","description":"Sorpresa, inspiraci\u00f3n, esperanza, perspectiva, son los sentimientos que la edici\u00f3n de septiembre 2026 de ONE en espa\u00f1ol busca despertar.","breadcrumb":{"@id":"https:\/\/cnewa.org\/es\/ya-esta-aqui-la-edicion-de-septiembre-de-one-en-espanol\/#breadcrumb"},"inLanguage":"es","potentialAction":[{"@type":"ReadAction","target":["https:\/\/cnewa.org\/es\/ya-esta-aqui-la-edicion-de-septiembre-de-one-en-espanol\/"]}]},{"@type":"ImageObject","inLanguage":"es","@id":"https:\/\/cnewa.org\/es\/ya-esta-aqui-la-edicion-de-septiembre-de-one-en-espanol\/#primaryimage","url":"https:\/\/cnewa.org\/es\/wp-content\/uploads\/sites\/5\/2026\/09\/klochko202607_122H-scaled.jpg","contentUrl":"https:\/\/cnewa.org\/es\/wp-content\/uploads\/sites\/5\/2026\/09\/klochko202607_122H-scaled.jpg","width":2560,"height":1694,"caption":"La gimnasta Oleksandra Paskal \u2014recientemente con una pierna amputada\u2014 posa en el centro junto a su equipo de gimnasia y su entrenadora, Inga Kovalchuk, en el suroeste de Ucrania. (foto: Anna Klochko)"},{"@type":"BreadcrumbList","@id":"https:\/\/cnewa.org\/es\/ya-esta-aqui-la-edicion-de-septiembre-de-one-en-espanol\/#breadcrumb","itemListElement":[{"@type":"ListItem","position":1,"name":"Inicio","item":"https:\/\/cnewa.org\/es\/"},{"@type":"ListItem","position":2,"name":"Noticias","item":"https:\/\/cnewa.org\/es\/categoria\/noticias\/"},{"@type":"ListItem","position":3,"name":"\u00a1Ya est\u00e1 aqu\u00ed la edici\u00f3n de septiembre de ONE en espa\u00f1ol!\u00a0"}]},{"@type":"WebSite","@id":"https:\/\/cnewa.org\/es\/#website","url":"https:\/\/cnewa.org\/es\/","name":"CNEWA Espa\u00f1ol","description":"Asociaci\u00f3n Cat\u00f3lica para el Bienestar del Cercano Oriente","publisher":{"@id":"https:\/\/cnewa.org\/es\/#organization"},"potentialAction":[{"@type":"SearchAction","target":{"@type":"EntryPoint","urlTemplate":"https:\/\/cnewa.org\/es\/?s={search_term_string}"},"query-input":{"@type":"PropertyValueSpecification","valueRequired":true,"valueName":"search_term_string"}}],"inLanguage":"es"},{"@type":"Organization","@id":"https:\/\/cnewa.org\/es\/#organization","name":"CNEWA Espa\u00f1ol","alternateName":"Asociaci\u00f3n Cat\u00f3lica para el Bienestar del Cercano Oriente","url":"https:\/\/cnewa.org\/es\/","logo":{"@type":"ImageObject","inLanguage":"es","@id":"https:\/\/cnewa.org\/es\/#\/schema\/logo\/image\/","url":"https:\/\/cnewa.org\/es\/wp-content\/uploads\/sites\/5\/2021\/07\/CNEWA-brand-logo.png","contentUrl":"https:\/\/cnewa.org\/es\/wp-content\/uploads\/sites\/5\/2021\/07\/CNEWA-brand-logo.png","width":1000,"height":1000,"caption":"CNEWA Espa\u00f1ol"},"image":{"@id":"https:\/\/cnewa.org\/es\/#\/schema\/logo\/image\/"},"sameAs":["https:\/\/www.facebook.com\/CNEWAenespanol\/","https:\/\/www.instagram.com\/cnewa1926\/","https:\/\/www.youtube.com\/user\/TheCNEWA"]},{"@type":"Person","name":"Laura Ieraci","knowsLanguage":["English","Spanish"],"jobTitle":"Web Content Manager","worksFor":"CNEWA"}]}},"_links":{"self":[{"href":"https:\/\/cnewa.org\/es\/wp-json\/wp\/v2\/posts\/8607","targetHints":{"allow":["GET"]}}],"collection":[{"href":"https:\/\/cnewa.org\/es\/wp-json\/wp\/v2\/posts"}],"about":[{"href":"https:\/\/cnewa.org\/es\/wp-json\/wp\/v2\/types\/post"}],"author":[{"embeddable":true,"href":"https:\/\/cnewa.org\/es\/wp-json\/wp\/v2\/users\/70019"}],"replies":[{"embeddable":true,"href":"https:\/\/cnewa.org\/es\/wp-json\/wp\/v2\/comments?post=8607"}],"version-history":[{"count":3,"href":"https:\/\/cnewa.org\/es\/wp-json\/wp\/v2\/posts\/8607\/revisions"}],"predecessor-version":[{"id":8610,"href":"https:\/\/cnewa.org\/es\/wp-json\/wp\/v2\/posts\/8607\/revisions\/8610"}],"wp:featuredmedia":[{"embeddable":true,"href":"https:\/\/cnewa.org\/es\/wp-json\/wp\/v2\/media\/8606"}],"wp:attachment":[{"href":"https:\/\/cnewa.org\/es\/wp-json\/wp\/v2\/media?parent=8607"}],"wp:term":[{"taxonomy":"category","embeddable":true,"href":"https:\/\/cnewa.org\/es\/wp-json\/wp\/v2\/categories?post=8607"}],"curies":[{"name":"wp","href":"https:\/\/api.w.org\/{rel}","templated":true}]}}