{"id":8625,"date":"2026-09-04T09:16:28","date_gmt":"2026-09-04T13:16:28","guid":{"rendered":"https:\/\/cnewa.org\/es\/?p=8625"},"modified":"2026-09-04T09:16:29","modified_gmt":"2026-09-04T13:16:29","slug":"comienza-el-tiempo-de-la-creacion","status":"publish","type":"post","link":"https:\/\/cnewa.org\/es\/comienza-el-tiempo-de-la-creacion\/","title":{"rendered":"Comienza el Tiempo de la Creaci\u00f3n"},"content":{"rendered":"\n<h2 id=\"h-a-medida-que-el-verano-se-desvanece-y-comienza-la-temporada-de-las-cosechas-en-todo-el-hemisferio-norte-los-cristianos-de-todo-el-mundo-observan-el-tiempo-de-la-creacion-que-comienza-en-el-dia-mundial-de-oracion-por-el-cuidado-de-la-creacion-el-1-de-septiembre-y-termina-en-la-festividad-de-san-francisco-de-asis-el-4-de-octubre-durante-este-periodo-se-recuerda-a-los-cristianos-que-nuestra-casa-comun-es-tambien-como-una-hermana-con-la-cual-compartimos-la-existencia-y-como-una-madre-bella-que-nos-acoge-entre-sus-brazos-escribio-el-papa-francisco-en-su-enciclica-de-2015-laudato-si\" class=\"wp-block-heading\">A medida que el verano se desvanece y comienza la temporada de las cosechas en todo el hemisferio norte, los cristianos de todo el mundo observan el Tiempo de la Creaci\u00f3n, que comienza en el D\u00eda Mundial de Oraci\u00f3n por el Cuidado de la Creaci\u00f3n el 1 de septiembre y termina en la festividad de San Francisco de As\u00eds, el 4 de octubre. Durante este periodo, se recuerda a los cristianos \u201cque nuestra casa com\u00fan es tambi\u00e9n como una hermana, con la cual compartimos la existencia, y como una madre bella que nos acoge entre sus brazos\u201d, escribi\u00f3 el Papa Francisco en su enc\u00edclica de 2015, \u201c<a href=\"https:\/\/www.vatican.va\/content\/francesco\/es\/encyclicals\/documents\/papa-francesco_20150524_enciclica-laudato-si.html\">Laudato si<\/a>\u2019\u201d.<\/h2>\n\n\n\n<p class=\"wp-block-paragraph\">Sin embargo, \u201cesta hermana clama\u201d, continu\u00f3 el papa, \u201cpor el da\u00f1o que le provocamos a causa del uso irresponsable y del abuso de los bienes que Dios ha puesto en ella. Hemos crecido pensando que \u00e9ramos sus propietarios y dominadores, autorizados a expoliarla. La violencia que hay en el coraz\u00f3n humano, herido por el pecado, tambi\u00e9n se manifiesta en los s\u00edntomas de enfermedad que advertimos en el suelo, en el agua, en el aire y en los seres vivientes\u201d.<\/p>\n\n\n\n<p class=\"wp-block-paragraph\">\u201cPor eso, entre los pobres m\u00e1s abandonados y maltratados, est\u00e1 nuestra oprimida y devastada tierra, que \u2018gime y sufre dolores de parto\u2019 (Rm 8,22). Olvidamos que nosotros mismos somos tierra (cf. Gn 2,7). Nuestro propio cuerpo est\u00e1 constituido por los elementos del planeta, su aire es el que nos da el aliento y su agua nos vivifica y restaura\u201d.<\/p>\n\n\n\n<p class=\"wp-block-paragraph\">Aunque el da\u00f1o que la humanidad le ha infligido en el centro de nuestro mundo como creyentes en el \u00fanico Dios, la Tierra Santa, \u2014 porque esas tierras son precisamente donde \u201cla Palabra se hizo carne y habit\u00f3 entre nosotros\u201d (Jn 1,14) \u2014 esta devastaci\u00f3n global de la tierra es especialmente escandalosa. Y las consecuencias de lo que hemos causado nos afectan a todos, desde las impredecibles consecuencias del cambio clim\u00e1tico hasta la migraci\u00f3n masiva y el desplazamiento forzado de la humanidad.<\/p>\n\n\n\n<p class=\"wp-block-paragraph\">Durante esta temporada, CNEWA presentar\u00e1 en su blog art\u00edculos de todo el Medio Oriente, el noreste de \u00c1frica, India y Europa del Este, que informar\u00e1n sobre las circunstancias ecol\u00f3gicas y medioambientales all\u00ed, el impacto de estas condiciones en la vida de las familias \u2014especialmente de las m\u00e1s vulnerables\u2014 y c\u00f3mo est\u00e1 respondiendo la iglesia.<\/p>\n\n\n\n<p class=\"wp-block-paragraph\">\u00a1No todo son malas noticias!<\/p>\n\n\n\n<p class=\"wp-block-paragraph\">Gracias a la generosidad de los generosos amigos y benefactores de CNEWA, siempre hay motivos para la esperanza, ya que abundan ejemplos de pura determinaci\u00f3n, perseverancia, fortaleza y determinaci\u00f3n.<\/p>\n\n\n\n<p class=\"wp-block-paragraph\">\u201cMientras tanto, nos unimos para hacernos cargo de esta casa que se nos confi\u00f3\u201d, concluy\u00f3 el Papa Francisco en su enc\u00edclica, \u201csabiendo que todo lo bueno que hay en ella ser\u00e1 asumido en la fiesta celestial\u201d.<\/p>\n\n\n\n<p class=\"wp-block-paragraph\">\u201cJunto con todas las criaturas, caminamos por esta tierra buscando a Dios, porque, \u2018si el mundo tiene un principio y ha sido creado, busca al que lo ha creado, busca al que le ha dado inicio, al que es su Creador\u2019 [seg\u00fan una homil\u00eda de San Basilio Magno].<\/p>\n\n\n\n<p class=\"wp-block-paragraph\">\u201cCaminemos cantando. Que nuestras luchas y nuestra preocupaci\u00f3n por este planeta no nos quiten el gozo de la esperanza\u201d. Am\u00e9n.<\/p>\n","protected":false},"excerpt":{"rendered":"<p>Los cristianos del mundo observan el Tiempo de la Creaci\u00f3n, centr\u00e1ndose en el cuidado del medio ambiente y de nuestra casa com\u00fan, la Tierra.<\/p>\n","protected":false},"author":70019,"featured_media":8624,"comment_status":"open","ping_status":"closed","sticky":false,"template":"","format":"standard","meta":{"_acf_changed":false,"footnotes":""},"categories":[3],"class_list":["post-8625","post","type-post","status-publish","format-standard","has-post-thumbnail","hentry","category-noticias"],"acf":[],"yoast_head":"<!-- This site is optimized with the Yoast SEO Premium plugin v28.3 (Yoast SEO v28.3) - https:\/\/yoast.com\/product\/yoast-seo-premium-wordpress\/ -->\n<title>Comienza el Tiempo de la Creaci\u00f3n | CNEWA Espa\u00f1ol<\/title>\n<meta name=\"description\" content=\"Los cristianos del mundo observan el Tiempo de la Creaci\u00f3n, centr\u00e1ndose en el cuidado del medio ambiente y de nuestra casa com\u00fan, la Tierra.\" \/>\n<meta name=\"robots\" content=\"index, follow, max-snippet:-1, max-image-preview:large, max-video-preview:-1\" \/>\n<link rel=\"canonical\" href=\"https:\/\/cnewa.org\/es\/comienza-el-tiempo-de-la-creacion\/\" \/>\n<meta property=\"og:locale\" content=\"es_ES\" \/>\n<meta property=\"og:type\" content=\"article\" \/>\n<meta property=\"og:title\" content=\"Comienza el Tiempo de la Creaci\u00f3n\" \/>\n<meta property=\"og:description\" content=\"Los cristianos del mundo observan el Tiempo de la Creaci\u00f3n, centr\u00e1ndose en el cuidado del medio ambiente y de nuestra casa com\u00fan, la Tierra.\" \/>\n<meta property=\"og:url\" content=\"https:\/\/cnewa.org\/es\/comienza-el-tiempo-de-la-creacion\/\" \/>\n<meta property=\"og:site_name\" content=\"CNEWA Espa\u00f1ol\" \/>\n<meta property=\"article:publisher\" content=\"https:\/\/www.facebook.com\/CNEWAenespanol\/\" \/>\n<meta property=\"article:published_time\" content=\"2026-09-04T13:16:28+00:00\" \/>\n<meta property=\"article:modified_time\" content=\"2026-09-04T13:16:29+00:00\" \/>\n<meta property=\"og:image\" content=\"https:\/\/cnewa.org\/es\/wp-content\/uploads\/sites\/5\/2026\/09\/hazboun202510_087H.jpg\" \/>\n\t<meta property=\"og:image:width\" content=\"1800\" \/>\n\t<meta property=\"og:image:height\" content=\"1200\" \/>\n\t<meta property=\"og:image:type\" content=\"image\/jpeg\" \/>\n<meta name=\"author\" content=\"Michael J. La Civita\" \/>\n<meta name=\"twitter:card\" content=\"summary_large_image\" \/>\n<meta name=\"twitter:label1\" content=\"Escrito por\" \/>\n\t<meta name=\"twitter:data1\" content=\"David R. Aquije\" \/>\n\t<meta name=\"twitter:label2\" content=\"Tiempo de lectura\" \/>\n\t<meta name=\"twitter:data2\" content=\"3 minutos\" \/>\n<script type=\"application\/ld+json\" class=\"yoast-schema-graph\">{\"@context\":\"https:\\\/\\\/schema.org\",\"@graph\":[{\"@type\":\"Article\",\"@id\":\"https:\\\/\\\/cnewa.org\\\/es\\\/comienza-el-tiempo-de-la-creacion\\\/#article\",\"isPartOf\":{\"@id\":\"https:\\\/\\\/cnewa.org\\\/es\\\/comienza-el-tiempo-de-la-creacion\\\/\"},\"author\":{\"name\":\"Michael J. La Civita\",\"@id\":\"https:\\\/\\\/cnewa.org\\\/es\\\/#\\\/schema\\\/person\\\/d2935c46e239b59210c38997d4aedf00\"},\"headline\":\"Comienza el Tiempo de la Creaci\u00f3n\",\"datePublished\":\"2026-09-04T13:16:28+00:00\",\"dateModified\":\"2026-09-04T13:16:29+00:00\",\"mainEntityOfPage\":{\"@id\":\"https:\\\/\\\/cnewa.org\\\/es\\\/comienza-el-tiempo-de-la-creacion\\\/\"},\"wordCount\":548,\"commentCount\":0,\"publisher\":{\"@id\":\"https:\\\/\\\/cnewa.org\\\/es\\\/#organization\"},\"image\":{\"@id\":\"https:\\\/\\\/cnewa.org\\\/es\\\/comienza-el-tiempo-de-la-creacion\\\/#primaryimage\"},\"thumbnailUrl\":\"https:\\\/\\\/cnewa.org\\\/es\\\/wp-content\\\/uploads\\\/sites\\\/5\\\/2026\\\/09\\\/hazboun202510_087H.jpg\",\"articleSection\":[\"Noticias\"],\"inLanguage\":\"es\",\"potentialAction\":[{\"@type\":\"CommentAction\",\"name\":\"Comment\",\"target\":[\"https:\\\/\\\/cnewa.org\\\/es\\\/comienza-el-tiempo-de-la-creacion\\\/#respond\"]}]},{\"@type\":\"WebPage\",\"@id\":\"https:\\\/\\\/cnewa.org\\\/es\\\/comienza-el-tiempo-de-la-creacion\\\/\",\"url\":\"https:\\\/\\\/cnewa.org\\\/es\\\/comienza-el-tiempo-de-la-creacion\\\/\",\"name\":\"Comienza el Tiempo de la Creaci\u00f3n | CNEWA Espa\u00f1ol\",\"isPartOf\":{\"@id\":\"https:\\\/\\\/cnewa.org\\\/es\\\/#website\"},\"primaryImageOfPage\":{\"@id\":\"https:\\\/\\\/cnewa.org\\\/es\\\/comienza-el-tiempo-de-la-creacion\\\/#primaryimage\"},\"image\":{\"@id\":\"https:\\\/\\\/cnewa.org\\\/es\\\/comienza-el-tiempo-de-la-creacion\\\/#primaryimage\"},\"thumbnailUrl\":\"https:\\\/\\\/cnewa.org\\\/es\\\/wp-content\\\/uploads\\\/sites\\\/5\\\/2026\\\/09\\\/hazboun202510_087H.jpg\",\"datePublished\":\"2026-09-04T13:16:28+00:00\",\"dateModified\":\"2026-09-04T13:16:29+00:00\",\"description\":\"Los cristianos del mundo observan el Tiempo de la Creaci\u00f3n, centr\u00e1ndose en el cuidado del medio ambiente y de nuestra casa com\u00fan, la Tierra.\",\"breadcrumb\":{\"@id\":\"https:\\\/\\\/cnewa.org\\\/es\\\/comienza-el-tiempo-de-la-creacion\\\/#breadcrumb\"},\"inLanguage\":\"es\",\"potentialAction\":[{\"@type\":\"ReadAction\",\"target\":[\"https:\\\/\\\/cnewa.org\\\/es\\\/comienza-el-tiempo-de-la-creacion\\\/\"]}]},{\"@type\":\"ImageObject\",\"inLanguage\":\"es\",\"@id\":\"https:\\\/\\\/cnewa.org\\\/es\\\/comienza-el-tiempo-de-la-creacion\\\/#primaryimage\",\"url\":\"https:\\\/\\\/cnewa.org\\\/es\\\/wp-content\\\/uploads\\\/sites\\\/5\\\/2026\\\/09\\\/hazboun202510_087H.jpg\",\"contentUrl\":\"https:\\\/\\\/cnewa.org\\\/es\\\/wp-content\\\/uploads\\\/sites\\\/5\\\/2026\\\/09\\\/hazboun202510_087H.jpg\",\"width\":1800,\"height\":1200,\"caption\":\"Una vista general de casas palestinas entre olivos en Bel\u00e9n, ciudad de Cisjordania. (foto: Samar Hazboun)\"},{\"@type\":\"BreadcrumbList\",\"@id\":\"https:\\\/\\\/cnewa.org\\\/es\\\/comienza-el-tiempo-de-la-creacion\\\/#breadcrumb\",\"itemListElement\":[{\"@type\":\"ListItem\",\"position\":1,\"name\":\"Inicio\",\"item\":\"https:\\\/\\\/cnewa.org\\\/es\\\/\"},{\"@type\":\"ListItem\",\"position\":2,\"name\":\"Noticias\",\"item\":\"https:\\\/\\\/cnewa.org\\\/es\\\/categoria\\\/noticias\\\/\"},{\"@type\":\"ListItem\",\"position\":3,\"name\":\"Comienza el Tiempo de la Creaci\u00f3n\"}]},{\"@type\":\"WebSite\",\"@id\":\"https:\\\/\\\/cnewa.org\\\/es\\\/#website\",\"url\":\"https:\\\/\\\/cnewa.org\\\/es\\\/\",\"name\":\"CNEWA Espa\u00f1ol\",\"description\":\"Asociaci\u00f3n Cat\u00f3lica para el Bienestar del Cercano Oriente\",\"publisher\":{\"@id\":\"https:\\\/\\\/cnewa.org\\\/es\\\/#organization\"},\"potentialAction\":[{\"@type\":\"SearchAction\",\"target\":{\"@type\":\"EntryPoint\",\"urlTemplate\":\"https:\\\/\\\/cnewa.org\\\/es\\\/?s={search_term_string}\"},\"query-input\":{\"@type\":\"PropertyValueSpecification\",\"valueRequired\":true,\"valueName\":\"search_term_string\"}}],\"inLanguage\":\"es\"},{\"@type\":\"Organization\",\"@id\":\"https:\\\/\\\/cnewa.org\\\/es\\\/#organization\",\"name\":\"CNEWA Espa\u00f1ol\",\"alternateName\":\"Asociaci\u00f3n Cat\u00f3lica para el Bienestar del Cercano Oriente\",\"url\":\"https:\\\/\\\/cnewa.org\\\/es\\\/\",\"logo\":{\"@type\":\"ImageObject\",\"inLanguage\":\"es\",\"@id\":\"https:\\\/\\\/cnewa.org\\\/es\\\/#\\\/schema\\\/logo\\\/image\\\/\",\"url\":\"https:\\\/\\\/cnewa.org\\\/es\\\/wp-content\\\/uploads\\\/sites\\\/5\\\/2021\\\/07\\\/CNEWA-brand-logo.png\",\"contentUrl\":\"https:\\\/\\\/cnewa.org\\\/es\\\/wp-content\\\/uploads\\\/sites\\\/5\\\/2021\\\/07\\\/CNEWA-brand-logo.png\",\"width\":1000,\"height\":1000,\"caption\":\"CNEWA Espa\u00f1ol\"},\"image\":{\"@id\":\"https:\\\/\\\/cnewa.org\\\/es\\\/#\\\/schema\\\/logo\\\/image\\\/\"},\"sameAs\":[\"https:\\\/\\\/www.facebook.com\\\/CNEWAenespanol\\\/\",\"https:\\\/\\\/www.instagram.com\\\/cnewa1926\\\/\",\"https:\\\/\\\/www.youtube.com\\\/user\\\/TheCNEWA\"]},{\"@type\":\"Person\",\"name\":\"Michael J. La Civita\",\"knowsLanguage\":[\"English\",\"Spanish\"],\"jobTitle\":\"Web Content Manager\",\"worksFor\":\"CNEWA\"}]}<\/script>\n<!-- \/ Yoast SEO Premium plugin. -->","yoast_head_json":{"title":"Comienza el Tiempo de la Creaci\u00f3n | CNEWA Espa\u00f1ol","description":"Los cristianos del mundo observan el Tiempo de la Creaci\u00f3n, centr\u00e1ndose en el cuidado del medio ambiente y de nuestra casa com\u00fan, la Tierra.","robots":{"index":"index","follow":"follow","max-snippet":"max-snippet:-1","max-image-preview":"max-image-preview:large","max-video-preview":"max-video-preview:-1"},"canonical":"https:\/\/cnewa.org\/es\/comienza-el-tiempo-de-la-creacion\/","og_locale":"es_ES","og_type":"article","og_title":"Comienza el Tiempo de la Creaci\u00f3n","og_description":"Los cristianos del mundo observan el Tiempo de la Creaci\u00f3n, centr\u00e1ndose en el cuidado del medio ambiente y de nuestra casa com\u00fan, la Tierra.","og_url":"https:\/\/cnewa.org\/es\/comienza-el-tiempo-de-la-creacion\/","og_site_name":"CNEWA Espa\u00f1ol","article_publisher":"https:\/\/www.facebook.com\/CNEWAenespanol\/","article_published_time":"2026-09-04T13:16:28+00:00","article_modified_time":"2026-09-04T13:16:29+00:00","og_image":[{"width":1800,"height":1200,"url":"https:\/\/cnewa.org\/es\/wp-content\/uploads\/sites\/5\/2026\/09\/hazboun202510_087H.jpg","type":"image\/jpeg"}],"author":"Michael J. La Civita","twitter_card":"summary_large_image","twitter_misc":{"Escrito por":"David R. Aquije","Tiempo de lectura":"3 minutos"},"schema":{"@context":"https:\/\/schema.org","@graph":[{"@type":"Article","@id":"https:\/\/cnewa.org\/es\/comienza-el-tiempo-de-la-creacion\/#article","isPartOf":{"@id":"https:\/\/cnewa.org\/es\/comienza-el-tiempo-de-la-creacion\/"},"author":{"name":"Michael J. La Civita","@id":"https:\/\/cnewa.org\/es\/#\/schema\/person\/d2935c46e239b59210c38997d4aedf00"},"headline":"Comienza el Tiempo de la Creaci\u00f3n","datePublished":"2026-09-04T13:16:28+00:00","dateModified":"2026-09-04T13:16:29+00:00","mainEntityOfPage":{"@id":"https:\/\/cnewa.org\/es\/comienza-el-tiempo-de-la-creacion\/"},"wordCount":548,"commentCount":0,"publisher":{"@id":"https:\/\/cnewa.org\/es\/#organization"},"image":{"@id":"https:\/\/cnewa.org\/es\/comienza-el-tiempo-de-la-creacion\/#primaryimage"},"thumbnailUrl":"https:\/\/cnewa.org\/es\/wp-content\/uploads\/sites\/5\/2026\/09\/hazboun202510_087H.jpg","articleSection":["Noticias"],"inLanguage":"es","potentialAction":[{"@type":"CommentAction","name":"Comment","target":["https:\/\/cnewa.org\/es\/comienza-el-tiempo-de-la-creacion\/#respond"]}]},{"@type":"WebPage","@id":"https:\/\/cnewa.org\/es\/comienza-el-tiempo-de-la-creacion\/","url":"https:\/\/cnewa.org\/es\/comienza-el-tiempo-de-la-creacion\/","name":"Comienza el Tiempo de la Creaci\u00f3n | CNEWA Espa\u00f1ol","isPartOf":{"@id":"https:\/\/cnewa.org\/es\/#website"},"primaryImageOfPage":{"@id":"https:\/\/cnewa.org\/es\/comienza-el-tiempo-de-la-creacion\/#primaryimage"},"image":{"@id":"https:\/\/cnewa.org\/es\/comienza-el-tiempo-de-la-creacion\/#primaryimage"},"thumbnailUrl":"https:\/\/cnewa.org\/es\/wp-content\/uploads\/sites\/5\/2026\/09\/hazboun202510_087H.jpg","datePublished":"2026-09-04T13:16:28+00:00","dateModified":"2026-09-04T13:16:29+00:00","description":"Los cristianos del mundo observan el Tiempo de la Creaci\u00f3n, centr\u00e1ndose en el cuidado del medio ambiente y de nuestra casa com\u00fan, la Tierra.","breadcrumb":{"@id":"https:\/\/cnewa.org\/es\/comienza-el-tiempo-de-la-creacion\/#breadcrumb"},"inLanguage":"es","potentialAction":[{"@type":"ReadAction","target":["https:\/\/cnewa.org\/es\/comienza-el-tiempo-de-la-creacion\/"]}]},{"@type":"ImageObject","inLanguage":"es","@id":"https:\/\/cnewa.org\/es\/comienza-el-tiempo-de-la-creacion\/#primaryimage","url":"https:\/\/cnewa.org\/es\/wp-content\/uploads\/sites\/5\/2026\/09\/hazboun202510_087H.jpg","contentUrl":"https:\/\/cnewa.org\/es\/wp-content\/uploads\/sites\/5\/2026\/09\/hazboun202510_087H.jpg","width":1800,"height":1200,"caption":"Una vista general de casas palestinas entre olivos en Bel\u00e9n, ciudad de Cisjordania. (foto: Samar Hazboun)"},{"@type":"BreadcrumbList","@id":"https:\/\/cnewa.org\/es\/comienza-el-tiempo-de-la-creacion\/#breadcrumb","itemListElement":[{"@type":"ListItem","position":1,"name":"Inicio","item":"https:\/\/cnewa.org\/es\/"},{"@type":"ListItem","position":2,"name":"Noticias","item":"https:\/\/cnewa.org\/es\/categoria\/noticias\/"},{"@type":"ListItem","position":3,"name":"Comienza el Tiempo de la Creaci\u00f3n"}]},{"@type":"WebSite","@id":"https:\/\/cnewa.org\/es\/#website","url":"https:\/\/cnewa.org\/es\/","name":"CNEWA Espa\u00f1ol","description":"Asociaci\u00f3n Cat\u00f3lica para el Bienestar del Cercano Oriente","publisher":{"@id":"https:\/\/cnewa.org\/es\/#organization"},"potentialAction":[{"@type":"SearchAction","target":{"@type":"EntryPoint","urlTemplate":"https:\/\/cnewa.org\/es\/?s={search_term_string}"},"query-input":{"@type":"PropertyValueSpecification","valueRequired":true,"valueName":"search_term_string"}}],"inLanguage":"es"},{"@type":"Organization","@id":"https:\/\/cnewa.org\/es\/#organization","name":"CNEWA Espa\u00f1ol","alternateName":"Asociaci\u00f3n Cat\u00f3lica para el Bienestar del Cercano Oriente","url":"https:\/\/cnewa.org\/es\/","logo":{"@type":"ImageObject","inLanguage":"es","@id":"https:\/\/cnewa.org\/es\/#\/schema\/logo\/image\/","url":"https:\/\/cnewa.org\/es\/wp-content\/uploads\/sites\/5\/2021\/07\/CNEWA-brand-logo.png","contentUrl":"https:\/\/cnewa.org\/es\/wp-content\/uploads\/sites\/5\/2021\/07\/CNEWA-brand-logo.png","width":1000,"height":1000,"caption":"CNEWA Espa\u00f1ol"},"image":{"@id":"https:\/\/cnewa.org\/es\/#\/schema\/logo\/image\/"},"sameAs":["https:\/\/www.facebook.com\/CNEWAenespanol\/","https:\/\/www.instagram.com\/cnewa1926\/","https:\/\/www.youtube.com\/user\/TheCNEWA"]},{"@type":"Person","name":"Michael J. La Civita","knowsLanguage":["English","Spanish"],"jobTitle":"Web Content Manager","worksFor":"CNEWA"}]}},"_links":{"self":[{"href":"https:\/\/cnewa.org\/es\/wp-json\/wp\/v2\/posts\/8625","targetHints":{"allow":["GET"]}}],"collection":[{"href":"https:\/\/cnewa.org\/es\/wp-json\/wp\/v2\/posts"}],"about":[{"href":"https:\/\/cnewa.org\/es\/wp-json\/wp\/v2\/types\/post"}],"author":[{"embeddable":true,"href":"https:\/\/cnewa.org\/es\/wp-json\/wp\/v2\/users\/70019"}],"replies":[{"embeddable":true,"href":"https:\/\/cnewa.org\/es\/wp-json\/wp\/v2\/comments?post=8625"}],"version-history":[{"count":3,"href":"https:\/\/cnewa.org\/es\/wp-json\/wp\/v2\/posts\/8625\/revisions"}],"predecessor-version":[{"id":8628,"href":"https:\/\/cnewa.org\/es\/wp-json\/wp\/v2\/posts\/8625\/revisions\/8628"}],"wp:featuredmedia":[{"embeddable":true,"href":"https:\/\/cnewa.org\/es\/wp-json\/wp\/v2\/media\/8624"}],"wp:attachment":[{"href":"https:\/\/cnewa.org\/es\/wp-json\/wp\/v2\/media?parent=8625"}],"wp:term":[{"taxonomy":"category","embeddable":true,"href":"https:\/\/cnewa.org\/es\/wp-json\/wp\/v2\/categories?post=8625"}],"curies":[{"name":"wp","href":"https:\/\/api.w.org\/{rel}","templated":true}]}}