{"id":3182,"date":"2026-08-12T12:11:54","date_gmt":"2026-08-12T16:11:54","guid":{"rendered":"https:\/\/cnewa.org\/fr\/?p=3182"},"modified":"2026-09-02T08:23:48","modified_gmt":"2026-09-02T12:23:48","slug":"cnewa-soiree-de-gala-100-ans-de-mission","status":"publish","type":"post","link":"https:\/\/cnewa.org\/fr\/cnewa-soiree-de-gala-100-ans-de-mission\/","title":{"rendered":"CNEWA \u2013 Soir\u00e9e de gala \u00ab 100 ans de mission \u00bb"},"content":{"rendered":"\n<h2 id=\"h-vous-etes-cordialement-invites-a-vous-joindre-a-nous-pour-une-soiree-de-celebration-a-l-occasion-du-100e-anniversaire-de-cnewa\" class=\"wp-block-heading\">Vous \u00eates cordialement invit\u00e9s \u00e0 vous joindre \u00e0 nous pour une soir\u00e9e de c\u00e9l\u00e9bration \u00e0 l&rsquo;occasion du 100e anniversaire de CNEWA.<\/h2>\n\n\n\n<p class=\"wp-block-paragraph\">Au nom de l\u2019\u00e9quipe de CNEWA Canada, et avec la b\u00e9n\u00e9diction de <strong>l\u2019Archev\u00eaque Marcel Damphousse<\/strong>, Pr\u00e9sident du Conseil d\u2019administration de CNEWA Canada, vous \u00eates invit\u00e9s \u00e0 l\u2019\u00e9v\u00e8nement extraordinaire <strong><em>\u00ab 100 ans de mission \u00bb<\/em><\/strong> \u2013 <em>le Gala du 100\u00e8me anniversaire <\/em>de CNEWA, le vendredi 6 novembre 2026.<\/p>\n\n\n\n<div class=\"wp-block-buttons is-horizontal is-content-justification-center is-layout-flex wp-container-core-buttons-is-layout-4effdc6a wp-block-buttons-is-layout-flex\">\n<div class=\"wp-block-button has-custom-width wp-block-button__width-100\"><a class=\"wp-block-button__link wp-element-button\" href=\"https:\/\/cnewa.org\/fr\/billets-pour-le-gala\" target=\"_blank\" rel=\"noreferrer noopener\">R\u00e9servez vos billets<\/a><\/div>\n<\/div>\n\n\n\n<p class=\"wp-block-paragraph\"><strong>Depuis cent ans,<\/strong> CNEWA accompagne les \u00c9glises orientales et les personnes qu\u2019elles servent, apportant l\u2019espoir l\u00e0 o\u00f9 r\u00e8gnent les difficult\u00e9s, la gu\u00e9rison l\u00e0 o\u00f9 r\u00e8gne la souffrance, et rappelant \u00e0 d\u2019innombrables familles qu\u2019elles sont aim\u00e9es et qu\u2019on ne les oublie jamais.<\/p>\n\n\n\n<p class=\"wp-block-paragraph\"><strong>Le vendredi 6 novembre 2026,<\/strong>\u00a0nous vous invitons chaleureusement \u00e0 vous joindre \u00e0 nous pour c\u00e9l\u00e9brer nos 100 ans de mission. Cette soir\u00e9e exceptionnelle r\u00e9unira des amis, des bienfaiteurs, des membres du clerg\u00e9 et des partenaires de partout au Canada pour rendre gr\u00e2ce \u00e0 Dieu pour un si\u00e8cle de fid\u00e9lit\u00e9 et pour la mission que nous accomplissons ensemble.\u00a0<\/p>\n\n\n\n<p class=\"wp-block-paragraph\">\u00c0 l\u2019occasion de cette \u00e9tape historique, <strong>CNEWA Canada remettra le \u00ab Prix de la foi et de la culture \u00bb \u00e0 Sa B\u00e9atitude Sviatoslav Shevchuk<\/strong>, archev\u00eaque majeur de l\u2019\u00c9glise grecque-catholique ukrainienne, en reconnaissance de son leadership, de son t\u00e9moignage in\u00e9branlable de la foi chr\u00e9tienne et de son engagement ind\u00e9fectible en faveur de la pr\u00e9servation du patrimoine spirituel et culturel du peuple ukrainien.&nbsp;<\/p>\n\n\n\n<p class=\"wp-block-paragraph\">Nous avons l\u2019honneur d\u2019accueillir <strong>le p\u00e8re John O\u2019Brien, S.J.<\/strong>, directeur du Sanctuaire des Martyrs, \u00e0 titre de conf\u00e9rencier principal. Le courage, l\u2019accompagnement et la pr\u00e9sence fid\u00e8le des martyrs canadiens offrent \u00e0 CNEWA un puissant sujet de r\u00e9flexion \u00e0 l\u2019occasion de son centenaire. Depuis maintenant cent ans, ce m\u00eame esprit guide CNEWA dans son engagement aupr\u00e8s des \u00c9glises orientales, qui servent des communaut\u00e9s confront\u00e9es \u00e0 la guerre, au d\u00e9placement, \u00e0 la pauvret\u00e9, \u00e0 la pers\u00e9cution et \u00e0 l\u2019incertitude.<\/p>\n\n\n\n<p class=\"wp-block-paragraph\">Ensemble, nous passerons une soir\u00e9e inspirante, plac\u00e9e sous le signe de la pri\u00e8re, de la fraternit\u00e9, de la gratitude et de la f\u00eate, afin de c\u00e9l\u00e9brer les <em><strong>100 ans de notre mission<\/strong> <\/em>et votre g\u00e9n\u00e9rosit\u00e9, qui a rendu cette \u0153uvre possible.&nbsp;<\/p>\n\n\n\n<p class=\"has-text-align-center wp-block-paragraph\">Nous avons h\u00e2te de c\u00e9l\u00e9brer cet \u00e9v\u00e9nement historique avec vous.&nbsp;<\/p>\n\n\n\n<figure class=\"wp-block-pullquote\"><blockquote><p><img decoding=\"async\" src=\"https:\/\/cnewa.org\/fr\/wp-content\/uploads\/sites\/3\/2026\/08\/26xxxx-CA-Gala-Invite-2026-Fr-web-694x1024.jpg\" alt=\"\"><\/p><\/blockquote><\/figure>\n","protected":false},"excerpt":{"rendered":"<p>Vous \u00eates cordialement invit\u00e9s \u00e0 vous joindre \u00e0 nous pour une soir\u00e9e de c\u00e9l\u00e9bration \u00e0 l&rsquo;occasion du 100e anniversaire de CNEWA. Au nom de l\u2019\u00e9quipe de CNEWA Canada, et avec la b\u00e9n\u00e9diction de l\u2019Archev\u00eaque Marcel Damphousse, Pr\u00e9sident du Conseil d\u2019administration de CNEWA Canada, vous \u00eates invit\u00e9s \u00e0 l\u2019\u00e9v\u00e8nement extraordinaire \u00ab 100 ans de mission \u00bb &hellip; <a href=\"https:\/\/cnewa.org\/fr\/cnewa-soiree-de-gala-100-ans-de-mission\/\">Continued<\/a><\/p>\n","protected":false},"author":70080,"featured_media":2590,"comment_status":"open","ping_status":"closed","sticky":false,"template":"","format":"standard","meta":{"_acf_changed":false,"footnotes":""},"categories":[556],"class_list":["post-3182","post","type-post","status-publish","format-standard","has-post-thumbnail","hentry","category-jalons-cnewa"],"acf":[],"yoast_head":"<!-- This site is optimized with the Yoast SEO Premium plugin v28.3 (Yoast SEO v28.3) - https:\/\/yoast.com\/product\/yoast-seo-premium-wordpress\/ -->\n<title>CNEWA \u2013 Soir\u00e9e de gala \u00ab 100 ans de mission \u00bb | CNEWA Canada<\/title>\n<meta name=\"robots\" content=\"index, follow, max-snippet:-1, max-image-preview:large, max-video-preview:-1\" \/>\n<link rel=\"canonical\" href=\"https:\/\/cnewa.org\/fr\/cnewa-soiree-de-gala-100-ans-de-mission\/\" \/>\n<meta property=\"og:locale\" content=\"fr_CA\" \/>\n<meta property=\"og:type\" content=\"article\" \/>\n<meta property=\"og:title\" content=\"CNEWA \u2013 Soir\u00e9e de gala \u00ab 100 ans de mission \u00bb\" \/>\n<meta property=\"og:description\" content=\"Vous \u00eates cordialement invit\u00e9s \u00e0 vous joindre \u00e0 nous pour une soir\u00e9e de c\u00e9l\u00e9bration \u00e0 l&rsquo;occasion du 100e anniversaire de CNEWA. Au nom de l\u2019\u00e9quipe de CNEWA Canada, et avec la b\u00e9n\u00e9diction de l\u2019Archev\u00eaque Marcel Damphousse, Pr\u00e9sident du Conseil d\u2019administration de CNEWA Canada, vous \u00eates invit\u00e9s \u00e0 l\u2019\u00e9v\u00e8nement extraordinaire \u00ab 100 ans de mission \u00bb &hellip; Continued\" \/>\n<meta property=\"og:site_name\" content=\"CNEWA Canada\" \/>\n<meta property=\"article:publisher\" content=\"https:\/\/www.facebook.com\/cnewacanada\/\" \/>\n<meta property=\"article:published_time\" content=\"2026-08-12T16:11:54+00:00\" \/>\n<meta property=\"article:modified_time\" content=\"2026-09-02T12:23:48+00:00\" \/>\n<meta property=\"og:image\" content=\"https:\/\/cnewa.org\/fr\/wp-content\/uploads\/sites\/3\/2025\/11\/25-DSC_2254-scaled.jpg\" \/>\n\t<meta property=\"og:image:width\" content=\"2560\" \/>\n\t<meta property=\"og:image:height\" content=\"1702\" \/>\n\t<meta property=\"og:image:type\" content=\"image\/jpeg\" \/>\n<meta name=\"author\" content=\"CNEWA\" \/>\n<meta name=\"twitter:card\" content=\"summary_large_image\" \/>\n<meta name=\"twitter:creator\" content=\"@cnewac\" \/>\n<meta name=\"twitter:site\" content=\"@cnewac\" \/>\n<meta name=\"twitter:label1\" content=\"\u00c9crit par\" \/>\n\t<meta name=\"twitter:data1\" content=\"Calin Batori\" \/>\n\t<meta name=\"twitter:label2\" content=\"Estimation du temps de lecture\" \/>\n\t<meta name=\"twitter:data2\" content=\"3 minutes\" \/>\n<script type=\"application\/ld+json\" class=\"yoast-schema-graph\">{\"@context\":\"https:\\\/\\\/schema.org\",\"@graph\":[{\"@type\":\"Article\",\"@id\":\"https:\\\/\\\/cnewa.org\\\/fr\\\/cnewa-soiree-de-gala-100-ans-de-mission\\\/#article\",\"isPartOf\":{\"@id\":\"https:\\\/\\\/cnewa.org\\\/fr\\\/cnewa-soiree-de-gala-100-ans-de-mission\\\/\"},\"author\":{\"name\":\"CNEWA\",\"@id\":\"https:\\\/\\\/cnewa.org\\\/fr\\\/#\\\/schema\\\/person\\\/929839c5dd14a349dc51af681d8cf7ae\"},\"headline\":\"CNEWA \u2013 Soir\u00e9e de gala \u00ab 100 ans de mission \u00bb\",\"datePublished\":\"2026-08-12T16:11:54+00:00\",\"dateModified\":\"2026-09-02T12:23:48+00:00\",\"mainEntityOfPage\":{\"@id\":\"https:\\\/\\\/cnewa.org\\\/fr\\\/cnewa-soiree-de-gala-100-ans-de-mission\\\/\"},\"wordCount\":414,\"commentCount\":0,\"publisher\":{\"@id\":\"https:\\\/\\\/cnewa.org\\\/fr\\\/#organization\"},\"image\":{\"@id\":\"https:\\\/\\\/cnewa.org\\\/fr\\\/cnewa-soiree-de-gala-100-ans-de-mission\\\/#primaryimage\"},\"thumbnailUrl\":\"https:\\\/\\\/cnewa.org\\\/fr\\\/wp-content\\\/uploads\\\/sites\\\/3\\\/2025\\\/11\\\/25-DSC_2254-scaled.jpg\",\"articleSection\":[\"Jalons CNEWA\"],\"inLanguage\":\"fr-CA\",\"potentialAction\":[{\"@type\":\"CommentAction\",\"name\":\"Comment\",\"target\":[\"https:\\\/\\\/cnewa.org\\\/fr\\\/cnewa-soiree-de-gala-100-ans-de-mission\\\/#respond\"]}]},{\"@type\":\"WebPage\",\"@id\":\"https:\\\/\\\/cnewa.org\\\/fr\\\/cnewa-soiree-de-gala-100-ans-de-mission\\\/\",\"url\":\"https:\\\/\\\/cnewa.org\\\/fr\\\/cnewa-soiree-de-gala-100-ans-de-mission\\\/\",\"name\":\"CNEWA \u2013 Soir\u00e9e de gala \u00ab 100 ans de mission \u00bb | CNEWA Canada\",\"isPartOf\":{\"@id\":\"https:\\\/\\\/cnewa.org\\\/fr\\\/#website\"},\"primaryImageOfPage\":{\"@id\":\"https:\\\/\\\/cnewa.org\\\/fr\\\/cnewa-soiree-de-gala-100-ans-de-mission\\\/#primaryimage\"},\"image\":{\"@id\":\"https:\\\/\\\/cnewa.org\\\/fr\\\/cnewa-soiree-de-gala-100-ans-de-mission\\\/#primaryimage\"},\"thumbnailUrl\":\"https:\\\/\\\/cnewa.org\\\/fr\\\/wp-content\\\/uploads\\\/sites\\\/3\\\/2025\\\/11\\\/25-DSC_2254-scaled.jpg\",\"datePublished\":\"2026-08-12T16:11:54+00:00\",\"dateModified\":\"2026-09-02T12:23:48+00:00\",\"breadcrumb\":{\"@id\":\"https:\\\/\\\/cnewa.org\\\/fr\\\/cnewa-soiree-de-gala-100-ans-de-mission\\\/#breadcrumb\"},\"inLanguage\":\"fr-CA\",\"potentialAction\":[{\"@type\":\"ReadAction\",\"target\":[\"https:\\\/\\\/cnewa.org\\\/fr\\\/cnewa-soiree-de-gala-100-ans-de-mission\\\/\"]}]},{\"@type\":\"ImageObject\",\"inLanguage\":\"fr-CA\",\"@id\":\"https:\\\/\\\/cnewa.org\\\/fr\\\/cnewa-soiree-de-gala-100-ans-de-mission\\\/#primaryimage\",\"url\":\"https:\\\/\\\/cnewa.org\\\/fr\\\/wp-content\\\/uploads\\\/sites\\\/3\\\/2025\\\/11\\\/25-DSC_2254-scaled.jpg\",\"contentUrl\":\"https:\\\/\\\/cnewa.org\\\/fr\\\/wp-content\\\/uploads\\\/sites\\\/3\\\/2025\\\/11\\\/25-DSC_2254-scaled.jpg\",\"width\":2560,\"height\":1702},{\"@type\":\"BreadcrumbList\",\"@id\":\"https:\\\/\\\/cnewa.org\\\/fr\\\/cnewa-soiree-de-gala-100-ans-de-mission\\\/#breadcrumb\",\"itemListElement\":[{\"@type\":\"ListItem\",\"position\":1,\"name\":\"Accueil\",\"item\":\"https:\\\/\\\/cnewa.org\\\/fr\\\/\"},{\"@type\":\"ListItem\",\"position\":2,\"name\":\"CNEWA \u2013 Soir\u00e9e de gala \u00ab 100 ans de mission \u00bb\"}]},{\"@type\":\"WebSite\",\"@id\":\"https:\\\/\\\/cnewa.org\\\/fr\\\/#website\",\"url\":\"https:\\\/\\\/cnewa.org\\\/fr\\\/\",\"name\":\"CNEWA Canada\",\"description\":\"Association catholique d\u2019aide \u00e0 l\u2019Orient\",\"publisher\":{\"@id\":\"https:\\\/\\\/cnewa.org\\\/fr\\\/#organization\"},\"potentialAction\":[{\"@type\":\"SearchAction\",\"target\":{\"@type\":\"EntryPoint\",\"urlTemplate\":\"https:\\\/\\\/cnewa.org\\\/fr\\\/?s={search_term_string}\"},\"query-input\":{\"@type\":\"PropertyValueSpecification\",\"valueRequired\":true,\"valueName\":\"search_term_string\"}}],\"inLanguage\":\"fr-CA\"},{\"@type\":\"Organization\",\"@id\":\"https:\\\/\\\/cnewa.org\\\/fr\\\/#organization\",\"name\":\"CNEWA Canada\",\"alternateName\":\"Association catholique d\u2019aide \u00e0 l\u2019Orient\",\"url\":\"https:\\\/\\\/cnewa.org\\\/fr\\\/\",\"logo\":{\"@type\":\"ImageObject\",\"inLanguage\":\"fr-CA\",\"@id\":\"https:\\\/\\\/cnewa.org\\\/fr\\\/#\\\/schema\\\/logo\\\/image\\\/\",\"url\":\"https:\\\/\\\/cnewa.org\\\/fr\\\/wp-content\\\/uploads\\\/sites\\\/3\\\/2019\\\/11\\\/CNEWA-brand-logo.png\",\"contentUrl\":\"https:\\\/\\\/cnewa.org\\\/fr\\\/wp-content\\\/uploads\\\/sites\\\/3\\\/2019\\\/11\\\/CNEWA-brand-logo.png\",\"width\":1000,\"height\":1000,\"caption\":\"CNEWA Canada\"},\"image\":{\"@id\":\"https:\\\/\\\/cnewa.org\\\/fr\\\/#\\\/schema\\\/logo\\\/image\\\/\"},\"sameAs\":[\"https:\\\/\\\/www.facebook.com\\\/cnewacanada\\\/\",\"https:\\\/\\\/x.com\\\/cnewac\",\"https:\\\/\\\/www.instagram.com\\\/cnewa1926\\\/\",\"https:\\\/\\\/www.youtube.com\\\/user\\\/TheCNEWA\"]},{\"@type\":\"Person\",\"name\":\"CNEWA\"}]}<\/script>\n<!-- \/ Yoast SEO Premium plugin. -->","yoast_head_json":{"title":"CNEWA \u2013 Soir\u00e9e de gala \u00ab 100 ans de mission \u00bb | CNEWA Canada","robots":{"index":"index","follow":"follow","max-snippet":"max-snippet:-1","max-image-preview":"max-image-preview:large","max-video-preview":"max-video-preview:-1"},"canonical":"https:\/\/cnewa.org\/fr\/cnewa-soiree-de-gala-100-ans-de-mission\/","og_locale":"fr_CA","og_type":"article","og_title":"CNEWA \u2013 Soir\u00e9e de gala \u00ab 100 ans de mission \u00bb","og_description":"Vous \u00eates cordialement invit\u00e9s \u00e0 vous joindre \u00e0 nous pour une soir\u00e9e de c\u00e9l\u00e9bration \u00e0 l&rsquo;occasion du 100e anniversaire de CNEWA. Au nom de l\u2019\u00e9quipe de CNEWA Canada, et avec la b\u00e9n\u00e9diction de l\u2019Archev\u00eaque Marcel Damphousse, Pr\u00e9sident du Conseil d\u2019administration de CNEWA Canada, vous \u00eates invit\u00e9s \u00e0 l\u2019\u00e9v\u00e8nement extraordinaire \u00ab 100 ans de mission \u00bb &hellip; Continued","og_site_name":"CNEWA Canada","article_publisher":"https:\/\/www.facebook.com\/cnewacanada\/","article_published_time":"2026-08-12T16:11:54+00:00","article_modified_time":"2026-09-02T12:23:48+00:00","og_image":[{"width":2560,"height":1702,"url":"https:\/\/cnewa.org\/fr\/wp-content\/uploads\/sites\/3\/2025\/11\/25-DSC_2254-scaled.jpg","type":"image\/jpeg"}],"author":"CNEWA","twitter_card":"summary_large_image","twitter_creator":"@cnewac","twitter_site":"@cnewac","twitter_misc":{"\u00c9crit par":"Calin Batori","Estimation du temps de lecture":"3 minutes"},"schema":{"@context":"https:\/\/schema.org","@graph":[{"@type":"Article","@id":"https:\/\/cnewa.org\/fr\/cnewa-soiree-de-gala-100-ans-de-mission\/#article","isPartOf":{"@id":"https:\/\/cnewa.org\/fr\/cnewa-soiree-de-gala-100-ans-de-mission\/"},"author":{"name":"CNEWA","@id":"https:\/\/cnewa.org\/fr\/#\/schema\/person\/929839c5dd14a349dc51af681d8cf7ae"},"headline":"CNEWA \u2013 Soir\u00e9e de gala \u00ab 100 ans de mission \u00bb","datePublished":"2026-08-12T16:11:54+00:00","dateModified":"2026-09-02T12:23:48+00:00","mainEntityOfPage":{"@id":"https:\/\/cnewa.org\/fr\/cnewa-soiree-de-gala-100-ans-de-mission\/"},"wordCount":414,"commentCount":0,"publisher":{"@id":"https:\/\/cnewa.org\/fr\/#organization"},"image":{"@id":"https:\/\/cnewa.org\/fr\/cnewa-soiree-de-gala-100-ans-de-mission\/#primaryimage"},"thumbnailUrl":"https:\/\/cnewa.org\/fr\/wp-content\/uploads\/sites\/3\/2025\/11\/25-DSC_2254-scaled.jpg","articleSection":["Jalons CNEWA"],"inLanguage":"fr-CA","potentialAction":[{"@type":"CommentAction","name":"Comment","target":["https:\/\/cnewa.org\/fr\/cnewa-soiree-de-gala-100-ans-de-mission\/#respond"]}]},{"@type":"WebPage","@id":"https:\/\/cnewa.org\/fr\/cnewa-soiree-de-gala-100-ans-de-mission\/","url":"https:\/\/cnewa.org\/fr\/cnewa-soiree-de-gala-100-ans-de-mission\/","name":"CNEWA \u2013 Soir\u00e9e de gala \u00ab 100 ans de mission \u00bb | CNEWA Canada","isPartOf":{"@id":"https:\/\/cnewa.org\/fr\/#website"},"primaryImageOfPage":{"@id":"https:\/\/cnewa.org\/fr\/cnewa-soiree-de-gala-100-ans-de-mission\/#primaryimage"},"image":{"@id":"https:\/\/cnewa.org\/fr\/cnewa-soiree-de-gala-100-ans-de-mission\/#primaryimage"},"thumbnailUrl":"https:\/\/cnewa.org\/fr\/wp-content\/uploads\/sites\/3\/2025\/11\/25-DSC_2254-scaled.jpg","datePublished":"2026-08-12T16:11:54+00:00","dateModified":"2026-09-02T12:23:48+00:00","breadcrumb":{"@id":"https:\/\/cnewa.org\/fr\/cnewa-soiree-de-gala-100-ans-de-mission\/#breadcrumb"},"inLanguage":"fr-CA","potentialAction":[{"@type":"ReadAction","target":["https:\/\/cnewa.org\/fr\/cnewa-soiree-de-gala-100-ans-de-mission\/"]}]},{"@type":"ImageObject","inLanguage":"fr-CA","@id":"https:\/\/cnewa.org\/fr\/cnewa-soiree-de-gala-100-ans-de-mission\/#primaryimage","url":"https:\/\/cnewa.org\/fr\/wp-content\/uploads\/sites\/3\/2025\/11\/25-DSC_2254-scaled.jpg","contentUrl":"https:\/\/cnewa.org\/fr\/wp-content\/uploads\/sites\/3\/2025\/11\/25-DSC_2254-scaled.jpg","width":2560,"height":1702},{"@type":"BreadcrumbList","@id":"https:\/\/cnewa.org\/fr\/cnewa-soiree-de-gala-100-ans-de-mission\/#breadcrumb","itemListElement":[{"@type":"ListItem","position":1,"name":"Accueil","item":"https:\/\/cnewa.org\/fr\/"},{"@type":"ListItem","position":2,"name":"CNEWA \u2013 Soir\u00e9e de gala \u00ab 100 ans de mission \u00bb"}]},{"@type":"WebSite","@id":"https:\/\/cnewa.org\/fr\/#website","url":"https:\/\/cnewa.org\/fr\/","name":"CNEWA Canada","description":"Association catholique d\u2019aide \u00e0 l\u2019Orient","publisher":{"@id":"https:\/\/cnewa.org\/fr\/#organization"},"potentialAction":[{"@type":"SearchAction","target":{"@type":"EntryPoint","urlTemplate":"https:\/\/cnewa.org\/fr\/?s={search_term_string}"},"query-input":{"@type":"PropertyValueSpecification","valueRequired":true,"valueName":"search_term_string"}}],"inLanguage":"fr-CA"},{"@type":"Organization","@id":"https:\/\/cnewa.org\/fr\/#organization","name":"CNEWA Canada","alternateName":"Association catholique d\u2019aide \u00e0 l\u2019Orient","url":"https:\/\/cnewa.org\/fr\/","logo":{"@type":"ImageObject","inLanguage":"fr-CA","@id":"https:\/\/cnewa.org\/fr\/#\/schema\/logo\/image\/","url":"https:\/\/cnewa.org\/fr\/wp-content\/uploads\/sites\/3\/2019\/11\/CNEWA-brand-logo.png","contentUrl":"https:\/\/cnewa.org\/fr\/wp-content\/uploads\/sites\/3\/2019\/11\/CNEWA-brand-logo.png","width":1000,"height":1000,"caption":"CNEWA Canada"},"image":{"@id":"https:\/\/cnewa.org\/fr\/#\/schema\/logo\/image\/"},"sameAs":["https:\/\/www.facebook.com\/cnewacanada\/","https:\/\/x.com\/cnewac","https:\/\/www.instagram.com\/cnewa1926\/","https:\/\/www.youtube.com\/user\/TheCNEWA"]},{"@type":"Person","name":"CNEWA"}]}},"_links":{"self":[{"href":"https:\/\/cnewa.org\/fr\/wp-json\/wp\/v2\/posts\/3182","targetHints":{"allow":["GET"]}}],"collection":[{"href":"https:\/\/cnewa.org\/fr\/wp-json\/wp\/v2\/posts"}],"about":[{"href":"https:\/\/cnewa.org\/fr\/wp-json\/wp\/v2\/types\/post"}],"author":[{"embeddable":true,"href":"https:\/\/cnewa.org\/fr\/wp-json\/wp\/v2\/users\/70080"}],"replies":[{"embeddable":true,"href":"https:\/\/cnewa.org\/fr\/wp-json\/wp\/v2\/comments?post=3182"}],"version-history":[{"count":6,"href":"https:\/\/cnewa.org\/fr\/wp-json\/wp\/v2\/posts\/3182\/revisions"}],"predecessor-version":[{"id":3207,"href":"https:\/\/cnewa.org\/fr\/wp-json\/wp\/v2\/posts\/3182\/revisions\/3207"}],"wp:featuredmedia":[{"embeddable":true,"href":"https:\/\/cnewa.org\/fr\/wp-json\/wp\/v2\/media\/2590"}],"wp:attachment":[{"href":"https:\/\/cnewa.org\/fr\/wp-json\/wp\/v2\/media?parent=3182"}],"wp:term":[{"taxonomy":"category","embeddable":true,"href":"https:\/\/cnewa.org\/fr\/wp-json\/wp\/v2\/categories?post=3182"}],"curies":[{"name":"wp","href":"https:\/\/api.w.org\/{rel}","templated":true}]}}