{"id":443,"count":3,"description":"Au c\u0153ur de cet engagement se trouve notre pr\u00e9occupation pour le d\u00e9veloppement du leadership - en particulier pour ceux qui se pr\u00e9parent \u00e0 une vie de service en tant que pr\u00eatres, religieux et religieuses, cat\u00e9chistes la\u00efcs et responsables de communaut\u00e9s.","link":"https:\/\/cnewa.org\/fr\/notre-travail-categorie\/epauler-leglise\/","name":"\u00c9pauler l\u2019\u00c9glise","slug":"epauler-leglise","taxonomy":"work-category","parent":0,"meta":[],"acf":[],"yoast_head":"<!-- This site is optimized with the Yoast SEO Premium plugin v27.4 (Yoast SEO v27.4) - https:\/\/yoast.com\/product\/yoast-seo-premium-wordpress\/ -->\n<title>\u00c9pauler l\u2019\u00c9glise Archives | CNEWA Canada<\/title>\n<meta name=\"robots\" content=\"index, follow, max-snippet:-1, max-image-preview:large, max-video-preview:-1\" \/>\n<link rel=\"canonical\" href=\"https:\/\/cnewa.org\/fr\/notre-travail-categorie\/epauler-leglise\/\" \/>\n<meta property=\"og:locale\" content=\"fr_CA\" \/>\n<meta property=\"og:type\" content=\"article\" \/>\n<meta property=\"og:title\" content=\"\u00c9pauler l\u2019\u00c9glise Archives\" \/>\n<meta property=\"og:description\" content=\"Au c\u0153ur de cet engagement se trouve notre pr\u00e9occupation pour le d\u00e9veloppement du leadership &#8211; en particulier pour ceux qui se pr\u00e9parent \u00e0 une vie de service en tant que pr\u00eatres, religieux et religieuses, cat\u00e9chistes la\u00efcs et responsables de communaut\u00e9s.\" \/>\n<meta property=\"og:site_name\" content=\"CNEWA Canada\" \/>\n<meta name=\"twitter:card\" content=\"summary_large_image\" \/>\n<meta name=\"twitter:site\" content=\"@cnewac\" \/>\n<script type=\"application\/ld+json\" class=\"yoast-schema-graph\">{\"@context\":\"https:\\\/\\\/schema.org\",\"@graph\":null}<\/script>\n<!-- \/ Yoast SEO Premium plugin. -->","yoast_head_json":{"title":"\u00c9pauler l\u2019\u00c9glise Archives | CNEWA Canada","robots":{"index":"index","follow":"follow","max-snippet":"max-snippet:-1","max-image-preview":"max-image-preview:large","max-video-preview":"max-video-preview:-1"},"canonical":"https:\/\/cnewa.org\/fr\/notre-travail-categorie\/epauler-leglise\/","og_locale":"fr_CA","og_type":"article","og_title":"\u00c9pauler l\u2019\u00c9glise Archives","og_description":"Au c\u0153ur de cet engagement se trouve notre pr\u00e9occupation pour le d\u00e9veloppement du leadership &#8211; en particulier pour ceux qui se pr\u00e9parent \u00e0 une vie de service en tant que pr\u00eatres, religieux et religieuses, cat\u00e9chistes la\u00efcs et responsables de communaut\u00e9s.","og_site_name":"CNEWA Canada","twitter_card":"summary_large_image","twitter_site":"@cnewac","schema":{"@context":"https:\/\/schema.org","@graph":null}},"_links":{"self":[{"href":"https:\/\/cnewa.org\/fr\/wp-json\/wp\/v2\/work-category\/443","targetHints":{"allow":["GET"]}}],"collection":[{"href":"https:\/\/cnewa.org\/fr\/wp-json\/wp\/v2\/work-category"}],"about":[{"href":"https:\/\/cnewa.org\/fr\/wp-json\/wp\/v2\/taxonomies\/work-category"}],"wp:post_type":[{"href":"https:\/\/cnewa.org\/fr\/wp-json\/wp\/v2\/campaigns?work-category=443"}],"curies":[{"name":"wp","href":"https:\/\/api.w.org\/{rel}","templated":true}]}}