{"id":2674,"date":"2026-04-24T12:40:47","date_gmt":"2026-04-24T10:40:47","guid":{"rendered":"https:\/\/cnewa.org\/it\/?p=2674"},"modified":"2026-04-27T12:51:55","modified_gmt":"2026-04-27T10:51:55","slug":"arte-misericordia-e-solidarieta-cnewa-arriva-a-napoli","status":"publish","type":"post","link":"https:\/\/cnewa.org\/it\/arte-misericordia-e-solidarieta-cnewa-arriva-a-napoli\/","title":{"rendered":"Arte, misericordia e solidariet\u00e0: CNEWA arriva a Napoli"},"content":{"rendered":"\n<h2 class=\"wp-block-heading\" id=\"h-una-settimana-fa-nella-cornice-senza-tempo-del-centro-storico-di-napoli-cnewa-ha-organizzato-un-evento-di-beneficenza-con-l-obiettivo-di-condividere-e-rafforzare-la-propria-missione-a-favore-delle-comunita-piu-fragili-del-medio-oriente-del-nord-est-dell-africa-dell-india-e-dell-europa-orientale\">Una settimana fa, nella cornice senza tempo del centro storico di Napoli, CNEWA ha organizzato un evento di beneficenza con l\u2019obiettivo di condividere e rafforzare la propria missione a favore delle comunit\u00e0 pi\u00f9 fragili del Medio Oriente, del Nord-Est dell\u2019Africa, dell\u2019India e dell\u2019Europa orientale.<\/h2>\n\n\n\n<p>L\u2019iniziativa ha preso avvio nel pomeriggio presso la Chiesa del Pio Monte della Misericordia, dove gli ospiti sono stati invitati a una conversazione d\u2019arte riservata, incentrata sul capolavoro di Caravaggio <em>\u00abLe Sette Opere della Misericordia\u00bb<\/em>. Un\u2019opera che, nella sua straordinaria intensit\u00e0, restituisce una visione concreta della carit\u00e0 cristiana: non un\u2019idea astratta, ma un agire incarnato, capace di farsi carico della fragilit\u00e0 umana.<\/p>\n\n\n\n<p>A guidare la riflessione \u00e8 stato il dott. Renato Versace, Direttore di Chirurgia Toracica a Cagliari, docente di Bioetica e studioso d\u2019arte. Il dott. Versace ha saputo coniugare l\u2019interpretazione artistica con una profonda riflessione spirituale ed esistenziale. Nel corso della serata ha richiamato con forza il valore distintivo dell\u2019impegno di CNEWA, osservando che \u00abnoi facciamo molti discorsi sui poveri, sulle colpe e sulle crisi del mondo, ma questa associazione si rimbocca le maniche e agisce. \u00c8 questo che la rende degna di riconoscimento\u00bb.<\/p>\n\n\n\n<figure class=\"wp-block-image size-large\"><img loading=\"lazy\" decoding=\"async\" width=\"1024\" height=\"903\" src=\"https:\/\/cnewa.org\/it\/wp-content\/uploads\/sites\/7\/2026\/04\/IMG_7640-1024x903.jpg\" alt=\"Foto di gruppo con Fabrizio Cattaneo della Volta, Mons. Vincenzo De Gregorio, Mons. Peter I. Vaccari e l\u2019avv. Alfredo del Plato durante l\u2019evento CNEWA a Napoli.\" class=\"wp-image-2671\" srcset=\"https:\/\/cnewa.org\/it\/wp-content\/uploads\/sites\/7\/2026\/04\/IMG_7640-1024x903.jpg 1024w, https:\/\/cnewa.org\/it\/wp-content\/uploads\/sites\/7\/2026\/04\/IMG_7640-300x264.jpg 300w, https:\/\/cnewa.org\/it\/wp-content\/uploads\/sites\/7\/2026\/04\/IMG_7640-768x677.jpg 768w, https:\/\/cnewa.org\/it\/wp-content\/uploads\/sites\/7\/2026\/04\/IMG_7640-1536x1354.jpg 1536w, https:\/\/cnewa.org\/it\/wp-content\/uploads\/sites\/7\/2026\/04\/IMG_7640-2048x1806.jpg 2048w, https:\/\/cnewa.org\/it\/wp-content\/uploads\/sites\/7\/2026\/04\/IMG_7640-1600x1411.jpg 1600w\" sizes=\"auto, (max-width: 1024px) 100vw, 1024px\" \/><figcaption class=\"wp-element-caption\">Da sinistra: Fabrizio Cattaneo della Volta, Presidente del Reale Yacht Club Canottieri Savoia; Mons. Vincenzo De Gregorio, Abate Prelato della Real Cappella del Tesoro di San Gennaro; Mons. Peter I. Vaccari, Presidente di CNEWA e l\u2019avv. Alfredo del Plato, Consulente legale di CNEWA per la sede di Roma. (Foto di Anna Cuzziol)<\/figcaption><\/figure>\n\n\n\n<p>Tra gli organizzatori dell\u2019evento erano presenti il Presidente di CNEWA, Mons. Peter I. Vaccari; Marina C. Perna, membro del Consiglio Internazionale di Amministrazione di CNEWA; e Alfredo del Plato, Consulente legale di CNEWA in Italia. Insieme hanno accolto ospiti provenienti da diverse regioni del Paese, a testimonianza di una missione capace di unire visione globale e responsabilit\u00e0 concreta sul campo.<\/p>\n\n\n\n<p>Nel prosieguo del pomeriggio, il percorso culturale \u00e8 continuato con una visita guidata alla Cattedrale di Napoli, dedicata all\u2019Assunzione della Vergine Maria, seguita da una visita riservata al Museo del Tesoro di San Gennaro, patrono della citt\u00e0. Il gruppo \u00e8 stato accompagnato da Mons. Vincenzo De Gregorio, Abate Prelato della Real Cappella del Tesoro di San Gennaro, che ha offerto una presentazione appassionata e ricca di spunti sul patrimonio artistico e devozionale di Napoli. Le sue riflessioni hanno messo in luce quanto profondamente fede e storia siano intrecciate nell\u2019identit\u00e0 della citt\u00e0.<\/p>\n\n\n\n<p>La giornata si \u00e8 conclusa con una cena di beneficenza presso il Grand Hotel Vesuvio. Quello che era nato come un momento conviviale si \u00e8 trasformato in un\u2019occasione di intensa condivisione attorno alla missione di CNEWA. Nel suo intervento finale, il dott. Versace ha riflettuto sul significato pi\u00f9 profondo dell\u2019agire cristiano nella storia, affermando che \u00abla presenza della Chiesa oggi \u2014 soprattutto nei luoghi feriti del mondo \u2014 non consiste solo nello stare accanto ai poveri, ma anche nel prendersi il peso del peccato, come ha fatto Cristo\u00bb.<\/p>\n\n\n\n<figure class=\"wp-block-image size-large\"><img loading=\"lazy\" decoding=\"async\" width=\"1024\" height=\"768\" src=\"https:\/\/cnewa.org\/it\/wp-content\/uploads\/sites\/7\/2026\/04\/IMG_6041-1024x768.jpeg\" alt=\"Persone sedute in una chiesa\" class=\"wp-image-2714\" srcset=\"https:\/\/cnewa.org\/it\/wp-content\/uploads\/sites\/7\/2026\/04\/IMG_6041-1024x768.jpeg 1024w, https:\/\/cnewa.org\/it\/wp-content\/uploads\/sites\/7\/2026\/04\/IMG_6041-300x225.jpeg 300w, https:\/\/cnewa.org\/it\/wp-content\/uploads\/sites\/7\/2026\/04\/IMG_6041-768x576.jpeg 768w, https:\/\/cnewa.org\/it\/wp-content\/uploads\/sites\/7\/2026\/04\/IMG_6041-1536x1152.jpeg 1536w, https:\/\/cnewa.org\/it\/wp-content\/uploads\/sites\/7\/2026\/04\/IMG_6041-1600x1200.jpeg 1600w, https:\/\/cnewa.org\/it\/wp-content\/uploads\/sites\/7\/2026\/04\/IMG_6041.jpeg 1800w\" sizes=\"auto, (max-width: 1024px) 100vw, 1024px\" \/><figcaption class=\"wp-element-caption\">Mons. Vincenzo De Gregorio durante la presentazione al Museo del Tesoro di San Gennaro, a Napoli. (Foto di Michael J. La Civita)<\/figcaption><\/figure>\n\n\n\n<p>Riflettendo sul Vangelo del giorno della moltiplicazione dei pani, il dott. Versace ha ricordato come Ges\u00f9, prima di sfamare la folla, chieda alle persone di sedersi: un gesto tutt\u2019altro che secondario. Nella cultura ebraica del tempo, infatti, solo gli uomini liberi potevano sedere a mensa, mentre i servi restavano in piedi.<\/p>\n\n\n\n<p>\u00abFacendo sedere la folla \u2014 ha spiegato \u2014 Ges\u00f9 proclama la dignit\u00e0 e la libert\u00e0 di quegli uomini e di quelle donne\u00bb, ricordando come la libert\u00e0 sia al cuore dell\u2019annuncio cristiano.<\/p>\n\n\n\n<h3 class=\"wp-block-heading\" id=\"h-gesu-non-esercita-potere-ma-autorita-ha-proseguito-il-dott-versace-e-la-vera-autorita-e-quella-che-fa-crescere-gli-altri\">\u00abGes\u00f9 non esercita potere, ma autorit\u00e0\u00bb, ha proseguito il dott. Versace, \u00abe la vera autorit\u00e0 \u00e8 quella che fa crescere gli altri\u00bb.<\/h3>\n\n\n\n<p>\u00ab<em>Augere<\/em> \u2014 ha continuato \u2014 significa proprio questo: far crescere\u00bb. In questa prospettiva, anche l\u2019opera di beneficenza diventa luogo di crescita reciproca, capace di liberare tanto chi riceve quanto chi dona.<\/p>\n\n\n\n<p>Concludendo il suo intervento, il dott. Versace ha condiviso una testimonianza personale maturata durante una recente visita in una baraccopoli di Cape Town. \u00abHo incontrato persone che vivono nell\u2019incertezza assoluta, eppure accolgono la Parola senza i dubbi che spesso accompagnano noi. Credono che Cristo possa farli \u201csedere\u201d\u00bb. Un\u2019immagine che richiama ancora una volta il gesto evangelico, segno concreto di una libert\u00e0 riconosciuta e donata.<\/p>\n\n\n\n<figure class=\"wp-block-image size-large\"><img loading=\"lazy\" decoding=\"async\" width=\"768\" height=\"1024\" src=\"https:\/\/cnewa.org\/it\/wp-content\/uploads\/sites\/7\/2026\/04\/IMG_5982-768x1024.jpeg\" alt=\"Un uomo che firma un libro\" class=\"wp-image-2713\" srcset=\"https:\/\/cnewa.org\/it\/wp-content\/uploads\/sites\/7\/2026\/04\/IMG_5982-768x1024.jpeg 768w, https:\/\/cnewa.org\/it\/wp-content\/uploads\/sites\/7\/2026\/04\/IMG_5982-225x300.jpeg 225w, https:\/\/cnewa.org\/it\/wp-content\/uploads\/sites\/7\/2026\/04\/IMG_5982-1152x1536.jpeg 1152w, https:\/\/cnewa.org\/it\/wp-content\/uploads\/sites\/7\/2026\/04\/IMG_5982-1536x2048.jpeg 1536w, https:\/\/cnewa.org\/it\/wp-content\/uploads\/sites\/7\/2026\/04\/IMG_5982-1600x2133.jpeg 1600w, https:\/\/cnewa.org\/it\/wp-content\/uploads\/sites\/7\/2026\/04\/IMG_5982.jpeg 1800w\" sizes=\"auto, (max-width: 768px) 100vw, 768px\" \/><figcaption class=\"wp-element-caption\">Mons. Peter I. Vaccari, Presidente di CNEWA, firma il registro degli ospiti presso il Pio Monte della Misericordia di Napoli. (Foto di Michael J. La Civita)<\/figcaption><\/figure>\n\n\n\n<p>Infine, citando sant\u2019Antonio da Padova, il dott. Versace ha concluso: \u00abNessuno pu\u00f2 annunciare l\u2019amore di Dio se non sente di avere dodici ceste\u00bb, richiamando ancora una volta l\u2019episodio evangelico della moltiplicazione dei pani, in cui le ceste avanzate diventano segno di una sovrabbondanza inattesa.<\/p>\n\n\n\n<h3 class=\"wp-block-heading\" id=\"h-solo-chi-si-sente-amato-in-abbondanza-puo-davvero-donare-la-vera-generosita-nasce-dalla-pienezza-non-dalla-mancanza\">\u00abSolo chi si sente amato in abbondanza pu\u00f2 davvero donare. La vera generosit\u00e0 nasce dalla pienezza, non dalla mancanza\u00bb.<\/h3>\n\n\n\n<p>La straordinaria bellezza dei luoghi, il patrocinio del Reale Yacht Club Canottieri Savoia e la profondit\u00e0 delle riflessioni condivise hanno reso questo incontro molto pi\u00f9 di un evento culturale. Ne \u00e8 nata un\u2019esperienza capace di unire arte, fede e responsabilit\u00e0, offrendo una testimonianza forte di come la bellezza, quando \u00e8 abitata dalla misericordia e da un\u2019autentica attenzione verso il prossimo, possa diventare spazio di incontro e segno concreto di speranza.<\/p>\n\n\n\n<figure class=\"wp-block-image size-large\"><img loading=\"lazy\" decoding=\"async\" width=\"1024\" height=\"768\" src=\"https:\/\/cnewa.org\/it\/wp-content\/uploads\/sites\/7\/2026\/04\/IMG_6109-1024x768.jpeg\" alt=\"Partecipanti riuniti per una foto di gruppo in una sala.\" class=\"wp-image-2712\" srcset=\"https:\/\/cnewa.org\/it\/wp-content\/uploads\/sites\/7\/2026\/04\/IMG_6109-1024x768.jpeg 1024w, https:\/\/cnewa.org\/it\/wp-content\/uploads\/sites\/7\/2026\/04\/IMG_6109-300x225.jpeg 300w, https:\/\/cnewa.org\/it\/wp-content\/uploads\/sites\/7\/2026\/04\/IMG_6109-768x576.jpeg 768w, https:\/\/cnewa.org\/it\/wp-content\/uploads\/sites\/7\/2026\/04\/IMG_6109-1536x1152.jpeg 1536w, https:\/\/cnewa.org\/it\/wp-content\/uploads\/sites\/7\/2026\/04\/IMG_6109-1600x1200.jpeg 1600w, https:\/\/cnewa.org\/it\/wp-content\/uploads\/sites\/7\/2026\/04\/IMG_6109.jpeg 1800w\" sizes=\"auto, (max-width: 1024px) 100vw, 1024px\" \/><figcaption class=\"wp-element-caption\">I partecipanti riuniti per una foto di gruppo durante la cena conclusiva presso il Grand Hotel Vesuvio di Napoli. (Foto di Michael J. La Civita)<\/figcaption><\/figure>\n","protected":false},"excerpt":{"rendered":"<p>CNEWA ha promosso un evento culturale e spirituale nel centro storico di Napoli per dare voce alla propria missione a sostegno delle comunit\u00e0 pi\u00f9 vulnerabili nel mondo.<\/p>\n","protected":false},"author":70092,"featured_media":2716,"comment_status":"open","ping_status":"closed","sticky":false,"template":"","format":"standard","meta":{"_acf_changed":false,"footnotes":""},"categories":[1,6],"class_list":["post-2674","post","type-post","status-publish","format-standard","has-post-thumbnail","hentry","category-notizie","category-eventi"],"acf":[],"yoast_head":"<!-- This site is optimized with the Yoast SEO Premium plugin v27.4 (Yoast SEO v27.4) - https:\/\/yoast.com\/product\/yoast-seo-premium-wordpress\/ -->\n<title>Arte, misericordia e solidariet\u00e0: CNEWA arriva a Napoli | CNEWA Italia<\/title>\n<meta name=\"description\" content=\"Il 17 aprile 2026, CNEWA arriva a Napoli con un evento che ha unito cultura e spiritualit\u00e0 nel cuore della citt\u00e0.\" \/>\n<meta name=\"robots\" content=\"index, follow, max-snippet:-1, max-image-preview:large, max-video-preview:-1\" \/>\n<link rel=\"canonical\" href=\"https:\/\/cnewa.org\/it\/arte-misericordia-e-solidarieta-cnewa-arriva-a-napoli\/\" \/>\n<meta property=\"og:locale\" content=\"it_IT\" \/>\n<meta property=\"og:type\" content=\"article\" \/>\n<meta property=\"og:title\" content=\"Arte, misericordia e solidariet\u00e0: CNEWA arriva a Napoli\" \/>\n<meta property=\"og:description\" content=\"Il 17 aprile 2026, CNEWA arriva a Napoli con un evento che ha unito cultura e spiritualit\u00e0 nel cuore della citt\u00e0.\" \/>\n<meta property=\"og:site_name\" content=\"CNEWA Italia\" \/>\n<meta property=\"article:published_time\" content=\"2026-04-24T10:40:47+00:00\" \/>\n<meta property=\"article:modified_time\" content=\"2026-04-27T10:51:55+00:00\" \/>\n<meta property=\"og:image\" content=\"https:\/\/cnewa.org\/it\/wp-content\/uploads\/sites\/7\/2026\/04\/IMG_5938-1.jpeg\" \/>\n\t<meta property=\"og:image:width\" content=\"1800\" \/>\n\t<meta property=\"og:image:height\" content=\"1350\" \/>\n\t<meta property=\"og:image:type\" content=\"image\/jpeg\" \/>\n<meta name=\"author\" content=\"Anna Cuzziol\" \/>\n<meta name=\"twitter:card\" content=\"summary_large_image\" \/>\n<meta name=\"twitter:label1\" content=\"Scritto da\" \/>\n\t<meta name=\"twitter:data1\" content=\"anna\" \/>\n\t<meta name=\"twitter:label2\" content=\"Tempo di lettura stimato\" \/>\n\t<meta name=\"twitter:data2\" content=\"6 minuti\" \/>\n<script type=\"application\/ld+json\" class=\"yoast-schema-graph\">{\"@context\":\"https:\\\/\\\/schema.org\",\"@graph\":[{\"@type\":\"Article\",\"@id\":\"https:\\\/\\\/cnewa.org\\\/it\\\/arte-misericordia-e-solidarieta-cnewa-arriva-a-napoli\\\/#article\",\"isPartOf\":{\"@id\":\"https:\\\/\\\/cnewa.org\\\/it\\\/arte-misericordia-e-solidarieta-cnewa-arriva-a-napoli\\\/\"},\"author\":{\"name\":\"Anna Cuzziol\",\"@id\":\"https:\\\/\\\/cnewa.org\\\/it\\\/#\\\/schema\\\/person\\\/cf283c51499ce6aca4b2895960224943\"},\"headline\":\"Arte, misericordia e solidariet\u00e0: CNEWA arriva a Napoli\",\"datePublished\":\"2026-04-24T10:40:47+00:00\",\"dateModified\":\"2026-04-27T10:51:55+00:00\",\"mainEntityOfPage\":{\"@id\":\"https:\\\/\\\/cnewa.org\\\/it\\\/arte-misericordia-e-solidarieta-cnewa-arriva-a-napoli\\\/\"},\"wordCount\":905,\"commentCount\":0,\"publisher\":{\"@id\":\"https:\\\/\\\/cnewa.org\\\/it\\\/#organization\"},\"image\":{\"@id\":\"https:\\\/\\\/cnewa.org\\\/it\\\/arte-misericordia-e-solidarieta-cnewa-arriva-a-napoli\\\/#primaryimage\"},\"thumbnailUrl\":\"https:\\\/\\\/cnewa.org\\\/it\\\/wp-content\\\/uploads\\\/sites\\\/7\\\/2026\\\/04\\\/IMG_5938-1.jpeg\",\"articleSection\":[\"Notizie\",\"Eventi\"],\"inLanguage\":\"it-IT\",\"potentialAction\":[{\"@type\":\"CommentAction\",\"name\":\"Comment\",\"target\":[\"https:\\\/\\\/cnewa.org\\\/it\\\/arte-misericordia-e-solidarieta-cnewa-arriva-a-napoli\\\/#respond\"]}]},{\"@type\":\"WebPage\",\"@id\":\"https:\\\/\\\/cnewa.org\\\/it\\\/arte-misericordia-e-solidarieta-cnewa-arriva-a-napoli\\\/\",\"url\":\"https:\\\/\\\/cnewa.org\\\/it\\\/arte-misericordia-e-solidarieta-cnewa-arriva-a-napoli\\\/\",\"name\":\"Arte, misericordia e solidariet\u00e0: CNEWA arriva a Napoli | CNEWA Italia\",\"isPartOf\":{\"@id\":\"https:\\\/\\\/cnewa.org\\\/it\\\/#website\"},\"primaryImageOfPage\":{\"@id\":\"https:\\\/\\\/cnewa.org\\\/it\\\/arte-misericordia-e-solidarieta-cnewa-arriva-a-napoli\\\/#primaryimage\"},\"image\":{\"@id\":\"https:\\\/\\\/cnewa.org\\\/it\\\/arte-misericordia-e-solidarieta-cnewa-arriva-a-napoli\\\/#primaryimage\"},\"thumbnailUrl\":\"https:\\\/\\\/cnewa.org\\\/it\\\/wp-content\\\/uploads\\\/sites\\\/7\\\/2026\\\/04\\\/IMG_5938-1.jpeg\",\"datePublished\":\"2026-04-24T10:40:47+00:00\",\"dateModified\":\"2026-04-27T10:51:55+00:00\",\"description\":\"Il 17 aprile 2026, CNEWA arriva a Napoli con un evento che ha unito cultura e spiritualit\u00e0 nel cuore della citt\u00e0.\",\"breadcrumb\":{\"@id\":\"https:\\\/\\\/cnewa.org\\\/it\\\/arte-misericordia-e-solidarieta-cnewa-arriva-a-napoli\\\/#breadcrumb\"},\"inLanguage\":\"it-IT\",\"potentialAction\":[{\"@type\":\"ReadAction\",\"target\":[\"https:\\\/\\\/cnewa.org\\\/it\\\/arte-misericordia-e-solidarieta-cnewa-arriva-a-napoli\\\/\"]}]},{\"@type\":\"ImageObject\",\"inLanguage\":\"it-IT\",\"@id\":\"https:\\\/\\\/cnewa.org\\\/it\\\/arte-misericordia-e-solidarieta-cnewa-arriva-a-napoli\\\/#primaryimage\",\"url\":\"https:\\\/\\\/cnewa.org\\\/it\\\/wp-content\\\/uploads\\\/sites\\\/7\\\/2026\\\/04\\\/IMG_5938-1.jpeg\",\"contentUrl\":\"https:\\\/\\\/cnewa.org\\\/it\\\/wp-content\\\/uploads\\\/sites\\\/7\\\/2026\\\/04\\\/IMG_5938-1.jpeg\",\"width\":1800,\"height\":1350,\"caption\":\"Il dott. Renato Versace, con Mons. Peter I. Vaccari di CNEWA e Marina Perna, al centro, insieme agli ospiti intervenuti, durante l\u2019intervento su \u00abLe Sette Opere della Misericordia\u00bb di Caravaggio al Pio Monte della Misericordia di Napoli. (Foto di Michael J. La Civita)\"},{\"@type\":\"BreadcrumbList\",\"@id\":\"https:\\\/\\\/cnewa.org\\\/it\\\/arte-misericordia-e-solidarieta-cnewa-arriva-a-napoli\\\/#breadcrumb\",\"itemListElement\":[{\"@type\":\"ListItem\",\"position\":1,\"name\":\"Home\",\"item\":\"https:\\\/\\\/cnewa.org\\\/it\\\/\"},{\"@type\":\"ListItem\",\"position\":2,\"name\":\"Arte, misericordia e solidariet\u00e0: CNEWA arriva a Napoli\"}]},{\"@type\":\"WebSite\",\"@id\":\"https:\\\/\\\/cnewa.org\\\/it\\\/#website\",\"url\":\"https:\\\/\\\/cnewa.org\\\/it\\\/\",\"name\":\"CNEWA Italia\",\"description\":\"\",\"publisher\":{\"@id\":\"https:\\\/\\\/cnewa.org\\\/it\\\/#organization\"},\"alternateName\":\"Associazione Cattolica per il Benessere del Vicino Oriente (CNEWA)\",\"potentialAction\":[{\"@type\":\"SearchAction\",\"target\":{\"@type\":\"EntryPoint\",\"urlTemplate\":\"https:\\\/\\\/cnewa.org\\\/it\\\/?s={search_term_string}\"},\"query-input\":{\"@type\":\"PropertyValueSpecification\",\"valueRequired\":true,\"valueName\":\"search_term_string\"}}],\"inLanguage\":\"it-IT\"},{\"@type\":\"Organization\",\"@id\":\"https:\\\/\\\/cnewa.org\\\/it\\\/#organization\",\"name\":\"CNEWA Italia\",\"alternateName\":\"Associazione Cattolica per il Benessere del Vicino Oriente\",\"url\":\"https:\\\/\\\/cnewa.org\\\/it\\\/\",\"logo\":{\"@type\":\"ImageObject\",\"inLanguage\":\"it-IT\",\"@id\":\"https:\\\/\\\/cnewa.org\\\/it\\\/#\\\/schema\\\/logo\\\/image\\\/\",\"url\":\"https:\\\/\\\/cnewa.org\\\/it\\\/wp-content\\\/uploads\\\/sites\\\/7\\\/2024\\\/10\\\/CNEWA-brand-logo-300x300-1.png\",\"contentUrl\":\"https:\\\/\\\/cnewa.org\\\/it\\\/wp-content\\\/uploads\\\/sites\\\/7\\\/2024\\\/10\\\/CNEWA-brand-logo-300x300-1.png\",\"width\":300,\"height\":300,\"caption\":\"CNEWA Italia\"},\"image\":{\"@id\":\"https:\\\/\\\/cnewa.org\\\/it\\\/#\\\/schema\\\/logo\\\/image\\\/\"}},{\"@type\":\"Person\",\"name\":\"Anna Cuzziol\"}]}<\/script>\n<!-- \/ Yoast SEO Premium plugin. -->","yoast_head_json":{"title":"Arte, misericordia e solidariet\u00e0: CNEWA arriva a Napoli | CNEWA Italia","description":"Il 17 aprile 2026, CNEWA arriva a Napoli con un evento che ha unito cultura e spiritualit\u00e0 nel cuore della citt\u00e0.","robots":{"index":"index","follow":"follow","max-snippet":"max-snippet:-1","max-image-preview":"max-image-preview:large","max-video-preview":"max-video-preview:-1"},"canonical":"https:\/\/cnewa.org\/it\/arte-misericordia-e-solidarieta-cnewa-arriva-a-napoli\/","og_locale":"it_IT","og_type":"article","og_title":"Arte, misericordia e solidariet\u00e0: CNEWA arriva a Napoli","og_description":"Il 17 aprile 2026, CNEWA arriva a Napoli con un evento che ha unito cultura e spiritualit\u00e0 nel cuore della citt\u00e0.","og_site_name":"CNEWA Italia","article_published_time":"2026-04-24T10:40:47+00:00","article_modified_time":"2026-04-27T10:51:55+00:00","og_image":[{"width":1800,"height":1350,"url":"https:\/\/cnewa.org\/it\/wp-content\/uploads\/sites\/7\/2026\/04\/IMG_5938-1.jpeg","type":"image\/jpeg"}],"author":"Anna Cuzziol","twitter_card":"summary_large_image","twitter_misc":{"Scritto da":"anna","Tempo di lettura stimato":"6 minuti"},"schema":{"@context":"https:\/\/schema.org","@graph":[{"@type":"Article","@id":"https:\/\/cnewa.org\/it\/arte-misericordia-e-solidarieta-cnewa-arriva-a-napoli\/#article","isPartOf":{"@id":"https:\/\/cnewa.org\/it\/arte-misericordia-e-solidarieta-cnewa-arriva-a-napoli\/"},"author":{"name":"Anna Cuzziol","@id":"https:\/\/cnewa.org\/it\/#\/schema\/person\/cf283c51499ce6aca4b2895960224943"},"headline":"Arte, misericordia e solidariet\u00e0: CNEWA arriva a Napoli","datePublished":"2026-04-24T10:40:47+00:00","dateModified":"2026-04-27T10:51:55+00:00","mainEntityOfPage":{"@id":"https:\/\/cnewa.org\/it\/arte-misericordia-e-solidarieta-cnewa-arriva-a-napoli\/"},"wordCount":905,"commentCount":0,"publisher":{"@id":"https:\/\/cnewa.org\/it\/#organization"},"image":{"@id":"https:\/\/cnewa.org\/it\/arte-misericordia-e-solidarieta-cnewa-arriva-a-napoli\/#primaryimage"},"thumbnailUrl":"https:\/\/cnewa.org\/it\/wp-content\/uploads\/sites\/7\/2026\/04\/IMG_5938-1.jpeg","articleSection":["Notizie","Eventi"],"inLanguage":"it-IT","potentialAction":[{"@type":"CommentAction","name":"Comment","target":["https:\/\/cnewa.org\/it\/arte-misericordia-e-solidarieta-cnewa-arriva-a-napoli\/#respond"]}]},{"@type":"WebPage","@id":"https:\/\/cnewa.org\/it\/arte-misericordia-e-solidarieta-cnewa-arriva-a-napoli\/","url":"https:\/\/cnewa.org\/it\/arte-misericordia-e-solidarieta-cnewa-arriva-a-napoli\/","name":"Arte, misericordia e solidariet\u00e0: CNEWA arriva a Napoli | CNEWA Italia","isPartOf":{"@id":"https:\/\/cnewa.org\/it\/#website"},"primaryImageOfPage":{"@id":"https:\/\/cnewa.org\/it\/arte-misericordia-e-solidarieta-cnewa-arriva-a-napoli\/#primaryimage"},"image":{"@id":"https:\/\/cnewa.org\/it\/arte-misericordia-e-solidarieta-cnewa-arriva-a-napoli\/#primaryimage"},"thumbnailUrl":"https:\/\/cnewa.org\/it\/wp-content\/uploads\/sites\/7\/2026\/04\/IMG_5938-1.jpeg","datePublished":"2026-04-24T10:40:47+00:00","dateModified":"2026-04-27T10:51:55+00:00","description":"Il 17 aprile 2026, CNEWA arriva a Napoli con un evento che ha unito cultura e spiritualit\u00e0 nel cuore della citt\u00e0.","breadcrumb":{"@id":"https:\/\/cnewa.org\/it\/arte-misericordia-e-solidarieta-cnewa-arriva-a-napoli\/#breadcrumb"},"inLanguage":"it-IT","potentialAction":[{"@type":"ReadAction","target":["https:\/\/cnewa.org\/it\/arte-misericordia-e-solidarieta-cnewa-arriva-a-napoli\/"]}]},{"@type":"ImageObject","inLanguage":"it-IT","@id":"https:\/\/cnewa.org\/it\/arte-misericordia-e-solidarieta-cnewa-arriva-a-napoli\/#primaryimage","url":"https:\/\/cnewa.org\/it\/wp-content\/uploads\/sites\/7\/2026\/04\/IMG_5938-1.jpeg","contentUrl":"https:\/\/cnewa.org\/it\/wp-content\/uploads\/sites\/7\/2026\/04\/IMG_5938-1.jpeg","width":1800,"height":1350,"caption":"Il dott. Renato Versace, con Mons. Peter I. Vaccari di CNEWA e Marina Perna, al centro, insieme agli ospiti intervenuti, durante l\u2019intervento su \u00abLe Sette Opere della Misericordia\u00bb di Caravaggio al Pio Monte della Misericordia di Napoli. (Foto di Michael J. La Civita)"},{"@type":"BreadcrumbList","@id":"https:\/\/cnewa.org\/it\/arte-misericordia-e-solidarieta-cnewa-arriva-a-napoli\/#breadcrumb","itemListElement":[{"@type":"ListItem","position":1,"name":"Home","item":"https:\/\/cnewa.org\/it\/"},{"@type":"ListItem","position":2,"name":"Arte, misericordia e solidariet\u00e0: CNEWA arriva a Napoli"}]},{"@type":"WebSite","@id":"https:\/\/cnewa.org\/it\/#website","url":"https:\/\/cnewa.org\/it\/","name":"CNEWA Italia","description":"","publisher":{"@id":"https:\/\/cnewa.org\/it\/#organization"},"alternateName":"Associazione Cattolica per il Benessere del Vicino Oriente (CNEWA)","potentialAction":[{"@type":"SearchAction","target":{"@type":"EntryPoint","urlTemplate":"https:\/\/cnewa.org\/it\/?s={search_term_string}"},"query-input":{"@type":"PropertyValueSpecification","valueRequired":true,"valueName":"search_term_string"}}],"inLanguage":"it-IT"},{"@type":"Organization","@id":"https:\/\/cnewa.org\/it\/#organization","name":"CNEWA Italia","alternateName":"Associazione Cattolica per il Benessere del Vicino Oriente","url":"https:\/\/cnewa.org\/it\/","logo":{"@type":"ImageObject","inLanguage":"it-IT","@id":"https:\/\/cnewa.org\/it\/#\/schema\/logo\/image\/","url":"https:\/\/cnewa.org\/it\/wp-content\/uploads\/sites\/7\/2024\/10\/CNEWA-brand-logo-300x300-1.png","contentUrl":"https:\/\/cnewa.org\/it\/wp-content\/uploads\/sites\/7\/2024\/10\/CNEWA-brand-logo-300x300-1.png","width":300,"height":300,"caption":"CNEWA Italia"},"image":{"@id":"https:\/\/cnewa.org\/it\/#\/schema\/logo\/image\/"}},{"@type":"Person","name":"Anna Cuzziol"}]}},"_links":{"self":[{"href":"https:\/\/cnewa.org\/it\/wp-json\/wp\/v2\/posts\/2674","targetHints":{"allow":["GET"]}}],"collection":[{"href":"https:\/\/cnewa.org\/it\/wp-json\/wp\/v2\/posts"}],"about":[{"href":"https:\/\/cnewa.org\/it\/wp-json\/wp\/v2\/types\/post"}],"author":[{"embeddable":true,"href":"https:\/\/cnewa.org\/it\/wp-json\/wp\/v2\/users\/70092"}],"replies":[{"embeddable":true,"href":"https:\/\/cnewa.org\/it\/wp-json\/wp\/v2\/comments?post=2674"}],"version-history":[{"count":7,"href":"https:\/\/cnewa.org\/it\/wp-json\/wp\/v2\/posts\/2674\/revisions"}],"predecessor-version":[{"id":2719,"href":"https:\/\/cnewa.org\/it\/wp-json\/wp\/v2\/posts\/2674\/revisions\/2719"}],"wp:featuredmedia":[{"embeddable":true,"href":"https:\/\/cnewa.org\/it\/wp-json\/wp\/v2\/media\/2716"}],"wp:attachment":[{"href":"https:\/\/cnewa.org\/it\/wp-json\/wp\/v2\/media?parent=2674"}],"wp:term":[{"taxonomy":"category","embeddable":true,"href":"https:\/\/cnewa.org\/it\/wp-json\/wp\/v2\/categories?post=2674"}],"curies":[{"name":"wp","href":"https:\/\/api.w.org\/{rel}","templated":true}]}}